{"id":90383,"date":"2026-07-26T00:01:00","date_gmt":"2026-07-26T06:01:00","guid":{"rendered":"https:\/\/www.opinionpublica.tv\/portada\/?p=90383"},"modified":"2026-07-24T19:04:00","modified_gmt":"2026-07-25T01:04:00","slug":"latinos-dan-la-vida-por-estados-unidos-y-trump-los-persigue","status":"publish","type":"post","link":"https:\/\/www.opinionpublica.tv\/portada\/latinos-dan-la-vida-por-estados-unidos-y-trump-los-persigue\/","title":{"rendered":"Soldados latinos dan la vida por Estados Unidos, pero Donald Trump los persigue"},"content":{"rendered":"\n<figure class=\"wp-block-image size-large\"><img fetchpriority=\"high\" decoding=\"async\" width=\"1024\" height=\"631\" src=\"https:\/\/www.opinionpublica.tv\/portada\/wp-content\/uploads\/2026\/07\/Soldados-latinos-dan-la-vida-por-Estados-Unidos-y-Trump-los-persigue-despues-1024x631.avif\" alt=\"Soldados latinos dan la vida por Estados Unidos y Trump los persigue despue\u0301s\" class=\"wp-image-90389\" srcset=\"https:\/\/www.opinionpublica.tv\/portada\/wp-content\/uploads\/2026\/07\/Soldados-latinos-dan-la-vida-por-Estados-Unidos-y-Trump-los-persigue-despues-1024x631.avif 1024w, https:\/\/www.opinionpublica.tv\/portada\/wp-content\/uploads\/2026\/07\/Soldados-latinos-dan-la-vida-por-Estados-Unidos-y-Trump-los-persigue-despues-300x185.avif 300w, https:\/\/www.opinionpublica.tv\/portada\/wp-content\/uploads\/2026\/07\/Soldados-latinos-dan-la-vida-por-Estados-Unidos-y-Trump-los-persigue-despues-768x473.avif 768w, https:\/\/www.opinionpublica.tv\/portada\/wp-content\/uploads\/2026\/07\/Soldados-latinos-dan-la-vida-por-Estados-Unidos-y-Trump-los-persigue-despues.avif 1081w\" sizes=\"(max-width: 1024px) 100vw, 1024px\" \/><\/figure>\n\n\n\n<p class=\"wp-block-paragraph\"><em>Miami, Florida, EU<\/em>.- La muerte de Isabella Gonzales expone una contradicci\u00f3n pol\u00edtica brutal: la joven hispana de 19 a\u00f1os fue enviada a proteger una base estadounidense en Jordania y muri\u00f3 durante un ataque iran\u00ed.<\/p>\n\n\n\n<p class=\"wp-block-paragraph\">El presidente estadounidense, Donald Trump, aleg\u00f3 que ella, al igual que otros 17 efectivos ca\u00eddos en este conflicto, son \u201cpatriotas\u201d. Pero en suelo estadounidense, Trump ha convertido a las comunidades latinas en el principal objetivo de una campa\u00f1a de detenciones masivas.<\/p>\n\n\n\n<p class=\"wp-block-paragraph\">Gonzales acept\u00f3 el riesgo de morir por el pa\u00eds apenas un a\u00f1o despu\u00e9s de salir de la preparatoria. Mientras ella luchaba por el pa\u00eds que la vio crecer, ciudadanos estadounidenses de apellido hispano eran interrogados por agentes migratorios, padres de militares eran detenidos, familiares de soldados enfrentaban procesos de expulsi\u00f3n y veteranos que combatieron por Estados Unidos eran enviados a pa\u00edses que dejaron cuando eran ni\u00f1os.<\/p>\n\n\n\n<p class=\"wp-block-paragraph\">\u201cEl presidente Trump hizo campa\u00f1a con la promesa de realizar deportaciones masivas y no eximi\u00f3 a los militares, los veteranos ni a sus familias\u201d, se quej\u00f3 Margaret Stock, teniente coronel retirada del Ej\u00e9rcito y abogada especializada en inmigraci\u00f3n militar.<\/p>\n\n\n\n<p class=\"wp-block-paragraph\">Su familia describe a Isabella como \u201cuna joven fuerte, valiente, ingeniosa y muy divertida\u201d. Sus amigos Misael Galdamez y Zuleyka Acosta la recuerdan como una joven \u201cmuy extrovertida, era espont\u00e1nea, leal, optimista y le encantaba bailar\u201d.<\/p>\n\n\n\n<p class=\"wp-block-paragraph\">Como ella, muchos hispanos que viven en EU ven en el ej\u00e9rcito una opci\u00f3n para salir adelante, y la fuerza militar estadounidense depende cada vez m\u00e1s de ellos.<\/p>\n\n\n\n<p class=\"wp-block-paragraph\">De acuerdo con datos del Departamento de Guerra, hasta septiembre de 2024 hab\u00eda 258 mil 663 hispanos o latinos entre un mill\u00f3n 267 mil 738 militares en servicio activo, lo que representa alrededor de 20.4% de las fuerzas armadas estadounidenses: 235 mil 376 formaban parte del personal enlistado y 23 mil 287 eran oficiales. Otros 130 mil 368 serv\u00edan en la Guardia Nacional y en las reservas. Si se suma a los931 reservistas hispanos de la Guardia Costera, el universo documentado alcanza 389 mil 962 militares de origen hispano.<\/p>\n\n\n\n<p class=\"wp-block-paragraph\">\u201cEl gancho, cuando la vocaci\u00f3n no lo es todo, se da en los ofrecimientos de apoyo para una educaci\u00f3n universitaria, un salario, una capacitaci\u00f3n t\u00e9cnica, la atenci\u00f3n m\u00e9dica y la estabilidad laboral\u201d, explica el veterano Jorge Bernal.<\/p>\n\n\n\n<p class=\"wp-block-paragraph\">Isabella ingres\u00f3 precisamente con la intenci\u00f3n de estudiar; \u201cmiles toman la misma decisi\u00f3n antes de terminar la preparatoria y especialmente si vives en un barrio donde una carrera civil es impensable\u201d, dice Bernal. El Pent\u00e1gono obtiene soldados dispuestos a operar radares, mantener aeronaves, proteger instalaciones y entrar en combate; las familias aceptan separaciones prolongadas, despliegues y la posibilidad de recibir una notificaci\u00f3n de muerte.<\/p>\n\n\n\n<p class=\"wp-block-paragraph\">A pesar de la presencia hispana en las fuerzas armadas estadounidenses, la segunda administraci\u00f3n Trump ha elevado de manera dr\u00e1stica la presi\u00f3n sobre las comunidades de las que proceden muchos de esos soldados.<\/p>\n\n\n\n<p class=\"wp-block-paragraph\">El Servicio de Inmigraci\u00f3n y Control de Aduanas (ICE) realiz\u00f3 43 mil 138 arrestos durante junio, el mayor total mensual del segundo mandato, con un promedio de mil 438 detenciones diarias. Cerca de 10 mil personas fueron arrestadas durante cinco d\u00edas de finales de junio. Al 11 de julio hab\u00eda 65 mil 765 personas bajo custodia migratoria y el gobierno acumulaba m\u00e1s de 590 mil 600 deportaciones desde enero de 2025. De acuerdo con informaci\u00f3n del propio ICE, la mayor\u00eda de los detenidos no tiene antecedentes criminales.<\/p>\n\n\n\n<p class=\"wp-block-paragraph\">El Centro de Conocimiento Vecinal de la Universidad de California en Los \u00c1ngeles examin\u00f3 los primeros seis meses del segundo gobierno de Trump y encontr\u00f3 que los latinos representaban aproximadamente nueve de cada 10 arrestos efectuados por ICE; M\u00e9xico, Guatemala y Honduras encabezaban los pa\u00edses de origen m\u00e1s afectados.<\/p>\n\n\n\n<p class=\"wp-block-paragraph\">Del infierno de la guerra al de la migra<\/p>\n\n\n\n<p class=\"wp-block-paragraph\">Benito Miranda Hern\u00e1ndez, veterano mexicano de la Marina que cumpli\u00f3 tres despliegues durante la guerra de Irak, lleg\u00f3 a Estados Unidos siendo beb\u00e9 y obtuvo la residencia permanente a principios de 2026. El 14 de junio, al terminar una condena por drogas, agentes de ICE lo detuvieron antes de que pudiera reunirse con su madre; permanece recluido en Otay Mesa, California, y enfrenta la deportaci\u00f3n. \u201cEstaba haciendo las cosas bien. Ten\u00eda tantas esperanzas, tantos sue\u00f1os\u201d, declar\u00f3 su madre, Mar\u00eda Miranda.<\/p>\n\n\n\n<p class=\"wp-block-paragraph\">Danitza James, veterana y presidenta de Repatriate Our Patriots, habl\u00f3 sobre el trato que les dan a los migrantes que han servido al pa\u00eds. \u201cNuestro gobierno no concede ning\u00fan valor al servicio de nuestros inmigrantes; sinceramente, nos considera desechables\u201d, lamenta.<\/p>\n\n\n\n<p class=\"wp-block-paragraph\">Otro caso reciente es el de Arelys Barahona Mart\u00ednez, hondure\u00f1a sin antecedentes penales y esposa del sargento retirado Wilmer Trujillo, quien sirvi\u00f3 unos 20 a\u00f1os en el ej\u00e9rcito y la Guardia Nacional de Texas, con misiones en Irak y Afganist\u00e1n. ICE la detuvo el 10 de junio durante una cita rutinaria en Dallas. \u201cEl pa\u00eds para el que trabaj\u00e9 toda mi vida est\u00e1 destrozando a mi familia y llev\u00e1ndose a mi esposa; me revuelve el est\u00f3mago\u201d, denunci\u00f3 Trujillo. Desde el centro de detenci\u00f3n, Barahona dijo que \u201ces un verdadero infierno que te juzguen como una criminal\u201d.<\/p>\n\n\n\n<p class=\"wp-block-paragraph\">Fredy Arcenio Zavala Baires, salvadore\u00f1o y esposo de Nataly Castro, sargento de la Guardia Nacional del Ej\u00e9rcito de Texas con siete a\u00f1os de servicio, fue detenido por ICE durante una cita rutinaria poco antes del D\u00eda de Acci\u00f3n de Gracias de 2025 y deportado a El Salvador mientras la pareja tramitaba su regularizaci\u00f3n; el caso volvi\u00f3 a adquirir actualidad en junio de 2026, cuando Castro denunci\u00f3 que su condici\u00f3n militar hab\u00eda sido ignorada y revel\u00f3 que ya hab\u00eda gastado m\u00e1s de 3 mil d\u00f3lares intentando traerlo de regreso.<\/p>\n\n\n\n<p class=\"wp-block-paragraph\">A Deisy Rivera Ortega, salvadore\u00f1a y esposa del sargento primero Jos\u00e9 Serrano, militar puertorrique\u00f1o en activo con 27 a\u00f1os de servicio y tres misiones en Afganist\u00e1n, ICE la arrest\u00f3 el 14 de abril durante una entrevista vinculada con su solicitud de protecci\u00f3n como esposa de militar, pese a que ten\u00eda permiso de trabajo y protecci\u00f3n contra su env\u00edo a El Salvador; fue liberada un mes despu\u00e9s bajo vigilancia electr\u00f3nica, pero su proceso de deportaci\u00f3n contin\u00faa. \u201cICE est\u00e1 fuera de control ahora mismo y est\u00e1 quit\u00e1ndonos los derechos que tenemos como soldados\u201d, declar\u00f3 Serrano. \u201cDesde que ocurri\u00f3 esto duermo solamente dos horas por noche\u201d. \u201cSi, es terrible, un soldado en activo o veterano, que fue enviado al extranjero para cumplir una misi\u00f3n de combate, estar en riesgo de muerte, mientras su familia enfrenta dentro del pa\u00eds -Estados Unidos- una redada o una detenci\u00f3n prolongada o una deportaci\u00f3n; incluso varios veteranos lo han sufrido en carne propia\u201d se\u00f1ala Bernal.<\/p>\n\n\n\n<p class=\"wp-block-paragraph\">Entre el 20 de enero de 2025 y el 26 de enero de 2026, el Departamento de Seguridad Nacional coloc\u00f3 en procedimientos de deportaci\u00f3n a 282 extranjeros que pertenec\u00edan a dos grupos: antiguos integrantes de las Fuerzas Armadas y familiares inmediatos de militares. Dentro de ese total hab\u00eda 34 veteranos. Algunas personas ya hab\u00edan solicitado el Permiso de Permanencia para Familias Militares, una protecci\u00f3n discrecional conocida en ingl\u00e9s como Military Parole in Place.<\/p>\n\n\n\n<p class=\"wp-block-paragraph\">La senadora Elizabeth Warren calific\u00f3 esa actuaci\u00f3n como una \u201ctraici\u00f3n\u201d. Tammy Duckworth, senadora y veterana que perdi\u00f3 ambas piernas cuando su helic\u00f3ptero fue derribado en Irak, tach\u00f3 de \u201cabsolutamente inconcebible que la administraci\u00f3n Trump persiga a nuestros militares inmigrantes, a los veteranos y a sus familiares mediante sus agresivos y excesivos esfuerzos de deportaci\u00f3n\u201d.<\/p>\n\n\n\n<p class=\"wp-block-paragraph\">Un total de 61 legisladores exigieron explicaciones a los departamentos de Seguridad Nacional y de Guerra y advirtieron que el gobierno rompi\u00f3 d\u00e9cadas de precedentes que reconoc\u00edan el servicio militar como un factor favorable al ejercer la autoridad migratoria.<\/p>\n\n\n\n<p class=\"wp-block-paragraph\">La participaci\u00f3n hispana en las guerras estadounidenses ha sido extensa, aunque parcialmente borrada por los propios registros oficiales. La suma m\u00ednima de Corea, Vietnam, Irak y Afganist\u00e1n supera los 5 mil militares hispanos muertos. La cifra real es mayor porque durante d\u00e9cadas el gobierno estadounidense registr\u00f3 la raza y la etnicidad de manera incompleta. Isabella Gonzales se incorpor\u00f3 este 2026 a esa historia de servicio y muerte. Su tarea consist\u00eda precisamente en defender tropas e instalaciones frente a amenazas a\u00e9reas. El sistema que deb\u00eda detectar y neutralizar drones y misiles formaba parte de su trabajo diario; un ataque de esa naturaleza termin\u00f3 caus\u00e1ndole la muerte.<\/p>\n\n\n\n<p class=\"wp-block-paragraph\">Isabella ser\u00e1 recordada por el ej\u00e9rcito como una soldado ca\u00edda en acci\u00f3n; recibir\u00e1 un ascenso p\u00f3stumo y su nombre quedar\u00e1 unido a la defensa de una base estadounidense en Jordania. Pero su historia obliga a evaluar una pol\u00edtica de Trump que ha impactado a la comunidad que aporta m\u00e1s de una quinta parte en sus fuerzas armadas.<\/p>\n\n\n\n<p class=\"wp-block-paragraph\">El T\u00edo Sam le pide a los hispanos disciplina, obediencia, disponibilidad para el combate y disposici\u00f3n para morir; pero ese mismo gobierno detiene a sus familiares, coloca a veteranos en procedimientos de expulsi\u00f3n y convierte a los barrios latinos en el principal terreno de su campa\u00f1a migratoria.<\/p>\n\n\n\n<p class=\"wp-block-paragraph\">Isabella cumpli\u00f3 su compromiso con el pa\u00eds hasta perder la vida. Estados Unidos \u201ctiene pendiente un fuerte compromiso con los soldados hispanos, con sus familias y sus comunidades, de las que depende parte importante de su capacidad militar\u201d concluye Bernal.<\/p>\n\n\n\n<p class=\"wp-block-paragraph\"><em>Con informaci\u00f3n de El Universal<\/em>.<\/p>\n","protected":false},"excerpt":{"rendered":"<p>Miami, Florida, EU.- La muerte de Isabella Gonzales expone una contradicci\u00f3n pol\u00edtica brutal: la joven hispana de 19 a\u00f1os fue enviada a proteger una base estadounidense en Jordania y muri\u00f3 durante un ataque iran\u00ed. El presidente estadounidense, Donald Trump, aleg\u00f3 que ella, al igual que otros 17 efectivos ca\u00eddos en este conflicto, son \u201cpatriotas\u201d. Pero [&hellip;]<\/p>\n","protected":false},"author":6,"featured_media":90389,"comment_status":"closed","ping_status":"closed","sticky":false,"template":"","format":"standard","meta":{"_acf_changed":false,"_monsterinsights_skip_tracking":false,"slim_seo":{"title":"Soldados latinos dan la vida por Estados Unidos, pero Donald Trump los persigue - Opini\u00f3n P\u00fablica","description":"Miami, Florida, EU .- La muerte de Isabella Gonzales expone una contradicci\u00f3n pol\u00edtica brutal: la joven hispana de 19 a\u00f1os fue enviada a proteger una base estad"},"footnotes":""},"categories":[3],"tags":[102,2562,4060],"class_list":["post-90383","post","type-post","status-publish","format-standard","has-post-thumbnail","hentry","category-principal","tag-donald-trump","tag-guerra-en-medio-oriente","tag-latinos-en-estados-unidos"],"acf":[],"_links":{"self":[{"href":"https:\/\/www.opinionpublica.tv\/portada\/wp-json\/wp\/v2\/posts\/90383","targetHints":{"allow":["GET"]}}],"collection":[{"href":"https:\/\/www.opinionpublica.tv\/portada\/wp-json\/wp\/v2\/posts"}],"about":[{"href":"https:\/\/www.opinionpublica.tv\/portada\/wp-json\/wp\/v2\/types\/post"}],"author":[{"embeddable":true,"href":"https:\/\/www.opinionpublica.tv\/portada\/wp-json\/wp\/v2\/users\/6"}],"replies":[{"embeddable":true,"href":"https:\/\/www.opinionpublica.tv\/portada\/wp-json\/wp\/v2\/comments?post=90383"}],"version-history":[{"count":8,"href":"https:\/\/www.opinionpublica.tv\/portada\/wp-json\/wp\/v2\/posts\/90383\/revisions"}],"predecessor-version":[{"id":90393,"href":"https:\/\/www.opinionpublica.tv\/portada\/wp-json\/wp\/v2\/posts\/90383\/revisions\/90393"}],"wp:featuredmedia":[{"embeddable":true,"href":"https:\/\/www.opinionpublica.tv\/portada\/wp-json\/wp\/v2\/media\/90389"}],"wp:attachment":[{"href":"https:\/\/www.opinionpublica.tv\/portada\/wp-json\/wp\/v2\/media?parent=90383"}],"wp:term":[{"taxonomy":"category","embeddable":true,"href":"https:\/\/www.opinionpublica.tv\/portada\/wp-json\/wp\/v2\/categories?post=90383"},{"taxonomy":"post_tag","embeddable":true,"href":"https:\/\/www.opinionpublica.tv\/portada\/wp-json\/wp\/v2\/tags?post=90383"}],"curies":[{"name":"wp","href":"https:\/\/api.w.org\/{rel}","templated":true}]}}