{"id":90355,"date":"2026-07-25T00:01:00","date_gmt":"2026-07-25T06:01:00","guid":{"rendered":"https:\/\/www.opinionpublica.tv\/portada\/?p=90355"},"modified":"2026-07-24T15:36:08","modified_gmt":"2026-07-24T21:36:08","slug":"el-libro-de-la-semana-las-nonnas-la-santa-y-la-cabrona-autora-doris-gasperin-bulbarela","status":"publish","type":"post","link":"https:\/\/www.opinionpublica.tv\/portada\/el-libro-de-la-semana-las-nonnas-la-santa-y-la-cabrona-autora-doris-gasperin-bulbarela\/","title":{"rendered":"Las Nonnas La Santa y La Cabrona | Autora: Doris Gasperin Bulbarela"},"content":{"rendered":"\n<figure class=\"wp-block-image size-large\"><img fetchpriority=\"high\" decoding=\"async\" width=\"713\" height=\"1024\" src=\"https:\/\/www.opinionpublica.tv\/portada\/wp-content\/uploads\/2026\/07\/Las-Nonnas-La-Santa-y-La-Cabrona-Autora-Doris-Gasperin-Bulbarela-713x1024.jpg\" alt=\"Las Nonnas La Santa y La Cabrona | Autora Doris Gasperin Bulbarela\" class=\"wp-image-90358\" srcset=\"https:\/\/www.opinionpublica.tv\/portada\/wp-content\/uploads\/2026\/07\/Las-Nonnas-La-Santa-y-La-Cabrona-Autora-Doris-Gasperin-Bulbarela-713x1024.jpg 713w, https:\/\/www.opinionpublica.tv\/portada\/wp-content\/uploads\/2026\/07\/Las-Nonnas-La-Santa-y-La-Cabrona-Autora-Doris-Gasperin-Bulbarela-209x300.jpg 209w, https:\/\/www.opinionpublica.tv\/portada\/wp-content\/uploads\/2026\/07\/Las-Nonnas-La-Santa-y-La-Cabrona-Autora-Doris-Gasperin-Bulbarela-768x1103.jpg 768w, https:\/\/www.opinionpublica.tv\/portada\/wp-content\/uploads\/2026\/07\/Las-Nonnas-La-Santa-y-La-Cabrona-Autora-Doris-Gasperin-Bulbarela.jpg 1044w\" sizes=\"(max-width: 713px) 100vw, 713px\" \/><\/figure>\n\n\n\n<p class=\"wp-block-paragraph\">Esta apasionante novela nace entre las monta\u00f1as del V\u00e9neto y florece en los campos de Veracruz. Es una historia que, contada con valent\u00eda, recrea el viaje de las familias italianas que enfrentando la pobreza, el desarraigo, el amor imposible y la esperanza, emigraron al M\u00e9xico del siglo XIX.<\/p>\n\n\n\n<p class=\"wp-block-paragraph\">A trav\u00e9s de las voces de mujeres memoriosas y hombres valientes, entre las peripecias de Las Nonnas, La Santa y La Cabrona, se entreteje un relato \u00edntimo de amor, exilio, venganza, reconciliaci\u00f3n y legado.<\/p>\n\n\n\n<p class=\"wp-block-paragraph\">Inspirada en hechos reales y escrita con libertad y sensibilidad narrativa, en esta su primera novela, Doris Gasper\u00edn Bulbarela nos ofrece un tributo a su familia y a todas las familias que tuvieron el valor de dejarlo todo para emprender un viaje y sembrar futuro lejos de su patria.<\/p>\n\n\n\n<p class=\"wp-block-paragraph\">Es un homenaje a la migraci\u00f3n, a M\u00e9xico y al esp\u00edritu que convirti\u00f3 el exilio en arraigo.<\/p>\n","protected":false},"excerpt":{"rendered":"<p>Esta apasionante novela nace entre las monta\u00f1as del V\u00e9neto y florece en los campos de Veracruz. Es una historia que, contada con valent\u00eda, recrea el viaje de las familias italianas que enfrentando la pobreza, el desarraigo, el amor imposible y la esperanza, emigraron al M\u00e9xico del siglo XIX. A trav\u00e9s de las voces de mujeres [&hellip;]<\/p>\n","protected":false},"author":6,"featured_media":90358,"comment_status":"closed","ping_status":"closed","sticky":false,"template":"","format":"standard","meta":{"_acf_changed":false,"_monsterinsights_skip_tracking":false,"slim_seo":{"title":"Las Nonnas La Santa y La Cabrona | Autora: Doris Gasperin Bulbarela - Opini\u00f3n P\u00fablica","description":"Esta apasionante novela nace entre las monta\u00f1as del V\u00e9neto y florece en los campos de Veracruz. Es una historia que, contada con valent\u00eda, recrea el viaje de la"},"footnotes":""},"categories":[1007],"tags":[4059,507,1115],"class_list":["post-90355","post","type-post","status-publish","format-standard","has-post-thumbnail","hentry","category-el-libro-de-la-semana","tag-doris-gasperin-bulbarela","tag-lectura","tag-libro-de-la-semana"],"acf":[],"_links":{"self":[{"href":"https:\/\/www.opinionpublica.tv\/portada\/wp-json\/wp\/v2\/posts\/90355","targetHints":{"allow":["GET"]}}],"collection":[{"href":"https:\/\/www.opinionpublica.tv\/portada\/wp-json\/wp\/v2\/posts"}],"about":[{"href":"https:\/\/www.opinionpublica.tv\/portada\/wp-json\/wp\/v2\/types\/post"}],"author":[{"embeddable":true,"href":"https:\/\/www.opinionpublica.tv\/portada\/wp-json\/wp\/v2\/users\/6"}],"replies":[{"embeddable":true,"href":"https:\/\/www.opinionpublica.tv\/portada\/wp-json\/wp\/v2\/comments?post=90355"}],"version-history":[{"count":3,"href":"https:\/\/www.opinionpublica.tv\/portada\/wp-json\/wp\/v2\/posts\/90355\/revisions"}],"predecessor-version":[{"id":90359,"href":"https:\/\/www.opinionpublica.tv\/portada\/wp-json\/wp\/v2\/posts\/90355\/revisions\/90359"}],"wp:featuredmedia":[{"embeddable":true,"href":"https:\/\/www.opinionpublica.tv\/portada\/wp-json\/wp\/v2\/media\/90358"}],"wp:attachment":[{"href":"https:\/\/www.opinionpublica.tv\/portada\/wp-json\/wp\/v2\/media?parent=90355"}],"wp:term":[{"taxonomy":"category","embeddable":true,"href":"https:\/\/www.opinionpublica.tv\/portada\/wp-json\/wp\/v2\/categories?post=90355"},{"taxonomy":"post_tag","embeddable":true,"href":"https:\/\/www.opinionpublica.tv\/portada\/wp-json\/wp\/v2\/tags?post=90355"}],"curies":[{"name":"wp","href":"https:\/\/api.w.org\/{rel}","templated":true}]}}