{"id":90329,"date":"2026-07-24T00:01:00","date_gmt":"2026-07-24T06:01:00","guid":{"rendered":"https:\/\/www.opinionpublica.tv\/portada\/?p=90329"},"modified":"2026-07-23T18:33:18","modified_gmt":"2026-07-24T00:33:18","slug":"aplicara-estado-vacunas-gratuitas-este-fin-de-semana-en-las-plazas-misiones-y-juarez-mall","status":"publish","type":"post","link":"https:\/\/www.opinionpublica.tv\/portada\/aplicara-estado-vacunas-gratuitas-este-fin-de-semana-en-las-plazas-misiones-y-juarez-mall\/","title":{"rendered":"Aplicar\u00e1 Estado vacunas gratuitas este fin de semana en las Misiones y Ju\u00e1rez Mall"},"content":{"rendered":"\n<figure class=\"wp-block-image size-large\"><img fetchpriority=\"high\" decoding=\"async\" width=\"819\" height=\"1024\" src=\"https:\/\/www.opinionpublica.tv\/portada\/wp-content\/uploads\/2026\/07\/Aplicara-Estado-vacunas-gratuitas-este-fin-de-semana-en-las-Misiones-y-Juarez-Mall-819x1024.jpeg\" alt=\"Aplicara\u0301 Estado vacunas gratuitas este fin de semana en las Misiones y Jua\u0301rez Mall\" class=\"wp-image-90332\" srcset=\"https:\/\/www.opinionpublica.tv\/portada\/wp-content\/uploads\/2026\/07\/Aplicara-Estado-vacunas-gratuitas-este-fin-de-semana-en-las-Misiones-y-Juarez-Mall-819x1024.jpeg 819w, https:\/\/www.opinionpublica.tv\/portada\/wp-content\/uploads\/2026\/07\/Aplicara-Estado-vacunas-gratuitas-este-fin-de-semana-en-las-Misiones-y-Juarez-Mall-240x300.jpeg 240w, https:\/\/www.opinionpublica.tv\/portada\/wp-content\/uploads\/2026\/07\/Aplicara-Estado-vacunas-gratuitas-este-fin-de-semana-en-las-Misiones-y-Juarez-Mall-768x960.jpeg 768w, https:\/\/www.opinionpublica.tv\/portada\/wp-content\/uploads\/2026\/07\/Aplicara-Estado-vacunas-gratuitas-este-fin-de-semana-en-las-Misiones-y-Juarez-Mall-1229x1536.jpeg 1229w, https:\/\/www.opinionpublica.tv\/portada\/wp-content\/uploads\/2026\/07\/Aplicara-Estado-vacunas-gratuitas-este-fin-de-semana-en-las-Misiones-y-Juarez-Mall.jpeg 1280w\" sizes=\"(max-width: 819px) 100vw, 819px\" \/><\/figure>\n\n\n\n<p class=\"wp-block-paragraph\"><em>Ciudad Ju\u00e1rez, Chih<\/em>.- El Gobierno del Estado, a trav\u00e9s del Distrito de Salud II Ju\u00e1rez invita a la ciudadan\u00eda a participar en la pr\u00f3xima jornada de vacunaci\u00f3n, que se realizar\u00e1 del 24 al 26 de julio, de 10:00 a 16:00 horas, en Plaza Misiones y en Plaza Ju\u00e1rez Mall.<\/p>\n\n\n\n<p class=\"wp-block-paragraph\">En ambos puntos se aplicar\u00e1n biol\u00f3gicos contra el sarampi\u00f3n, neumococo, rotavirus y hexavalente.<\/p>\n\n\n\n<p class=\"wp-block-paragraph\">La dosis contra el neumococo protege contra infecciones como neumon\u00eda, meningitis y septicemia, mientras que las de rotavirus y hexavalente est\u00e1n dirigidas a beb\u00e9s, y ni\u00f1as y ni\u00f1os peque\u00f1os.<\/p>\n\n\n\n<p class=\"wp-block-paragraph\">Adem\u00e1s se inocular\u00e1 contra la hepatitis A y B, el Virus del Papiloma Humano (VPH) para menores de 9 a 11 a\u00f1os, y la TDPA para mujeres embarazadas, que protege contra el t\u00e9tanos, la difteria y la tos ferina.<\/p>\n\n\n\n<p class=\"wp-block-paragraph\">Karla Villegas, responsable del Programa de Vacunaci\u00f3n, invit\u00f3 a la poblaci\u00f3n a aprovechar esta jornada para completar el Esquema Nacional de Vacunaci\u00f3n, ya que ayuda a prevenir enfermedades y complicaciones, y fortalece la protecci\u00f3n de la comunidad mediante la inmunidad colectiva.<\/p>\n","protected":false},"excerpt":{"rendered":"<p>Ciudad Ju\u00e1rez, Chih.- El Gobierno del Estado, a trav\u00e9s del Distrito de Salud II Ju\u00e1rez invita a la ciudadan\u00eda a participar en la pr\u00f3xima jornada de vacunaci\u00f3n, que se realizar\u00e1 del 24 al 26 de julio, de 10:00 a 16:00 horas, en Plaza Misiones y en Plaza Ju\u00e1rez Mall. En ambos puntos se aplicar\u00e1n biol\u00f3gicos [&hellip;]<\/p>\n","protected":false},"author":6,"featured_media":90332,"comment_status":"closed","ping_status":"closed","sticky":false,"template":"","format":"standard","meta":{"_acf_changed":false,"_monsterinsights_skip_tracking":false,"slim_seo":{"title":"Aplicar\u00e1 Estado vacunas gratuitas este fin de semana en las Misiones y Ju\u00e1rez Mall - Opini\u00f3n P\u00fablica","description":"Ciudad Ju\u00e1rez, Chih .- El Gobierno del Estado, a trav\u00e9s del Distrito de Salud II Ju\u00e1rez invita a la ciudadan\u00eda a participar en la pr\u00f3xima jornada de vacunaci\u00f3n,"},"footnotes":""},"categories":[11],"tags":[608,170,2398],"class_list":["post-90329","post","type-post","status-publish","format-standard","has-post-thumbnail","hentry","category-tendencias","tag-ciudad-juarez","tag-salud","tag-vacunas"],"acf":[],"_links":{"self":[{"href":"https:\/\/www.opinionpublica.tv\/portada\/wp-json\/wp\/v2\/posts\/90329","targetHints":{"allow":["GET"]}}],"collection":[{"href":"https:\/\/www.opinionpublica.tv\/portada\/wp-json\/wp\/v2\/posts"}],"about":[{"href":"https:\/\/www.opinionpublica.tv\/portada\/wp-json\/wp\/v2\/types\/post"}],"author":[{"embeddable":true,"href":"https:\/\/www.opinionpublica.tv\/portada\/wp-json\/wp\/v2\/users\/6"}],"replies":[{"embeddable":true,"href":"https:\/\/www.opinionpublica.tv\/portada\/wp-json\/wp\/v2\/comments?post=90329"}],"version-history":[{"count":3,"href":"https:\/\/www.opinionpublica.tv\/portada\/wp-json\/wp\/v2\/posts\/90329\/revisions"}],"predecessor-version":[{"id":90334,"href":"https:\/\/www.opinionpublica.tv\/portada\/wp-json\/wp\/v2\/posts\/90329\/revisions\/90334"}],"wp:featuredmedia":[{"embeddable":true,"href":"https:\/\/www.opinionpublica.tv\/portada\/wp-json\/wp\/v2\/media\/90332"}],"wp:attachment":[{"href":"https:\/\/www.opinionpublica.tv\/portada\/wp-json\/wp\/v2\/media?parent=90329"}],"wp:term":[{"taxonomy":"category","embeddable":true,"href":"https:\/\/www.opinionpublica.tv\/portada\/wp-json\/wp\/v2\/categories?post=90329"},{"taxonomy":"post_tag","embeddable":true,"href":"https:\/\/www.opinionpublica.tv\/portada\/wp-json\/wp\/v2\/tags?post=90329"}],"curies":[{"name":"wp","href":"https:\/\/api.w.org\/{rel}","templated":true}]}}