{"id":90263,"date":"2026-07-23T00:01:00","date_gmt":"2026-07-23T06:01:00","guid":{"rendered":"https:\/\/www.opinionpublica.tv\/portada\/?p=90263"},"modified":"2026-07-22T20:53:54","modified_gmt":"2026-07-23T02:53:54","slug":"anuncian-maru-campos-y-gkn-aerospace-la-expansion-de-su-planta-en-chihuahua","status":"publish","type":"post","link":"https:\/\/www.opinionpublica.tv\/portada\/anuncian-maru-campos-y-gkn-aerospace-la-expansion-de-su-planta-en-chihuahua\/","title":{"rendered":"Anuncian Maru Campos y GKN Aerospace la expansi\u00f3n de su planta en Chihuahua"},"content":{"rendered":"\n<figure class=\"wp-block-image size-large\"><img fetchpriority=\"high\" decoding=\"async\" width=\"1024\" height=\"682\" src=\"https:\/\/www.opinionpublica.tv\/portada\/wp-content\/uploads\/2026\/07\/Anuncian-Maru-Campos-y-GKN-Aerospace-la-expansion-de-su-planta-en-Chihuahua-1024x682.jpeg\" alt=\"Anuncian Maru Campos y GKN Aerospace la expansio\u0301n de su planta en Chihuahua\" class=\"wp-image-90265\" srcset=\"https:\/\/www.opinionpublica.tv\/portada\/wp-content\/uploads\/2026\/07\/Anuncian-Maru-Campos-y-GKN-Aerospace-la-expansion-de-su-planta-en-Chihuahua-1024x682.jpeg 1024w, https:\/\/www.opinionpublica.tv\/portada\/wp-content\/uploads\/2026\/07\/Anuncian-Maru-Campos-y-GKN-Aerospace-la-expansion-de-su-planta-en-Chihuahua-300x200.jpeg 300w, https:\/\/www.opinionpublica.tv\/portada\/wp-content\/uploads\/2026\/07\/Anuncian-Maru-Campos-y-GKN-Aerospace-la-expansion-de-su-planta-en-Chihuahua-768x512.jpeg 768w, https:\/\/www.opinionpublica.tv\/portada\/wp-content\/uploads\/2026\/07\/Anuncian-Maru-Campos-y-GKN-Aerospace-la-expansion-de-su-planta-en-Chihuahua-1536x1023.jpeg 1536w, https:\/\/www.opinionpublica.tv\/portada\/wp-content\/uploads\/2026\/07\/Anuncian-Maru-Campos-y-GKN-Aerospace-la-expansion-de-su-planta-en-Chihuahua.jpeg 1600w\" sizes=\"(max-width: 1024px) 100vw, 1024px\" \/><\/figure>\n\n\n\n<p class=\"wp-block-paragraph\"><em>Londres, Chih<\/em>.- GKN Aerospace ha puesto en operaci\u00f3n un edificio adicional en su sitio de fabricaci\u00f3n en Chihuahua, M\u00e9xico, consolidando el impulso de su hist\u00f3rica expansi\u00f3n de instalaciones de julio de 2024.<\/p>\n\n\n\n<p class=\"wp-block-paragraph\">La ampliaci\u00f3n de la huella del sitio fortalece a\u00fan m\u00e1s la integraci\u00f3n de tecnolog\u00edas avanzadas de defensa y aviaci\u00f3n comercial en la regi\u00f3n, reafirmando la posici\u00f3n de Chihuahua como un centro aeroespacial multi-tecnol\u00f3gico de primer nivel.<\/p>\n\n\n\n<p class=\"wp-block-paragraph\">El edificio adicional respaldar\u00e1 el crecimiento continuo de las actividades de Sistemas de Interconexi\u00f3n de Cableado El\u00e9ctrico (EWIS) en el sitio. La integraci\u00f3n de estos sistemas el\u00e9ctricos avanzados, junto con la experiencia existente en estructuras compuestas y met\u00e1licas, permite a GKN Aerospace responder a la creciente demanda en toda Norteam\u00e9rica.<\/p>\n\n\n\n<p class=\"wp-block-paragraph\">\u201cEsto marca un paso importante en el desarrollo continuo de nuestras operaciones en M\u00e9xico,\u201d dijo Enrique Alatorre, Vicepresidente Senior de EWIS de GKN Aerospace.<\/p>\n\n\n\n<p class=\"wp-block-paragraph\">\u201cAl poner en operaci\u00f3n este edificio adicional en Chihuahua y ampliar nuestras capacidades de EWIS junto con nuestra probada producci\u00f3n de aeroestructuras, estamos en posici\u00f3n de ofrecer soluciones integradas directamente a nuestros clientes norteamericanos. Esta inversi\u00f3n resalta nuestra confianza en la mano de obra de clase mundial de Chihuahua, su infraestructura competitiva y su papel estrat\u00e9gico en impulsar el futuro del vuelo sostenible.\u201d<\/p>\n\n\n\n<p class=\"wp-block-paragraph\">El desarrollo del sitio contin\u00faa con el pleno respaldo del gobierno local y se suma a los m\u00e1s de 200 empleos especializados en ingenier\u00eda, procesos especializados y producci\u00f3n asociados con la expansi\u00f3n de 2024.<\/p>\n\n\n\n<p class=\"wp-block-paragraph\">La capacidad adicional ayudar\u00e1 a optimizar los tiempos de entrega para el negocio principal de Nivel 1 (Tier-1) y los programas de aviaci\u00f3n civil, incluidas las asociaciones de manufactura de largo plazo con Gulfstream, Airbus y Honda Aircraft.<\/p>\n\n\n\n<p class=\"wp-block-paragraph\">La gobernadora de Chihuahua, Maru Campos, declar\u00f3: \u201cEl crecimiento continuo de GKN Aerospace reafirma la posici\u00f3n de Chihuahua como socio estrat\u00e9gico para la industria aeroespacial global. La confianza que empresas de clase mundial depositan en nuestro estado refleja el talento de nuestra fuerza laboral, nuestro entorno de negocios competitivo y un gobierno comprometido con impulsar la inversi\u00f3n y la innovaci\u00f3n. Continuaremos trabajando de la mano con GKN Aerospace para crear las condiciones para el crecimiento a largo plazo, empleos de alto valor y las tecnolog\u00edas que dar\u00e1n forma al futuro de la aviaci\u00f3n.\u201d<\/p>\n\n\n\n<p class=\"wp-block-paragraph\">GKN Aerospace es un l\u00edder global multi-tecnol\u00f3gico en la industria aeroespacial y de defensa, especializado en el desarrollo y entrega de aeroestructuras y sistemas de motor de vanguardia.<\/p>\n\n\n\n<p class=\"wp-block-paragraph\">Sus productos, sistemas y servicios son parte integral del 90 por ciento de las principales aeronaves actuales. Estos abarcan desde helic\u00f3pteros, jets ejecutivos, aviones de pasajeros y veh\u00edculos de movilidad a\u00e9rea avanzada, hasta plataformas militares no tripuladas y aviones de combate de \u00faltima generaci\u00f3n.<\/p>\n\n\n\n<p class=\"wp-block-paragraph\">Su compromiso con la innovaci\u00f3n y la tecnolog\u00eda de vanguardia se refleja en la aplicaci\u00f3n de compuestos ligeros, fabricaci\u00f3n aditiva, sistemas de interconexi\u00f3n de cableado el\u00e9ctrico y sistemas de motor pioneros, reduciendo tanto el peso como el costo en las aeronaves y motores actuales.<\/p>\n\n\n\n<p class=\"wp-block-paragraph\">GKN Aerospace est\u00e1 a la vanguardia de la tecnolog\u00eda sostenible, desarrollando soluciones innovadoras para lograr un vuelo libre de emisiones. Sus centros tecnol\u00f3gicos globales colaboran con socios de la industria en todo el mundo para acelerar el desarrollo de tecnolog\u00edas pioneras, incluida la propulsi\u00f3n a base de hidr\u00f3geno y el vuelo totalmente el\u00e9ctrico.<\/p>\n\n\n\n<p class=\"wp-block-paragraph\">Con operaciones en 12 pa\u00edses, GKN Aerospace emplea a una fuerza laboral de 16,000 empleados en m\u00e1s de 30 ubicaciones. GKN Aerospace tiene ventas globales de \u00a33,600 millones y cotiza bajo el nombre de su empresa matriz, Melrose Industries PLC (LSE:MRO).<\/p>\n","protected":false},"excerpt":{"rendered":"<p>Londres, Chih.- GKN Aerospace ha puesto en operaci\u00f3n un edificio adicional en su sitio de fabricaci\u00f3n en Chihuahua, M\u00e9xico, consolidando el impulso de su hist\u00f3rica expansi\u00f3n de instalaciones de julio de 2024. La ampliaci\u00f3n de la huella del sitio fortalece a\u00fan m\u00e1s la integraci\u00f3n de tecnolog\u00edas avanzadas de defensa y aviaci\u00f3n comercial en la regi\u00f3n, [&hellip;]<\/p>\n","protected":false},"author":6,"featured_media":90265,"comment_status":"closed","ping_status":"closed","sticky":false,"template":"","format":"standard","meta":{"_acf_changed":false,"_monsterinsights_skip_tracking":false,"slim_seo":{"title":"Anuncian Maru Campos y GKN Aerospace la expansi\u00f3n de su planta en Chihuahua - Opini\u00f3n P\u00fablica","description":"Londres, Chih .- GKN Aerospace ha puesto en operaci\u00f3n un edificio adicional en su sitio de fabricaci\u00f3n en Chihuahua, M\u00e9xico, consolidando el impulso de su hist\u00f3"},"footnotes":""},"categories":[11],"tags":[88,4050,3110,3128,199],"class_list":["post-90263","post","type-post","status-publish","format-standard","has-post-thumbnail","hentry","category-tendencias","tag-chihuahua","tag-gkn-aerospace","tag-industria-aeroespacial","tag-londres","tag-maru-campos"],"acf":[],"_links":{"self":[{"href":"https:\/\/www.opinionpublica.tv\/portada\/wp-json\/wp\/v2\/posts\/90263","targetHints":{"allow":["GET"]}}],"collection":[{"href":"https:\/\/www.opinionpublica.tv\/portada\/wp-json\/wp\/v2\/posts"}],"about":[{"href":"https:\/\/www.opinionpublica.tv\/portada\/wp-json\/wp\/v2\/types\/post"}],"author":[{"embeddable":true,"href":"https:\/\/www.opinionpublica.tv\/portada\/wp-json\/wp\/v2\/users\/6"}],"replies":[{"embeddable":true,"href":"https:\/\/www.opinionpublica.tv\/portada\/wp-json\/wp\/v2\/comments?post=90263"}],"version-history":[{"count":2,"href":"https:\/\/www.opinionpublica.tv\/portada\/wp-json\/wp\/v2\/posts\/90263\/revisions"}],"predecessor-version":[{"id":90266,"href":"https:\/\/www.opinionpublica.tv\/portada\/wp-json\/wp\/v2\/posts\/90263\/revisions\/90266"}],"wp:featuredmedia":[{"embeddable":true,"href":"https:\/\/www.opinionpublica.tv\/portada\/wp-json\/wp\/v2\/media\/90265"}],"wp:attachment":[{"href":"https:\/\/www.opinionpublica.tv\/portada\/wp-json\/wp\/v2\/media?parent=90263"}],"wp:term":[{"taxonomy":"category","embeddable":true,"href":"https:\/\/www.opinionpublica.tv\/portada\/wp-json\/wp\/v2\/categories?post=90263"},{"taxonomy":"post_tag","embeddable":true,"href":"https:\/\/www.opinionpublica.tv\/portada\/wp-json\/wp\/v2\/tags?post=90263"}],"curies":[{"name":"wp","href":"https:\/\/api.w.org\/{rel}","templated":true}]}}