{"id":90205,"date":"2026-07-23T00:01:00","date_gmt":"2026-07-23T06:01:00","guid":{"rendered":"https:\/\/www.opinionpublica.tv\/portada\/?p=90205"},"modified":"2026-07-22T15:08:12","modified_gmt":"2026-07-22T21:08:12","slug":"directores-de-cine-defienden-ia-como-evolucion-inevitable-paso-igual-con-el-automovil","status":"publish","type":"post","link":"https:\/\/www.opinionpublica.tv\/portada\/directores-de-cine-defienden-ia-como-evolucion-inevitable-paso-igual-con-el-automovil\/","title":{"rendered":"Directores de cine defienden IA como evoluci\u00f3n inevitable; pas\u00f3 igual con el autom\u00f3vil"},"content":{"rendered":"\n<figure class=\"wp-block-image size-large\"><img fetchpriority=\"high\" decoding=\"async\" width=\"1024\" height=\"576\" src=\"https:\/\/www.opinionpublica.tv\/portada\/wp-content\/uploads\/2026\/07\/Directores-de-cine-defienden-IA-como-evolucion-inevitable-paso-igual-con-el-automovil-1024x576.jpg\" alt=\"Directores de cine defienden IA como evolucio\u0301n inevitable; paso\u0301 igual con el automo\u0301vil\" class=\"wp-image-90207\" srcset=\"https:\/\/www.opinionpublica.tv\/portada\/wp-content\/uploads\/2026\/07\/Directores-de-cine-defienden-IA-como-evolucion-inevitable-paso-igual-con-el-automovil-1024x576.jpg 1024w, https:\/\/www.opinionpublica.tv\/portada\/wp-content\/uploads\/2026\/07\/Directores-de-cine-defienden-IA-como-evolucion-inevitable-paso-igual-con-el-automovil-300x169.jpg 300w, https:\/\/www.opinionpublica.tv\/portada\/wp-content\/uploads\/2026\/07\/Directores-de-cine-defienden-IA-como-evolucion-inevitable-paso-igual-con-el-automovil-768x432.jpg 768w, https:\/\/www.opinionpublica.tv\/portada\/wp-content\/uploads\/2026\/07\/Directores-de-cine-defienden-IA-como-evolucion-inevitable-paso-igual-con-el-automovil-1536x864.jpg 1536w, https:\/\/www.opinionpublica.tv\/portada\/wp-content\/uploads\/2026\/07\/Directores-de-cine-defienden-IA-como-evolucion-inevitable-paso-igual-con-el-automovil-2048x1152.jpg 2048w\" sizes=\"(max-width: 1024px) 100vw, 1024px\" \/><\/figure>\n\n\n\n<p class=\"wp-block-paragraph\">Directores de cine establecidos est\u00e1n posicionando la inteligencia artificial como una herramienta de progreso inevitable en la industria, rechazando la resistencia que enfrentan las nuevas tecnolog\u00edas.<\/p>\n\n\n\n<p class=\"wp-block-paragraph\">La analog\u00eda m\u00e1s citada compara la actual oposici\u00f3n a la IA con la resistencia hist\u00f3rica al autom\u00f3vil: \u00abdecir que el caballo y el carruaje son lo mejor porque los autos tienen problemas es ignorar que eso es el progreso, es el futuro\u00bb. Esta perspectiva refleja c\u00f3mo pioneros en efectos visuales ven la tecnolog\u00eda no como amenaza, sino como facilitador de creaci\u00f3n.<\/p>\n\n\n\n<p class=\"wp-block-paragraph\">La aceptaci\u00f3n de IA en cine se extiende m\u00e1s all\u00e1 de declaraciones aisladas. Directores que han liderado innovaciones t\u00e9cnicas en d\u00e9cadas pasadas \u2014desde la digitalizaci\u00f3n de edici\u00f3n hasta la creaci\u00f3n de estudios especializados en efectos visuales\u2014 ahora defienden p\u00fablicamente la inteligencia artificial generativa.<\/p>\n\n\n\n<p class=\"wp-block-paragraph\">Estos cineastas argumentan que su carrera se ha definido por adoptar herramientas que superaban limitaciones tecnol\u00f3gicas previas, no por rechazarlas. \u00abNo quer\u00eda dirigir empresas de equipos, solo quer\u00eda el equipo\u00bb, resume esta filosof\u00eda de enfoque en la visi\u00f3n creativa sobre la tecnolog\u00eda misma.<\/p>\n\n\n\n<p class=\"wp-block-paragraph\">Un punto central en esta defensa es la distinci\u00f3n entre tecnolog\u00eda e idea. Para estos directores, el cine se define por \u00abla imagen en movimiento\u00bb como concepto, no por los medios espec\u00edficos de producci\u00f3n. Incluso colegas en organizaciones de preservaci\u00f3n cinematogr\u00e1fica que se resisten a la digitalizaci\u00f3n reciben el argumento: \u00abEs cine. Es la imagen en movimiento.<\/p>\n\n\n\n<p class=\"wp-block-paragraph\">Eso es lo que es. No es una tecnolog\u00eda, es una idea\u00bb. Esta separaci\u00f3n conceptual permite a los cineastas adoptar IA sin sentir que traicionan la esencia del medio.<\/p>\n\n\n\n<p class=\"wp-block-paragraph\">Respecto a preocupaciones sobre deepfakes y desinformaci\u00f3n, los defensores de IA argumentan que la tecnolog\u00eda misma puede ser soluci\u00f3n. Si la IA puede generar contenido falso, tambi\u00e9n puede identificarlo y rastrear su origen. \u00abSi deseas que una IA te indique cu\u00e1ndo algo es falso y de d\u00f3nde proviene, la IA puede hacerlo. Los humanos no somos tan inteligentes\u00bb, plantean. Esta l\u00f3gica sugiere que la responsabilidad no desaparece con la automatizaci\u00f3n, sino que se redistribuye.<\/p>\n\n\n\n<p class=\"wp-block-paragraph\">Un aspecto menos discutido pero relevante para directivos es la cr\u00edtica a metodolog\u00edas de validaci\u00f3n de contenido. Algunos cineastas cuestionan el uso de focus groups en decisiones creativas, argumentando que el p\u00fablico no siempre identifica qu\u00e9 lo motiva emocionalmente. Cuando un personaje \u00abno gusta\u00bb en pruebas, eso puede indicar complejidad narrativa, no defecto.<\/p>\n\n\n\n<p class=\"wp-block-paragraph\">Los estudios que interpretan mal estos datos terminan diluyendo visiones creativas. Para estos directores, la pel\u00edcula es un medio emocional: \u00abVas al cine porque las historias te conmueven emocionalmente. El arte es un medio emocional\u00bb. Al final, lo que se comercializa es emoci\u00f3n, no tecnolog\u00eda.<\/p>\n\n\n\n<p class=\"wp-block-paragraph\">Esta posici\u00f3n tiene implicaciones estrat\u00e9gicas para ejecutivos de medios y entretenimiento. La adopci\u00f3n de IA no es un debate sobre si, sino sobre c\u00f3mo integrarla manteniendo visi\u00f3n creativa. Los directores que han prosperado hist\u00f3ricamente no son quienes rechazaron innovaci\u00f3n, sino quienes la controlaron para servir su prop\u00f3sito narrativo.<\/p>\n\n\n\n<p class=\"wp-block-paragraph\">La pregunta para l\u00edderes de estudio no es si usar IA, sino c\u00f3mo garantizar que la tecnolog\u00eda ampl\u00ede capacidad creativa sin que focus groups o algoritmos reemplacen decisiones art\u00edsticas fundamentales.<\/p>\n\n\n\n<p class=\"wp-block-paragraph\"><em>Con informaci\u00f3n de NEO<\/em>.<\/p>\n","protected":false},"excerpt":{"rendered":"<p>Directores de cine establecidos est\u00e1n posicionando la inteligencia artificial como una herramienta de progreso inevitable en la industria, rechazando la resistencia que enfrentan las nuevas tecnolog\u00edas. La analog\u00eda m\u00e1s citada compara la actual oposici\u00f3n a la IA con la resistencia hist\u00f3rica al autom\u00f3vil: \u00abdecir que el caballo y el carruaje son lo mejor porque los [&hellip;]<\/p>\n","protected":false},"author":6,"featured_media":90207,"comment_status":"closed","ping_status":"closed","sticky":false,"template":"","format":"standard","meta":{"_acf_changed":false,"_monsterinsights_skip_tracking":false,"slim_seo":{"title":"Directores de cine defienden IA como evoluci\u00f3n inevitable; pas\u00f3 igual con el autom\u00f3vil - Opini\u00f3n P\u00fablica","description":"Directores de cine establecidos est\u00e1n posicionando la inteligencia artificial como una herramienta de progreso inevitable en la industria, rechazando la resiste"},"footnotes":""},"categories":[22],"tags":[4045,392],"class_list":["post-90205","post","type-post","status-publish","format-standard","has-post-thumbnail","hentry","category-ciencia-y-tecnologia","tag-cine","tag-inteligencia-artificial"],"acf":[],"_links":{"self":[{"href":"https:\/\/www.opinionpublica.tv\/portada\/wp-json\/wp\/v2\/posts\/90205","targetHints":{"allow":["GET"]}}],"collection":[{"href":"https:\/\/www.opinionpublica.tv\/portada\/wp-json\/wp\/v2\/posts"}],"about":[{"href":"https:\/\/www.opinionpublica.tv\/portada\/wp-json\/wp\/v2\/types\/post"}],"author":[{"embeddable":true,"href":"https:\/\/www.opinionpublica.tv\/portada\/wp-json\/wp\/v2\/users\/6"}],"replies":[{"embeddable":true,"href":"https:\/\/www.opinionpublica.tv\/portada\/wp-json\/wp\/v2\/comments?post=90205"}],"version-history":[{"count":3,"href":"https:\/\/www.opinionpublica.tv\/portada\/wp-json\/wp\/v2\/posts\/90205\/revisions"}],"predecessor-version":[{"id":90210,"href":"https:\/\/www.opinionpublica.tv\/portada\/wp-json\/wp\/v2\/posts\/90205\/revisions\/90210"}],"wp:featuredmedia":[{"embeddable":true,"href":"https:\/\/www.opinionpublica.tv\/portada\/wp-json\/wp\/v2\/media\/90207"}],"wp:attachment":[{"href":"https:\/\/www.opinionpublica.tv\/portada\/wp-json\/wp\/v2\/media?parent=90205"}],"wp:term":[{"taxonomy":"category","embeddable":true,"href":"https:\/\/www.opinionpublica.tv\/portada\/wp-json\/wp\/v2\/categories?post=90205"},{"taxonomy":"post_tag","embeddable":true,"href":"https:\/\/www.opinionpublica.tv\/portada\/wp-json\/wp\/v2\/tags?post=90205"}],"curies":[{"name":"wp","href":"https:\/\/api.w.org\/{rel}","templated":true}]}}