{"id":90139,"date":"2026-07-23T00:01:00","date_gmt":"2026-07-23T06:01:00","guid":{"rendered":"https:\/\/www.opinionpublica.tv\/portada\/?p=90139"},"modified":"2026-07-21T14:01:44","modified_gmt":"2026-07-21T20:01:44","slug":"el-caso-ruffo","status":"publish","type":"post","link":"https:\/\/www.opinionpublica.tv\/portada\/el-caso-ruffo\/","title":{"rendered":"El caso Ruffo"},"content":{"rendered":"\n<h4 class=\"wp-block-heading\">Carlos Angulo Parra<\/h4>\n\n\n\n<p class=\"wp-block-paragraph\">___________________________<\/p>\n\n\n\n<p class=\"wp-block-paragraph\">Estimo que el Gobierno se ha metido en un gran brete queriendo desviar la responsabilidad del escandaloso contrabando de combustible que invade al pa\u00eds (mal llamado \u201chuachicol fiscal\u201d), a una de las personas m\u00e1s probas que yo conozco en el pa\u00eds, quien fue el primer gobernador de oposici\u00f3n en el siglo XX en M\u00e9xico, Ernesto Ruffo Appel, exgobernador del Estado de Baja California.<\/p>\n\n\n\n<p class=\"wp-block-paragraph\">Corren r\u00edos de tinta y montones de videos en redes sociales criticando la injusta detenci\u00f3n de Ernesto Ruffo, queri\u00e9ndolo exhibir como un com\u00fan delincuente, abusando el polic\u00eda orangut\u00e1n que lo detuvo (que me perdonen los simios) de querer bajar su cabeza (sin haberlo logrado), como se les hace a los delincuentes peligrosos (pr\u00e1ctica ilegal violatoria de la dignidad humana de los detenidos, aunque sea por actos de lesa humanidad, que no merecen ser tratados as\u00ed, porque, para empezar, se viola su derecho humano de presunci\u00f3n de inocencia), pero en esta entrega quiero ser muy objetivo respecto de los elementos que el gobierno (la FGR en este caso) tiene que probar para siquiera someterlo a un proceso penal.<\/p>\n\n\n\n<p class=\"wp-block-paragraph\">1. Presunci\u00f3n de inocencia.<\/p>\n\n\n\n<p class=\"wp-block-paragraph\">Para empezar, a todo imputado se le debe de considerar como inocente salvo que se pruebe su culpabilidad por parte del Ministerio P\u00fablico (MP) ante un juez competente.<\/p>\n\n\n\n<p class=\"wp-block-paragraph\">2. Debido proceso.<\/p>\n\n\n\n<p class=\"wp-block-paragraph\">Conforme a las disposiciones de derechos humanos consagradas en la Constituci\u00f3n, todo imputado tiene el derecho de que se le haga de su conocimiento el delito o delitos que se le imputan, qui\u00e9n es su acusador y los elementos que comprueben que existen datos de prueba que establezcan la probable participaci\u00f3n del imputado en un hecho que la ley se\u00f1ala como delito (anteriormente a eso se le conoc\u00eda como la \u201cprobable responsabilidad\u201d), para que se sometan a la valoraci\u00f3n de un llamado juez de control, quien estima los datos prueba presentados por el MP para determinar la vinculaci\u00f3n a proceso penal al imputado.<\/p>\n\n\n\n<p class=\"wp-block-paragraph\">3. Investigaci\u00f3n Complementaria y Etapa Intermedia.<\/p>\n\n\n\n<p class=\"wp-block-paragraph\">Despu\u00e9s de la vinculaci\u00f3n a proceso, pueden existir investigaciones adicionales por parte tanto del MP como de la defensa, que fortalezcan la acusaci\u00f3n o defensa, en su caso, cuyos resultados pueden posteriormente ser ofrecidos por las partes durante la etapa intermedia para que el juez de control determine cu\u00e1les medios de prueba ser\u00e1n admitidos para el juicio oral.<\/p>\n\n\n\n<p class=\"wp-block-paragraph\">En la etapa intermedia, se discuten las pruebas ofrecidas por las partes. Se determina cu\u00e1les son pertinentes y cu\u00e1les deben excluirse. Se resuelven cuestiones procesales pendientes y se pueden celebrar acuerdos probatorios sobre hechos no controvertidos.<\/p>\n\n\n\n<p class=\"wp-block-paragraph\">Tambi\u00e9n, El juez puede excluir pruebas que considere como Il\u00edcitas, impertinentes, innecesarias, superfluas o redundantes.<\/p>\n\n\n\n<p class=\"wp-block-paragraph\">4. Juicio Oral y Enjuiciamiento.<\/p>\n\n\n\n<p class=\"wp-block-paragraph\">Despu\u00e9s de esto, se pasa el expediente al juez de enjuiciamiento por medio de un juicio oral. Dicho juez va a valorar las pruebas de cargo que presente el MP y las de descargo que presente la defensa. Pero debe quedar claro que el MP tiene la obligaci\u00f3n de presentar las pruebas necesarias que acrediten:<\/p>\n\n\n\n<p class=\"wp-block-paragraph\">A. La existencia del delito.<\/p>\n\n\n\n<p class=\"wp-block-paragraph\">B. La responsabilidad penal de imputado de haber cometido el delito.<\/p>\n\n\n\n<p class=\"wp-block-paragraph\">C. En su caso, que no existen circunstancias que excluyan de responsabilidad al imputado.<\/p>\n\n\n\n<p class=\"wp-block-paragraph\">Ahora bien, en el caso de contrabando de combustible, Ernesto Ruffo, el imputado en este caso, no actu\u00f3 directamente en ning\u00fan acto u omisi\u00f3n relacionado con el delito que se le imputa, sino que es accionista, miembro del consejo, y hasta donde sabemos, apoderado de la empresa que lleva a cabo los tr\u00e1mites de importaci\u00f3n de mercanc\u00edas, pero no hace las labores de tr\u00e1mite aduanal, ni las labores f\u00edsicas de los traslados y manejo de las mercanc\u00edas importadas.<\/p>\n\n\n\n<p class=\"wp-block-paragraph\">En otras palabras, no existe ninguna conducta il\u00edcita que se le pueda atribuir directamente al se\u00f1or Ruffo. Tal es as\u00ed la situaci\u00f3n, que, seg\u00fan se ha informado, un juez de carrera, primeramente neg\u00f3 al MP la orden de aprehensi\u00f3n de innumerables personas que se presentaron por el MP como responsables del contrabando, porque no hab\u00eda datos que comprobaran en su participaci\u00f3n en los hechos delictivos, para luego, ma\u00f1osamente, incluir en dicha lista al exgobernador ante una juez (de las designadas por acorde\u00f3n) que sustituy\u00f3 al primer juez en su ausencia,&nbsp; para que la juez sustituta emitiera la orden de aprehensi\u00f3n haciendo caso omiso de las consideraciones que tuvo el&nbsp; juez que sustituy\u00f3 para negar las \u00f3rdenes de aprehensi\u00f3n.<\/p>\n\n\n\n<p class=\"wp-block-paragraph\">En Conclusi\u00f3n, claramente podemos ver que este asunto es meramente de \u00edndole pol\u00edtico, queriendo el r\u00e9gimen desviar la atenci\u00f3n de la ciudadan\u00eda al escandaloso caso de contrabando de combustibles que ronda en m\u00e1s de $700,000 millones de pesos, a que la culpabilidad la tiene, ni m\u00e1s ni menos, al h\u00e9roe viviente m\u00e1s emblem\u00e1tico de la oposici\u00f3n.<\/p>\n\n\n\n<p class=\"wp-block-paragraph\">\u00a1Ernesto Ruffo Appel, es un preso pol\u00edtico que debe ser liberado de inmediato!<\/p>\n","protected":false},"excerpt":{"rendered":"<p>Carlos Angulo Parra ___________________________ Estimo que el Gobierno se ha metido en un gran brete queriendo desviar la responsabilidad del escandaloso contrabando de combustible que invade al pa\u00eds (mal llamado \u201chuachicol fiscal\u201d), a una de las personas m\u00e1s probas que yo conozco en el pa\u00eds, quien fue el primer gobernador de oposici\u00f3n en el siglo [&hellip;]<\/p>\n","protected":false},"author":6,"featured_media":45394,"comment_status":"closed","ping_status":"closed","sticky":false,"template":"","format":"standard","meta":{"_acf_changed":false,"_monsterinsights_skip_tracking":false,"slim_seo":{"title":"El caso Ruffo - Opini\u00f3n P\u00fablica","description":"Carlos Angulo Parra ___________________________ Estimo que el Gobierno se ha metido en un gran brete queriendo desviar la responsabilidad del escandaloso contra"},"footnotes":""},"categories":[17],"tags":[825,3988],"class_list":["post-90139","post","type-post","status-publish","format-standard","has-post-thumbnail","hentry","category-ultima-instancia","tag-carlos-angulo","tag-ernesto-ruffo"],"acf":[],"_links":{"self":[{"href":"https:\/\/www.opinionpublica.tv\/portada\/wp-json\/wp\/v2\/posts\/90139","targetHints":{"allow":["GET"]}}],"collection":[{"href":"https:\/\/www.opinionpublica.tv\/portada\/wp-json\/wp\/v2\/posts"}],"about":[{"href":"https:\/\/www.opinionpublica.tv\/portada\/wp-json\/wp\/v2\/types\/post"}],"author":[{"embeddable":true,"href":"https:\/\/www.opinionpublica.tv\/portada\/wp-json\/wp\/v2\/users\/6"}],"replies":[{"embeddable":true,"href":"https:\/\/www.opinionpublica.tv\/portada\/wp-json\/wp\/v2\/comments?post=90139"}],"version-history":[{"count":1,"href":"https:\/\/www.opinionpublica.tv\/portada\/wp-json\/wp\/v2\/posts\/90139\/revisions"}],"predecessor-version":[{"id":90140,"href":"https:\/\/www.opinionpublica.tv\/portada\/wp-json\/wp\/v2\/posts\/90139\/revisions\/90140"}],"wp:featuredmedia":[{"embeddable":true,"href":"https:\/\/www.opinionpublica.tv\/portada\/wp-json\/wp\/v2\/media\/45394"}],"wp:attachment":[{"href":"https:\/\/www.opinionpublica.tv\/portada\/wp-json\/wp\/v2\/media?parent=90139"}],"wp:term":[{"taxonomy":"category","embeddable":true,"href":"https:\/\/www.opinionpublica.tv\/portada\/wp-json\/wp\/v2\/categories?post=90139"},{"taxonomy":"post_tag","embeddable":true,"href":"https:\/\/www.opinionpublica.tv\/portada\/wp-json\/wp\/v2\/tags?post=90139"}],"curies":[{"name":"wp","href":"https:\/\/api.w.org\/{rel}","templated":true}]}}