{"id":90136,"date":"2026-07-26T00:01:00","date_gmt":"2026-07-26T06:01:00","guid":{"rendered":"https:\/\/www.opinionpublica.tv\/portada\/?p=90136"},"modified":"2026-07-21T13:59:42","modified_gmt":"2026-07-21T19:59:42","slug":"hace-50-anos-aquellas-elecciones","status":"publish","type":"post","link":"https:\/\/www.opinionpublica.tv\/portada\/hace-50-anos-aquellas-elecciones\/","title":{"rendered":"Hace 50 a\u00f1os, aquellas elecciones"},"content":{"rendered":"\n<h4 class=\"wp-block-heading\">Jos\u00e9 Woldenberg<\/h4>\n\n\n\n<p class=\"wp-block-paragraph\">___________________________<\/p>\n\n\n\n<p class=\"wp-block-paragraph\">El 4 de julio de 1976 se llevaron a cabo elecciones federales. Se elegir\u00eda un nuevo presidente de la Rep\u00fablica y se renovar\u00edan las c\u00e1maras de diputados y senadores. Dos d\u00edas antes, en Exc\u00e9lsior, Jorge Ibarg\u00fcengoitia escrib\u00eda: \u201cCada seis a\u00f1os, por estas fechas, siento la obligaci\u00f3n de dejar los asuntos que me interesan para escribir un art\u00edculo sobre las elecciones, que es uno de los que m\u00e1s trabajo me cuestan.<\/p>\n\n\n\n<p class=\"wp-block-paragraph\">Puede comenzar as\u00ed: \u2018El domingo son las elecciones, \u00a1qu\u00e9 emocionante!, \u00bfqui\u00e9n ganar\u00e1?\u2019\u201d (Instrucciones para vivir en M\u00e9xico).<\/p>\n\n\n\n<p class=\"wp-block-paragraph\">Compet\u00eda por la Presidencia, es un decir, Jos\u00e9 L\u00f3pez Portillo, candidato \u00fanico postulado por el PRI, el PPS y el PARM. El PAN, la oposici\u00f3n tradicional, no present\u00f3 candidato porque ninguno de los aspirantes alcanz\u00f3 el 80% de los votos necesarios en su Convenci\u00f3n, lo que por default les dio el triunfo a los abstencionistas.<\/p>\n\n\n\n<p class=\"wp-block-paragraph\">Solo el Partido Comunista lanz\u00f3 un candidato alternativo, el reconocido l\u00edder sindical Valent\u00edn Campa, pero dado que ese partido no ten\u00eda registro, sus votos no se contaron. L\u00f3pez Portillo gan\u00f3 con el cien por ciento de los votos v\u00e1lidos.<\/p>\n\n\n\n<p class=\"wp-block-paragraph\">De los 196 diputados distritales el PRI gan\u00f3 195, el otro fue para el PARM. Y gracias a los diputados de partido el PAN obtuvo 20, el PPS 12 y el PARM otros 9. Los 64 senadores fueron para el PRI, aunque uno en alianza con el PPS. En efecto, haciendo eco de Ibarg\u00fcengoitia, \u00a1qu\u00e9 emoci\u00f3n, que incertidumbre, que nerviosismo!<\/p>\n\n\n\n<p class=\"wp-block-paragraph\">En la televisi\u00f3n, la radio y la mayor\u00eda de las publicaciones se reproduc\u00edan los dichos y actos del candidato presidencial destinado a ganar, los recursos p\u00fablicos flu\u00edan hacia esa campa\u00f1a como si gobierno y partido fueran una y la misma cosa, y el propio L\u00f3pez Portillo escribi\u00f3 despu\u00e9s: \u201cPor candidato \u00fanico no ten\u00eda yo con quien pelear\u2026 Eran como rounds de sombra, de esos que practican los boxeadores movi\u00e9ndose solos\u2026\u201d (Mis tiempos).<\/p>\n\n\n\n<p class=\"wp-block-paragraph\">Sin embargo, esa zona de unanimidades, estaba desconectada de la vida pol\u00edtica y social. Eran los a\u00f1os de reiterados conflictos en las universidades p\u00fablicas, de la llamada insurgencia sindical en la que diferentes destacamentos de trabajadores se movilizaban demandando democracia en sus organizaciones, de invasiones de tierras exigiendo su reparto y del surgimiento de agrupaciones autogestivas en el campo, de luchas populares en demanda de regularizaci\u00f3n de sus asentamientos y la cabal urbanizaci\u00f3n de los mismos, de sucesivos conflictos entre grupos empresariales y el gobierno, y la formaci\u00f3n de grupos armados que pensaban que las v\u00edas del quehacer pol\u00edtico pac\u00edfico se encontraban clausuradas.<\/p>\n\n\n\n<p class=\"wp-block-paragraph\">Esa desconexi\u00f3n entre el mundo de la pol\u00edtica formal y la creciente conflictividad social fue el foco rojo que se prendi\u00f3 incluso en el circuito gobernante. Ya como presidente, L\u00f3pez Portillo instruy\u00f3 a su secretario de Gobernaci\u00f3n, Jes\u00fas Reyes Heroles, para que realizara una reforma pol\u00edtica.<\/p>\n\n\n\n<p class=\"wp-block-paragraph\">\u201cEndurecerse\u201d, volverse \u201cm\u00e1s r\u00edgidos\u201d, dijo el secretario, podr\u00eda conducir \u201cal rompimiento del orden estatal\u201d; por ello era necesario \u201censanchar las posibilidades de la representaci\u00f3n pol\u00edtica\u2026 Mayor\u00edas y minor\u00edas constituyen el todo nacional, y el respeto entre ellas, su convivencia pac\u00edfica dentro de la ley, es base firme del desarrollo, del imperio de las libertades&#8230; Cuando no se tolera se incita a no ser tolerado\u2026\u201d.<\/p>\n\n\n\n<p class=\"wp-block-paragraph\">Luego, se abri\u00f3 la puerta a la incorporaci\u00f3n de nuevos partidos al marco institucional y se remodel\u00f3 la f\u00f3rmula de integraci\u00f3n de la C\u00e1mara de Diputados para que las diferentes corrientes pol\u00edticas estuvieran representadas. Lo dem\u00e1s, es historia.<\/p>\n","protected":false},"excerpt":{"rendered":"<p>Jos\u00e9 Woldenberg ___________________________ El 4 de julio de 1976 se llevaron a cabo elecciones federales. Se elegir\u00eda un nuevo presidente de la Rep\u00fablica y se renovar\u00edan las c\u00e1maras de diputados y senadores. Dos d\u00edas antes, en Exc\u00e9lsior, Jorge Ibarg\u00fcengoitia escrib\u00eda: \u201cCada seis a\u00f1os, por estas fechas, siento la obligaci\u00f3n de dejar los asuntos que me [&hellip;]<\/p>\n","protected":false},"author":6,"featured_media":43694,"comment_status":"closed","ping_status":"closed","sticky":false,"template":"","format":"standard","meta":{"_acf_changed":false,"_monsterinsights_skip_tracking":false,"slim_seo":{"title":"Hace 50 a\u00f1os, aquellas elecciones - Opini\u00f3n P\u00fablica","description":"Jos\u00e9 Woldenberg ___________________________ El 4 de julio de 1976 se llevaron a cabo elecciones federales. Se elegir\u00eda un nuevo presidente de la Rep\u00fablica y se"},"footnotes":""},"categories":[26],"tags":[782],"class_list":["post-90136","post","type-post","status-publish","format-standard","has-post-thumbnail","hentry","category-de-chile-dulce-y-manteca-columna-invitada","tag-jose-woldenberg"],"acf":[],"_links":{"self":[{"href":"https:\/\/www.opinionpublica.tv\/portada\/wp-json\/wp\/v2\/posts\/90136","targetHints":{"allow":["GET"]}}],"collection":[{"href":"https:\/\/www.opinionpublica.tv\/portada\/wp-json\/wp\/v2\/posts"}],"about":[{"href":"https:\/\/www.opinionpublica.tv\/portada\/wp-json\/wp\/v2\/types\/post"}],"author":[{"embeddable":true,"href":"https:\/\/www.opinionpublica.tv\/portada\/wp-json\/wp\/v2\/users\/6"}],"replies":[{"embeddable":true,"href":"https:\/\/www.opinionpublica.tv\/portada\/wp-json\/wp\/v2\/comments?post=90136"}],"version-history":[{"count":2,"href":"https:\/\/www.opinionpublica.tv\/portada\/wp-json\/wp\/v2\/posts\/90136\/revisions"}],"predecessor-version":[{"id":90138,"href":"https:\/\/www.opinionpublica.tv\/portada\/wp-json\/wp\/v2\/posts\/90136\/revisions\/90138"}],"wp:featuredmedia":[{"embeddable":true,"href":"https:\/\/www.opinionpublica.tv\/portada\/wp-json\/wp\/v2\/media\/43694"}],"wp:attachment":[{"href":"https:\/\/www.opinionpublica.tv\/portada\/wp-json\/wp\/v2\/media?parent=90136"}],"wp:term":[{"taxonomy":"category","embeddable":true,"href":"https:\/\/www.opinionpublica.tv\/portada\/wp-json\/wp\/v2\/categories?post=90136"},{"taxonomy":"post_tag","embeddable":true,"href":"https:\/\/www.opinionpublica.tv\/portada\/wp-json\/wp\/v2\/tags?post=90136"}],"curies":[{"name":"wp","href":"https:\/\/api.w.org\/{rel}","templated":true}]}}