{"id":89922,"date":"2026-07-18T00:01:00","date_gmt":"2026-07-18T06:01:00","guid":{"rendered":"https:\/\/www.opinionpublica.tv\/portada\/?p=89922"},"modified":"2026-07-17T18:37:28","modified_gmt":"2026-07-18T00:37:28","slug":"amplia-estado-convocatoria-del-fondo-estatal-de-ciencia-tecnologia-e-innovacion","status":"publish","type":"post","link":"https:\/\/www.opinionpublica.tv\/portada\/amplia-estado-convocatoria-del-fondo-estatal-de-ciencia-tecnologia-e-innovacion\/","title":{"rendered":"Ampl\u00eda Estado convocatoria del Fondo Estatal de Ciencia, Tecnolog\u00eda e Innovaci\u00f3n"},"content":{"rendered":"\n<figure class=\"wp-block-image size-large\"><img fetchpriority=\"high\" decoding=\"async\" width=\"819\" height=\"1024\" src=\"https:\/\/www.opinionpublica.tv\/portada\/wp-content\/uploads\/2026\/07\/Amplia-Estado-convocatoria-del-Fondo-Estatal-de-Ciencia-Tecnologia-e-Innovacion-819x1024.jpeg\" alt=\"Ampli\u0301a Estado convocatoria del Fondo Estatal de Ciencia, Tecnologi\u0301a e Innovacio\u0301n\" class=\"wp-image-89924\" srcset=\"https:\/\/www.opinionpublica.tv\/portada\/wp-content\/uploads\/2026\/07\/Amplia-Estado-convocatoria-del-Fondo-Estatal-de-Ciencia-Tecnologia-e-Innovacion-819x1024.jpeg 819w, https:\/\/www.opinionpublica.tv\/portada\/wp-content\/uploads\/2026\/07\/Amplia-Estado-convocatoria-del-Fondo-Estatal-de-Ciencia-Tecnologia-e-Innovacion-240x300.jpeg 240w, https:\/\/www.opinionpublica.tv\/portada\/wp-content\/uploads\/2026\/07\/Amplia-Estado-convocatoria-del-Fondo-Estatal-de-Ciencia-Tecnologia-e-Innovacion-768x960.jpeg 768w, https:\/\/www.opinionpublica.tv\/portada\/wp-content\/uploads\/2026\/07\/Amplia-Estado-convocatoria-del-Fondo-Estatal-de-Ciencia-Tecnologia-e-Innovacion.jpeg 1080w\" sizes=\"(max-width: 819px) 100vw, 819px\" \/><\/figure>\n\n\n\n<p class=\"wp-block-paragraph\"><em>Chihuahua, Chih<\/em>.- El Gobierno del Estado, a trav\u00e9s del Instituto de Innovaci\u00f3n y Competitividad (I2C), informa a las personas interesadas en desarrollar proyectos de investigaci\u00f3n, desarrollo tecnol\u00f3gico e innovaci\u00f3n que el periodo de recepci\u00f3n de propuestas de la convocatoria del Fondo Estatal de Ciencia, Tecnolog\u00eda e Innovaci\u00f3n (FECTI) se ampli\u00f3 hasta el 31 de julio a las 14:00 horas.<\/p>\n\n\n\n<p class=\"wp-block-paragraph\">Esta extensi\u00f3n permitir\u00e1 contar con m\u00e1s tiempo para integrar y concluir el registro de iniciativas, con el prop\u00f3sito de fortalecer la participaci\u00f3n de propuestas que impulsen el desarrollo cient\u00edfico, tecnol\u00f3gico y de innovaci\u00f3n en Chihuahua.<\/p>\n\n\n\n<p class=\"wp-block-paragraph\">El director general del Instituto de Innovaci\u00f3n y Competitividad, Francisco Turati, invit\u00f3 a instituciones de educaci\u00f3n superior, centros de investigaci\u00f3n, empresas, organismos p\u00fablicos, organizaciones de la sociedad civil y dem\u00e1s integrantes del ecosistema de innovaci\u00f3n a aprovechar esta ampliaci\u00f3n para presentar sus proyectos.<\/p>\n\n\n\n<p class=\"wp-block-paragraph\">Las personas interesadas pueden consultar las bases, los requisitos y realizar su registro en el portal del Instituto de Innovaci\u00f3n y Competitividad, i2c.com.mx, as\u00ed como en la plataforma del FECTI, fecti.com.mx.<\/p>\n","protected":false},"excerpt":{"rendered":"<p>Chihuahua, Chih.- El Gobierno del Estado, a trav\u00e9s del Instituto de Innovaci\u00f3n y Competitividad (I2C), informa a las personas interesadas en desarrollar proyectos de investigaci\u00f3n, desarrollo tecnol\u00f3gico e innovaci\u00f3n que el periodo de recepci\u00f3n de propuestas de la convocatoria del Fondo Estatal de Ciencia, Tecnolog\u00eda e Innovaci\u00f3n (FECTI) se ampli\u00f3 hasta el 31 de julio [&hellip;]<\/p>\n","protected":false},"author":6,"featured_media":89924,"comment_status":"closed","ping_status":"closed","sticky":false,"template":"","format":"standard","meta":{"_acf_changed":false,"_monsterinsights_skip_tracking":false,"slim_seo":{"title":"Ampl\u00eda Estado convocatoria del Fondo Estatal de Ciencia, Tecnolog\u00eda e Innovaci\u00f3n - Opini\u00f3n P\u00fablica","description":"Chihuahua, Chih .- El Gobierno del Estado, a trav\u00e9s del Instituto de Innovaci\u00f3n y Competitividad (I2C), informa a las personas interesadas en desarrollar proyec"},"footnotes":""},"categories":[11],"tags":[88,4003,3610],"class_list":["post-89922","post","type-post","status-publish","format-standard","has-post-thumbnail","hentry","category-tendencias","tag-chihuahua","tag-fondo-estatal-de-ciencia","tag-tecnologia-e-innovacion"],"acf":[],"_links":{"self":[{"href":"https:\/\/www.opinionpublica.tv\/portada\/wp-json\/wp\/v2\/posts\/89922","targetHints":{"allow":["GET"]}}],"collection":[{"href":"https:\/\/www.opinionpublica.tv\/portada\/wp-json\/wp\/v2\/posts"}],"about":[{"href":"https:\/\/www.opinionpublica.tv\/portada\/wp-json\/wp\/v2\/types\/post"}],"author":[{"embeddable":true,"href":"https:\/\/www.opinionpublica.tv\/portada\/wp-json\/wp\/v2\/users\/6"}],"replies":[{"embeddable":true,"href":"https:\/\/www.opinionpublica.tv\/portada\/wp-json\/wp\/v2\/comments?post=89922"}],"version-history":[{"count":2,"href":"https:\/\/www.opinionpublica.tv\/portada\/wp-json\/wp\/v2\/posts\/89922\/revisions"}],"predecessor-version":[{"id":89926,"href":"https:\/\/www.opinionpublica.tv\/portada\/wp-json\/wp\/v2\/posts\/89922\/revisions\/89926"}],"wp:featuredmedia":[{"embeddable":true,"href":"https:\/\/www.opinionpublica.tv\/portada\/wp-json\/wp\/v2\/media\/89924"}],"wp:attachment":[{"href":"https:\/\/www.opinionpublica.tv\/portada\/wp-json\/wp\/v2\/media?parent=89922"}],"wp:term":[{"taxonomy":"category","embeddable":true,"href":"https:\/\/www.opinionpublica.tv\/portada\/wp-json\/wp\/v2\/categories?post=89922"},{"taxonomy":"post_tag","embeddable":true,"href":"https:\/\/www.opinionpublica.tv\/portada\/wp-json\/wp\/v2\/tags?post=89922"}],"curies":[{"name":"wp","href":"https:\/\/api.w.org\/{rel}","templated":true}]}}