{"id":89814,"date":"2026-07-17T00:01:00","date_gmt":"2026-07-17T06:01:00","guid":{"rendered":"https:\/\/www.opinionpublica.tv\/portada\/?p=89814"},"modified":"2026-07-16T16:06:09","modified_gmt":"2026-07-16T22:06:09","slug":"video-proteccion-a-morenistas-como-marina-del-pilar-llega-al-absurdo-jesus-silva-herzog-marquez","status":"publish","type":"post","link":"https:\/\/www.opinionpublica.tv\/portada\/video-proteccion-a-morenistas-como-marina-del-pilar-llega-al-absurdo-jesus-silva-herzog-marquez\/","title":{"rendered":"Video: La protecci\u00f3n a morenistas como Marina del Pilar llega al absurdo | Jes\u00fas Silva-Herzog M."},"content":{"rendered":"\n<p class=\"wp-block-paragraph\"><a href=\"https:\/\/www.youtube.com\/@Latinusus\"><\/a><\/p>\n\n\n\n<figure class=\"wp-block-embed is-type-video is-provider-youtube wp-block-embed-youtube wp-embed-aspect-16-9 wp-has-aspect-ratio\"><div class=\"wp-block-embed__wrapper\">\n<iframe title=\"La protecci\u00f3n a morenistas como Marina del Pilar llega al absurdo: Jes\u00fas Silva-Herzog M\u00e1rquez\" width=\"800\" height=\"450\" src=\"https:\/\/www.youtube.com\/embed\/uXmpsY1-2VE?feature=oembed\" frameborder=\"0\" allow=\"accelerometer; autoplay; clipboard-write; encrypted-media; gyroscope; picture-in-picture; web-share\" referrerpolicy=\"strict-origin-when-cross-origin\" allowfullscreen><\/iframe>\n<\/div><\/figure>\n\n\n\n<p class=\"wp-block-paragraph\">El acad\u00e9mico y analista pol\u00edtico, Jes\u00fas Silva-Herzog M\u00e1rquez, asegura que la protecci\u00f3n a morenistas como la gobernadora de Baja California, Marina del Pilar \u00c1vila, \u201cllega al absurdo\u201d.<\/p>\n\n\n\n<p class=\"wp-block-paragraph\"><em>Cr\u00e9ditos: Latinus<\/em>.<\/p>\n","protected":false},"excerpt":{"rendered":"<p>El acad\u00e9mico y analista pol\u00edtico, Jes\u00fas Silva-Herzog M\u00e1rquez, asegura que la protecci\u00f3n a morenistas como la gobernadora de Baja California, Marina del Pilar \u00c1vila, \u201cllega al absurdo\u201d. Cr\u00e9ditos: Latinus.<\/p>\n","protected":false},"author":6,"featured_media":89817,"comment_status":"closed","ping_status":"closed","sticky":false,"template":"","format":"standard","meta":{"_acf_changed":false,"_monsterinsights_skip_tracking":false,"slim_seo":{"title":"Video: La protecci\u00f3n a morenistas como Marina del Pilar llega al absurdo | Jes\u00fas Silva-Herzog M. - Opini\u00f3n P\u00fablica","description":"https:\/\/youtu.be\/uXmpsY1-2VE?si=IyYGwylS7CNbZTh9 El acad\u00e9mico y analista pol\u00edtico, Jes\u00fas Silva-Herzog M\u00e1rquez, asegura que la protecci\u00f3n a morenistas como la go"},"footnotes":""},"categories":[2,13,8],"tags":[1051,3970,85],"class_list":["post-89814","post","type-post","status-publish","format-standard","has-post-thumbnail","hentry","category-videos-destacados","category-videos-destacados-contenido","category-videos","tag-jesus-silva-herzog-marquez","tag-marina-del-pilar-avila-olmeda","tag-morena"],"acf":[],"_links":{"self":[{"href":"https:\/\/www.opinionpublica.tv\/portada\/wp-json\/wp\/v2\/posts\/89814","targetHints":{"allow":["GET"]}}],"collection":[{"href":"https:\/\/www.opinionpublica.tv\/portada\/wp-json\/wp\/v2\/posts"}],"about":[{"href":"https:\/\/www.opinionpublica.tv\/portada\/wp-json\/wp\/v2\/types\/post"}],"author":[{"embeddable":true,"href":"https:\/\/www.opinionpublica.tv\/portada\/wp-json\/wp\/v2\/users\/6"}],"replies":[{"embeddable":true,"href":"https:\/\/www.opinionpublica.tv\/portada\/wp-json\/wp\/v2\/comments?post=89814"}],"version-history":[{"count":2,"href":"https:\/\/www.opinionpublica.tv\/portada\/wp-json\/wp\/v2\/posts\/89814\/revisions"}],"predecessor-version":[{"id":89816,"href":"https:\/\/www.opinionpublica.tv\/portada\/wp-json\/wp\/v2\/posts\/89814\/revisions\/89816"}],"wp:featuredmedia":[{"embeddable":true,"href":"https:\/\/www.opinionpublica.tv\/portada\/wp-json\/wp\/v2\/media\/89817"}],"wp:attachment":[{"href":"https:\/\/www.opinionpublica.tv\/portada\/wp-json\/wp\/v2\/media?parent=89814"}],"wp:term":[{"taxonomy":"category","embeddable":true,"href":"https:\/\/www.opinionpublica.tv\/portada\/wp-json\/wp\/v2\/categories?post=89814"},{"taxonomy":"post_tag","embeddable":true,"href":"https:\/\/www.opinionpublica.tv\/portada\/wp-json\/wp\/v2\/tags?post=89814"}],"curies":[{"name":"wp","href":"https:\/\/api.w.org\/{rel}","templated":true}]}}