{"id":89697,"date":"2026-07-15T08:44:44","date_gmt":"2026-07-15T14:44:44","guid":{"rendered":"https:\/\/www.opinionpublica.tv\/portada\/?p=89697"},"modified":"2026-07-15T08:45:23","modified_gmt":"2026-07-15T14:45:23","slug":"avala-scjn-reconocer-la-paternidad-aun-despues-de-la-muerte-del-presunto-padre","status":"publish","type":"post","link":"https:\/\/www.opinionpublica.tv\/portada\/avala-scjn-reconocer-la-paternidad-aun-despues-de-la-muerte-del-presunto-padre\/","title":{"rendered":"Avala SCJN reconocer la paternidad aun despu\u00e9s de la muerte del presunto padre"},"content":{"rendered":"\n<figure class=\"wp-block-image size-large\"><img fetchpriority=\"high\" decoding=\"async\" width=\"1024\" height=\"632\" src=\"https:\/\/www.opinionpublica.tv\/portada\/wp-content\/uploads\/2026\/07\/Avala-SCJN-reconocer-la-paternidad-aun-despues-de-la-muerte-del-presunto-padre-1024x632.webp\" alt=\"Avala SCJN reconocer la paternidad aun despue\u0301s de la muerte del presunto padre\" class=\"wp-image-89700\" srcset=\"https:\/\/www.opinionpublica.tv\/portada\/wp-content\/uploads\/2026\/07\/Avala-SCJN-reconocer-la-paternidad-aun-despues-de-la-muerte-del-presunto-padre-1024x632.webp 1024w, https:\/\/www.opinionpublica.tv\/portada\/wp-content\/uploads\/2026\/07\/Avala-SCJN-reconocer-la-paternidad-aun-despues-de-la-muerte-del-presunto-padre-300x185.webp 300w, https:\/\/www.opinionpublica.tv\/portada\/wp-content\/uploads\/2026\/07\/Avala-SCJN-reconocer-la-paternidad-aun-despues-de-la-muerte-del-presunto-padre-768x474.webp 768w, https:\/\/www.opinionpublica.tv\/portada\/wp-content\/uploads\/2026\/07\/Avala-SCJN-reconocer-la-paternidad-aun-despues-de-la-muerte-del-presunto-padre.webp 1200w\" sizes=\"(max-width: 1024px) 100vw, 1024px\" \/><\/figure>\n\n\n\n<p class=\"wp-block-paragraph\"><em>Ciudad de M\u00e9xico<\/em>.- La Suprema Corte de Justicia de la Naci\u00f3n (SCJN) resolvi\u00f3 este martes que el derecho al reconocimiento de paternidad es imprescriptible y puede acreditarse incluso despu\u00e9s de la muerte del presunto padre mediante pruebas gen\u00e9ticas. Sin embargo, el Pleno no alcanz\u00f3 la mayor\u00eda calificada de seis votos necesaria para establecer como criterio obligatorio que ese reconocimiento tambi\u00e9n permita reclamar herencias sin importar el tiempo transcurrido.<\/p>\n\n\n\n<p class=\"wp-block-paragraph\">Por cinco votos, el Pleno concedi\u00f3 el amparo a un hombre de 61 a\u00f1os, en Jalisco, que busca el reconocimiento de paternidad de su presunto padre biol\u00f3gico. Seg\u00fan el expediente, el presunto padre, quien radicaba en Estados Unidos, lo contact\u00f3 para \u00abconocerlo y arreglar cosas de sus bienes\u00bb antes de morir en 2019, a los 90 a\u00f1os, tras ser atropellado.<\/p>\n\n\n\n<p class=\"wp-block-paragraph\">El litigio comenz\u00f3 en 2021, luego de que tribunales negaran al quejoso el reconocimiento de paternidad con base en el art\u00edculo 518 del C\u00f3digo Civil de Jalisco, que permite estas acciones s\u00f3lo en vida de los padres o hasta cuatro a\u00f1os despu\u00e9s de la mayor\u00eda de edad si \u00e9stos fallecieron antes. El hombre aleg\u00f3 que esa regla vulneraba sus derechos a la identidad, al nombre y al conocimiento de su origen biol\u00f3gico.<\/p>\n\n\n\n<p class=\"wp-block-paragraph\">Cabe se\u00f1alar que, durante el juicio, una prueba de ADN entre el quejoso y el hermano de su presunto padre biol\u00f3gico arroj\u00f3 una probabilidad de parentesco de 99.99%, confirmando el linaje paterno.<\/p>\n\n\n\n<p class=\"wp-block-paragraph\">La Corte concluy\u00f3 que el derecho a la identidad comprende el derecho a conocer el origen biol\u00f3gico, por lo que es imprescriptible y puede ejercerse tambi\u00e9n despu\u00e9s de la muerte del presunto padre.<\/p>\n\n\n\n<p class=\"wp-block-paragraph\">El ministro Giovanni Figueroa Mej\u00eda plante\u00f3 incluso que la autoridad responsable ordene la exhumaci\u00f3n del cuerpo \u00abpara que la persona adulta mayor conozca su origen biol\u00f3gico\u00bb.<\/p>\n\n\n\n<p class=\"wp-block-paragraph\">Sin embargo, el caso provoc\u00f3 un amplio debate en el Pleno debido a la propuesta de la ponente de que el plazo legal de cuatro a\u00f1os para solicitar el reconocimiento de paternidad empiece a contarse desde que la persona sabe qui\u00e9n es su presunta madre o padre. De acreditarse la filiaci\u00f3n, tambi\u00e9n podr\u00eda reclamar los derechos patrimoniales derivados, incluida una herencia.<\/p>\n\n\n\n<p class=\"wp-block-paragraph\">El ministro presidente Hugo Aguilar Ortiz expres\u00f3 reservas porque esa interpretaci\u00f3n, dijo, podr\u00eda afectar la certeza jur\u00eddica de sucesiones ya concluidas. Plante\u00f3 el escenario de herencias repartidas hace 20 o 30 a\u00f1os y cuestion\u00f3 si un reconocimiento posterior de filiaci\u00f3n obligar\u00eda a reponer esos procedimientos.<\/p>\n\n\n\n<p class=\"wp-block-paragraph\">La ministra Mar\u00eda Estela R\u00edos respald\u00f3 el proyecto y advirti\u00f3 que, en estos casos, tambi\u00e9n existe un inter\u00e9s econ\u00f3mico: \u00abSi lo est\u00e1n reclamando&#8230; es para tener acceso a los bienes del presunto padre, o sea, hay un inter\u00e9s econ\u00f3mico\u00bb.<\/p>\n\n\n\n<p class=\"wp-block-paragraph\"><em>Con informaci\u00f3n de La Jornada<\/em>.<\/p>\n","protected":false},"excerpt":{"rendered":"<p>Ciudad de M\u00e9xico.- La Suprema Corte de Justicia de la Naci\u00f3n (SCJN) resolvi\u00f3 este martes que el derecho al reconocimiento de paternidad es imprescriptible y puede acreditarse incluso despu\u00e9s de la muerte del presunto padre mediante pruebas gen\u00e9ticas. Sin embargo, el Pleno no alcanz\u00f3 la mayor\u00eda calificada de seis votos necesaria para establecer como criterio [&hellip;]<\/p>\n","protected":false},"author":6,"featured_media":89700,"comment_status":"closed","ping_status":"closed","sticky":false,"template":"","format":"standard","meta":{"_acf_changed":false,"_monsterinsights_skip_tracking":false,"slim_seo":{"title":"Avala SCJN reconocer la paternidad aun despu\u00e9s de la muerte del presunto padre - Opini\u00f3n P\u00fablica","description":"Ciudad de M\u00e9xico .- La Suprema Corte de Justicia de la Naci\u00f3n (SCJN) resolvi\u00f3 este martes que el derecho al reconocimiento de paternidad es imprescriptible y pu"},"footnotes":""},"categories":[4],"tags":[3712,386],"class_list":["post-89697","post","type-post","status-publish","format-standard","has-post-thumbnail","hentry","category-pulsopolitico","tag-paternidad","tag-scjn"],"acf":[],"_links":{"self":[{"href":"https:\/\/www.opinionpublica.tv\/portada\/wp-json\/wp\/v2\/posts\/89697","targetHints":{"allow":["GET"]}}],"collection":[{"href":"https:\/\/www.opinionpublica.tv\/portada\/wp-json\/wp\/v2\/posts"}],"about":[{"href":"https:\/\/www.opinionpublica.tv\/portada\/wp-json\/wp\/v2\/types\/post"}],"author":[{"embeddable":true,"href":"https:\/\/www.opinionpublica.tv\/portada\/wp-json\/wp\/v2\/users\/6"}],"replies":[{"embeddable":true,"href":"https:\/\/www.opinionpublica.tv\/portada\/wp-json\/wp\/v2\/comments?post=89697"}],"version-history":[{"count":2,"href":"https:\/\/www.opinionpublica.tv\/portada\/wp-json\/wp\/v2\/posts\/89697\/revisions"}],"predecessor-version":[{"id":89701,"href":"https:\/\/www.opinionpublica.tv\/portada\/wp-json\/wp\/v2\/posts\/89697\/revisions\/89701"}],"wp:featuredmedia":[{"embeddable":true,"href":"https:\/\/www.opinionpublica.tv\/portada\/wp-json\/wp\/v2\/media\/89700"}],"wp:attachment":[{"href":"https:\/\/www.opinionpublica.tv\/portada\/wp-json\/wp\/v2\/media?parent=89697"}],"wp:term":[{"taxonomy":"category","embeddable":true,"href":"https:\/\/www.opinionpublica.tv\/portada\/wp-json\/wp\/v2\/categories?post=89697"},{"taxonomy":"post_tag","embeddable":true,"href":"https:\/\/www.opinionpublica.tv\/portada\/wp-json\/wp\/v2\/tags?post=89697"}],"curies":[{"name":"wp","href":"https:\/\/api.w.org\/{rel}","templated":true}]}}