{"id":89662,"date":"2026-07-15T00:01:00","date_gmt":"2026-07-15T06:01:00","guid":{"rendered":"https:\/\/www.opinionpublica.tv\/portada\/?p=89662"},"modified":"2026-07-15T08:23:58","modified_gmt":"2026-07-15T14:23:58","slug":"lanza-instituto-de-la-juventud-convocatoria-para-becas-de-acceso-a-la-universidad-a-estudiantes-de-la-utcj","status":"publish","type":"post","link":"https:\/\/www.opinionpublica.tv\/portada\/lanza-instituto-de-la-juventud-convocatoria-para-becas-de-acceso-a-la-universidad-a-estudiantes-de-la-utcj\/","title":{"rendered":"Instituto de la Juventud lanza convocatoria para becas de acceso a alumnos de la UTCJ"},"content":{"rendered":"\n<figure class=\"wp-block-image size-large\"><img fetchpriority=\"high\" decoding=\"async\" width=\"1024\" height=\"683\" src=\"https:\/\/www.opinionpublica.tv\/portada\/wp-content\/uploads\/2026\/07\/Lanza-Instituto-de-la-Juventud-convocatoria-para-Becas-de-Acceso-a-la-Universidad-a-estudiantes-de-la-UTCJ-1024x683.jpeg\" alt=\"Lanza Instituto de la Juventud convocatoria para Becas de Acceso a la Universidad a estudiantes de la UTCJ\" class=\"wp-image-89663\" srcset=\"https:\/\/www.opinionpublica.tv\/portada\/wp-content\/uploads\/2026\/07\/Lanza-Instituto-de-la-Juventud-convocatoria-para-Becas-de-Acceso-a-la-Universidad-a-estudiantes-de-la-UTCJ-1024x683.jpeg 1024w, https:\/\/www.opinionpublica.tv\/portada\/wp-content\/uploads\/2026\/07\/Lanza-Instituto-de-la-Juventud-convocatoria-para-Becas-de-Acceso-a-la-Universidad-a-estudiantes-de-la-UTCJ-300x200.jpeg 300w, https:\/\/www.opinionpublica.tv\/portada\/wp-content\/uploads\/2026\/07\/Lanza-Instituto-de-la-Juventud-convocatoria-para-Becas-de-Acceso-a-la-Universidad-a-estudiantes-de-la-UTCJ-768x512.jpeg 768w, https:\/\/www.opinionpublica.tv\/portada\/wp-content\/uploads\/2026\/07\/Lanza-Instituto-de-la-Juventud-convocatoria-para-Becas-de-Acceso-a-la-Universidad-a-estudiantes-de-la-UTCJ-1536x1024.jpeg 1536w, https:\/\/www.opinionpublica.tv\/portada\/wp-content\/uploads\/2026\/07\/Lanza-Instituto-de-la-Juventud-convocatoria-para-Becas-de-Acceso-a-la-Universidad-a-estudiantes-de-la-UTCJ-2048x1366.jpeg 2048w\" sizes=\"(max-width: 1024px) 100vw, 1024px\" \/><\/figure>\n\n\n\n<p class=\"wp-block-paragraph\">El director del Instituto Municipal de la Juventud (IMJJ), Osvaldo Rivas Garc\u00eda, en conferencia de prensa, inform\u00f3 que hoy se abre el registro para becas de acceso a la universidad para la Universidad Tecnol\u00f3gica de Ciudad Ju\u00e1rez (UTCJ).<br><br>Detall\u00f3 que a partir de este martes 14 de julio se abri\u00f3 la convocatoria y cerrar\u00e1 el pr\u00f3ximo domingo 2 de agosto.<br><br>\u201cEl 3 y 4 de agosto ser\u00e1 la recepci\u00f3n de documentos en el edifico de vinculaci\u00f3n de la universidad, ubicada en avenida Universidad Tecnol\u00f3gica 3051 de la colonia Lote Bravo, esta es la segunda universidad con el mayor matriculado, despu\u00e9s de la Universidad Aut\u00f3noma de Ciudad Ju\u00e1rez\u201d, explic\u00f3.<br><br>Dijo que los requisitos que deben presentar son: comprobante de registro de la Plataforma de Becas de Acceso a la Universidad, el cual estar\u00e1 disponible y deber\u00e1 ser descargado en la p\u00e1gina: https:\/\/www.juarez.gob.mx\/becas-de-acceso-a-la-universidad; identificaci\u00f3n oficial con fotograf\u00eda o de la de madre, padre o tutor en menores de edad; folio otorgado por la universidad y la Clave \u00danica de Registro de Poblaci\u00f3n (CURP) del solicitante.<br><br>\u201cPara esta universidad se otorgar\u00e1n 866 becas con un monto total de 2 millones 345 mil pesos, el cual cuenta con un kit que incluye mochila y computadora de alta gama\u201d, coment\u00f3.<br><br>Destac\u00f3 que este programa forma parte de la estrategia impulsada por el Gobierno Municipal para garantizar que m\u00e1s j\u00f3venes juarenses tengan acceso a la educaci\u00f3n superior.<br><br>Por su parte, Karen Campos, jefa del departamento de Becas de la UTCJ, resalt\u00f3 que esta iniciativa representa una oportunidad para que m\u00e1s j\u00f3venes contin\u00faen con sus estudios superiores.<br><br>\u201cEn la UTCJ reconocemos y agradecemos el respaldo brindado a trav\u00e9s de este programa, que desde el 2022 ha beneficiado a 3 mil 243 estudiantes de la instituci\u00f3n\u201d, expres\u00f3.<br><br>A nombre de la universidad pidi\u00f3 a todos los estudiantes aprovechar esta oportunidad con responsabilidad y dedicaci\u00f3n.<br><br>A la conferencia tambi\u00e9n acudieron Jessica Morales Santos, subdirectora de Servicios Estudiantiles de la UTCJ y Dar\u00edo Mart\u00ednez, jefe de Bienestar a la Juventud del IMJJJ.<\/p>\n","protected":false},"excerpt":{"rendered":"<p>El director del Instituto Municipal de la Juventud (IMJJ), Osvaldo Rivas Garc\u00eda, en conferencia de prensa, inform\u00f3 que hoy se abre el registro para becas de acceso a la universidad para la Universidad Tecnol\u00f3gica de Ciudad Ju\u00e1rez (UTCJ). Detall\u00f3 que a partir de este martes 14 de julio se abri\u00f3 la convocatoria y cerrar\u00e1 el [&hellip;]<\/p>\n","protected":false},"author":6,"featured_media":89663,"comment_status":"closed","ping_status":"closed","sticky":false,"template":"","format":"standard","meta":{"_acf_changed":false,"_monsterinsights_skip_tracking":false,"slim_seo":{"title":"Instituto de la Juventud lanza convocatoria para becas de acceso a alumnos de la UTCJ - Opini\u00f3n P\u00fablica","description":"El director del Instituto Municipal de la Juventud (IMJJ), Osvaldo Rivas Garc\u00eda, en conferencia de prensa, inform\u00f3 que hoy se abre el registro para becas de acc"},"footnotes":""},"categories":[41],"tags":[3600,3921,608,1955],"class_list":["post-89662","post","type-post","status-publish","format-standard","has-post-thumbnail","hentry","category-juarez","tag-becas-para-uacj","tag-becas-para-universidad","tag-ciudad-juarez","tag-utcj"],"acf":[],"_links":{"self":[{"href":"https:\/\/www.opinionpublica.tv\/portada\/wp-json\/wp\/v2\/posts\/89662","targetHints":{"allow":["GET"]}}],"collection":[{"href":"https:\/\/www.opinionpublica.tv\/portada\/wp-json\/wp\/v2\/posts"}],"about":[{"href":"https:\/\/www.opinionpublica.tv\/portada\/wp-json\/wp\/v2\/types\/post"}],"author":[{"embeddable":true,"href":"https:\/\/www.opinionpublica.tv\/portada\/wp-json\/wp\/v2\/users\/6"}],"replies":[{"embeddable":true,"href":"https:\/\/www.opinionpublica.tv\/portada\/wp-json\/wp\/v2\/comments?post=89662"}],"version-history":[{"count":5,"href":"https:\/\/www.opinionpublica.tv\/portada\/wp-json\/wp\/v2\/posts\/89662\/revisions"}],"predecessor-version":[{"id":89679,"href":"https:\/\/www.opinionpublica.tv\/portada\/wp-json\/wp\/v2\/posts\/89662\/revisions\/89679"}],"wp:featuredmedia":[{"embeddable":true,"href":"https:\/\/www.opinionpublica.tv\/portada\/wp-json\/wp\/v2\/media\/89663"}],"wp:attachment":[{"href":"https:\/\/www.opinionpublica.tv\/portada\/wp-json\/wp\/v2\/media?parent=89662"}],"wp:term":[{"taxonomy":"category","embeddable":true,"href":"https:\/\/www.opinionpublica.tv\/portada\/wp-json\/wp\/v2\/categories?post=89662"},{"taxonomy":"post_tag","embeddable":true,"href":"https:\/\/www.opinionpublica.tv\/portada\/wp-json\/wp\/v2\/tags?post=89662"}],"curies":[{"name":"wp","href":"https:\/\/api.w.org\/{rel}","templated":true}]}}