{"id":88570,"date":"2026-06-30T00:01:00","date_gmt":"2026-06-30T06:01:00","guid":{"rendered":"https:\/\/www.opinionpublica.tv\/portada\/?p=88570"},"modified":"2026-06-29T19:04:27","modified_gmt":"2026-06-30T01:04:27","slug":"destaca-seguridad-publica-alto-indice-de-detenciones-con-ordenes-de-aprehension","status":"publish","type":"post","link":"https:\/\/www.opinionpublica.tv\/portada\/destaca-seguridad-publica-alto-indice-de-detenciones-con-ordenes-de-aprehension\/","title":{"rendered":"Destaca Seguridad P\u00fablica alto \u00edndice de detenciones con \u00f3rdenes de aprehensi\u00f3n"},"content":{"rendered":"\n<figure class=\"wp-block-image size-large\"><img fetchpriority=\"high\" decoding=\"async\" width=\"1024\" height=\"682\" src=\"https:\/\/www.opinionpublica.tv\/portada\/wp-content\/uploads\/2026\/06\/Destaca-Seguridad-Publica-alto-indice-de-detenciones-con-ordenes-de-aprehension-1024x682.jpeg\" alt=\"Destaca Seguridad Pu\u0301blica alto i\u0301ndice de detenciones con o\u0301rdenes de aprehensio\u0301n\" class=\"wp-image-88573\" srcset=\"https:\/\/www.opinionpublica.tv\/portada\/wp-content\/uploads\/2026\/06\/Destaca-Seguridad-Publica-alto-indice-de-detenciones-con-ordenes-de-aprehension-1024x682.jpeg 1024w, https:\/\/www.opinionpublica.tv\/portada\/wp-content\/uploads\/2026\/06\/Destaca-Seguridad-Publica-alto-indice-de-detenciones-con-ordenes-de-aprehension-300x200.jpeg 300w, https:\/\/www.opinionpublica.tv\/portada\/wp-content\/uploads\/2026\/06\/Destaca-Seguridad-Publica-alto-indice-de-detenciones-con-ordenes-de-aprehension-768x512.jpeg 768w, https:\/\/www.opinionpublica.tv\/portada\/wp-content\/uploads\/2026\/06\/Destaca-Seguridad-Publica-alto-indice-de-detenciones-con-ordenes-de-aprehension-1536x1023.jpeg 1536w, https:\/\/www.opinionpublica.tv\/portada\/wp-content\/uploads\/2026\/06\/Destaca-Seguridad-Publica-alto-indice-de-detenciones-con-ordenes-de-aprehension.jpeg 1600w\" sizes=\"(max-width: 1024px) 100vw, 1024px\" \/><\/figure>\n\n\n\n<p class=\"wp-block-paragraph\"><em>Ciudad Ju\u00e1rez, Chih<\/em>.- El secretario de Seguridad P\u00fablica Municipal, C\u00e9sar Omar Mu\u00f1oz Morales, dio a conocer los resultados en cuanto a detenciones de personas generadoras de violencia que contaban con alg\u00fan mandamiento judicial vigente en su contra.<\/p>\n\n\n\n<p class=\"wp-block-paragraph\">El mes que registr\u00f3 m\u00e1s arrestos por esta comisi\u00f3n fue abril con 226 personas detenidas, seguido del mes de enero con 204, febrero se coloc\u00f3 como el tercero con m\u00e1s capturas con 181, por su parte mayo con 173 y marzo cerr\u00f3 con 151 mandamientos detectados, por lo que hasta el momento junio contabiliza 125, dijo el funcionario durante la conferencia de prensa semanal del alcalde H\u00e9ctor Rafael Ortiz Orpinel.<\/p>\n\n\n\n<p class=\"wp-block-paragraph\">De estas puestas a disposici\u00f3n, 95 fueron por delitos contra la salud, 13 por violencia familiar y dos por homicidio, entre otros, siendo estos los tres delitos m\u00e1s recurrentes entre los ahora detenidos.<\/p>\n\n\n\n<p class=\"wp-block-paragraph\">Proyectando estas estad\u00edsticas de manera anual, en lo que va del a\u00f1o 2026 se cuenta con un total de mil 59 generadores de violencia detenidos al haberles detectados una orden de aprehensi\u00f3n; de ellos, 10 son por homicidio, 843 por delitos contra la salud y 11 m\u00e1s por violencia familiar.<\/p>\n\n\n\n<p class=\"wp-block-paragraph\">Durante el actual periodo de trabajo, se destacan 109 objetivos por el delito de homicidio en sus diferentes modalidades, los cuales fueron capturados con apoyo de las c\u00e1maras de reconocimiento facial que aporta el uso de las nuevas tecnolog\u00edas del sistema integral \u201cJu\u00e1rez Vigilante\u201d adem\u00e1s de la operatividad conjunta.<\/p>\n\n\n\n<p class=\"wp-block-paragraph\">Durante la primera administraci\u00f3n del actual Gobierno Municipal en un periodo de septiembre del 2021 a agosto del 2024, se registraron 5 mil 642 mandamientos detectados mientras que en el segundo periodo se tuvieron 3 mil 901 ordenes de aprehensi\u00f3n vigentes.<\/p>\n","protected":false},"excerpt":{"rendered":"<p>Ciudad Ju\u00e1rez, Chih.- El secretario de Seguridad P\u00fablica Municipal, C\u00e9sar Omar Mu\u00f1oz Morales, dio a conocer los resultados en cuanto a detenciones de personas generadoras de violencia que contaban con alg\u00fan mandamiento judicial vigente en su contra. El mes que registr\u00f3 m\u00e1s arrestos por esta comisi\u00f3n fue abril con 226 personas detenidas, seguido del mes [&hellip;]<\/p>\n","protected":false},"author":6,"featured_media":88573,"comment_status":"closed","ping_status":"closed","sticky":false,"template":"","format":"standard","meta":{"_acf_changed":false,"_monsterinsights_skip_tracking":false,"slim_seo":{"title":"Destaca Seguridad P\u00fablica alto \u00edndice de detenciones con \u00f3rdenes de aprehensi\u00f3n - Opini\u00f3n P\u00fablica","description":"Ciudad Ju\u00e1rez, Chih .- El secretario de Seguridad P\u00fablica Municipal, C\u00e9sar Omar Mu\u00f1oz Morales, dio a conocer los resultados en cuanto a detenciones de personas"},"footnotes":""},"categories":[41],"tags":[608,3859,1119],"class_list":["post-88570","post","type-post","status-publish","format-standard","has-post-thumbnail","hentry","category-juarez","tag-ciudad-juarez","tag-ordenes-de-aprehension","tag-seguridad-publica-municipal"],"acf":[],"_links":{"self":[{"href":"https:\/\/www.opinionpublica.tv\/portada\/wp-json\/wp\/v2\/posts\/88570","targetHints":{"allow":["GET"]}}],"collection":[{"href":"https:\/\/www.opinionpublica.tv\/portada\/wp-json\/wp\/v2\/posts"}],"about":[{"href":"https:\/\/www.opinionpublica.tv\/portada\/wp-json\/wp\/v2\/types\/post"}],"author":[{"embeddable":true,"href":"https:\/\/www.opinionpublica.tv\/portada\/wp-json\/wp\/v2\/users\/6"}],"replies":[{"embeddable":true,"href":"https:\/\/www.opinionpublica.tv\/portada\/wp-json\/wp\/v2\/comments?post=88570"}],"version-history":[{"count":2,"href":"https:\/\/www.opinionpublica.tv\/portada\/wp-json\/wp\/v2\/posts\/88570\/revisions"}],"predecessor-version":[{"id":88574,"href":"https:\/\/www.opinionpublica.tv\/portada\/wp-json\/wp\/v2\/posts\/88570\/revisions\/88574"}],"wp:featuredmedia":[{"embeddable":true,"href":"https:\/\/www.opinionpublica.tv\/portada\/wp-json\/wp\/v2\/media\/88573"}],"wp:attachment":[{"href":"https:\/\/www.opinionpublica.tv\/portada\/wp-json\/wp\/v2\/media?parent=88570"}],"wp:term":[{"taxonomy":"category","embeddable":true,"href":"https:\/\/www.opinionpublica.tv\/portada\/wp-json\/wp\/v2\/categories?post=88570"},{"taxonomy":"post_tag","embeddable":true,"href":"https:\/\/www.opinionpublica.tv\/portada\/wp-json\/wp\/v2\/tags?post=88570"}],"curies":[{"name":"wp","href":"https:\/\/api.w.org\/{rel}","templated":true}]}}