{"id":88161,"date":"2026-06-24T00:01:00","date_gmt":"2026-06-24T06:01:00","guid":{"rendered":"https:\/\/www.opinionpublica.tv\/portada\/?p=88161"},"modified":"2026-06-23T17:59:55","modified_gmt":"2026-06-23T23:59:55","slug":"firman-convenio-con-fao-de-la-onu-para-apoyar-a-57-mil-productores-chihuahuenses","status":"publish","type":"post","link":"https:\/\/www.opinionpublica.tv\/portada\/firman-convenio-con-fao-de-la-onu-para-apoyar-a-57-mil-productores-chihuahuenses\/","title":{"rendered":"Firman convenio con FAO de la ONU para apoyar a 57 mil productores chihuahuenses"},"content":{"rendered":"\n<figure class=\"wp-block-image size-large\"><img fetchpriority=\"high\" decoding=\"async\" width=\"1024\" height=\"682\" src=\"https:\/\/www.opinionpublica.tv\/portada\/wp-content\/uploads\/2026\/06\/Firman-convenio-con-FAO-de-la-ONU-para-apoyar-a-57-mil-productores-chihuahuenses-1024x682.jpeg\" alt=\"Firman convenio con FAO de la ONU para apoyar a 57 mil productores chihuahuenses\" class=\"wp-image-88164\" srcset=\"https:\/\/www.opinionpublica.tv\/portada\/wp-content\/uploads\/2026\/06\/Firman-convenio-con-FAO-de-la-ONU-para-apoyar-a-57-mil-productores-chihuahuenses-1024x682.jpeg 1024w, https:\/\/www.opinionpublica.tv\/portada\/wp-content\/uploads\/2026\/06\/Firman-convenio-con-FAO-de-la-ONU-para-apoyar-a-57-mil-productores-chihuahuenses-300x200.jpeg 300w, https:\/\/www.opinionpublica.tv\/portada\/wp-content\/uploads\/2026\/06\/Firman-convenio-con-FAO-de-la-ONU-para-apoyar-a-57-mil-productores-chihuahuenses-768x512.jpeg 768w, https:\/\/www.opinionpublica.tv\/portada\/wp-content\/uploads\/2026\/06\/Firman-convenio-con-FAO-de-la-ONU-para-apoyar-a-57-mil-productores-chihuahuenses-1536x1023.jpeg 1536w, https:\/\/www.opinionpublica.tv\/portada\/wp-content\/uploads\/2026\/06\/Firman-convenio-con-FAO-de-la-ONU-para-apoyar-a-57-mil-productores-chihuahuenses.jpeg 1600w\" sizes=\"(max-width: 1024px) 100vw, 1024px\" \/><\/figure>\n\n\n\n<p class=\"wp-block-paragraph\"><em>Chihuahua, Chih<\/em>.- El Gobierno del Estado celebr\u00f3 la firma un convenio de colaboraci\u00f3n con la agencia especializada de la Organizaci\u00f3n de las Naciones Unidas para la Alimentaci\u00f3n y la Agricultura (FAO), en beneficio de 57 mil 800 productores rurales de la entidad.<\/p>\n\n\n\n<p class=\"wp-block-paragraph\">El acuerdo fue encabezado por el secretario de Desarrollo Rural, Mauro Parada y por Silvio Simonit, representante de la FAO en M\u00e9xico.<\/p>\n\n\n\n<p class=\"wp-block-paragraph\">A trav\u00e9s de esta alianza, ambas instancias intercambiar\u00e1n ideas, modelos y soluciones h\u00eddricas, e implementar\u00e1n en conjunto el proyecto \u00abEvaluaci\u00f3n de impacto a la pol\u00edtica de atenci\u00f3n a la sequ\u00eda y elementos clave de las pol\u00edticas de desarrollo rural en el Estado de Chihuahua\u201d.<\/p>\n\n\n\n<p class=\"wp-block-paragraph\">Como parte del plan de trabajo que se desarrollar\u00e1 en 2026, la FAO visitar\u00e1 a las y los productores en diferentes municipios, para evaluar los resultados de las iniciativas promovidas desde la Secretar\u00eda de Desarrollo Rural (SDR) contra la contingencia por la sequ\u00eda.<\/p>\n\n\n\n<p class=\"wp-block-paragraph\">Para este programa se destinar\u00e1n 554 mil d\u00f3lares a trav\u00e9s del Fideicomiso FOFAE, mismos que se reflejar\u00e1n en el impacto forestal, rural y pecuario del estado, con el fin de garantizar mayor competitividad y desarrollo econ\u00f3mico.<\/p>\n\n\n\n<p class=\"wp-block-paragraph\">El trabajo con la FAO representa una ventaja comparativa sustantiva para un estado con alta presi\u00f3n clim\u00e1tica e h\u00eddrica como Chihuahua, por su capacidad de combinar la experiencia global, apoyo regional y presencia nacional para acompa\u00f1ar a gobiernos en el dise\u00f1o de estrategias sostenibles.<\/p>\n\n\n\n<p class=\"wp-block-paragraph\">Durante la firma del acuerdo se cont\u00f3 con la presencia de Jos\u00e9 de Jes\u00fas Granillo, secretario de Hacienda; Jes\u00fas Carrillo, subsecretario T\u00e9cnico y de Seguimiento de la Oficina de la Gubernatura, entre otras autoridades.<\/p>\n","protected":false},"excerpt":{"rendered":"<p>Chihuahua, Chih.- El Gobierno del Estado celebr\u00f3 la firma un convenio de colaboraci\u00f3n con la agencia especializada de la Organizaci\u00f3n de las Naciones Unidas para la Alimentaci\u00f3n y la Agricultura (FAO), en beneficio de 57 mil 800 productores rurales de la entidad. El acuerdo fue encabezado por el secretario de Desarrollo Rural, Mauro Parada y [&hellip;]<\/p>\n","protected":false},"author":6,"featured_media":88164,"comment_status":"closed","ping_status":"closed","sticky":false,"template":"","format":"standard","meta":{"_acf_changed":false,"_monsterinsights_skip_tracking":false,"slim_seo":{"title":"Firman convenio con FAO de la ONU para apoyar a 57 mil productores chihuahuenses - Opini\u00f3n P\u00fablica","description":"Chihuahua, Chih .- El Gobierno del Estado celebr\u00f3 la firma un convenio de colaboraci\u00f3n con la agencia especializada de la Organizaci\u00f3n de las Naciones Unidas pa"},"footnotes":""},"categories":[11],"tags":[88,516,167],"class_list":["post-88161","post","type-post","status-publish","format-standard","has-post-thumbnail","hentry","category-tendencias","tag-chihuahua","tag-desarrollo-rural","tag-onu"],"acf":[],"_links":{"self":[{"href":"https:\/\/www.opinionpublica.tv\/portada\/wp-json\/wp\/v2\/posts\/88161","targetHints":{"allow":["GET"]}}],"collection":[{"href":"https:\/\/www.opinionpublica.tv\/portada\/wp-json\/wp\/v2\/posts"}],"about":[{"href":"https:\/\/www.opinionpublica.tv\/portada\/wp-json\/wp\/v2\/types\/post"}],"author":[{"embeddable":true,"href":"https:\/\/www.opinionpublica.tv\/portada\/wp-json\/wp\/v2\/users\/6"}],"replies":[{"embeddable":true,"href":"https:\/\/www.opinionpublica.tv\/portada\/wp-json\/wp\/v2\/comments?post=88161"}],"version-history":[{"count":2,"href":"https:\/\/www.opinionpublica.tv\/portada\/wp-json\/wp\/v2\/posts\/88161\/revisions"}],"predecessor-version":[{"id":88165,"href":"https:\/\/www.opinionpublica.tv\/portada\/wp-json\/wp\/v2\/posts\/88161\/revisions\/88165"}],"wp:featuredmedia":[{"embeddable":true,"href":"https:\/\/www.opinionpublica.tv\/portada\/wp-json\/wp\/v2\/media\/88164"}],"wp:attachment":[{"href":"https:\/\/www.opinionpublica.tv\/portada\/wp-json\/wp\/v2\/media?parent=88161"}],"wp:term":[{"taxonomy":"category","embeddable":true,"href":"https:\/\/www.opinionpublica.tv\/portada\/wp-json\/wp\/v2\/categories?post=88161"},{"taxonomy":"post_tag","embeddable":true,"href":"https:\/\/www.opinionpublica.tv\/portada\/wp-json\/wp\/v2\/tags?post=88161"}],"curies":[{"name":"wp","href":"https:\/\/api.w.org\/{rel}","templated":true}]}}