{"id":88114,"date":"2026-06-24T00:01:00","date_gmt":"2026-06-24T06:01:00","guid":{"rendered":"https:\/\/www.opinionpublica.tv\/portada\/?p=88114"},"modified":"2026-06-23T15:59:34","modified_gmt":"2026-06-23T21:59:34","slug":"video-giro-a-la-derecha-en-colombia-y-peru-fruto-de-la-la-izquierda-lorenzo-cordova","status":"publish","type":"post","link":"https:\/\/www.opinionpublica.tv\/portada\/video-giro-a-la-derecha-en-colombia-y-peru-fruto-de-la-la-izquierda-lorenzo-cordova\/","title":{"rendered":"Video: Giro a la derecha en Colombia y Per\u00fa, fruto de la izquierda | Lorenzo C\u00f3rdova | Latinus"},"content":{"rendered":"\n<p class=\"wp-block-paragraph\"><a href=\"https:\/\/www.youtube.com\/@Latinusus\"><\/a><\/p>\n\n\n\n<figure class=\"wp-block-embed is-type-video is-provider-youtube wp-block-embed-youtube wp-embed-aspect-16-9 wp-has-aspect-ratio\"><div class=\"wp-block-embed__wrapper\">\n<iframe title=\"Giro a la derecha en Colombia y Per\u00fa, fruto de la irresponsabilidad de la izquierda: Lorenzo C\u00f3rdova\" width=\"800\" height=\"450\" src=\"https:\/\/www.youtube.com\/embed\/oIW1L_Ed5ec?feature=oembed\" frameborder=\"0\" allow=\"accelerometer; autoplay; clipboard-write; encrypted-media; gyroscope; picture-in-picture; web-share\" referrerpolicy=\"strict-origin-when-cross-origin\" allowfullscreen><\/iframe>\n<\/div><\/figure>\n\n\n\n<p class=\"wp-block-paragraph\">El acad\u00e9mico y ex presidente del INE, Lorenzo C\u00f3rdova, asegura que el giro a la derecha en Colombia y Per\u00fa, es fruto de la irresponsabilidad de la izquierda.<\/p>\n\n\n\n<p class=\"wp-block-paragraph\"><em>Cr\u00e9ditos: Latinus<\/em>.<\/p>\n","protected":false},"excerpt":{"rendered":"<p>El acad\u00e9mico y ex presidente del INE, Lorenzo C\u00f3rdova, asegura que el giro a la derecha en Colombia y Per\u00fa, es fruto de la irresponsabilidad de la izquierda. Cr\u00e9ditos: Latinus.<\/p>\n","protected":false},"author":6,"featured_media":88118,"comment_status":"closed","ping_status":"closed","sticky":false,"template":"","format":"standard","meta":{"_acf_changed":false,"_monsterinsights_skip_tracking":false,"slim_seo":{"title":"Video: Giro a la derecha en Colombia y Per\u00fa, fruto de la izquierda | Lorenzo C\u00f3rdova | Latinus - Opini\u00f3n P\u00fablica","description":"https:\/\/youtu.be\/oIW1L_Ed5ec?si=bEugKDOJXXKGMncY El acad\u00e9mico y ex presidente del INE, Lorenzo C\u00f3rdova, asegura que el giro a la derecha en Colombia y Per\u00fa, es"},"footnotes":""},"categories":[13,2,8],"tags":[1234,1134,68,47],"class_list":["post-88114","post","type-post","status-publish","format-standard","has-post-thumbnail","hentry","category-videos-destacados-contenido","category-videos-destacados","category-videos","tag-colombia","tag-latinus","tag-lorenzo-cordova","tag-peru"],"acf":[],"_links":{"self":[{"href":"https:\/\/www.opinionpublica.tv\/portada\/wp-json\/wp\/v2\/posts\/88114","targetHints":{"allow":["GET"]}}],"collection":[{"href":"https:\/\/www.opinionpublica.tv\/portada\/wp-json\/wp\/v2\/posts"}],"about":[{"href":"https:\/\/www.opinionpublica.tv\/portada\/wp-json\/wp\/v2\/types\/post"}],"author":[{"embeddable":true,"href":"https:\/\/www.opinionpublica.tv\/portada\/wp-json\/wp\/v2\/users\/6"}],"replies":[{"embeddable":true,"href":"https:\/\/www.opinionpublica.tv\/portada\/wp-json\/wp\/v2\/comments?post=88114"}],"version-history":[{"count":3,"href":"https:\/\/www.opinionpublica.tv\/portada\/wp-json\/wp\/v2\/posts\/88114\/revisions"}],"predecessor-version":[{"id":88119,"href":"https:\/\/www.opinionpublica.tv\/portada\/wp-json\/wp\/v2\/posts\/88114\/revisions\/88119"}],"wp:featuredmedia":[{"embeddable":true,"href":"https:\/\/www.opinionpublica.tv\/portada\/wp-json\/wp\/v2\/media\/88118"}],"wp:attachment":[{"href":"https:\/\/www.opinionpublica.tv\/portada\/wp-json\/wp\/v2\/media?parent=88114"}],"wp:term":[{"taxonomy":"category","embeddable":true,"href":"https:\/\/www.opinionpublica.tv\/portada\/wp-json\/wp\/v2\/categories?post=88114"},{"taxonomy":"post_tag","embeddable":true,"href":"https:\/\/www.opinionpublica.tv\/portada\/wp-json\/wp\/v2\/tags?post=88114"}],"curies":[{"name":"wp","href":"https:\/\/api.w.org\/{rel}","templated":true}]}}