{"id":88110,"date":"2026-06-24T00:01:00","date_gmt":"2026-06-24T06:01:00","guid":{"rendered":"https:\/\/www.opinionpublica.tv\/portada\/?p=88110"},"modified":"2026-06-23T14:45:03","modified_gmt":"2026-06-23T20:45:03","slug":"efemerides-24-de-junio-un-dia-como-hoy-en-la-historia-2","status":"publish","type":"post","link":"https:\/\/www.opinionpublica.tv\/portada\/efemerides-24-de-junio-un-dia-como-hoy-en-la-historia-2\/","title":{"rendered":"Efem\u00e9rides 24 de junio | Un d\u00eda como hoy en la historia&#8230;"},"content":{"rendered":"\n<p class=\"wp-block-paragraph\"><em>Un d\u00eda 24 de junio como hoy, pero de 1901, Picasso expone por primera vez en la galer\u00eda Ambroise Vollard de Par\u00eds<\/em>.<\/p>\n\n\n\n<figure class=\"wp-block-image size-full\"><img fetchpriority=\"high\" decoding=\"async\" width=\"700\" height=\"394\" src=\"https:\/\/www.opinionpublica.tv\/portada\/wp-content\/uploads\/2026\/06\/1901-Picasso-expone-por-primera-vez-en-la-galeria-Ambroise-Vollard-de-Paris.jpg\" alt=\"1901, Picasso expone por primera vez en la galeri\u0301a Ambroise Vollard de Pari\u0301s\" class=\"wp-image-88111\" srcset=\"https:\/\/www.opinionpublica.tv\/portada\/wp-content\/uploads\/2026\/06\/1901-Picasso-expone-por-primera-vez-en-la-galeria-Ambroise-Vollard-de-Paris.jpg 700w, https:\/\/www.opinionpublica.tv\/portada\/wp-content\/uploads\/2026\/06\/1901-Picasso-expone-por-primera-vez-en-la-galeria-Ambroise-Vollard-de-Paris-300x169.jpg 300w\" sizes=\"(max-width: 700px) 100vw, 700px\" \/><\/figure>\n\n\n\n<p class=\"wp-block-paragraph\"><strong>Otras efem\u00e9rides<\/strong><\/p>\n\n\n\n<p class=\"wp-block-paragraph\">1571.- Fundaci\u00f3n de la ciudad de Manila por el almirante espa\u00f1ol Miguel L\u00f3pez de Legazpi.<\/p>\n\n\n\n<p class=\"wp-block-paragraph\">1821.- Venezuela logra su independencia tras la Batalla de Carabobo, donde patriotas sudamericanos mandados por Bol\u00edvar derrotan al Ej\u00e9rcito espa\u00f1ol.<\/p>\n\n\n\n<p class=\"wp-block-paragraph\">1823.- Formaci\u00f3n de la Federaci\u00f3n de Provincias Unidas de Centroam\u00e9rica, con Guatemala, El Salvador, Honduras, Nicaragua y Costa Rica, con capital en Guatemala.<\/p>\n\n\n\n<p class=\"wp-block-paragraph\">1865.- Espa\u00f1a reconoce a El Salvador como pa\u00eds independiente.<\/p>\n\n\n\n<p class=\"wp-block-paragraph\">1948.- Guerra Fr\u00eda: bloqueo terrestre de Berl\u00edn occidental.<\/p>\n\n\n\n<p class=\"wp-block-paragraph\">1960.- El presidente venezolano, R\u00f3mulo Betancourt, sufre un atentado del que sale herido.<\/p>\n\n\n\n<p class=\"wp-block-paragraph\">1965.- El Consejo de la OEA acuerda retirar de la Rep\u00fablica Dominicana a las fuerzas interamericanas de paz.<\/p>\n\n\n\n<p class=\"wp-block-paragraph\">1969.- Es promulgada la reforma agraria en Per\u00fa por Juan Velasco Alvarado.<\/p>\n\n\n\n<p class=\"wp-block-paragraph\">1989.- Es destituido el secretario general del Partido Comunista Chino, Zhao Ziyang.<\/p>\n\n\n\n<p class=\"wp-block-paragraph\">2001.- Los pa\u00edses andinos firman el Acta de Carabobo, con avances en la integraci\u00f3n pol\u00edtica y social, a los 32 a\u00f1os del nacimiento de la Comunidad Andina de Naciones (CAN).<\/p>\n\n\n\n<p class=\"wp-block-paragraph\">2007.- El empresario Mauricio Macri se impone en las elecciones a la alcald\u00eda de Buenos Aires.<\/p>\n\n\n\n<p class=\"wp-block-paragraph\">2010.- Julia Gillard, primera mujer en asumir el Gobierno de Australia.<\/p>\n\n\n\n<p class=\"wp-block-paragraph\">2016.- David Cameron dimite tras el triunfo del &#8216;brexit&#8217;.<\/p>\n\n\n\n<p class=\"wp-block-paragraph\">2018.- El jefe de Estado de Turqu\u00eda, Erdogan, gana las elecciones presidenciales.<\/p>\n\n\n\n<p class=\"wp-block-paragraph\">2021.- Hallan en Israel una nueva especie humana desconocida.<\/p>\n\n\n\n<p class=\"wp-block-paragraph\">2022.- El Tribunal Supremo acaba con el derecho al aborto en Estados Unidos.<\/p>\n\n\n\n<p class=\"wp-block-paragraph\"><strong>Nacimientos<\/strong><\/p>\n\n\n\n<p class=\"wp-block-paragraph\">1542.- Juan de la Cruz, santo carmelita y poeta m\u00edstico.<\/p>\n\n\n\n<p class=\"wp-block-paragraph\">1908.- Hugo Distler, compositor alem\u00e1n.<\/p>\n\n\n\n<p class=\"wp-block-paragraph\">1911.- Ernesto S\u00e1bato, escritor argentino.<\/p>\n\n\n\n<p class=\"wp-block-paragraph\">1911.- Juan Manuel Fangio, piloto de automovilismo argentino.<\/p>\n\n\n\n<p class=\"wp-block-paragraph\">1927.- Martin Lewis Perl, f\u00edsico estadounidense, Premio Nobel.<\/p>\n\n\n\n<p class=\"wp-block-paragraph\">1941.- Julia Kristeva, psicoanalista y escritora de origen b\u00falgaro.<\/p>\n\n\n\n<p class=\"wp-block-paragraph\">1942.- Eduardo Frei Ruiz-Tagle, expresidente de Chile.<\/p>\n\n\n\n<p class=\"wp-block-paragraph\">1948.- Armando Calder\u00f3n, expresidente de El Salvador.<\/p>\n\n\n\n<p class=\"wp-block-paragraph\">1977.- Nina Zhivanevskaya, nadadora rusa nacionalizada espa\u00f1ola.<\/p>\n\n\n\n<p class=\"wp-block-paragraph\">1978.- Juan Rom\u00e1n Riquelme, futbolista argentino.<\/p>\n\n\n\n<p class=\"wp-block-paragraph\">1987.- Leo Messi, futbolista argentino.<\/p>\n\n\n\n<p class=\"wp-block-paragraph\"><strong>Defunciones<\/strong><\/p>\n\n\n\n<p class=\"wp-block-paragraph\">1519.- Lucrecia Borgia, princesa italiana.<\/p>\n\n\n\n<p class=\"wp-block-paragraph\">1908.- Grover Cleveland, expresidente de los EEUU.<\/p>\n\n\n\n<p class=\"wp-block-paragraph\">1935.- Carlos Gardel, cantante y actor uruguayo, leyenda del tango.<\/p>\n\n\n\n<p class=\"wp-block-paragraph\">1945.- Jos\u00e9 Guti\u00e9rrez-Solana, pintor y escritor espa\u00f1ol.<\/p>\n\n\n\n<p class=\"wp-block-paragraph\">1991.- Rufino Tamayo, pintor mexicano.<\/p>\n\n\n\n<p class=\"wp-block-paragraph\">2000.- Rodrigo Alejandro Bueno, &#8216;potro Rodrigo&#8217;, cantante argentino.<\/p>\n\n\n\n<p class=\"wp-block-paragraph\">2014.- Eli Wallach, actor estadounidense.<\/p>\n\n\n\n<p class=\"wp-block-paragraph\">2018.- David Goldblatt, fot\u00f3grafo sudafricano.<\/p>\n\n\n\n<p class=\"wp-block-paragraph\">2021.- Benigno Aquino, ex presidente de Filipinas.<\/p>\n","protected":false},"excerpt":{"rendered":"<p>Un d\u00eda 24 de junio como hoy, pero de 1901, Picasso expone por primera vez en la galer\u00eda Ambroise Vollard de Par\u00eds. Otras efem\u00e9rides 1571.- Fundaci\u00f3n de la ciudad de Manila por el almirante espa\u00f1ol Miguel L\u00f3pez de Legazpi. 1821.- Venezuela logra su independencia tras la Batalla de Carabobo, donde patriotas sudamericanos mandados por Bol\u00edvar [&hellip;]<\/p>\n","protected":false},"author":6,"featured_media":88111,"comment_status":"closed","ping_status":"closed","sticky":false,"template":"","format":"standard","meta":{"_acf_changed":false,"_monsterinsights_skip_tracking":false,"slim_seo":{"title":"Efem\u00e9rides 24 de junio | Un d\u00eda como hoy en la historia... - Opini\u00f3n P\u00fablica","description":"Un d\u00eda 24 de junio como hoy, pero de 1901, Picasso expone por primera vez en la galer\u00eda Ambroise Vollard de Par\u00eds . Otras efem\u00e9rides 1571.- Fundaci\u00f3n de la ciud"},"footnotes":""},"categories":[27],"tags":[3792,3793],"class_list":["post-88110","post","type-post","status-publish","format-standard","has-post-thumbnail","hentry","category-un-dia-como-hoy","tag-efemerides-24-de-junio","tag-pablo-picasso"],"acf":[],"_links":{"self":[{"href":"https:\/\/www.opinionpublica.tv\/portada\/wp-json\/wp\/v2\/posts\/88110","targetHints":{"allow":["GET"]}}],"collection":[{"href":"https:\/\/www.opinionpublica.tv\/portada\/wp-json\/wp\/v2\/posts"}],"about":[{"href":"https:\/\/www.opinionpublica.tv\/portada\/wp-json\/wp\/v2\/types\/post"}],"author":[{"embeddable":true,"href":"https:\/\/www.opinionpublica.tv\/portada\/wp-json\/wp\/v2\/users\/6"}],"replies":[{"embeddable":true,"href":"https:\/\/www.opinionpublica.tv\/portada\/wp-json\/wp\/v2\/comments?post=88110"}],"version-history":[{"count":1,"href":"https:\/\/www.opinionpublica.tv\/portada\/wp-json\/wp\/v2\/posts\/88110\/revisions"}],"predecessor-version":[{"id":88112,"href":"https:\/\/www.opinionpublica.tv\/portada\/wp-json\/wp\/v2\/posts\/88110\/revisions\/88112"}],"wp:featuredmedia":[{"embeddable":true,"href":"https:\/\/www.opinionpublica.tv\/portada\/wp-json\/wp\/v2\/media\/88111"}],"wp:attachment":[{"href":"https:\/\/www.opinionpublica.tv\/portada\/wp-json\/wp\/v2\/media?parent=88110"}],"wp:term":[{"taxonomy":"category","embeddable":true,"href":"https:\/\/www.opinionpublica.tv\/portada\/wp-json\/wp\/v2\/categories?post=88110"},{"taxonomy":"post_tag","embeddable":true,"href":"https:\/\/www.opinionpublica.tv\/portada\/wp-json\/wp\/v2\/tags?post=88110"}],"curies":[{"name":"wp","href":"https:\/\/api.w.org\/{rel}","templated":true}]}}