{"id":8803,"date":"2016-11-26T07:00:00","date_gmt":"2016-11-26T06:00:00","guid":{"rendered":"https:\/\/www.opinionpublica.tv\/portada\/2016\/11\/26\/el-discurso-de-fidel-castro-que-resono-en-la-onu\/"},"modified":"2016-11-26T07:00:00","modified_gmt":"2016-11-26T06:00:00","slug":"el-discurso-de-fidel-castro-que-resono-en-la-onu","status":"publish","type":"post","link":"https:\/\/www.opinionpublica.tv\/portada\/el-discurso-de-fidel-castro-que-resono-en-la-onu\/","title":{"rendered":"El discurso de Fidel Castro que reson\u00f3 en la ONU"},"content":{"rendered":"<p><img fetchpriority=\"high\" decoding=\"async\" class=\" size-full wp-image-8802\" src=\"https:\/\/www.opinionpublica.tv\/portada\/wp-content\/uploads\/2016\/11\/38c9e8624dfc9fa835c9188fec271dbd.jpg\" alt=\"\" width=\"664\" height=\"498\" srcset=\"https:\/\/www.opinionpublica.tv\/portada\/wp-content\/uploads\/2016\/11\/38c9e8624dfc9fa835c9188fec271dbd.jpg 664w, https:\/\/www.opinionpublica.tv\/portada\/wp-content\/uploads\/2016\/11\/38c9e8624dfc9fa835c9188fec271dbd-300x225.jpg 300w\" sizes=\"(max-width: 664px) 100vw, 664px\" \/><br \/>\n<!--more--><\/p>\n<p style=\"text-align: justify;\">El 12 de octubre de 1979 pasar\u00e1 a la historia como el d\u00eda que el comandante cubano, Fidel Castro Ruz, emiti\u00f3 uno de sus mensajes m\u00e1s representativos de lo que representaba su ideolog\u00eda. Las palabras pronunciadas por el l\u00edder revolucionario fueron tan fuertes que lograron hacer eco en la Organizaci\u00f3n de las Naciones Unidas (ONU).<\/p>\n<p style=\"text-align: justify;\">\u00a0<\/p>\n<p style=\"text-align: justify;\">A continuaci\u00f3n, se presenta la transcripci\u00f3n del discurso pronunciado en 1979:<\/p>\n<p style=\"text-align: justify;\">\u00a0<\/p>\n<p style=\"text-align: justify;\"><em>Distinguidos representantes.<\/em><\/p>\n<p style=\"text-align: justify;\"><em>Se habla con frecuencia de los derechos humanos, pero hay que hablar tambi\u00e9n de los derechos de la Humanidad.<\/em><\/p>\n<p style=\"text-align: justify;\"><em>\u00bfPor qu\u00e9 unos pueblos han de andar descalzos, para que otros viajen en lujosos autom\u00f3viles? \u00bfPor qu\u00e9 unos han de vivir 35 a\u00f1os, para que otros vivan 70? \u00bfPor qu\u00e9 unos han de ser m\u00edseramente pobres, para que otros sean exageradamente ricos? Hablo en nombre de los ni\u00f1os que en el mundo no tienen un pedazo de pan. Hablo en nombre de los enfermos que no tienen medicinas, hablo en nombre de aquellos a los que se les ha negado el derecho a la vida y a la dignidad humana.<\/em><\/p>\n<p style=\"text-align: justify;\"><em>Unos pa\u00edses poseen, en fin, abundantes recursos. Otros no poseen nada. \u00bfCu\u00e1l es el destino de \u00e9stos? \u00bfMorirse de hambre? \u00bfSer eternamente pobres? \u00bfPara qu\u00e9 sirve entonces la civilizaci\u00f3n? \u00bfPara qu\u00e9 sirve la conciencia del hombre? \u00bfPara qu\u00e9 sirven las Naciones Unidas? \u00bfPara qu\u00e9 sirve el mundo?<\/em><\/p>\n<p style=\"text-align: justify;\"><em>No se puede hablar de paz en nombre de decenas de millones de seres humanos que mueren cada a\u00f1o de hambre o\u00a0 enfermedades curables en todo el mundo. No se puede hablar de paz en nombre de 900 millones de analfabetos. La explotaci\u00f3n de los pa\u00edses pobres por los pa\u00edses ricos debe cesar.<\/em><\/p>\n<p style=\"text-align: justify;\"><em>S\u00e9 que en muchos pa\u00edses pobres hay tambi\u00e9n explotadores y explotados. Me dirijo a las naciones ricas para que contribuyan. Me dirijo a los pa\u00edses pobres para que distribuyan. \u00a1Basta ya de palabras! Hacen falta hechos. \u00a1Basta ya de abstracciones! Hacen falta acciones concretas. \u00a1Basta ya de hablar de un nuevo orden econ\u00f3mico internacional especulativo que nadie entiende! Hay que hablar de un orden real y objetivo que todos comprendan.<\/em><\/p>\n<p style=\"text-align: justify;\"><em>No he venido aqu\u00ed como profeta de la Revoluci\u00f3n, no he venido a pedir o desear que el mundo se convulsione violentamente. Hemos venido a hablar de paz y colaboraci\u00f3n entre los pueblos. Y hemos venido a advertir que si no resolvemos pac\u00edfica y sabiamente las injusticias y desigualdades actuales, el futuro ser\u00e1 apocal\u00edptico.<\/em><\/p>\n<p style=\"text-align: justify;\"><em>El ruido de las armas, del lenguaje amenazante, de la prepotencia en la escena internacional debe cesar. Basta ya de la ilusi\u00f3n de que los problemas del mundo se pueden resolver con armas nucleares. Las bombas podr\u00e1n matar a los hambrientos, a los enfermos, a los ignorantes, pero no pueden matar el hambre, las enfermedades, la ignorancia. No pueden tampoco matar la justa rebeld\u00eda de los pueblos. Y, en el holocausto, morir\u00e1n tambi\u00e9n los ricos, que son los que m\u00e1s tienen que perder en este mundo.<\/em><\/p>\n<p style=\"text-align: justify;\"><em>Digamos adi\u00f3s a las armas y consagr\u00e9monos civilizadamente a los problemas m\u00e1s agobiantes de nuestra era, esa es la responsabilidad y el deber m\u00e1s sagrado de todos los estadistas del mundo. Esa es, adem\u00e1s. la premisa indispensable de la supervivencia humana.<\/em><\/p>\n<p style=\"text-align: justify;\"><em>Muchas gracias.<\/em><\/p>\n","protected":false},"excerpt":{"rendered":"","protected":false},"author":4,"featured_media":8802,"comment_status":"open","ping_status":"open","sticky":false,"template":"","format":"standard","meta":{"_acf_changed":false,"_monsterinsights_skip_tracking":false,"slim_seo":{"title":"El discurso de Fidel Castro que reson\u00f3 en la ONU - Opini\u00f3n P\u00fablica","description":"El 12 de octubre de 1979 pasar\u00e1 a la historia como el d\u00eda que el comandante cubano, Fidel Castro Ruz, emiti\u00f3 uno de sus mensajes m\u00e1s representativos de lo que r"},"footnotes":""},"categories":[14],"tags":[],"class_list":["post-8803","post","type-post","status-publish","format-standard","has-post-thumbnail","hentry","category-historias"],"acf":[],"_links":{"self":[{"href":"https:\/\/www.opinionpublica.tv\/portada\/wp-json\/wp\/v2\/posts\/8803","targetHints":{"allow":["GET"]}}],"collection":[{"href":"https:\/\/www.opinionpublica.tv\/portada\/wp-json\/wp\/v2\/posts"}],"about":[{"href":"https:\/\/www.opinionpublica.tv\/portada\/wp-json\/wp\/v2\/types\/post"}],"author":[{"embeddable":true,"href":"https:\/\/www.opinionpublica.tv\/portada\/wp-json\/wp\/v2\/users\/4"}],"replies":[{"embeddable":true,"href":"https:\/\/www.opinionpublica.tv\/portada\/wp-json\/wp\/v2\/comments?post=8803"}],"version-history":[{"count":0,"href":"https:\/\/www.opinionpublica.tv\/portada\/wp-json\/wp\/v2\/posts\/8803\/revisions"}],"wp:featuredmedia":[{"embeddable":true,"href":"https:\/\/www.opinionpublica.tv\/portada\/wp-json\/wp\/v2\/media\/8802"}],"wp:attachment":[{"href":"https:\/\/www.opinionpublica.tv\/portada\/wp-json\/wp\/v2\/media?parent=8803"}],"wp:term":[{"taxonomy":"category","embeddable":true,"href":"https:\/\/www.opinionpublica.tv\/portada\/wp-json\/wp\/v2\/categories?post=8803"},{"taxonomy":"post_tag","embeddable":true,"href":"https:\/\/www.opinionpublica.tv\/portada\/wp-json\/wp\/v2\/tags?post=8803"}],"curies":[{"name":"wp","href":"https:\/\/api.w.org\/{rel}","templated":true}]}}