{"id":8801,"date":"2016-11-26T07:00:00","date_gmt":"2016-11-26T06:00:00","guid":{"rendered":"https:\/\/www.opinionpublica.tv\/portada\/2016\/11\/26\/efemerides-2-de-diciembre\/"},"modified":"2016-11-26T07:00:00","modified_gmt":"2016-11-26T06:00:00","slug":"efemerides-2-de-diciembre","status":"publish","type":"post","link":"https:\/\/www.opinionpublica.tv\/portada\/efemerides-2-de-diciembre\/","title":{"rendered":"Efem\u00e9rides 2 de Diciembre"},"content":{"rendered":"<img fetchpriority=\"high\" decoding=\"async\" class=\" size-full wp-image-8800\" src=\"https:\/\/www.opinionpublica.tv\/portada\/wp-content\/uploads\/2016\/11\/b6406f604afc0a8b1df718472ce48192.jpg\" alt=\"\" class=\"caption\" title=\"B\u00e1rbara de Nicomedia, conocida como Santa B\u00e1rbara\" width=\"200\" height=\"283\" \/>\n<p style=\"text-align: justify;\">Es el 336.\u00ba (tricent\u00e9simo trig\u00e9simo sexto) d\u00eda del a\u00f1o en el calendario gregoriano y el 337.\u00ba en los a\u00f1os bisiestos. Quedan 29\u00a0d\u00edas para finalizar el a\u00f1o.<\/p>\n<p><!--more--><\/p>\n<h2 style=\"text-align: justify;\"><span id=\"Acontecimientos\" class=\"mw-headline\">Acontecimientos<\/span><\/h2>\n<ul style=\"text-align: justify;\">\n<li><a title=\"362\" href=\"https:\/\/es.wikipedia.org\/wiki\/362\">362<\/a>: en <a class=\"mw-redirect\" title=\"Nicaea\" href=\"https:\/\/es.wikipedia.org\/wiki\/Nicaea\">Nicea<\/a>, <a class=\"mw-redirect\" title=\"Izmit\" href=\"https:\/\/es.wikipedia.org\/wiki\/Izmit\">Izmit<\/a> (<a title=\"Turqu\u00eda\" href=\"https:\/\/es.wikipedia.org\/wiki\/Turqu%C3%ADa\">Turqu\u00eda<\/a>) se registra un <a title=\"Terremoto\" href=\"https:\/\/es.wikipedia.org\/wiki\/Terremoto\">terremoto<\/a> de magnitud 6,8 en la <a title=\"Escala sismol\u00f3gica de Richter\" href=\"https:\/\/es.wikipedia.org\/wiki\/Escala_sismol%C3%B3gica_de_Richter\">escala sismol\u00f3gica de Richter<\/a> (intensidad de 10).<\/li>\n<li><a title=\"805\" href=\"https:\/\/es.wikipedia.org\/wiki\/805\">805<\/a>: en <a title=\"Sist\u00e1n\" href=\"https:\/\/es.wikipedia.org\/wiki\/Sist%C3%A1n\">Sist\u00e1n<\/a> (<a title=\"Ir\u00e1n\" href=\"https:\/\/es.wikipedia.org\/wiki\/Ir%C3%A1n\">Ir\u00e1n<\/a>) se registra un <a title=\"Terremoto\" href=\"https:\/\/es.wikipedia.org\/wiki\/Terremoto\">terremoto<\/a> de magnitud 7,0 en la <a title=\"Escala sismol\u00f3gica de Richter\" href=\"https:\/\/es.wikipedia.org\/wiki\/Escala_sismol%C3%B3gica_de_Richter\">escala sismol\u00f3gica de Richter<\/a>.<\/li>\n<li><a title=\"1023\" href=\"https:\/\/es.wikipedia.org\/wiki\/1023\">1023<\/a>: en la mezquita de <a title=\"C\u00f3rdoba (Espa\u00f1a)\" href=\"https:\/\/es.wikipedia.org\/wiki\/C%C3%B3rdoba_(Espa%C3%B1a)\">C\u00f3rdoba (Espa\u00f1a)<\/a> es elegido como nuevo califa <a title=\"Abderram\u00e1n V\" href=\"https:\/\/es.wikipedia.org\/wiki\/Abderram%C3%A1n_V\">Abderram\u00e1n V<\/a> (hermano del difunto <a title=\"Muhammad II al-Mahdi\" href=\"https:\/\/es.wikipedia.org\/wiki\/Muhammad_II_al-Mahdi\">Muhammad II al-Mahdi<\/a>), quien toma el t\u00edtulo de al-Mustazhir bi-llah (\u2018el que implora el socorro de Al\u00e1\u2019).<\/li>\n<li><a title=\"1058\" href=\"https:\/\/es.wikipedia.org\/wiki\/1058\">1058<\/a>: en <a title=\"Mosul\" href=\"https:\/\/es.wikipedia.org\/wiki\/Mosul\">Mosul<\/a> (<a title=\"Irak\" href=\"https:\/\/es.wikipedia.org\/wiki\/Irak\">Irak<\/a>) se registra un <a title=\"Terremoto\" href=\"https:\/\/es.wikipedia.org\/wiki\/Terremoto\">terremoto<\/a> con una magnitud de 9,0 en la <a title=\"Escala sismol\u00f3gica de Richter\" href=\"https:\/\/es.wikipedia.org\/wiki\/Escala_sismol%C3%B3gica_de_Richter\">escala sismol\u00f3gica de Richter<\/a>, que deja un saldo de \u00abmuchos muertos\u00bb.<\/li>\n<li><a title=\"1409\" href=\"https:\/\/es.wikipedia.org\/wiki\/1409\">1409<\/a>: en Alemania se abre la <a title=\"Universidad de Leipzig\" href=\"https:\/\/es.wikipedia.org\/wiki\/Universidad_de_Leipzig\">Universidad de Leipzig<\/a>.<\/li>\n<li><a title=\"1562\" href=\"https:\/\/es.wikipedia.org\/wiki\/1562\">1562<\/a>: en <a title=\"La Vega Vieja\" href=\"https:\/\/es.wikipedia.org\/wiki\/La_Vega_Vieja\">La Vega Vieja<\/a>, <a title=\"Rep\u00fablica Dominicana\" href=\"https:\/\/es.wikipedia.org\/wiki\/Rep%C3%BAblica_Dominicana\">Rep\u00fablica Dominicana<\/a> se registra un fuerte <a title=\"Terremoto\" href=\"https:\/\/es.wikipedia.org\/wiki\/Terremoto\">terremoto<\/a> que causa un derrumbe.<\/li>\n<li><a title=\"1611\" href=\"https:\/\/es.wikipedia.org\/wiki\/1611\">1611<\/a> (28\/10\/16, a\u00f1o de <a class=\"mw-redirect\" title=\"Keicho\" href=\"https:\/\/es.wikipedia.org\/wiki\/Keicho\">Keicho<\/a>): en <a class=\"new\" title=\"Sanriku (a\u00fan no redactado)\" href=\"https:\/\/es.wikipedia.org\/w\/index.php?title=Sanriku&amp;action=edit&amp;redlink=1\">Sanriku<\/a>, en la costa oriental de la isla de <a class=\"mw-redirect\" title=\"Hokkaido\" href=\"https:\/\/es.wikipedia.org\/wiki\/Hokkaido\">Hokkaido<\/a> a las 14:00\u00a0(hora local) se registra un <a title=\"Terremoto\" href=\"https:\/\/es.wikipedia.org\/wiki\/Terremoto\">terremoto<\/a> de magnitud 8,1 en la <a title=\"Escala sismol\u00f3gica de Richter\" href=\"https:\/\/es.wikipedia.org\/wiki\/Escala_sismol%C3%B3gica_de_Richter\">escala sismol\u00f3gica de Richter<\/a>, y un <a title=\"Tsunami\" href=\"https:\/\/es.wikipedia.org\/wiki\/Tsunami\">tsunami<\/a>, que dejan un saldo de 5000\u00a0muertos.<\/li>\n<li><a title=\"1617\" href=\"https:\/\/es.wikipedia.org\/wiki\/1617\">1617<\/a>: en Madrid se inician las obras de la <a title=\"Plaza Mayor de Madrid\" href=\"https:\/\/es.wikipedia.org\/wiki\/Plaza_Mayor_de_Madrid\">Plaza mayor<\/a>.<\/li>\n<li><a title=\"1697\" href=\"https:\/\/es.wikipedia.org\/wiki\/1697\">1697<\/a>: en <a title=\"Londres\" href=\"https:\/\/es.wikipedia.org\/wiki\/Londres\">Londres<\/a> (Inglaterra) se consagra la <a class=\"mw-redirect\" title=\"Catedral de San Pablo (Londres)\" href=\"https:\/\/es.wikipedia.org\/wiki\/Catedral_de_San_Pablo_(Londres)\">Catedral de San Pablo<\/a>.<\/li>\n<li><a title=\"1755\" href=\"https:\/\/es.wikipedia.org\/wiki\/1755\">1755<\/a>: en <a title=\"Cornualles\" href=\"https:\/\/es.wikipedia.org\/wiki\/Cornualles\">Cornualles<\/a> (Inglaterra), un incendio destruye el segundo <a title=\"Faro de Eddystone\" href=\"https:\/\/es.wikipedia.org\/wiki\/Faro_de_Eddystone\">Faro de Eddystone<\/a>.<\/li>\n<li><a title=\"1763\" href=\"https:\/\/es.wikipedia.org\/wiki\/1763\">1763<\/a>: en <a title=\"Newport (Rhode Island)\" href=\"https:\/\/es.wikipedia.org\/wiki\/Newport_(Rhode_Island)\">Newport<\/a> (Rhode Island) se consagra la <a title=\"Sinagoga\" href=\"https:\/\/es.wikipedia.org\/wiki\/Sinagoga\">sinagoga<\/a> Touro, la primera en el territorio americano.<\/li>\n<li><a title=\"1804\" href=\"https:\/\/es.wikipedia.org\/wiki\/1804\">1804<\/a>: en <a title=\"Par\u00eds\" href=\"https:\/\/es.wikipedia.org\/wiki\/Par%C3%ADs\">Par\u00eds<\/a>, en presencia del papa cat\u00f3lico <a title=\"P\u00edo VII\" href=\"https:\/\/es.wikipedia.org\/wiki\/P%C3%ADo_VII\">P\u00edo VII<\/a>, <a title=\"Napole\u00f3n Bonaparte\" href=\"https:\/\/es.wikipedia.org\/wiki\/Napole%C3%B3n_Bonaparte\">Napole\u00f3n Bonaparte<\/a>, que hasta este momento hab\u00eda sido \u00abc\u00f3nsul de la Rep\u00fablica Francesa\u00bb, se autocorona \u00abemperador de Francia\u00bb.<\/li>\n<li><a title=\"1805\" href=\"https:\/\/es.wikipedia.org\/wiki\/1805\">1805<\/a>: en <a title=\"Slavkov u Brna\" href=\"https:\/\/es.wikipedia.org\/wiki\/Slavkov_u_Brna\">Slavkov u Brna<\/a> las tropas francesas de Napole\u00f3n derrotan a las aliadas de <a title=\"Austria\" href=\"https:\/\/es.wikipedia.org\/wiki\/Austria\">Austria<\/a> y <a title=\"Rusia\" href=\"https:\/\/es.wikipedia.org\/wiki\/Rusia\">Rusia<\/a> en la <a title=\"Batalla de Austerlitz\" href=\"https:\/\/es.wikipedia.org\/wiki\/Batalla_de_Austerlitz\">Batalla de Austerlitz<\/a>.<\/li>\n<li><a title=\"1811\" href=\"https:\/\/es.wikipedia.org\/wiki\/1811\">1811<\/a>: en <a title=\"Chile\" href=\"https:\/\/es.wikipedia.org\/wiki\/Chile\">Chile<\/a>, el general republicano <a title=\"Jos\u00e9 Miguel Carrera\" href=\"https:\/\/es.wikipedia.org\/wiki\/Jos%C3%A9_Miguel_Carrera\">Jos\u00e9 Miguel Carrera<\/a> disuelve el Congreso y proclama la dictadura.<\/li>\n<li><a title=\"1852\" href=\"https:\/\/es.wikipedia.org\/wiki\/1852\">1852<\/a>: en Francia, gracias a un golpe de Estado se restaura la monarqu\u00eda con el reinado de Luis Bonaparte o <a class=\"mw-redirect\" title=\"Napole\u00f3n III\" href=\"https:\/\/es.wikipedia.org\/wiki\/Napole%C3%B3n_III\">Napole\u00f3n III<\/a>.<\/li>\n<li><a title=\"1859\" href=\"https:\/\/es.wikipedia.org\/wiki\/1859\">1859<\/a>: la ciudad de <a title=\"\u015eamax\u0131\" href=\"https:\/\/es.wikipedia.org\/wiki\/%C5%9Eamax%C4%B1\">Shamakhi<\/a> \u2015antigua capital de <a title=\"Azerbaiy\u00e1n\" href=\"https:\/\/es.wikipedia.org\/wiki\/Azerbaiy%C3%A1n\">Azerbaiy\u00e1n<\/a> en la <a title=\"Monta\u00f1as del C\u00e1ucaso\" href=\"https:\/\/es.wikipedia.org\/wiki\/Monta%C3%B1as_del_C%C3%A1ucaso\">cordillera cauc\u00e1sica<\/a>\u2015 es borrada del mapa por un <a title=\"Terremoto\" href=\"https:\/\/es.wikipedia.org\/wiki\/Terremoto\">terremoto<\/a>; deja un saldo de un n\u00famero indeterminado de miles de muertos. La destrucci\u00f3n de la ciudad provoca que el centro gubernamental sea transferido otra vez a <a title=\"Bak\u00fa\" href=\"https:\/\/es.wikipedia.org\/wiki\/Bak%C3%BA\">Bak\u00fa<\/a>.<\/li>\n<li><a title=\"1873\" href=\"https:\/\/es.wikipedia.org\/wiki\/1873\">1873<\/a>: en <a title=\"Combate de Palo Seco\" href=\"https:\/\/es.wikipedia.org\/wiki\/Combate_de_Palo_Seco\">Palo Seco<\/a> (<a title=\"Cuba\" href=\"https:\/\/es.wikipedia.org\/wiki\/Cuba\">Cuba<\/a>) \u2015en el marco de la <a title=\"Guerra de los Diez A\u00f1os\" href=\"https:\/\/es.wikipedia.org\/wiki\/Guerra_de_los_Diez_A%C3%B1os\">Guerra de los Diez A\u00f1os<\/a>\u2015, las tropas cubanas, acaudilladas por <a class=\"mw-redirect\" title=\"M\u00e1ximo G\u00f3mez B\u00e1ez\" href=\"https:\/\/es.wikipedia.org\/wiki\/M%C3%A1ximo_G%C3%B3mez_B%C3%A1ez\">M\u00e1ximo G\u00f3mez<\/a>, vencen al ej\u00e9rcito espa\u00f1ol.<\/li>\n<li><a title=\"1875\" href=\"https:\/\/es.wikipedia.org\/wiki\/1875\">1875<\/a>: en <a title=\"Espa\u00f1a\" href=\"https:\/\/es.wikipedia.org\/wiki\/Espa%C3%B1a\">Espa\u00f1a<\/a>, <a title=\"Antonio C\u00e1novas del Castillo\" href=\"https:\/\/es.wikipedia.org\/wiki\/Antonio_C%C3%A1novas_del_Castillo\">Antonio C\u00e1novas del Castillo<\/a> es nombrado presidente del <a title=\"Consejo de Ministros\" href=\"https:\/\/es.wikipedia.org\/wiki\/Consejo_de_Ministros\">Consejo de Ministros<\/a>.<\/li>\n<li><a title=\"1897\" href=\"https:\/\/es.wikipedia.org\/wiki\/1897\">1897<\/a>: <a title=\"Espa\u00f1a\" href=\"https:\/\/es.wikipedia.org\/wiki\/Espa%C3%B1a\">Espa\u00f1a<\/a> concede la autonom\u00eda a <a title=\"Puerto Rico\" href=\"https:\/\/es.wikipedia.org\/wiki\/Puerto_Rico\">Puerto Rico<\/a> (pero meses despu\u00e9s ser\u00e1 invadido por Estados Unidos, hasta la actualidad).<\/li>\n<li><a title=\"1901\" href=\"https:\/\/es.wikipedia.org\/wiki\/1901\">1901<\/a>: <a title=\"King Camp Gillette\" href=\"https:\/\/es.wikipedia.org\/wiki\/King_Camp_Gillette\">King Camp Gillette<\/a> patenta la primera <a title=\"Afeitadora\" href=\"https:\/\/es.wikipedia.org\/wiki\/Afeitadora\">m\u00e1quina de afeitar<\/a> de hojas desechables.<\/li>\n<li><a title=\"1902\" href=\"https:\/\/es.wikipedia.org\/wiki\/1902\">1902<\/a>: Creaci\u00f3n de la <a title=\"Organizaci\u00f3n Panamericana de la Salud\" href=\"https:\/\/es.wikipedia.org\/wiki\/Organizaci%C3%B3n_Panamericana_de_la_Salud\">Organizaci\u00f3n Panamericana de la Salud<\/a>, bajo el nombre de Oficina Sanitaria Internacional, por la I Primera Convenci\u00f3n Sanitaria Internacional celebrada en <a title=\"Washington D. C.\" href=\"https:\/\/es.wikipedia.org\/wiki\/Washington_D._C.\">Washington D. C.<\/a><\/li>\n<li><a title=\"1906\" href=\"https:\/\/es.wikipedia.org\/wiki\/1906\">1906<\/a>: firma del acta delimitatoria de fronteras entre <a title=\"Espa\u00f1a\" href=\"https:\/\/es.wikipedia.org\/wiki\/Espa%C3%B1a\">Espa\u00f1a<\/a> y <a title=\"Portugal\" href=\"https:\/\/es.wikipedia.org\/wiki\/Portugal\">Portugal<\/a>.<\/li>\n<li><a title=\"1908\" href=\"https:\/\/es.wikipedia.org\/wiki\/1908\">1908<\/a>: en China, el ni\u00f1o de dos a\u00f1os <a title=\"Puyi\" href=\"https:\/\/es.wikipedia.org\/wiki\/Puyi\">Puyi<\/a> es nombrado <a title=\"Emperador de China\" href=\"https:\/\/es.wikipedia.org\/wiki\/Emperador_de_China\">emperador<\/a>.<\/li>\n<li><a title=\"1913\" href=\"https:\/\/es.wikipedia.org\/wiki\/1913\">1913<\/a>: en <a title=\"Roma\" href=\"https:\/\/es.wikipedia.org\/wiki\/Roma\">Roma<\/a>, <a title=\"Italia\" href=\"https:\/\/es.wikipedia.org\/wiki\/Italia\">Italia<\/a>, el papa <a class=\"mw-redirect\" title=\"San P\u00edo X\" href=\"https:\/\/es.wikipedia.org\/wiki\/San_P%C3%ADo_X\">San P\u00edo X<\/a> crea la Provincia Eclesi\u00e1stica de <a title=\"Nicaragua\" href=\"https:\/\/es.wikipedia.org\/wiki\/Nicaragua\">Nicaragua<\/a>, que hasta entonces era una sola <a title=\"Di\u00f3cesis\" href=\"https:\/\/es.wikipedia.org\/wiki\/Di%C3%B3cesis\">di\u00f3cesis<\/a> con sede en <a title=\"Le\u00f3n (Nicaragua)\" href=\"https:\/\/es.wikipedia.org\/wiki\/Le%C3%B3n_(Nicaragua)\">Le\u00f3n<\/a>, creando la <a title=\"Arquidi\u00f3cesis de Managua\" href=\"https:\/\/es.wikipedia.org\/wiki\/Arquidi%C3%B3cesis_de_Managua\">Arquidi\u00f3cesis de Managua<\/a>, las Di\u00f3cesis de <a title=\"Di\u00f3cesis de Le\u00f3n (Nicaragua)\" href=\"https:\/\/es.wikipedia.org\/wiki\/Di%C3%B3cesis_de_Le%C3%B3n_(Nicaragua)\">Le\u00f3n<\/a> y <a title=\"Granada (Nicaragua)\" href=\"https:\/\/es.wikipedia.org\/wiki\/Granada_(Nicaragua)\">Granada<\/a> y el <a class=\"mw-redirect\" title=\"Vicariato Apost\u00f3lico de Bluefields\" href=\"https:\/\/es.wikipedia.org\/wiki\/Vicariato_Apost%C3%B3lico_de_Bluefields\">Vicariato Apost\u00f3lico de Bluefields<\/a>.<\/li>\n<li><a title=\"1915\" href=\"https:\/\/es.wikipedia.org\/wiki\/1915\">1915<\/a>: <a title=\"Albert Einstein\" href=\"https:\/\/es.wikipedia.org\/wiki\/Albert_Einstein\">Albert Einstein<\/a> publica la <a title=\"Relatividad general\" href=\"https:\/\/es.wikipedia.org\/wiki\/Relatividad_general\">teor\u00eda general de la relatividad<\/a>.<\/li>\n<li><a title=\"1925\" href=\"https:\/\/es.wikipedia.org\/wiki\/1925\">1925<\/a>: en Espa\u00f1a, el dictador <a title=\"Miguel Primo de Rivera\" href=\"https:\/\/es.wikipedia.org\/wiki\/Miguel_Primo_de_Rivera\">Miguel Primo de Rivera<\/a> reemplaza al <a title=\"Dictadura de Primo de Rivera\" href=\"https:\/\/es.wikipedia.org\/wiki\/Dictadura_de_Primo_de_Rivera\">Directorio Militar<\/a>.<\/li>\n<li><a title=\"1927\" href=\"https:\/\/es.wikipedia.org\/wiki\/1927\">1927<\/a>: en la <a title=\"Uni\u00f3n Sovi\u00e9tica\" href=\"https:\/\/es.wikipedia.org\/wiki\/Uni%C3%B3n_Sovi%C3%A9tica\">Uni\u00f3n Sovi\u00e9tica<\/a>, <a title=\"Le\u00f3n Trotski\" href=\"https:\/\/es.wikipedia.org\/wiki\/Le%C3%B3n_Trotski\">Le\u00f3n Trotski<\/a> es expulsado del <a title=\"Partido Comunista de la Uni\u00f3n Sovi\u00e9tica\" href=\"https:\/\/es.wikipedia.org\/wiki\/Partido_Comunista_de_la_Uni%C3%B3n_Sovi%C3%A9tica\">Partido Comunista de la Uni\u00f3n Sovi\u00e9tica<\/a>.<\/li>\n<li><a title=\"1930\" href=\"https:\/\/es.wikipedia.org\/wiki\/1930\">1930<\/a>: en <a title=\"Estados Unidos\" href=\"https:\/\/es.wikipedia.org\/wiki\/Estados_Unidos\">Estados Unidos<\/a> \u2015en el marco de la <a class=\"new\" title=\"Gran Depresi\u00f3n (Estados Unidos) (a\u00fan no redactado)\" href=\"https:\/\/es.wikipedia.org\/w\/index.php?title=Gran_Depresi%C3%B3n_(Estados_Unidos)&amp;action=edit&amp;redlink=1\">Gran Depresi\u00f3n<\/a>\u2015 el presidente <a title=\"Herbert Hoover\" href=\"https:\/\/es.wikipedia.org\/wiki\/Herbert_Hoover\">Herbert Hoover<\/a> propone un programa de obras p\u00fablicas de 150\u00a0millones de d\u00f3lares para generar trabajo y as\u00ed estimular el mercado interno.<\/li>\n<li><a title=\"1931\" href=\"https:\/\/es.wikipedia.org\/wiki\/1931\">1931<\/a>: en <a title=\"El Salvador\" href=\"https:\/\/es.wikipedia.org\/wiki\/El_Salvador\">El Salvador<\/a>, un \u00ab<a title=\"Directorio c\u00edvico\" href=\"https:\/\/es.wikipedia.org\/wiki\/Directorio_c%C3%ADvico\">directorio c\u00edvico<\/a>\u00bb derroca y sustituye al presidente constitucional <a title=\"Arturo Araujo\" href=\"https:\/\/es.wikipedia.org\/wiki\/Arturo_Araujo\">Arturo Araujo<\/a>. Se da inicio a una sucesi\u00f3n de gobiernos militares que se prolongar\u00e1 hasta <a title=\"1979\" href=\"https:\/\/es.wikipedia.org\/wiki\/1979\">1979<\/a>.<\/li>\n<li><a title=\"1932\" href=\"https:\/\/es.wikipedia.org\/wiki\/1932\">1932<\/a>: en la <a title=\"Rep\u00fablica de Weimar\" href=\"https:\/\/es.wikipedia.org\/wiki\/Rep%C3%BAblica_de_Weimar\">Rep\u00fablica de Weimar<\/a> el General Schleicher es nombrado Canciller.<\/li>\n<li><a title=\"1939\" href=\"https:\/\/es.wikipedia.org\/wiki\/1939\">1939<\/a>: en <a title=\"Nueva York\" href=\"https:\/\/es.wikipedia.org\/wiki\/Nueva_York\">Nueva York<\/a> comienza a operar el <a class=\"new\" title=\"Aeropuerto La Guardia (a\u00fan no redactado)\" href=\"https:\/\/es.wikipedia.org\/w\/index.php?title=Aeropuerto_La_Guardia&amp;action=edit&amp;redlink=1\">Aeropuerto La Guardia<\/a>.<\/li>\n<li><a title=\"1942\" href=\"https:\/\/es.wikipedia.org\/wiki\/1942\">1942<\/a>: en Estados Unidos \u2015en el marco del <a title=\"Proyecto Manhattan\" href=\"https:\/\/es.wikipedia.org\/wiki\/Proyecto_Manhattan\">proyecto Manhattan<\/a>\u2015 un equipo liderado por <a title=\"Enrico Fermi\" href=\"https:\/\/es.wikipedia.org\/wiki\/Enrico_Fermi\">Enrico Fermi<\/a> inicia el primer reactor nuclear del mundo (<a title=\"Chicago Pile-1\" href=\"https:\/\/es.wikipedia.org\/wiki\/Chicago_Pile-1\">Chicago Pile-1<\/a>).<\/li>\n<li><a title=\"1949\" href=\"https:\/\/es.wikipedia.org\/wiki\/1949\">1949<\/a>: la <a title=\"Unesco\" href=\"https:\/\/es.wikipedia.org\/wiki\/Unesco\">Unesco<\/a> declara el <a title=\"D\u00eda Internacional para la Abolici\u00f3n de la Esclavitud\" href=\"https:\/\/es.wikipedia.org\/wiki\/D%C3%ADa_Internacional_para_la_Abolici%C3%B3n_de_la_Esclavitud\">D\u00eda Internacional para la Abolici\u00f3n de la Esclavitud<\/a>.<\/li>\n<li><a title=\"1952\" href=\"https:\/\/es.wikipedia.org\/wiki\/1952\">1952<\/a>: en <a title=\"Venezuela\" href=\"https:\/\/es.wikipedia.org\/wiki\/Venezuela\">Venezuela<\/a>, <a title=\"Marcos P\u00e9rez Jim\u00e9nez\" href=\"https:\/\/es.wikipedia.org\/wiki\/Marcos_P%C3%A9rez_Jim%C3%A9nez\">Marcos P\u00e9rez Jim\u00e9nez<\/a>, comandante del <a class=\"mw-redirect\" title=\"Ej\u00e9rcito de Venezuela\" href=\"https:\/\/es.wikipedia.org\/wiki\/Ej%C3%A9rcito_de_Venezuela\">ej\u00e9rcito<\/a>, no reconoce los resultados electorales, perpetrando as\u00ed un <a class=\"mw-redirect\" title=\"Golpe de estado\" href=\"https:\/\/es.wikipedia.org\/wiki\/Golpe_de_estado\">golpe de estado<\/a> y dando inicio a una <a title=\"Dictadura\" href=\"https:\/\/es.wikipedia.org\/wiki\/Dictadura\">dictadura<\/a> militar.<\/li>\n<li><a title=\"1954\" href=\"https:\/\/es.wikipedia.org\/wiki\/1954\">1954<\/a>: el <a title=\"Senado de los Estados Unidos\" href=\"https:\/\/es.wikipedia.org\/wiki\/Senado_de_los_Estados_Unidos\">Senado de los Estados Unidos<\/a> vota una \u00ab<a title=\"Moci\u00f3n de censura\" href=\"https:\/\/es.wikipedia.org\/wiki\/Moci%C3%B3n_de_censura\">moci\u00f3n de censura<\/a>\u00bb para detener las actividades del senador republicano <a title=\"Joseph McCarthy\" href=\"https:\/\/es.wikipedia.org\/wiki\/Joseph_McCarthy\">Joseph McCarthy<\/a> (1908-1957, principal art\u00edfice de la <a title=\"Macarthismo\" href=\"https:\/\/es.wikipedia.org\/wiki\/Macarthismo\">caza de brujas<\/a>), \u00abcuya conducta trajo al Senado el deshonor y la infamia\u00bb.<\/li>\n<li><a title=\"1956\" href=\"https:\/\/es.wikipedia.org\/wiki\/1956\">1956<\/a>: llega a las costas de <a title=\"Cuba\" href=\"https:\/\/es.wikipedia.org\/wiki\/Cuba\">Cuba<\/a> el yate \u00ab<a title=\"Granma (yate)\" href=\"https:\/\/es.wikipedia.org\/wiki\/Granma_(yate)\">Granma<\/a>\u00ab, con 82 revolucionarios cubanos a bordo, liderados por <a title=\"Fidel Castro\" href=\"https:\/\/es.wikipedia.org\/wiki\/Fidel_Castro\">Fidel Castro<\/a>, para emprender la lucha armada contra el gobierno de <a title=\"Fulgencio Batista\" href=\"https:\/\/es.wikipedia.org\/wiki\/Fulgencio_Batista\">Fulgencio Batista<\/a> desde las monta\u00f1as de Oriente.<\/li>\n<li><a title=\"1961\" href=\"https:\/\/es.wikipedia.org\/wiki\/1961\">1961<\/a>: en <a title=\"La Habana\" href=\"https:\/\/es.wikipedia.org\/wiki\/La_Habana\">La Habana<\/a> (Cuba), el l\u00edder <a title=\"Fidel Castro\" href=\"https:\/\/es.wikipedia.org\/wiki\/Fidel_Castro\">Fidel Castro<\/a> declara en un discurso p\u00fablico que \u00e9l es <a title=\"Marxismo-leninismo\" href=\"https:\/\/es.wikipedia.org\/wiki\/Marxismo-leninismo\">marxista-leninista<\/a> y que su pa\u00eds adoptar\u00e1 el <a title=\"Comunismo\" href=\"https:\/\/es.wikipedia.org\/wiki\/Comunismo\">comunismo<\/a>.<\/li>\n<li>1961: en la aldea <a title=\"Cuba\" href=\"https:\/\/es.wikipedia.org\/wiki\/Cuba\">cubana<\/a> de <a title=\"Trinidad (Cuba)\" href=\"https:\/\/es.wikipedia.org\/wiki\/Trinidad_(Cuba)\">La Pedrera<\/a> (<a title=\"Provincia de Sancti Sp\u00edritus\" href=\"https:\/\/es.wikipedia.org\/wiki\/Provincia_de_Sancti_Sp%C3%ADritus\">provincia de Sancti Sp\u00edritus<\/a>), la banda de los terroristas cubanos Osirio Borges Rojas y Pedro Gonz\u00e1lez \u2015en el marco de los ataques terroristas organizados por la <a title=\"Agencia Central de Inteligencia\" href=\"https:\/\/es.wikipedia.org\/wiki\/Agencia_Central_de_Inteligencia\">CIA<\/a>\u00a0estadounidense\u2015 asesinan al <a title=\"Fuerzas Armadas Revolucionarias de Cuba\" href=\"https:\/\/es.wikipedia.org\/wiki\/Fuerzas_Armadas_Revolucionarias_de_Cuba\">miliciano<\/a> H\u00e9ctor Ruiz P\u00e9rez (maestro voluntario de la <a class=\"mw-redirect\" title=\"Plan de Alfabetizaci\u00f3n (Cuba)\" href=\"https:\/\/es.wikipedia.org\/wiki\/Plan_de_Alfabetizaci%C3%B3n_(Cuba)\">Campa\u00f1a Nacional de Alfabetizaci\u00f3n<\/a>).<sup id=\"cite_ref-1\" class=\"reference\"><a href=\"https:\/\/es.wikipedia.org\/wiki\/2_de_diciembre#cite_note-1\">1<\/a><\/sup> <sup id=\"cite_ref-2\" class=\"reference\"><a href=\"https:\/\/es.wikipedia.org\/wiki\/2_de_diciembre#cite_note-2\">2<\/a><\/sup><\/li>\n<li><a title=\"1962\" href=\"https:\/\/es.wikipedia.org\/wiki\/1962\">1962<\/a>: en Estados Unidos, el l\u00edder de la mayor\u00eda en el Senado, <a class=\"new\" title=\"Mike Mansfield (a\u00fan no redactado)\" href=\"https:\/\/es.wikipedia.org\/w\/index.php?title=Mike_Mansfield&amp;action=edit&amp;redlink=1\">Mike Mansfield<\/a> \u2015a su regreso de <a title=\"Vietnam\" href=\"https:\/\/es.wikipedia.org\/wiki\/Vietnam\">Vietnam<\/a>, adonde hab\u00eda viajado a pedido del presidente <a title=\"John F. Kennedy\" href=\"https:\/\/es.wikipedia.org\/wiki\/John_F._Kennedy\">John F. Kennedy<\/a>\u2015, se convierte en el primer oficial estadounidense que comenta de manera adversa contra la intervenci\u00f3n estadounidense en los asuntos internos de ese pa\u00eds.<\/li>\n<li><a title=\"1963\" href=\"https:\/\/es.wikipedia.org\/wiki\/1963\">1963<\/a>: en Espa\u00f1a, el <a class=\"mw-redirect\" title=\"Gobierno espa\u00f1ol\" href=\"https:\/\/es.wikipedia.org\/wiki\/Gobierno_espa%C3%B1ol\">Gobierno<\/a> crea el <a title=\"Tribunal de Orden P\u00fablico\" href=\"https:\/\/es.wikipedia.org\/wiki\/Tribunal_de_Orden_P%C3%BAblico\">Tribunal de Orden P\u00fablico<\/a>, instancia judicial especial para la represi\u00f3n de delitos pol\u00edticos.<\/li>\n<li><a title=\"1968\" href=\"https:\/\/es.wikipedia.org\/wiki\/1968\">1968<\/a>: la <a title=\"Organizaci\u00f3n de las Naciones Unidas\" href=\"https:\/\/es.wikipedia.org\/wiki\/Organizaci%C3%B3n_de_las_Naciones_Unidas\">ONU<\/a> condena la pol\u00edtica de \u00ab<a title=\"Apartheid\" href=\"https:\/\/es.wikipedia.org\/wiki\/Apartheid\">apartheid<\/a>\u00bb del gobierno <a title=\"Sud\u00e1frica\" href=\"https:\/\/es.wikipedia.org\/wiki\/Sud%C3%A1frica\">sudafricano<\/a>.<\/li>\n<li><a title=\"1971\" href=\"https:\/\/es.wikipedia.org\/wiki\/1971\">1971<\/a>: en <a title=\"Marte (planeta)\" href=\"https:\/\/es.wikipedia.org\/wiki\/Marte_(planeta)\">Marte<\/a> aterriza la sonda <a title=\"Mars 3\" href=\"https:\/\/es.wikipedia.org\/wiki\/Mars_3\">Mars 3<\/a>, el primer veh\u00edculo humano que alcanza ese planeta.<\/li>\n<li>1971: seis emiratos del <a title=\"Golfo P\u00e9rsico\" href=\"https:\/\/es.wikipedia.org\/wiki\/Golfo_P%C3%A9rsico\">Golfo P\u00e9rsico<\/a> constituyen la Federaci\u00f3n de <a title=\"Emiratos \u00c1rabes Unidos\" href=\"https:\/\/es.wikipedia.org\/wiki\/Emiratos_%C3%81rabes_Unidos\">Emiratos \u00c1rabes<\/a>.<\/li>\n<li><a title=\"1976\" href=\"https:\/\/es.wikipedia.org\/wiki\/1976\">1976<\/a>: en <a title=\"La Habana\" href=\"https:\/\/es.wikipedia.org\/wiki\/La_Habana\">La Habana<\/a>, <a title=\"Fidel Castro\" href=\"https:\/\/es.wikipedia.org\/wiki\/Fidel_Castro\">Fidel Castro<\/a> se convierte en <a class=\"mw-redirect\" title=\"Presidente de Cuba\" href=\"https:\/\/es.wikipedia.org\/wiki\/Presidente_de_Cuba\">presidente de Cuba<\/a>, en reemplazo de <a title=\"Osvaldo Dortic\u00f3s Torrado\" href=\"https:\/\/es.wikipedia.org\/wiki\/Osvaldo_Dortic%C3%B3s_Torrado\">Osvaldo Dortic\u00f3s Torrado<\/a>.<\/li>\n<li>1979: en <a title=\"Argentina\" href=\"https:\/\/es.wikipedia.org\/wiki\/Argentina\">Argentina<\/a>, es utilizado por \u00faltima vez el estadio \u00ab<a class=\"mw-redirect\" title=\"Viejo Gas\u00f3metro\" href=\"https:\/\/es.wikipedia.org\/wiki\/Viejo_Gas%C3%B3metro\">Gas\u00f3metro<\/a>\u00bb del <a title=\"Club Atl\u00e9tico San Lorenzo de Almagro\" href=\"https:\/\/es.wikipedia.org\/wiki\/Club_Atl%C3%A9tico_San_Lorenzo_de_Almagro\">Club Atl\u00e9tico San Lorenzo de Almagro<\/a> para alojar un partido de f\u00fatbol.<\/li>\n<li><a title=\"1980\" href=\"https:\/\/es.wikipedia.org\/wiki\/1980\">1980<\/a>: en <a title=\"El Salvador\" href=\"https:\/\/es.wikipedia.org\/wiki\/El_Salvador\">El Salvador<\/a>, ocho mujeres \u2015entre ellas las monjas estadounidenses <a title=\"Ita Ford\" href=\"https:\/\/es.wikipedia.org\/wiki\/Ita_Ford\">Ita Ford<\/a>, <a class=\"new\" title=\"Maura Clarke (a\u00fan no redactado)\" href=\"https:\/\/es.wikipedia.org\/w\/index.php?title=Maura_Clarke&amp;action=edit&amp;redlink=1\">Maura Clarke<\/a>, <a class=\"new\" title=\"Jean Donovan (a\u00fan no redactado)\" href=\"https:\/\/es.wikipedia.org\/w\/index.php?title=Jean_Donovan&amp;action=edit&amp;redlink=1\">Jean Donovan<\/a> y <a class=\"new\" title=\"Dorothy Kazel (a\u00fan no redactado)\" href=\"https:\/\/es.wikipedia.org\/w\/index.php?title=Dorothy_Kazel&amp;action=edit&amp;redlink=1\">Dorothy Kazel<\/a>\u2015 son violadas y asesinadas por los \u00ab<a title=\"Escuadrones de la muerte (El Salvador)\" href=\"https:\/\/es.wikipedia.org\/wiki\/Escuadrones_de_la_muerte_(El_Salvador)\">escuadrones de la muerte<\/a>\u00bb de la dictadura de derechas autodenominada <a title=\"Junta Revolucionaria de Gobierno (El Salvador)\" href=\"https:\/\/es.wikipedia.org\/wiki\/Junta_Revolucionaria_de_Gobierno_(El_Salvador)\">Junta \u00abRevolucionaria\u00bb de Gobierno<\/a>.<\/li>\n<li><a title=\"1982\" href=\"https:\/\/es.wikipedia.org\/wiki\/1982\">1982<\/a>: en Madrid, <a title=\"Pedro La\u00edn Entralgo\" href=\"https:\/\/es.wikipedia.org\/wiki\/Pedro_La%C3%ADn_Entralgo\">Pedro La\u00edn Entralgo<\/a> es elegido director de la <a title=\"Real Academia Espa\u00f1ola\" href=\"https:\/\/es.wikipedia.org\/wiki\/Real_Academia_Espa%C3%B1ola\">Real Academia Espa\u00f1ola<\/a>.<\/li>\n<li>1982: en Espa\u00f1a, <a title=\"Felipe Gonz\u00e1lez\" href=\"https:\/\/es.wikipedia.org\/wiki\/Felipe_Gonz%C3%A1lez\">Felipe Gonz\u00e1lez<\/a> es elegido como <a title=\"Presidente del Gobierno de Espa\u00f1a\" href=\"https:\/\/es.wikipedia.org\/wiki\/Presidente_del_Gobierno_de_Espa%C3%B1a\">presidente del Gobierno<\/a>.<\/li>\n<li>1982: en la <a title=\"Universidad de Utah\" href=\"https:\/\/es.wikipedia.org\/wiki\/Universidad_de_Utah\">Universidad de Utah<\/a> (Estados Unidos), Barney Clark se convierte en la primera persona que recibe un <a title=\"Coraz\u00f3n artificial\" href=\"https:\/\/es.wikipedia.org\/wiki\/Coraz%C3%B3n_artificial\">coraz\u00f3n artificial<\/a>permanente.<\/li>\n<li><a title=\"1983\" href=\"https:\/\/es.wikipedia.org\/wiki\/1983\">1983<\/a>: en Estados Unidos, el cantante <a title=\"Michael Jackson\" href=\"https:\/\/es.wikipedia.org\/wiki\/Michael_Jackson\">Michael Jackson<\/a> estrena el <a title=\"Michael Jackson's Thriller\" href=\"https:\/\/es.wikipedia.org\/wiki\/Michael_Jackson%27s_Thriller\">videoclip de la canci\u00f3n \u00abThriller\u00bb<\/a> perteneciente al <a title=\"Thriller (\u00e1lbum)\" href=\"https:\/\/es.wikipedia.org\/wiki\/Thriller_(%C3%A1lbum)\">\u00e1lbum hom\u00f3nimo<\/a>. El videoclip logra tal impacto a nivel mundial que el a\u00f1o 2009 el Congreso de Estados Unidos lo declar\u00f3 patrimonio hist\u00f3rico de ese pa\u00eds.<\/li>\n<li><a title=\"1987\" href=\"https:\/\/es.wikipedia.org\/wiki\/1987\">1987<\/a>: Espa\u00f1a y el <a title=\"Reino Unido\" href=\"https:\/\/es.wikipedia.org\/wiki\/Reino_Unido\">Reino Unido<\/a> llegan a un acuerdo en <a title=\"Londres\" href=\"https:\/\/es.wikipedia.org\/wiki\/Londres\">Londres<\/a> sobre el uso conjunto del <a title=\"Aeropuerto de Gibraltar\" href=\"https:\/\/es.wikipedia.org\/wiki\/Aeropuerto_de_Gibraltar\">aeropuerto de Gibraltar<\/a>.<\/li>\n<li>1987: en un t\u00fanel a 271\u00a0metros bajo tierra, en el \u00e1rea U12p.02 del <a class=\"mw-redirect\" title=\"Sitio de pruebas at\u00f3micas de Nevada\" href=\"https:\/\/es.wikipedia.org\/wiki\/Sitio_de_pruebas_at%C3%B3micas_de_Nevada\">Sitio de pruebas at\u00f3micas de Nevada<\/a> (a unos 100\u00a0km al noroeste de la ciudad de <a title=\"Las Vegas\" href=\"https:\/\/es.wikipedia.org\/wiki\/Las_Vegas\">Las Vegas<\/a>), a las 8:00:00.084 (hora local) Estados Unidos detona su <a title=\"Bomba at\u00f3mica\" href=\"https:\/\/es.wikipedia.org\/wiki\/Bomba_at%C3%B3mica\">bomba at\u00f3mica<\/a> <a class=\"new\" title=\"Operaci\u00f3n Touchstone (a\u00fan no redactado)\" href=\"https:\/\/es.wikipedia.org\/w\/index.php?title=Operaci%C3%B3n_Touchstone&amp;action=edit&amp;redlink=1\">Mission Cyber<\/a>, de 2\u00a0<a class=\"mw-redirect\" title=\"Kilotones\" href=\"https:\/\/es.wikipedia.org\/wiki\/Kilotones\">kt<\/a>. Es la bomba\u00a0n.\u00ba\u00a01069 de las 1129 que Estados Unidos deton\u00f3 entre 1945 y 1992.<\/li>\n<li><a title=\"1990\" href=\"https:\/\/es.wikipedia.org\/wiki\/1990\">1990<\/a>: en la <a title=\"Alemania\" href=\"https:\/\/es.wikipedia.org\/wiki\/Alemania\">Alemania<\/a> reunificada se realizan las primeras elecciones.<\/li>\n<li><a title=\"1992\" href=\"https:\/\/es.wikipedia.org\/wiki\/1992\">1992<\/a>: en <a title=\"Jap\u00f3n\" href=\"https:\/\/es.wikipedia.org\/wiki\/Jap%C3%B3n\">Jap\u00f3n<\/a> sale a la venta el videojuego <i><a title=\"Final Fantasy\" href=\"https:\/\/es.wikipedia.org\/wiki\/Final_Fantasy\">Final Fantasy<\/a>\u00a0V<\/i>.<\/li>\n<li><a title=\"1993\" href=\"https:\/\/es.wikipedia.org\/wiki\/1993\">1993<\/a>: en <a title=\"Colombia\" href=\"https:\/\/es.wikipedia.org\/wiki\/Colombia\">Colombia<\/a>, el bloque de b\u00fasqueda de la polic\u00eda da de baja a <a title=\"Pablo Escobar\" href=\"https:\/\/es.wikipedia.org\/wiki\/Pablo_Escobar\">Pablo Escobar<\/a>, m\u00e1ximo l\u00edder del <a title=\"Cartel de Medell\u00edn\" href=\"https:\/\/es.wikipedia.org\/wiki\/Cartel_de_Medell%C3%ADn\">Cartel de Medell\u00edn<\/a>.<\/li>\n<li><a title=\"1993\" href=\"https:\/\/es.wikipedia.org\/wiki\/1993\">1993<\/a>: en Estados Unidos, la NASA lanza el <a class=\"mw-redirect\" title=\"Transbordador Endeavour\" href=\"https:\/\/es.wikipedia.org\/wiki\/Transbordador_Endeavour\">transbordador Endeavour<\/a> para reparar el <a title=\"Telescopio espacial Hubble\" href=\"https:\/\/es.wikipedia.org\/wiki\/Telescopio_espacial_Hubble\">telescopio espacial Hubble<\/a>.<\/li>\n<li><a title=\"1993\" href=\"https:\/\/es.wikipedia.org\/wiki\/1993\">1993<\/a>: en <a title=\"Medell\u00edn\" href=\"https:\/\/es.wikipedia.org\/wiki\/Medell%C3%ADn\">Medell\u00edn<\/a> (<a title=\"Colombia\" href=\"https:\/\/es.wikipedia.org\/wiki\/Colombia\">Colombia<\/a>), el narcotraficante <a title=\"Pablo Escobar\" href=\"https:\/\/es.wikipedia.org\/wiki\/Pablo_Escobar\">Pablo Escobar<\/a> es matado a tiros.<\/li>\n<li><a title=\"1996\" href=\"https:\/\/es.wikipedia.org\/wiki\/1996\">1996<\/a>: en <a title=\"Doha\" href=\"https:\/\/es.wikipedia.org\/wiki\/Doha\">Doha<\/a>, el <a title=\"Consejo Ol\u00edmpico de Asia\" href=\"https:\/\/es.wikipedia.org\/wiki\/Consejo_Ol%C3%ADmpico_de_Asia\">Consejo Ol\u00edmpico de Asia<\/a> da a conocer la nueva bandera oficial de la organizaci\u00f3n.<sup id=\"cite_ref-ref_duplicada_1185_3-0\" class=\"reference\"><a href=\"https:\/\/es.wikipedia.org\/wiki\/2_de_diciembre#cite_note-ref_duplicada_1185-3\">3<\/a><\/sup><\/li>\n<li><a title=\"1988\" href=\"https:\/\/es.wikipedia.org\/wiki\/1988\">1988<\/a>: en <a title=\"Pakist\u00e1n\" href=\"https:\/\/es.wikipedia.org\/wiki\/Pakist%C3%A1n\">Pakist\u00e1n<\/a>, <a title=\"Benazir Bhutto\" href=\"https:\/\/es.wikipedia.org\/wiki\/Benazir_Bhutto\">Benazir Bhutto<\/a> jura como primera ministra, convirti\u00e9ndose en la primera mujer que gobierna un estado dominado por el <a title=\"Islamismo\" href=\"https:\/\/es.wikipedia.org\/wiki\/Islamismo\">islamismo<\/a>.<\/li>\n<li><a title=\"1999\" href=\"https:\/\/es.wikipedia.org\/wiki\/1999\">1999<\/a>: la <a title=\"Unesco\" href=\"https:\/\/es.wikipedia.org\/wiki\/Unesco\">Unesco<\/a> le otorga a <a title=\"San Crist\u00f3bal de La Laguna\" href=\"https:\/\/es.wikipedia.org\/wiki\/San_Crist%C3%B3bal_de_La_Laguna\">San Crist\u00f3bal de La Laguna<\/a> (<a title=\"Canarias\" href=\"https:\/\/es.wikipedia.org\/wiki\/Canarias\">Canarias<\/a>) el t\u00edtulo de <a title=\"Patrimonio de la Humanidad\" href=\"https:\/\/es.wikipedia.org\/wiki\/Patrimonio_de_la_Humanidad\">Patrimonio Cultural de la Humanidad<\/a>.<\/li>\n<li><a title=\"2000\" href=\"https:\/\/es.wikipedia.org\/wiki\/2000\">2000<\/a>: en la sala Metro de <a title=\"Chicago\" href=\"https:\/\/es.wikipedia.org\/wiki\/Chicago\">Chicago<\/a>, el grupo estadounidende <a title=\"The Smashing Pumpkins\" href=\"https:\/\/es.wikipedia.org\/wiki\/The_Smashing_Pumpkins\">The Smashing Pumpkins<\/a> da su \u00faltimo concierto.<\/li>\n<li><a title=\"2001\" href=\"https:\/\/es.wikipedia.org\/wiki\/2001\">2001<\/a>: en Estados Unidos, la empresa <a title=\"Enron\" href=\"https:\/\/es.wikipedia.org\/wiki\/Enron\">Enron<\/a> se declara en bancarrota.<\/li>\n<li><a title=\"2002\" href=\"https:\/\/es.wikipedia.org\/wiki\/2002\">2002<\/a>: en <a title=\"Venezuela\" href=\"https:\/\/es.wikipedia.org\/wiki\/Venezuela\">Venezuela<\/a>, la empresa petrolera <a class=\"mw-redirect\" title=\"PDVSA\" href=\"https:\/\/es.wikipedia.org\/wiki\/PDVSA\">PDVSA<\/a> inicia un paro patronal, que incluir\u00e1 un <a class=\"mw-redirect\" title=\"Paro petrolero de 2002-2003\" href=\"https:\/\/es.wikipedia.org\/wiki\/Paro_petrolero_de_2002-2003\">paralizaci\u00f3n de actividades de la industria petrolera<\/a>, intentando forzar la salida del presidente <a title=\"Hugo Ch\u00e1vez\" href=\"https:\/\/es.wikipedia.org\/wiki\/Hugo_Ch%C3%A1vez\">Hugo Ch\u00e1vez<\/a>.<\/li>\n<li><a title=\"2005\" href=\"https:\/\/es.wikipedia.org\/wiki\/2005\">2005<\/a>: en Europa se lanza la consola <a title=\"Xbox 360\" href=\"https:\/\/es.wikipedia.org\/wiki\/Xbox_360\">Xbox 360<\/a>.<\/li>\n<li><a title=\"2006\" href=\"https:\/\/es.wikipedia.org\/wiki\/2006\">2006<\/a>: <a title=\"Erreway\" href=\"https:\/\/es.wikipedia.org\/wiki\/Erreway\">Erreway<\/a> empieza su primera gira por <a title=\"Espa\u00f1a\" href=\"https:\/\/es.wikipedia.org\/wiki\/Espa%C3%B1a\">Espa\u00f1a<\/a> en el <a title=\"Palau Sant Jordi\" href=\"https:\/\/es.wikipedia.org\/wiki\/Palau_Sant_Jordi\">Palau Sant Jordi<\/a> de <a title=\"Barcelona\" href=\"https:\/\/es.wikipedia.org\/wiki\/Barcelona\">Barcelona<\/a>.<\/li>\n<li><a title=\"2006\" href=\"https:\/\/es.wikipedia.org\/wiki\/2006\">2006<\/a>: en Jap\u00f3n se lanza la consola <a title=\"Wii\" href=\"https:\/\/es.wikipedia.org\/wiki\/Wii\">Wii<\/a> de <a title=\"Nintendo\" href=\"https:\/\/es.wikipedia.org\/wiki\/Nintendo\">Nintendo<\/a>.<\/li>\n<li>2006: en Colombia se inaugura el <a title=\"Parque nacional del Chicamocha\" href=\"https:\/\/es.wikipedia.org\/wiki\/Parque_nacional_del_Chicamocha\">Parque nacional del Chicamocha<\/a> (PanaChi).<\/li>\n<li><a title=\"2007\" href=\"https:\/\/es.wikipedia.org\/wiki\/2007\">2007<\/a>: en Venezuela, el presidente <a title=\"Hugo Ch\u00e1vez\" href=\"https:\/\/es.wikipedia.org\/wiki\/Hugo_Ch%C3%A1vez\">Hugo Ch\u00e1vez<\/a> organiza unas elecciones consultivas sobre un <a title=\"Refer\u00e9ndum constitucional de Venezuela de 2007\" href=\"https:\/\/es.wikipedia.org\/wiki\/Refer%C3%A9ndum_constitucional_de_Venezuela_de_2007\">refer\u00e9ndum constitucional<\/a>.<\/li>\n<li>2007: en <a title=\"Argentina\" href=\"https:\/\/es.wikipedia.org\/wiki\/Argentina\">Argentina<\/a>, el <a title=\"Club Atl\u00e9tico Lan\u00fas\" href=\"https:\/\/es.wikipedia.org\/wiki\/Club_Atl%C3%A9tico_Lan%C3%BAs\">Club Atl\u00e9tico Lan\u00fas<\/a> se consagra por primera vez campe\u00f3n nacional de <a title=\"F\u00fatbol\" href=\"https:\/\/es.wikipedia.org\/wiki\/F%C3%BAtbol\">f\u00fatbol<\/a>.<\/li>\n<li><a title=\"2009\" href=\"https:\/\/es.wikipedia.org\/wiki\/2009\">2009<\/a>: en los <a title=\"Emiratos \u00c1rabes Unidos\" href=\"https:\/\/es.wikipedia.org\/wiki\/Emiratos_%C3%81rabes_Unidos\">Emiratos \u00c1rabes Unidos<\/a> se inaugura el rascacielos <a title=\"Burj Khalifa\" href=\"https:\/\/es.wikipedia.org\/wiki\/Burj_Khalifa\">Torre Jalifa<\/a> (Burj Dub\u00e1i), el de mayor altura jam\u00e1s construido (828\u00a0m), tras seis a\u00f1os de obras.<\/li>\n<li><a title=\"2010\" href=\"https:\/\/es.wikipedia.org\/wiki\/2010\">2010<\/a>: la <a title=\"FIFA\" href=\"https:\/\/es.wikipedia.org\/wiki\/FIFA\">FIFA<\/a> otorga la XXI edici\u00f3n de la <a title=\"Copa Mundial de F\u00fatbol\" href=\"https:\/\/es.wikipedia.org\/wiki\/Copa_Mundial_de_F%C3%BAtbol\">Copa Mundial de F\u00fatbol<\/a> a <a title=\"Rusia\" href=\"https:\/\/es.wikipedia.org\/wiki\/Rusia\">Rusia<\/a> la cual se llevara a cabo del <a title=\"8 de junio\" href=\"https:\/\/es.wikipedia.org\/wiki\/8_de_junio\">8 de junio<\/a> al <a title=\"8 de julio\" href=\"https:\/\/es.wikipedia.org\/wiki\/8_de_julio\">8 de julio<\/a> de <a title=\"2018\" href=\"https:\/\/es.wikipedia.org\/wiki\/2018\">2018<\/a>. As\u00ed mismo otorg\u00f3 la XXII edici\u00f3n de la <a title=\"Copa Mundial de F\u00fatbol\" href=\"https:\/\/es.wikipedia.org\/wiki\/Copa_Mundial_de_F%C3%BAtbol\">Copa Mundial de F\u00fatbol<\/a> a <a title=\"Catar\" href=\"https:\/\/es.wikipedia.org\/wiki\/Catar\">Catar<\/a> la cual se llevar\u00e1 a cabo del <a title=\"10 de junio\" href=\"https:\/\/es.wikipedia.org\/wiki\/10_de_junio\">10 de junio<\/a> al <a title=\"10 de julio\" href=\"https:\/\/es.wikipedia.org\/wiki\/10_de_julio\">10 de julio<\/a> de <a title=\"2022\" href=\"https:\/\/es.wikipedia.org\/wiki\/2022\">2022<\/a>. Ser\u00e1 la primera vez que el mundial se celebre en Europa Oriental y en el Medio Oriente.<\/li>\n<li><a title=\"2014\" href=\"https:\/\/es.wikipedia.org\/wiki\/2014\">2014<\/a>: Fin del \u00e9bola en Espa\u00f1a tras 56 d\u00edas despu\u00e9s de la aparici\u00f3n del virus.<\/li>\n<\/ul>\n<h2 style=\"text-align: justify;\"><span id=\"Nacimientos\" class=\"mw-headline\">Nacimientos<\/span><\/h2>\n<ul style=\"text-align: justify;\">\n<li><a title=\"1578\" href=\"https:\/\/es.wikipedia.org\/wiki\/1578\">1578<\/a>: <a title=\"Agostino Agazzari\" href=\"https:\/\/es.wikipedia.org\/wiki\/Agostino_Agazzari\">Agostino Agazzari<\/a>, compositor y te\u00f3rico italiano (f. 1640).<\/li>\n<li><a title=\"1694\" href=\"https:\/\/es.wikipedia.org\/wiki\/1694\">1694<\/a>: <a title=\"William Shirley\" href=\"https:\/\/es.wikipedia.org\/wiki\/William_Shirley\">William Shirley<\/a>, pol\u00edtico brit\u00e1nico, gobernador de Massachusetts y de las Bahamas (f. 1771).<\/li>\n<li><a title=\"1738\" href=\"https:\/\/es.wikipedia.org\/wiki\/1738\">1738<\/a>: <a title=\"Richard Montgomery\" href=\"https:\/\/es.wikipedia.org\/wiki\/Richard_Montgomery\">Richard Montgomery<\/a>, general irlandoestadounidense (f. 1775).<\/li>\n<li><a title=\"1753\" href=\"https:\/\/es.wikipedia.org\/wiki\/1753\">1753<\/a>: <a title=\"Francisco Javier Balmis\" href=\"https:\/\/es.wikipedia.org\/wiki\/Francisco_Javier_Balmis\">Francisco Javier Balmis<\/a>, m\u00e9dico espa\u00f1ol (f. 1819).<\/li>\n<li><a title=\"1825\" href=\"https:\/\/es.wikipedia.org\/wiki\/1825\">1825<\/a>: <a title=\"Pedro II de Brasil\" href=\"https:\/\/es.wikipedia.org\/wiki\/Pedro_II_de_Brasil\">Pedro II<\/a>, emperador brasile\u00f1o (f. 1891).<\/li>\n<li><a title=\"1846\" href=\"https:\/\/es.wikipedia.org\/wiki\/1846\">1846<\/a>: <a title=\"Ren\u00e9 Waldeck-Rousseau\" href=\"https:\/\/es.wikipedia.org\/wiki\/Ren%C3%A9_Waldeck-Rousseau\">Ren\u00e9 Waldeck-Rousseau<\/a>, pol\u00edtico franc\u00e9s, 68.\u00ba primer ministro (f. 1904).<\/li>\n<li><a title=\"1859\" href=\"https:\/\/es.wikipedia.org\/wiki\/1859\">1859<\/a>: <a title=\"Georges Pierre Seurat\" href=\"https:\/\/es.wikipedia.org\/wiki\/Georges_Pierre_Seurat\">Georges Pierre Seurat<\/a>, pintor franc\u00e9s (f. 1891).<\/li>\n<li><a title=\"1865\" href=\"https:\/\/es.wikipedia.org\/wiki\/1865\">1865<\/a>: <a title=\"Louis Zutter\" href=\"https:\/\/es.wikipedia.org\/wiki\/Louis_Zutter\">Louis Zutter<\/a>, gimnasta suizo (f. 1946).<\/li>\n<li><a title=\"1879\" href=\"https:\/\/es.wikipedia.org\/wiki\/1879\">1879<\/a>: <a title=\"Aurelio Arteta\" href=\"https:\/\/es.wikipedia.org\/wiki\/Aurelio_Arteta\">Aurelio Arteta<\/a>, pintor espa\u00f1ol (f. 1940).<\/li>\n<li><a title=\"1885\" href=\"https:\/\/es.wikipedia.org\/wiki\/1885\">1885<\/a>: <a title=\"George Richards Minot\" href=\"https:\/\/es.wikipedia.org\/wiki\/George_Richards_Minot\">George Richards Minot<\/a>, m\u00e9dico estadounidense, premio Nobel de Medicina en 1934 (f. 1950).<\/li>\n<li><a title=\"1886\" href=\"https:\/\/es.wikipedia.org\/wiki\/1886\">1886<\/a>: <a class=\"mw-redirect\" title=\"Lester P Barlow\" href=\"https:\/\/es.wikipedia.org\/wiki\/Lester_P_Barlow\">Lester Barlow<\/a>, inventor de explosivos y piloto estadounidense, que particip\u00f3 en la Revoluci\u00f3n mexicana (f. 1967).<\/li>\n<li><a title=\"1891\" href=\"https:\/\/es.wikipedia.org\/wiki\/1891\">1891<\/a>: <a title=\"Otto Dix\" href=\"https:\/\/es.wikipedia.org\/wiki\/Otto_Dix\">Otto Dix<\/a>, pintor alem\u00e1n (f. 1969).<\/li>\n<li><a title=\"1893\" href=\"https:\/\/es.wikipedia.org\/wiki\/1893\">1893<\/a>: <a title=\"Leo Ornstein\" href=\"https:\/\/es.wikipedia.org\/wiki\/Leo_Ornstein\">Leo Ornstein<\/a>, compositor y pianista ruso (f. 2002).<\/li>\n<li><a title=\"1894\" href=\"https:\/\/es.wikipedia.org\/wiki\/1894\">1894<\/a>: <a title=\"Warren William\" href=\"https:\/\/es.wikipedia.org\/wiki\/Warren_William\">Warren William<\/a>, actor estadounidense (f. 1948).<\/li>\n<li><a title=\"1895\" href=\"https:\/\/es.wikipedia.org\/wiki\/1895\">1895<\/a>: <a title=\"Harriet Cohen\" href=\"https:\/\/es.wikipedia.org\/wiki\/Harriet_Cohen\">Harriet Cohen<\/a>, pianista brit\u00e1nica (f. 1967).<\/li>\n<li>1895: <a title=\"Georges Dandelot\" href=\"https:\/\/es.wikipedia.org\/wiki\/Georges_Dandelot\">Georges Dandelot<\/a>, compositor franc\u00e9s (f. 1975).<\/li>\n<li><a title=\"1897\" href=\"https:\/\/es.wikipedia.org\/wiki\/1897\">1897<\/a>: <a title=\"Iv\u00e1n Bagrami\u00e1n\" href=\"https:\/\/es.wikipedia.org\/wiki\/Iv%C3%A1n_Bagrami%C3%A1n\">Iv\u00e1n Bagrami\u00e1n<\/a>, comandante sovi\u00e9tico (f. 1982).<\/li>\n<li><a title=\"1899\" href=\"https:\/\/es.wikipedia.org\/wiki\/1899\">1899<\/a>: <a title=\"John Barbirolli\" href=\"https:\/\/es.wikipedia.org\/wiki\/John_Barbirolli\">John Barbirolli<\/a>, director de orquesta y violonchelista brit\u00e1nico (f. 1970).<\/li>\n<li><a title=\"1901\" href=\"https:\/\/es.wikipedia.org\/wiki\/1901\">1901<\/a>: <a title=\"Raimundo Orsi\" href=\"https:\/\/es.wikipedia.org\/wiki\/Raimundo_Orsi\">Raimundo Orsi<\/a>, futbolista argentino nacionalizado italiano (f. 1986).<\/li>\n<li><a title=\"1902\" href=\"https:\/\/es.wikipedia.org\/wiki\/1902\">1902<\/a>: <a title=\"Milagros Leal\" href=\"https:\/\/es.wikipedia.org\/wiki\/Milagros_Leal\">Milagros Leal<\/a>, actriz espa\u00f1ola (f. 1975).<\/li>\n<li><a title=\"1905\" href=\"https:\/\/es.wikipedia.org\/wiki\/1905\">1905<\/a>: <a title=\"Osvaldo Pugliese\" href=\"https:\/\/es.wikipedia.org\/wiki\/Osvaldo_Pugliese\">Osvaldo Pugliese<\/a>, pianista y compositor argentino (f. 1995).<\/li>\n<li><a title=\"1906\" href=\"https:\/\/es.wikipedia.org\/wiki\/1906\">1906<\/a>: <a title=\"Peter Goldmark\" href=\"https:\/\/es.wikipedia.org\/wiki\/Peter_Goldmark\">Peter Carl Goldmark<\/a>, ingeniero h\u00fangaro-estadounidense (f. 1967).<\/li>\n<li><a title=\"1912\" href=\"https:\/\/es.wikipedia.org\/wiki\/1912\">1912<\/a>: <a title=\"Conrado Men\u00e9ndez D\u00edaz\" href=\"https:\/\/es.wikipedia.org\/wiki\/Conrado_Men%C3%A9ndez_D%C3%ADaz\">Conrado Men\u00e9ndez D\u00edaz<\/a>, escritor y abogado mexicano (f. 1987).<\/li>\n<li><a title=\"1913\" href=\"https:\/\/es.wikipedia.org\/wiki\/1913\">1913<\/a>: <a title=\"Marc Platt\" href=\"https:\/\/es.wikipedia.org\/wiki\/Marc_Platt\">Marc Platt<\/a>, bailar\u00edn y actor estadounidense (f. 2014).<\/li>\n<li><a title=\"1914\" href=\"https:\/\/es.wikipedia.org\/wiki\/1914\">1914<\/a>: <a title=\"Ray Walston\" href=\"https:\/\/es.wikipedia.org\/wiki\/Ray_Walston\">Ray Walston<\/a>, actor estadounidense (f. 2001).<\/li>\n<li><a title=\"1917\" href=\"https:\/\/es.wikipedia.org\/wiki\/1917\">1917<\/a>: <a title=\"Ramiro Gamboa\" href=\"https:\/\/es.wikipedia.org\/wiki\/Ramiro_Gamboa\"><i>T\u00edo Gambo\u00edn<\/i><\/a> (Ramiro Gamboa), locutor, actor y presentador de televisi\u00f3n mexicano (f. 1992).<\/li>\n<li>1917: <a title=\"Claude Strebelle\" href=\"https:\/\/es.wikipedia.org\/wiki\/Claude_Strebelle\">Claude Strebelle<\/a>, arquitecto belga (f. 2010).<\/li>\n<li><a title=\"1919\" href=\"https:\/\/es.wikipedia.org\/wiki\/1919\">1919<\/a>: <a title=\"Ruy Barbosa Popolizio\" href=\"https:\/\/es.wikipedia.org\/wiki\/Ruy_Barbosa_Popolizio\">Ruy Barbosa Popolizio<\/a>, agr\u00f3nomo chileno (f. 2014).<\/li>\n<li>1919: <a class=\"mw-redirect\" title=\"\u00c1lvaro Carrillo Alarc\u00f3n\" href=\"https:\/\/es.wikipedia.org\/wiki\/%C3%81lvaro_Carrillo_Alarc%C3%B3n\">\u00c1lvaro Carrillo<\/a>, cantante y compositor mexicano de boleros (f. 1969).<\/li>\n<li><a title=\"1921\" href=\"https:\/\/es.wikipedia.org\/wiki\/1921\">1921<\/a>: <a title=\"Carlo Furno\" href=\"https:\/\/es.wikipedia.org\/wiki\/Carlo_Furno\">Carlo Furno<\/a>, cardenal italiano.<\/li>\n<li>1921: <a title=\"Lola Gaos\" href=\"https:\/\/es.wikipedia.org\/wiki\/Lola_Gaos\">Lola Gaos<\/a>, actriz espa\u00f1ola (f. 1993).<\/li>\n<li>1921: <a title=\"Cecilio Madanes\" href=\"https:\/\/es.wikipedia.org\/wiki\/Cecilio_Madanes\">Cecilio Madanes<\/a>, director teatral, escen\u00f3grafo y productor argentino (f. 2000).<\/li>\n<li><a title=\"1922\" href=\"https:\/\/es.wikipedia.org\/wiki\/1922\">1922<\/a>: <a title=\"Iakovos Kambanelis\" href=\"https:\/\/es.wikipedia.org\/wiki\/Iakovos_Kambanelis\">Iakovos Kambanelis<\/a>, poeta, escritor y guionista griego (f. 2011).<\/li>\n<li><a title=\"1923\" href=\"https:\/\/es.wikipedia.org\/wiki\/1923\">1923<\/a>: <a title=\"Maria Callas\" href=\"https:\/\/es.wikipedia.org\/wiki\/Maria_Callas\">Maria Callas<\/a>, cantante de \u00f3pera griego-estadounidense (f. 1977).<\/li>\n<li><a title=\"1924\" href=\"https:\/\/es.wikipedia.org\/wiki\/1924\">1924<\/a>: <a title=\"William Craig\" href=\"https:\/\/es.wikipedia.org\/wiki\/William_Craig\">William Craig<\/a>, pol\u00edtico norirland\u00e9s (f. 2011).<\/li>\n<li>1924: <a title=\"Cyril Ornadel\" href=\"https:\/\/es.wikipedia.org\/wiki\/Cyril_Ornadel\">Cyril Ornadel<\/a>, compositor brit\u00e1nico (f. 2011).<\/li>\n<li>1924: <a title=\"Vilgot Sj\u00f6man\" href=\"https:\/\/es.wikipedia.org\/wiki\/Vilgot_Sj%C3%B6man\">Vilgot Sj\u00f6man<\/a>, guionista y director sueco (f. 2006).<\/li>\n<li><a title=\"1925\" href=\"https:\/\/es.wikipedia.org\/wiki\/1925\">1925<\/a>: <a title=\"Alexander Haig\" href=\"https:\/\/es.wikipedia.org\/wiki\/Alexander_Haig\">Alexander Haig<\/a>, militar y diplom\u00e1tico estadounidense (f. 2010).<\/li>\n<li>1925: <a title=\"Julie Harris\" href=\"https:\/\/es.wikipedia.org\/wiki\/Julie_Harris\">Julie Harris<\/a>, actriz estadounidense (f. 2013).<\/li>\n<li><a title=\"1927\" href=\"https:\/\/es.wikipedia.org\/wiki\/1927\">1927<\/a>: <a class=\"mw-redirect\" title=\"Juan Ernesto \u00c1lemann\" href=\"https:\/\/es.wikipedia.org\/wiki\/Juan_Ernesto_%C3%81lemann\">Juan \u00c1lemann<\/a>, empresario argentino, ministro de Econom\u00eda de la dictadura de Videla.<\/li>\n<li>1927: <a title=\"Ralph Beard\" href=\"https:\/\/es.wikipedia.org\/wiki\/Ralph_Beard\">Ralph Beard<\/a>, baloncestista estadounidense (f. 2007).<\/li>\n<li><a title=\"1928\" href=\"https:\/\/es.wikipedia.org\/wiki\/1928\">1928<\/a>: <a title=\"J\u00f6rg Demus\" href=\"https:\/\/es.wikipedia.org\/wiki\/J%C3%B6rg_Demus\">J\u00f6rg Demus<\/a>, pianista austriaco.<\/li>\n<li>1928: <a title=\"Italo Pizzolante\" href=\"https:\/\/es.wikipedia.org\/wiki\/Italo_Pizzolante\">Italo Pizzolante<\/a>, poeta y m\u00fasico venezolano (f. 2011).<\/li>\n<li><a title=\"1930\" href=\"https:\/\/es.wikipedia.org\/wiki\/1930\">1930<\/a>: <a title=\"Gary Becker\" href=\"https:\/\/es.wikipedia.org\/wiki\/Gary_Becker\">Gary Becker<\/a>, economista estadounidense, premio Nobel de Econom\u00eda.<\/li>\n<li><a title=\"1931\" href=\"https:\/\/es.wikipedia.org\/wiki\/1931\">1931<\/a>: <a title=\"Masaaki Hatsumi\" href=\"https:\/\/es.wikipedia.org\/wiki\/Masaaki_Hatsumi\">Masaaki Hatsumi<\/a>, artista marcial japon\u00e9s, fundador del bujinkan.<\/li>\n<li>1931: <a title=\"Wynton Kelly\" href=\"https:\/\/es.wikipedia.org\/wiki\/Wynton_Kelly\">Wynton Kelly<\/a>, pianista estadounidense de jazz (f. 1971).<\/li>\n<li><a title=\"1933\" href=\"https:\/\/es.wikipedia.org\/wiki\/1933\">1933<\/a>: <a title=\"Michael Larrabee\" href=\"https:\/\/es.wikipedia.org\/wiki\/Michael_Larrabee\">Michael Larrabee<\/a>, atleta estadounidense (f. 2003).<\/li>\n<li><a title=\"1934\" href=\"https:\/\/es.wikipedia.org\/wiki\/1934\">1934<\/a>: <a title=\"Tarcisio Bertone\" href=\"https:\/\/es.wikipedia.org\/wiki\/Tarcisio_Bertone\">Tarcisio Bertone<\/a>, cardenal y diplom\u00e1tico italiano, <a class=\"mw-redirect\" title=\"Secretario de Estado de la Santa Sede\" href=\"https:\/\/es.wikipedia.org\/wiki\/Secretario_de_Estado_de_la_Santa_Sede\">secretario de Estado<\/a> de la <a title=\"Santa Sede\" href=\"https:\/\/es.wikipedia.org\/wiki\/Santa_Sede\">Santa Sede<\/a> entre 2006 y 2013.<\/li>\n<li>1934: <a title=\"\u00c1lvaro Tarcicio\" href=\"https:\/\/es.wikipedia.org\/wiki\/%C3%81lvaro_Tarcicio\">\u00c1lvaro Tarcicio<\/a>, actor de teatro y doblaje mexicano (f. 1999).<\/li>\n<li><a title=\"1935\" href=\"https:\/\/es.wikipedia.org\/wiki\/1935\">1935<\/a>: <a title=\"Lucrecia Capello\" href=\"https:\/\/es.wikipedia.org\/wiki\/Lucrecia_Capello\">Lucrecia Capello<\/a>, actriz argentina.<\/li>\n<li><a title=\"1938\" href=\"https:\/\/es.wikipedia.org\/wiki\/1938\">1938<\/a>: <a title=\"Luis Artime\" href=\"https:\/\/es.wikipedia.org\/wiki\/Luis_Artime\">Luis Artime<\/a>, futbolista argentino.<\/li>\n<li><a title=\"1939\" href=\"https:\/\/es.wikipedia.org\/wiki\/1939\">1939<\/a>: <a class=\"mw-redirect\" title=\"Yael Dayan\" href=\"https:\/\/es.wikipedia.org\/wiki\/Yael_Dayan\">Yael Dayan<\/a>, pol\u00edtico y escritor israel\u00ed.<\/li>\n<li>1939: <a title=\"Harry Reid\" href=\"https:\/\/es.wikipedia.org\/wiki\/Harry_Reid\">Harry Reid<\/a>, pol\u00edtico estadounidense.<\/li>\n<li><a title=\"1940\" href=\"https:\/\/es.wikipedia.org\/wiki\/1940\">1940<\/a>: <a title=\"Raimon\" href=\"https:\/\/es.wikipedia.org\/wiki\/Raimon\">Raimon<\/a>, cantautor espa\u00f1ol en lengua valenciana.<\/li>\n<li><a title=\"1941\" href=\"https:\/\/es.wikipedia.org\/wiki\/1941\">1941<\/a>: <a title=\"Yamid Amat\" href=\"https:\/\/es.wikipedia.org\/wiki\/Yamid_Amat\">Yamid Amat<\/a>, periodista colombiano.<\/li>\n<li>1941: <a title=\"Manfred Mann\" href=\"https:\/\/es.wikipedia.org\/wiki\/Manfred_Mann\">Tom McGuinness<\/a>, guitarrista brit\u00e1nico de rock, de la banda Manfred Mann.<\/li>\n<li>1942: <a title=\"Marisa Medina\" href=\"https:\/\/es.wikipedia.org\/wiki\/Marisa_Medina\">Marisa Medina<\/a>, actriz espa\u00f1ola (f. 2012).<\/li>\n<li><a title=\"1943\" href=\"https:\/\/es.wikipedia.org\/wiki\/1943\">1943<\/a>: <a class=\"mw-redirect\" title=\"Carlos Ram\u00f3n Castro\" href=\"https:\/\/es.wikipedia.org\/wiki\/Carlos_Ram%C3%B3n_Castro\">Carlos Castro<\/a>, m\u00fasico y docente argentino (f. 2010).<\/li>\n<li>1943: <a title=\"Elisa Ram\u00edrez\" href=\"https:\/\/es.wikipedia.org\/wiki\/Elisa_Ram%C3%ADrez\">Elisa Ram\u00edrez<\/a>, actriz espa\u00f1ola.<\/li>\n<li><a title=\"1944\" href=\"https:\/\/es.wikipedia.org\/wiki\/1944\">1944<\/a>: <a title=\"Ibrahim Rugova\" href=\"https:\/\/es.wikipedia.org\/wiki\/Ibrahim_Rugova\">Ibrahim Rugova<\/a>, primer presidente de Kosovo (f. 2006).<\/li>\n<li><a title=\"1946\" href=\"https:\/\/es.wikipedia.org\/wiki\/1946\">1946<\/a>: <a title=\"Pedro Borb\u00f3n\" href=\"https:\/\/es.wikipedia.org\/wiki\/Pedro_Borb%C3%B3n\">Pedro Borb\u00f3n<\/a>, beisbolista dominicano (f. 2012).<\/li>\n<li><a title=\"1946\" href=\"https:\/\/es.wikipedia.org\/wiki\/1946\">1946<\/a>: <a title=\"Gianni Versace\" href=\"https:\/\/es.wikipedia.org\/wiki\/Gianni_Versace\">Gianni Versace<\/a>, dise\u00f1ador de moda italiano (f. 1997).<\/li>\n<li><a title=\"1948\" href=\"https:\/\/es.wikipedia.org\/wiki\/1948\">1948<\/a>: <a title=\"Jorge Wagensberg\" href=\"https:\/\/es.wikipedia.org\/wiki\/Jorge_Wagensberg\">Jorge Wagensberg<\/a>, profesor, investigador y escritor espa\u00f1ol.<\/li>\n<li><a title=\"1949\" href=\"https:\/\/es.wikipedia.org\/wiki\/1949\">1949<\/a>: <a title=\"Adolfo Aguilar Z\u00ednser\" href=\"https:\/\/es.wikipedia.org\/wiki\/Adolfo_Aguilar_Z%C3%ADnser\">Adolfo Aguilar Z\u00ednser<\/a>, pol\u00edtico mexicano (f. 2005).<\/li>\n<li><a title=\"1950\" href=\"https:\/\/es.wikipedia.org\/wiki\/1950\">1950<\/a>: <a title=\"Olvido Garc\u00eda Vald\u00e9s\" href=\"https:\/\/es.wikipedia.org\/wiki\/Olvido_Garc%C3%ADa_Vald%C3%A9s\">Olvido Garc\u00eda Vald\u00e9s<\/a>, poetisa espa\u00f1ola.<\/li>\n<li>1950: <a title=\"Paul Watson\" href=\"https:\/\/es.wikipedia.org\/wiki\/Paul_Watson\">Paul Watson<\/a>, activista canadiense, fundador de la Sea Shepherd Conservation Society.<\/li>\n<li><a title=\"1951\" href=\"https:\/\/es.wikipedia.org\/wiki\/1951\">1951<\/a>: <a title=\"Isabel Tenaille\" href=\"https:\/\/es.wikipedia.org\/wiki\/Isabel_Tenaille\">Isabel Tenaille<\/a>, periodista de televisi\u00f3n espa\u00f1ola.<\/li>\n<li><a title=\"1953\" href=\"https:\/\/es.wikipedia.org\/wiki\/1953\">1953<\/a>: <a title=\"\u00c1lex Lora\" href=\"https:\/\/es.wikipedia.org\/wiki\/%C3%81lex_Lora\">\u00c1lex Lora<\/a> (Alejandro Lora), cantante mexicano del grupo El Tri.<\/li>\n<li><a title=\"1954\" href=\"https:\/\/es.wikipedia.org\/wiki\/1954\">1954<\/a>: <a title=\"Dan Butler\" href=\"https:\/\/es.wikipedia.org\/wiki\/Dan_Butler\">Dan Butler<\/a>, actor y guionista estadounidense.<\/li>\n<li><a title=\"1955\" href=\"https:\/\/es.wikipedia.org\/wiki\/1955\">1955<\/a>: <a title=\"Pablo Codevila\" href=\"https:\/\/es.wikipedia.org\/wiki\/Pablo_Codevila\">Pablo Codevila<\/a>, actor, conductor y productor de televisi\u00f3n argentino.<\/li>\n<li>1955: <a title=\"Gustavo Pena\" href=\"https:\/\/es.wikipedia.org\/wiki\/Gustavo_Pena\">Gustavo Pena<\/a>, m\u00fasico uruguayo (f. 2004).<\/li>\n<li><a title=\"1956\" href=\"https:\/\/es.wikipedia.org\/wiki\/1956\">1956<\/a>: <a title=\"Steven Bauer\" href=\"https:\/\/es.wikipedia.org\/wiki\/Steven_Bauer\">Steven Bauer<\/a>, actor estadounidense.<\/li>\n<li><a title=\"1957\" href=\"https:\/\/es.wikipedia.org\/wiki\/1957\">1957<\/a>: <a title=\"Dagfinn H\u00f8ybr\u00e5ten\" href=\"https:\/\/es.wikipedia.org\/wiki\/Dagfinn_H%C3%B8ybr%C3%A5ten\">Dagfinn H\u00f8ybr\u00e5ten<\/a>, pol\u00edtico noruego.<\/li>\n<li>1958: <a title=\"George Saunders\" href=\"https:\/\/es.wikipedia.org\/wiki\/George_Saunders\">George Saunders<\/a>, escritor estadounidense.<\/li>\n<li>1959: <a title=\"Boman Irani\" href=\"https:\/\/es.wikipedia.org\/wiki\/Boman_Irani\">Boman Irani<\/a>, actor indio.<\/li>\n<li><a title=\"1960\" href=\"https:\/\/es.wikipedia.org\/wiki\/1960\">1960<\/a>: <a title=\"Hanoi Rocks\" href=\"https:\/\/es.wikipedia.org\/wiki\/Hanoi_Rocks\"><i>Razzle<\/i><\/a> (Nicholas Dingley) baterista brit\u00e1nico, de la banda Hanoi Rocks (f. 1984).<\/li>\n<li>1960: <a title=\"Rick Savage\" href=\"https:\/\/es.wikipedia.org\/wiki\/Rick_Savage\">Rick Savage<\/a>, bajista, cantante y compositor brit\u00e1nico, de la banda Def Leppard.<\/li>\n<li><a title=\"1963\" href=\"https:\/\/es.wikipedia.org\/wiki\/1963\">1963<\/a>: <a title=\"Brendan Coyle\" href=\"https:\/\/es.wikipedia.org\/wiki\/Brendan_Coyle\">Brendan Coyle<\/a>, actor brit\u00e1nico.<\/li>\n<li>1963: <a title=\"Dan Gauthier\" href=\"https:\/\/es.wikipedia.org\/wiki\/Dan_Gauthier\">Dan Gauthier<\/a>, actor estadounidense.<\/li>\n<li>1963: <a title=\"Ann Patchett\" href=\"https:\/\/es.wikipedia.org\/wiki\/Ann_Patchett\">Ann Patchett<\/a>, escritora estadounidense.<\/li>\n<li><a title=\"1966\" href=\"https:\/\/es.wikipedia.org\/wiki\/1966\">1966<\/a>: <a title=\"Joan Puigcerc\u00f3s\" href=\"https:\/\/es.wikipedia.org\/wiki\/Joan_Puigcerc%C3%B3s\">Joan Puigcerc\u00f3s<\/a>, pol\u00edtico espa\u00f1ol.<\/li>\n<li>1966: <a class=\"mw-redirect\" title=\"Kensuke Shinzaki\" href=\"https:\/\/es.wikipedia.org\/wiki\/Kensuke_Shinzaki\">Jinsei Shinzaki<\/a>, luchador profesional japon\u00e9s.<\/li>\n<li><a title=\"1968\" href=\"https:\/\/es.wikipedia.org\/wiki\/1968\">1968<\/a>: <a title=\"David Batty\" href=\"https:\/\/es.wikipedia.org\/wiki\/David_Batty\">David Batty<\/a>, futbolista brit\u00e1nico.<\/li>\n<li>1968: <a title=\"Lucy Liu\" href=\"https:\/\/es.wikipedia.org\/wiki\/Lucy_Liu\">Lucy Liu<\/a>, actriz estadounidense de origen chino.<\/li>\n<li>1968: <a title=\"Nate Mendel\" href=\"https:\/\/es.wikipedia.org\/wiki\/Nate_Mendel\">Nate Mendel<\/a>, bajista estadounidense, de la banda Foo Fighters.<\/li>\n<li>1968: <a title=\"Rena Sofer\" href=\"https:\/\/es.wikipedia.org\/wiki\/Rena_Sofer\">Rena Sofer<\/a>, actriz estadounidense (\u00abLois Cerullo\u00bb en <i>General Hospital<\/i>).<\/li>\n<li>1968: <a title=\"Chris Wedge\" href=\"https:\/\/es.wikipedia.org\/wiki\/Chris_Wedge\">Chris Wedge<\/a>, animador estadounidense.<\/li>\n<li><a title=\"1970\" href=\"https:\/\/es.wikipedia.org\/wiki\/1970\">1970<\/a>: <a title=\"Treach\" href=\"https:\/\/es.wikipedia.org\/wiki\/Treach\">Treach<\/a>, rapero y actor estadounidense, de la banda Naughty by Nature.<\/li>\n<li>1970: <a title=\"Joe Lo Truglio\" href=\"https:\/\/es.wikipedia.org\/wiki\/Joe_Lo_Truglio\">Joe Lo Truglio<\/a>, actor estadounidense.<\/li>\n<li><a title=\"1971\" href=\"https:\/\/es.wikipedia.org\/wiki\/1971\">1971<\/a>: <a title=\"Wilson Jermaine Heredia\" href=\"https:\/\/es.wikipedia.org\/wiki\/Wilson_Jermaine_Heredia\">Wilson Jermaine Heredia<\/a>, actor estadounidense.<sup id=\"cite_ref-4\" class=\"reference\"><a href=\"https:\/\/es.wikipedia.org\/wiki\/2_de_diciembre#cite_note-4\">4<\/a><\/sup><\/li>\n<li>1971: <a title=\"Francesco Toldo\" href=\"https:\/\/es.wikipedia.org\/wiki\/Francesco_Toldo\">Francesco Toldo<\/a>, futbolista italiano.<\/li>\n<li>1971: <a title=\"Mine Yoshizaki\" href=\"https:\/\/es.wikipedia.org\/wiki\/Mine_Yoshizaki\">Mine Yoshizaki<\/a>, <a title=\"Mangaka\" href=\"https:\/\/es.wikipedia.org\/wiki\/Mangaka\">mangaka<\/a> japon\u00e9s<\/li>\n<li><a title=\"1973\" href=\"https:\/\/es.wikipedia.org\/wiki\/1973\">1973<\/a>: <a title=\"Graham Kavanagh\" href=\"https:\/\/es.wikipedia.org\/wiki\/Graham_Kavanagh\">Graham Kavanagh<\/a>, futbolista irland\u00e9s.<\/li>\n<li>1973: <a title=\"Monica Seles\" href=\"https:\/\/es.wikipedia.org\/wiki\/Monica_Seles\">Monica Seles<\/a>, tenista yugoslavo-estadounidense.<\/li>\n<li>1973: <a title=\"Jan Ullrich\" href=\"https:\/\/es.wikipedia.org\/wiki\/Jan_Ullrich\">Jan Ullrich<\/a>, ciclista alem\u00e1n.<\/li>\n<li><a title=\"1975\" href=\"https:\/\/es.wikipedia.org\/wiki\/1975\">1975<\/a>: <a title=\"Samo (cantante)\" href=\"https:\/\/es.wikipedia.org\/wiki\/Samo_(cantante)\">Samuel \u00abSamo\u00bb Parra<\/a>, cantante mexicano del grupo Camila.<\/li>\n<li><a title=\"1976\" href=\"https:\/\/es.wikipedia.org\/wiki\/1976\">1976<\/a>: <a title=\"Eddy Garabito\" href=\"https:\/\/es.wikipedia.org\/wiki\/Eddy_Garabito\">Eddy Garabito<\/a>, beisbolista dominicano.<\/li>\n<li><a title=\"1977\" href=\"https:\/\/es.wikipedia.org\/wiki\/1977\">1977<\/a>: <a title=\"Siyabonga Nomvethe\" href=\"https:\/\/es.wikipedia.org\/wiki\/Siyabonga_Nomvethe\">Siyabonga Nomvethe<\/a>, futbolista sudafricano.<\/li>\n<li>1977: <a title=\"Denise Dumas\" href=\"https:\/\/es.wikipedia.org\/wiki\/Denise_Dumas\">Denise Dumas<\/a>, actriz, modelo y conductora argentina.<\/li>\n<li><a title=\"1978\" href=\"https:\/\/es.wikipedia.org\/wiki\/1978\">1978<\/a>: <a title=\"Jarron Collins\" href=\"https:\/\/es.wikipedia.org\/wiki\/Jarron_Collins\">Jarron Collins<\/a>, baloncestista estadounidense.<\/li>\n<li>1978: <a title=\"Jason Collins\" href=\"https:\/\/es.wikipedia.org\/wiki\/Jason_Collins\">Jason Collins<\/a>, estadounidense baloncestista.<\/li>\n<li>1978: <a title=\"Nelly Furtado\" href=\"https:\/\/es.wikipedia.org\/wiki\/Nelly_Furtado\">Nelly Furtado<\/a>, cantante y compositora canadiense.<\/li>\n<li>1978: <a title=\"Peter Moylan\" href=\"https:\/\/es.wikipedia.org\/wiki\/Peter_Moylan\">Peter Moylan<\/a>, beisbolista australiano.<\/li>\n<li>1978: <a title=\"Fonsi Nieto\" href=\"https:\/\/es.wikipedia.org\/wiki\/Fonsi_Nieto\">Fonsi Nieto<\/a>, piloto de motociclismo espa\u00f1ol.<\/li>\n<li>1978: <a title=\"David Rivas Rodr\u00edguez\" href=\"https:\/\/es.wikipedia.org\/wiki\/David_Rivas_Rodr%C3%ADguez\">David Rivas<\/a>, futbolista espa\u00f1ol.<\/li>\n<li>1978: <a title=\"Christopher Wolstenholme\" href=\"https:\/\/es.wikipedia.org\/wiki\/Christopher_Wolstenholme\">Christopher Wolstenholme<\/a>, bajista brit\u00e1nico, de la banda Muse.<\/li>\n<li><a title=\"1979\" href=\"https:\/\/es.wikipedia.org\/wiki\/1979\">1979<\/a>: <a title=\"Sabina Babayeva\" href=\"https:\/\/es.wikipedia.org\/wiki\/Sabina_Babayeva\">Sabina Babayeva<\/a>, cantante azerbaiyan\u00ed.<\/li>\n<li>1979: <a title=\"Yvonne Catterfeld\" href=\"https:\/\/es.wikipedia.org\/wiki\/Yvonne_Catterfeld\">Yvonne Catterfeld<\/a>, actriz y cantante alemana.<\/li>\n<li>1979: <a title=\"Michael McIndoe\" href=\"https:\/\/es.wikipedia.org\/wiki\/Michael_McIndoe\">Michael McIndoe<\/a>, futbolista brit\u00e1nico.<\/li>\n<li><a title=\"1980\" href=\"https:\/\/es.wikipedia.org\/wiki\/1980\">1980<\/a>: <a title=\"Diego Mart\u00ednez Ferreira\" href=\"https:\/\/es.wikipedia.org\/wiki\/Diego_Mart%C3%ADnez_Ferreira\">Diego Mart\u00ednez<\/a>, futbolista paraguayo.<\/li>\n<li><a title=\"1981\" href=\"https:\/\/es.wikipedia.org\/wiki\/1981\">1981<\/a>: <a title=\"Danijel Pranji\u0107\" href=\"https:\/\/es.wikipedia.org\/wiki\/Danijel_Pranji%C4%87\">Danijel Pranji\u0107<\/a>, futbolista croata.<\/li>\n<li>1981: <a title=\"Britney Spears\" href=\"https:\/\/es.wikipedia.org\/wiki\/Britney_Spears\">Britney Spears<\/a>, cantante, bailarina y actriz estadounidense.<\/li>\n<li>1981: <a title=\"Vlad\u00edmir Yefimkin\" href=\"https:\/\/es.wikipedia.org\/wiki\/Vlad%C3%ADmir_Yefimkin\">Vlad\u00edmir Yefimkin<\/a>, ciclista ruso.<\/li>\n<li>1981: <a title=\"Aleksandr Yefimkin\" href=\"https:\/\/es.wikipedia.org\/wiki\/Aleksandr_Yefimkin\">Aleksandr Yefimkin<\/a>, ciclista ruso.<\/li>\n<li><a title=\"1983\" href=\"https:\/\/es.wikipedia.org\/wiki\/1983\">1983<\/a>: <a title=\"Chris Burke\" href=\"https:\/\/es.wikipedia.org\/wiki\/Chris_Burke\">Chris Burke<\/a>, futbolista brit\u00e1nico.<\/li>\n<li>1983: <a title=\"Ana Luc\u00eda Dom\u00ednguez\" href=\"https:\/\/es.wikipedia.org\/wiki\/Ana_Luc%C3%ADa_Dom%C3%ADnguez\">Ana Luc\u00eda Dom\u00ednguez<\/a>, actriz y modelo colombiana.<\/li>\n<li>1983: <a title=\"Jaime Dur\u00e1n\" href=\"https:\/\/es.wikipedia.org\/wiki\/Jaime_Dur%C3%A1n\">Jaime Dur\u00e1n<\/a>, futbolista mexicano.<\/li>\n<li>1983: <a title=\"Jana Kramer\" href=\"https:\/\/es.wikipedia.org\/wiki\/Jana_Kramer\">Jana Kramer<\/a>, actriz y cantante estadounidense.<\/li>\n<li>1983: <a title=\"Aaron Rodgers\" href=\"https:\/\/es.wikipedia.org\/wiki\/Aaron_Rodgers\">Aaron Rodgers<\/a>, jugador estadounidense de f\u00fatbol americano.<\/li>\n<li>1983: <a title=\"Daniela Ruah\" href=\"https:\/\/es.wikipedia.org\/wiki\/Daniela_Ruah\">Daniela Ruah<\/a>, actriz estadounidense.<\/li>\n<li>1983: <a title=\"Sarah Vandella\" href=\"https:\/\/es.wikipedia.org\/wiki\/Sarah_Vandella\">Sarah Vandella<\/a>, actriz porno estadounidense.<\/li>\n<li><a title=\"1985\" href=\"https:\/\/es.wikipedia.org\/wiki\/1985\">1985<\/a>: <a title=\"Alberto de la Bella\" href=\"https:\/\/es.wikipedia.org\/wiki\/Alberto_de_la_Bella\">Alberto de la Bella<\/a>, futbolista espa\u00f1ol.<\/li>\n<li>1985: <a title=\"Amaury Leveaux\" href=\"https:\/\/es.wikipedia.org\/wiki\/Amaury_Leveaux\">Amaury Leveaux<\/a>, nadador franc\u00e9s.<\/li>\n<li>1985: <a title=\"Ernesto Mej\u00eda\" href=\"https:\/\/es.wikipedia.org\/wiki\/Ernesto_Mej%C3%ADa\">Ernesto Mej\u00eda<\/a>, beisbolista venezolano.<\/li>\n<li>1985: <a title=\"Dorell Wright\" href=\"https:\/\/es.wikipedia.org\/wiki\/Dorell_Wright\">Dorell Wright<\/a>, baloncestista estadounidense.<\/li>\n<li><a title=\"1986\" href=\"https:\/\/es.wikipedia.org\/wiki\/1986\">1986<\/a>: <a class=\"mw-redirect\" title=\"Claudiu Keser\u00fc\" href=\"https:\/\/es.wikipedia.org\/wiki\/Claudiu_Keser%C3%BC\">Claudiu Keser\u00fc<\/a>, futbolista rumano<\/li>\n<li>1986: <a title=\"Adam le Fondre\" href=\"https:\/\/es.wikipedia.org\/wiki\/Adam_le_Fondre\">Adam le Fondre<\/a>, futbolista brit\u00e1nico.<\/li>\n<li>1986: <a title=\"Ronald Vargas\" href=\"https:\/\/es.wikipedia.org\/wiki\/Ronald_Vargas\">Ronald Vargas<\/a>, futbolista venezolano.<\/li>\n<li>1986: <a title=\"Tal Wilkenfeld\" href=\"https:\/\/es.wikipedia.org\/wiki\/Tal_Wilkenfeld\">Tal Wilkenfeld<\/a>, bajista y compositor australiano.<\/li>\n<li><a title=\"1987\" href=\"https:\/\/es.wikipedia.org\/wiki\/1987\">1987<\/a>: <a title=\"Mariana Torres\" href=\"https:\/\/es.wikipedia.org\/wiki\/Mariana_Torres\">Mariana Torres<\/a>, actriz mexicana.<\/li>\n<li><a title=\"1988\" href=\"https:\/\/es.wikipedia.org\/wiki\/1988\">1988<\/a>: <a title=\"Alfred Enoch\" href=\"https:\/\/es.wikipedia.org\/wiki\/Alfred_Enoch\">Alfred Enoch<\/a>, actor brit\u00e1nico.<\/li>\n<li><a title=\"1989\" href=\"https:\/\/es.wikipedia.org\/wiki\/1989\">1989<\/a>: <a title=\"Cassie Steele\" href=\"https:\/\/es.wikipedia.org\/wiki\/Cassie_Steele\">Cassie Steele<\/a>, cantante, compositora y actriz canadiense.<\/li>\n<li><a title=\"1990\" href=\"https:\/\/es.wikipedia.org\/wiki\/1990\">1990<\/a>: <a title=\"Emmanuel Agyemang-Badu\" href=\"https:\/\/es.wikipedia.org\/wiki\/Emmanuel_Agyemang-Badu\">Emmanuel Agyemang-Badu<\/a>, futbolista ghan\u00e9s.<\/li>\n<li>1990: <a title=\"Gast\u00f3n Ram\u00edrez\" href=\"https:\/\/es.wikipedia.org\/wiki\/Gast%C3%B3n_Ram%C3%ADrez\">Gast\u00f3n Ram\u00edrez<\/a>, futbolista uruguayo.<\/li>\n<li><a title=\"1991\" href=\"https:\/\/es.wikipedia.org\/wiki\/1991\">1991<\/a>: <a title=\"Charlie Puth\" href=\"https:\/\/es.wikipedia.org\/wiki\/Charlie_Puth\">Charlie Puth<\/a>, cantante estadounidense.<\/li>\n<li><a title=\"1992\" href=\"https:\/\/es.wikipedia.org\/wiki\/1992\">1992<\/a>: <a title=\"Massadio Ha\u00efdara\" href=\"https:\/\/es.wikipedia.org\/wiki\/Massadio_Ha%C3%AFdara\">Massadio Ha\u00efdara<\/a>, futbolista franc\u00e9s.<\/li>\n<\/ul>\n<h2 style=\"text-align: justify;\"><span id=\"Fallecimientos\" class=\"mw-headline\">Fallecimientos<\/span><\/h2>\n<ul style=\"text-align: justify;\">\n<li><a title=\"1348\" href=\"https:\/\/es.wikipedia.org\/wiki\/1348\">1348<\/a>: <a class=\"mw-redirect\" title=\"Emperador Hanazono\" href=\"https:\/\/es.wikipedia.org\/wiki\/Emperador_Hanazono\">Hanazono<\/a>, emperador japon\u00e9s (n. 1297).<\/li>\n<li><a title=\"1381\" href=\"https:\/\/es.wikipedia.org\/wiki\/1381\">1381<\/a>: <a title=\"Jan van Ruysbroek\" href=\"https:\/\/es.wikipedia.org\/wiki\/Jan_van_Ruysbroek\">Jan van Ruysbroek<\/a>, m\u00edstico flamenco (n. 1293).<\/li>\n<li><a title=\"1463\" href=\"https:\/\/es.wikipedia.org\/wiki\/1463\">1463<\/a>: <a title=\"Alberto VI de Austria\" href=\"https:\/\/es.wikipedia.org\/wiki\/Alberto_VI_de_Austria\">Alberto VI<\/a>, arist\u00f3crata austriaco (n. 1418).<\/li>\n<li><a title=\"1469\" href=\"https:\/\/es.wikipedia.org\/wiki\/1469\">1469<\/a>: <a class=\"mw-redirect\" title=\"Piero di Cosimo de' Medici\" href=\"https:\/\/es.wikipedia.org\/wiki\/Piero_di_Cosimo_de%27_Medici\">Piero di Cosimo de&#8217; Medici<\/a>, pol\u00edtico italiano (n. 1416).<\/li>\n<li><a title=\"1515\" href=\"https:\/\/es.wikipedia.org\/wiki\/1515\">1515<\/a>: <a title=\"Gonzalo Fern\u00e1ndez de C\u00f3rdoba\" href=\"https:\/\/es.wikipedia.org\/wiki\/Gonzalo_Fern%C3%A1ndez_de_C%C3%B3rdoba\">Gonzalo Fern\u00e1ndez de C\u00f3rdoba<\/a>, militar espa\u00f1ol (n. 1453).<\/li>\n<li><a title=\"1547\" href=\"https:\/\/es.wikipedia.org\/wiki\/1547\">1547<\/a>: <a title=\"Hern\u00e1n Cort\u00e9s\" href=\"https:\/\/es.wikipedia.org\/wiki\/Hern%C3%A1n_Cort%C3%A9s\">Hern\u00e1n Cort\u00e9s<\/a>, militar espa\u00f1ol, conquistador de M\u00e9xico (n. 1485).<\/li>\n<li><a title=\"1594\" href=\"https:\/\/es.wikipedia.org\/wiki\/1594\">1594<\/a>: <a class=\"mw-redirect\" title=\"Gerardo Mercator\" href=\"https:\/\/es.wikipedia.org\/wiki\/Gerardo_Mercator\">Gerardus Mercator<\/a>, cart\u00f3grafo y ge\u00f3grafo flamenco (n. 1512).<\/li>\n<li><a title=\"1665\" href=\"https:\/\/es.wikipedia.org\/wiki\/1665\">1665<\/a>: <a title=\"Catalina de Rambouillet\" href=\"https:\/\/es.wikipedia.org\/wiki\/Catalina_de_Rambouillet\">Catalina de Rambouillet<\/a>, escritora y arist\u00f3crata francesa (n. 1588).<\/li>\n<li><a title=\"1694\" href=\"https:\/\/es.wikipedia.org\/wiki\/1694\">1694<\/a>: <a class=\"mw-redirect\" title=\"Pierre Paul Puget\" href=\"https:\/\/es.wikipedia.org\/wiki\/Pierre_Paul_Puget\">Pierre Paul Puget<\/a>, pintor, escultor y arquitecto franc\u00e9s (n. 1622).<\/li>\n<li><a title=\"1719\" href=\"https:\/\/es.wikipedia.org\/wiki\/1719\">1719<\/a>: <a class=\"mw-redirect\" title=\"Pasquier Quesnel\" href=\"https:\/\/es.wikipedia.org\/wiki\/Pasquier_Quesnel\">Pasquier Quesnel<\/a>, te\u00f3logo franc\u00e9s (n. 1634).<\/li>\n<li><a title=\"1723\" href=\"https:\/\/es.wikipedia.org\/wiki\/1723\">1723<\/a>: <a title=\"Felipe II de Orleans\" href=\"https:\/\/es.wikipedia.org\/wiki\/Felipe_II_de_Orleans\">Felipe II de Orleans<\/a>, arist\u00f3crata franc\u00e9s (n. 1674).<\/li>\n<li><a title=\"1774\" href=\"https:\/\/es.wikipedia.org\/wiki\/1774\">1774<\/a>: <a title=\"Johann Friedrich Agricola\" href=\"https:\/\/es.wikipedia.org\/wiki\/Johann_Friedrich_Agricola\">Johann Friedrich Agricola<\/a>, compositor y organista alem\u00e1n (n. 1720).<\/li>\n<li><a title=\"1781\" href=\"https:\/\/es.wikipedia.org\/wiki\/1781\">1781<\/a>: <a title=\"Marqu\u00e9s de la Ensenada\" href=\"https:\/\/es.wikipedia.org\/wiki\/Marqu%C3%A9s_de_la_Ensenada\">Marqu\u00e9s de la Ensenada<\/a> (Zen\u00f3n de Somodevilla), pol\u00edtico espa\u00f1ol (n. 1702).<\/li>\n<li><a title=\"1794\" href=\"https:\/\/es.wikipedia.org\/wiki\/1794\">1794<\/a>: <a title=\"Johann Gottlob Leidenfrost\" href=\"https:\/\/es.wikipedia.org\/wiki\/Johann_Gottlob_Leidenfrost\">Johann Gottlob Leidenfrost<\/a>, m\u00e9dico y te\u00f3logo alem\u00e1n (n. 1751).<\/li>\n<li><a title=\"1814\" href=\"https:\/\/es.wikipedia.org\/wiki\/1814\">1814<\/a>: <a title=\"Marqu\u00e9s de Sade\" href=\"https:\/\/es.wikipedia.org\/wiki\/Marqu%C3%A9s_de_Sade\">Donatien Alphonse Fran\u00e7ois de Sade, Marqu\u00e9s de Sade<\/a>, escritor franc\u00e9s (n. 1740).<\/li>\n<li><a title=\"1815\" href=\"https:\/\/es.wikipedia.org\/wiki\/1815\">1815<\/a>: <a title=\"Jan Potocki\" href=\"https:\/\/es.wikipedia.org\/wiki\/Jan_Potocki\">Jan Potocki<\/a>, cient\u00edfico, historiador y novelista polaco (n. 1761).<\/li>\n<li><a title=\"1859\" href=\"https:\/\/es.wikipedia.org\/wiki\/1859\">1859<\/a>: <a title=\"John Brown (abolicionista)\" href=\"https:\/\/es.wikipedia.org\/wiki\/John_Brown_(abolicionista)\">John Brown<\/a>, activista antiesclavista estadounidense (n. 1800).<\/li>\n<li><a title=\"1881\" href=\"https:\/\/es.wikipedia.org\/wiki\/1881\">1881<\/a>: <a title=\"Jenny von Westphalen\" href=\"https:\/\/es.wikipedia.org\/wiki\/Jenny_von_Westphalen\">Jenny von Westphalen<\/a>, escritora alemana, esposa de Karl Marx (n. 1814).<\/li>\n<li><a title=\"1895\" href=\"https:\/\/es.wikipedia.org\/wiki\/1895\">1895<\/a>: <a title=\"Rafael Romero Barros\" href=\"https:\/\/es.wikipedia.org\/wiki\/Rafael_Romero_Barros\">Rafael Romero Barros<\/a>, pintor espa\u00f1ol (n. 1832).<\/li>\n<li><a title=\"1916\" href=\"https:\/\/es.wikipedia.org\/wiki\/1916\">1916<\/a>: <a title=\"Francesco Paolo Tosti\" href=\"https:\/\/es.wikipedia.org\/wiki\/Francesco_Paolo_Tosti\">Francesco Paolo Tosti<\/a>, compositor italiano de canciones (n. 1846).<\/li>\n<li><a title=\"1918\" href=\"https:\/\/es.wikipedia.org\/wiki\/1918\">1918<\/a>: <a title=\"Edmond Rostand\" href=\"https:\/\/es.wikipedia.org\/wiki\/Edmond_Rostand\">Edmond Rostand<\/a>, dramaturgo franc\u00e9s (n. 1868).<\/li>\n<li><a title=\"1923\" href=\"https:\/\/es.wikipedia.org\/wiki\/1923\">1923<\/a>: <a title=\"Tom\u00e1s Bret\u00f3n\" href=\"https:\/\/es.wikipedia.org\/wiki\/Tom%C3%A1s_Bret%C3%B3n\">Tom\u00e1s Bret\u00f3n Hern\u00e1ndez<\/a>, compositor espa\u00f1ol (n. 1850).<\/li>\n<li><a title=\"1924\" href=\"https:\/\/es.wikipedia.org\/wiki\/1924\">1924<\/a>: <a title=\"Carlos Greene\" href=\"https:\/\/es.wikipedia.org\/wiki\/Carlos_Greene\">Carlos Greene<\/a>, militar mexicano (n. 1879).<\/li>\n<li><a title=\"1931\" href=\"https:\/\/es.wikipedia.org\/wiki\/1931\">1931<\/a>: <a title=\"Vincent d'Indy\" href=\"https:\/\/es.wikipedia.org\/wiki\/Vincent_d%27Indy\">Vincent d&#8217;Indy<\/a>, compositor y profesor de m\u00fasica franc\u00e9s (n. 1851).<\/li>\n<li><a title=\"1932\" href=\"https:\/\/es.wikipedia.org\/wiki\/1932\">1932<\/a>: <a title=\"Amadeo Vives\" href=\"https:\/\/es.wikipedia.org\/wiki\/Amadeo_Vives\">Amadeo Vives<\/a>, compositor espa\u00f1ol de zarzuelas (n. 1871).<\/li>\n<li><a title=\"1937\" href=\"https:\/\/es.wikipedia.org\/wiki\/1937\">1937<\/a>: <a title=\"Jos\u00e9 Comas y Sol\u00e1\" href=\"https:\/\/es.wikipedia.org\/wiki\/Jos%C3%A9_Comas_y_Sol%C3%A1\">Jos\u00e9 Comas y Sol\u00e1<\/a>, astr\u00f3nomo espa\u00f1ol (n. 1868).<\/li>\n<li><a title=\"1944\" href=\"https:\/\/es.wikipedia.org\/wiki\/1944\">1944<\/a>: <a title=\"Josef Lh\u00e9vinne\" href=\"https:\/\/es.wikipedia.org\/wiki\/Josef_Lh%C3%A9vinne\">Josef Lh\u00e9vinne<\/a>, pianista ruso (n. 1874).<\/li>\n<li>1944: <a title=\"Filippo Tommaso Marinetti\" href=\"https:\/\/es.wikipedia.org\/wiki\/Filippo_Tommaso_Marinetti\">Filippo Tommaso Marinetti<\/a>, poeta egipcio-italiano (n. 1876).<\/li>\n<li><a title=\"1945\" href=\"https:\/\/es.wikipedia.org\/wiki\/1945\">1945<\/a>: <a title=\"Saturnino Mart\u00edn Cerezo\" href=\"https:\/\/es.wikipedia.org\/wiki\/Saturnino_Mart%C3%ADn_Cerezo\">Saturnino Mart\u00edn Cerezo<\/a>, general espa\u00f1ol y uno de los <a title=\"Sitio de Baler\" href=\"https:\/\/es.wikipedia.org\/wiki\/Sitio_de_Baler\">\u00daltimos de Filipinas<\/a> (n. 1866).<\/li>\n<li><a title=\"1949\" href=\"https:\/\/es.wikipedia.org\/wiki\/1949\">1949<\/a>: <a title=\"Albert Ammons\" href=\"https:\/\/es.wikipedia.org\/wiki\/Albert_Ammons\">Albert Ammons<\/a>, pianista estadounidense (n. 1907).<\/li>\n<li><a title=\"1950\" href=\"https:\/\/es.wikipedia.org\/wiki\/1950\">1950<\/a>: <a title=\"Dinu Lipatti\" href=\"https:\/\/es.wikipedia.org\/wiki\/Dinu_Lipatti\">Dinu Lipatti<\/a>, pianista y compositor rumano (n. 1917).<\/li>\n<li><a title=\"1957\" href=\"https:\/\/es.wikipedia.org\/wiki\/1957\">1957<\/a>: <a title=\"Harrison Ford (cine mudo)\" href=\"https:\/\/es.wikipedia.org\/wiki\/Harrison_Ford_(cine_mudo)\">Harrison Ford<\/a>, actor estadounidense del cine mudo (n. 1884).<\/li>\n<li><a title=\"1963\" href=\"https:\/\/es.wikipedia.org\/wiki\/1963\">1963<\/a>: <a class=\"mw-redirect\" title=\"Sabu Dastagir\" href=\"https:\/\/es.wikipedia.org\/wiki\/Sabu_Dastagir\">Sab\u00fa Dastaguir<\/a>, actor indo-estadounidense (n. 1924).<\/li>\n<li><a title=\"1966\" href=\"https:\/\/es.wikipedia.org\/wiki\/1966\">1966<\/a>: <a title=\"Luitzen Egbertus Jan Brouwer\" href=\"https:\/\/es.wikipedia.org\/wiki\/Luitzen_Egbertus_Jan_Brouwer\">Luitzen Egbertus Jan Brouwer<\/a>, matem\u00e1tico y fil\u00f3sofo neerland\u00e9s (n. 1881).<\/li>\n<li><a title=\"1969\" href=\"https:\/\/es.wikipedia.org\/wiki\/1969\">1969<\/a>: <a title=\"Jos\u00e9 Mar\u00eda Arguedas\" href=\"https:\/\/es.wikipedia.org\/wiki\/Jos%C3%A9_Mar%C3%ADa_Arguedas\">Jos\u00e9 Mar\u00eda Arguedas<\/a>, escritor, antrop\u00f3logo y etn\u00f3logo peruano (n. 1911).<\/li>\n<li>1969: <a class=\"mw-redirect\" title=\"Kliment Voroshilov\" href=\"https:\/\/es.wikipedia.org\/wiki\/Kliment_Voroshilov\">Kliment Voroshilov<\/a>, pol\u00edtico sovi\u00e9tico (n. 1881).<\/li>\n<li><a title=\"1972\" href=\"https:\/\/es.wikipedia.org\/wiki\/1972\">1972<\/a>: <a title=\"Ettore Bastico\" href=\"https:\/\/es.wikipedia.org\/wiki\/Ettore_Bastico\">Ettore Bastico<\/a>, militar italiano (n. 1876).<\/li>\n<li><a title=\"1980\" href=\"https:\/\/es.wikipedia.org\/wiki\/1980\">1980<\/a>: <a title=\"Roza Eskenazi\" href=\"https:\/\/es.wikipedia.org\/wiki\/Roza_Eskenazi\">Roza Eskenazi<\/a>, cantante griega (n. en los a\u00f1os 1890).<\/li>\n<li>1980: <a title=\"Romain Gary\" href=\"https:\/\/es.wikipedia.org\/wiki\/Romain_Gary\">Romain Gary<\/a>, escritor y diplom\u00e1tico franc\u00e9s de origen lituano (n. 1914).<\/li>\n<li><a title=\"1981\" href=\"https:\/\/es.wikipedia.org\/wiki\/1981\">1981<\/a>: <a title=\"Frank Hunter\" href=\"https:\/\/es.wikipedia.org\/wiki\/Frank_Hunter\">Frank Hunter<\/a>, tenista brit\u00e1nico (n. 1894).<\/li>\n<li><a title=\"1982\" href=\"https:\/\/es.wikipedia.org\/wiki\/1982\">1982<\/a>: <a title=\"Marty Feldman\" href=\"https:\/\/es.wikipedia.org\/wiki\/Marty_Feldman\">Marty Feldman<\/a>, comediante y actor brit\u00e1nico (n. 1933).<\/li>\n<li>1982: <a title=\"Giovanni Ferrari\" href=\"https:\/\/es.wikipedia.org\/wiki\/Giovanni_Ferrari\">Giovanni Ferrari<\/a>, futbolista italiano (n. 1907).<\/li>\n<li>1982: <a title=\"Antulio Sanjuan Ribes\" href=\"https:\/\/es.wikipedia.org\/wiki\/Antulio_Sanjuan_Ribes\">Antulio Sanjuan Ribes<\/a>, actor de teatro y poeta espa\u00f1ol (n. 1902).<\/li>\n<li><a title=\"1985\" href=\"https:\/\/es.wikipedia.org\/wiki\/1985\">1985<\/a>: <a title=\"Philip Larkin\" href=\"https:\/\/es.wikipedia.org\/wiki\/Philip_Larkin\">Philip Larkin<\/a>, poeta y escritor brit\u00e1nico (n. 1922).<\/li>\n<li>1985: <a title=\"Irineo Leguisamo\" href=\"https:\/\/es.wikipedia.org\/wiki\/Irineo_Leguisamo\">Irineo Leguisamo<\/a>, y\u00f3ckey uruguayo (n. 1903).<\/li>\n<li><a title=\"1986\" href=\"https:\/\/es.wikipedia.org\/wiki\/1986\">1986<\/a>: <a title=\"Desi Arnaz\" href=\"https:\/\/es.wikipedia.org\/wiki\/Desi_Arnaz\">Desi Arnaz<\/a>, actor y cantante cubano-estadounidense (n. 1917).<\/li>\n<li><a title=\"1987\" href=\"https:\/\/es.wikipedia.org\/wiki\/1987\">1987<\/a>: <a title=\"Luis Federico Leloir\" href=\"https:\/\/es.wikipedia.org\/wiki\/Luis_Federico_Leloir\">Luis Federico Leloir<\/a>, qu\u00edmico argentino, premio Nobel de Qu\u00edmica (n. 1906).<\/li>\n<li>1987: <a class=\"mw-redirect\" title=\"Yakov Borisovich Zel'dovich\" href=\"https:\/\/es.wikipedia.org\/wiki\/Yakov_Borisovich_Zel%27dovich\">Y\u00e1kov Bor\u00edsovich Zeld\u00f3vich<\/a>, f\u00edsico ruso (n. 1914).<\/li>\n<li><a title=\"1990\" href=\"https:\/\/es.wikipedia.org\/wiki\/1990\">1990<\/a>: <a title=\"Aaron Copland\" href=\"https:\/\/es.wikipedia.org\/wiki\/Aaron_Copland\">Aaron Copland<\/a>, compositor estadounidense (n. 1900).<\/li>\n<li>1990: <a title=\"Robert Cummings\" href=\"https:\/\/es.wikipedia.org\/wiki\/Robert_Cummings\">Robert Cummings<\/a>, actor estadounidense (n. 1908).<\/li>\n<li><a title=\"1992\" href=\"https:\/\/es.wikipedia.org\/wiki\/1992\">1992<\/a>: <a title=\"Michael Gothard\" href=\"https:\/\/es.wikipedia.org\/wiki\/Michael_Gothard\">Michael Gothard<\/a>, actor brit\u00e1nico (n. 1939).<\/li>\n<li><a title=\"1993\" href=\"https:\/\/es.wikipedia.org\/wiki\/1993\">1993<\/a>: <a title=\"Pablo Escobar\" href=\"https:\/\/es.wikipedia.org\/wiki\/Pablo_Escobar\">Pablo Escobar<\/a>, narcotraficante colombiano (n. 1949).<\/li>\n<li><a title=\"1994\" href=\"https:\/\/es.wikipedia.org\/wiki\/1994\">1994<\/a>: <a title=\"Charlie Byrd\" href=\"https:\/\/es.wikipedia.org\/wiki\/Charlie_Byrd\">Charlie Byrd<\/a>, m\u00fasico estadounidense de jazz (n. 1925).<\/li>\n<li><a title=\"1995\" href=\"https:\/\/es.wikipedia.org\/wiki\/1995\">1995<\/a>: <a title=\"\u00c1ngel Crespo\" href=\"https:\/\/es.wikipedia.org\/wiki\/%C3%81ngel_Crespo\">\u00c1ngel Crespo<\/a>, poeta, ensayista, traductor y cr\u00edtico de arte espa\u00f1ol (n. 1926).<\/li>\n<li><a title=\"1995\" href=\"https:\/\/es.wikipedia.org\/wiki\/1995\">1995<\/a>: <a title=\"Robertson Davies\" href=\"https:\/\/es.wikipedia.org\/wiki\/Robertson_Davies\">Robertson Davies<\/a>, escritor canadiense (n. 1913).<\/li>\n<li>1995: <a title=\"Roxie Roker\" href=\"https:\/\/es.wikipedia.org\/wiki\/Roxie_Roker\">Roxie Roker<\/a>, actriz estadounidense (n. 1929).<\/li>\n<li><a title=\"1997\" href=\"https:\/\/es.wikipedia.org\/wiki\/1997\">1997<\/a>: <a title=\"Shirley Crabtree\" href=\"https:\/\/es.wikipedia.org\/wiki\/Shirley_Crabtree\">Shirley Crabtree<\/a>, luchadora brit\u00e1nica (n. 1930).<\/li>\n<li>1997: <a title=\"Michael Hedges\" href=\"https:\/\/es.wikipedia.org\/wiki\/Michael_Hedges\">Michael Hedges<\/a>, cantante, compositor y guitarrista estadounidense (n. 1953).<\/li>\n<li><a title=\"2000\" href=\"https:\/\/es.wikipedia.org\/wiki\/2000\">2000<\/a>: <a title=\"Alfonso Barrantes Ling\u00e1n\" href=\"https:\/\/es.wikipedia.org\/wiki\/Alfonso_Barrantes_Ling%C3%A1n\">Alfonso Barrantes Ling\u00e1n<\/a>, pol\u00edtico peruano (n. 1927).<\/li>\n<li>2000: <a class=\"mw-redirect\" title=\"Eduardo Figueroa Geisse\" href=\"https:\/\/es.wikipedia.org\/wiki\/Eduardo_Figueroa_Geisse\">Eduardo Figueroa Geisse<\/a>, economista chileno (n. 1916).<\/li>\n<li><a title=\"2001\" href=\"https:\/\/es.wikipedia.org\/wiki\/2001\">2001<\/a>: <a title=\"Jos\u00e9 Ch\u00e1vez Morado\" href=\"https:\/\/es.wikipedia.org\/wiki\/Jos%C3%A9_Ch%C3%A1vez_Morado\">Jos\u00e9 Ch\u00e1vez Morado<\/a>, artista pl\u00e1stico mexicano (n. 1909).<\/li>\n<li><a title=\"2002\" href=\"https:\/\/es.wikipedia.org\/wiki\/2002\">2002<\/a>: <a title=\"Iv\u00e1n Illich\" href=\"https:\/\/es.wikipedia.org\/wiki\/Iv%C3%A1n_Illich\">Iv\u00e1n Illich<\/a>, pedagogo, sacerdote y fil\u00f3sofo austr\u00edaco (n. 1926).<\/li>\n<li>2002: <a title=\"Arno Peters\" href=\"https:\/\/es.wikipedia.org\/wiki\/Arno_Peters\">Arno Peters<\/a>, historiador alem\u00e1n (n. 1916).<\/li>\n<li><a title=\"2003\" href=\"https:\/\/es.wikipedia.org\/wiki\/2003\">2003<\/a>: <a class=\"mw-redirect\" title=\"Jacinto Pebe\" href=\"https:\/\/es.wikipedia.org\/wiki\/Jacinto_Pebe\">Jacinto Pebe<\/a>, m\u00fasico folcl\u00f3rico peruano (n. 1914).<\/li>\n<li><a title=\"2004\" href=\"https:\/\/es.wikipedia.org\/wiki\/2004\">2004<\/a>: <a title=\"Alicia Markova\" href=\"https:\/\/es.wikipedia.org\/wiki\/Alicia_Markova\">Alicia Markova<\/a>, bailarina y core\u00f3grafa brit\u00e1nica (n. 1910).<\/li>\n<li><a title=\"2006\" href=\"https:\/\/es.wikipedia.org\/wiki\/2006\">2006<\/a>: <a title=\"Mariska Veres\" href=\"https:\/\/es.wikipedia.org\/wiki\/Mariska_Veres\">Mariska Veres<\/a>, cantante neerlandesa, de la banda Shocking Blue (n. 1947).<\/li>\n<li><a title=\"2007\" href=\"https:\/\/es.wikipedia.org\/wiki\/2007\">2007<\/a>: <a title=\"Nelly Beltr\u00e1n\" href=\"https:\/\/es.wikipedia.org\/wiki\/Nelly_Beltr%C3%A1n\">Nelly Beltr\u00e1n<\/a>, actriz argentina (n. 1925).<\/li>\n<li><a title=\"2008\" href=\"https:\/\/es.wikipedia.org\/wiki\/2008\">2008<\/a>: <a title=\"Carlos Abascal\" href=\"https:\/\/es.wikipedia.org\/wiki\/Carlos_Abascal\">Carlos Abascal<\/a>, abogado y pol\u00edtico mexicano (n. 1949).<\/li>\n<li>2008: <a title=\"Odetta\" href=\"https:\/\/es.wikipedia.org\/wiki\/Odetta\">Odetta<\/a>, cantante estadounidense (n. 1930).<\/li>\n<li>2009: <a title=\"Eric Woolfson\" href=\"https:\/\/es.wikipedia.org\/wiki\/Eric_Woolfson\">Eric Woolfson<\/a>, cantante, compositor, pianista y productor brit\u00e1nico, de la banda The Alan Parsons Project (n. 1945).<\/li>\n<li><a title=\"2010\" href=\"https:\/\/es.wikipedia.org\/wiki\/2010\">2010<\/a>: <a title=\"Michele Giordano\" href=\"https:\/\/es.wikipedia.org\/wiki\/Michele_Giordano\">Michele Giordano<\/a>, cardenal italiano (n. 1930).<sup id=\"cite_ref-5\" class=\"reference\"><a href=\"https:\/\/es.wikipedia.org\/wiki\/2_de_diciembre#cite_note-5\">5<\/a><\/sup><\/li>\n<li>2010: <a title=\"Ern\u00e2ni Lopes\" href=\"https:\/\/es.wikipedia.org\/wiki\/Ern%C3%A2ni_Lopes\">Ern\u00e2ni Lopes<\/a>, economista y pol\u00edtico portugu\u00e9s (n. 1942).<sup id=\"cite_ref-6\" class=\"reference\"><a href=\"https:\/\/es.wikipedia.org\/wiki\/2_de_diciembre#cite_note-6\">6<\/a><\/sup><\/li>\n<li><a title=\"2011\" href=\"https:\/\/es.wikipedia.org\/wiki\/2011\">2011<\/a>: <a title=\"Juan Carlos Adrianza\" href=\"https:\/\/es.wikipedia.org\/wiki\/Juan_Carlos_Adrianza\">Juan Carlos Adrianza<\/a>, actor, c\u00f3mico, animador, cantante y locutor venezolano (n. 1983).<\/li>\n<li><a title=\"2012\" href=\"https:\/\/es.wikipedia.org\/wiki\/2012\">2012<\/a>: <a class=\"mw-redirect\" title=\"Ehsan Naraghi\" href=\"https:\/\/es.wikipedia.org\/wiki\/Ehsan_Naraghi\">Ehsan Naraghi<\/a>, soci\u00f3logo y escritor iran\u00ed (n. 1926).<\/li>\n<li>2012: <a title=\"D\u00e9cio Pignatari\" href=\"https:\/\/es.wikipedia.org\/wiki\/D%C3%A9cio_Pignatari\">D\u00e9cio Pignatari<\/a>, poeta brasile\u00f1o (n. 1927).<\/li>\n<li><a title=\"2013\" href=\"https:\/\/es.wikipedia.org\/wiki\/2013\">2013<\/a>: <a title=\"Roberto Capablanca\" href=\"https:\/\/es.wikipedia.org\/wiki\/Roberto_Capablanca\">Roberto Capablanca<\/a>, artista y humorista uruguayo de origen argentino (n. 1929).<\/li>\n<li>2013: <a title=\"Pedro Virgilio Rocha\" href=\"https:\/\/es.wikipedia.org\/wiki\/Pedro_Virgilio_Rocha\">Pedro Virgilio Rocha<\/a>, futbolista uruguayo (n. 1942).<\/li>\n<li><a title=\"2015\" href=\"https:\/\/es.wikipedia.org\/wiki\/2015\">2015<\/a>: <a title=\"Gabriele Ferzetti\" href=\"https:\/\/es.wikipedia.org\/wiki\/Gabriele_Ferzetti\">Gabriele Ferzetti<\/a>, actor italiano (n. 1925).<\/li>\n<li>2015: <a title=\"Luz Marina Zuluaga\" href=\"https:\/\/es.wikipedia.org\/wiki\/Luz_Marina_Zuluaga\">Luz Marina Zuluaga<\/a>, <a title=\"Miss Universo 1958\" href=\"https:\/\/es.wikipedia.org\/wiki\/Miss_Universo_1958\">Miss Universo 1958<\/a> de <a title=\"Colombia\" href=\"https:\/\/es.wikipedia.org\/wiki\/Colombia\">Colombia<\/a> (n. 1938).<\/li>\n<\/ul>\n<h2 style=\"text-align: justify;\"><span id=\"Celebraciones\" class=\"mw-headline\">Celebraciones<\/span><\/h2>\n<ul style=\"text-align: justify;\">\n<li><a title=\"D\u00eda Internacional para la Abolici\u00f3n de la Esclavitud\" href=\"https:\/\/es.wikipedia.org\/wiki\/D%C3%ADa_Internacional_para_la_Abolici%C3%B3n_de_la_Esclavitud\">D\u00eda Internacional para la Abolici\u00f3n de la Esclavitud<\/a>.<\/li>\n<li><span class=\"flagicon\"><img decoding=\"async\" class=\"thumbborder\" title=\"Bandera de Emiratos \u00c1rabes Unidos\" src=\"https:\/\/upload.wikimedia.org\/wikipedia\/commons\/thumb\/c\/cb\/Flag_of_the_United_Arab_Emirates.svg\/20px-Flag_of_the_United_Arab_Emirates.svg.png\" srcset=\"\/\/upload.wikimedia.org\/wikipedia\/commons\/thumb\/c\/cb\/Flag_of_the_United_Arab_Emirates.svg\/30px-Flag_of_the_United_Arab_Emirates.svg.png 1.5x, \/\/upload.wikimedia.org\/wikipedia\/commons\/thumb\/c\/cb\/Flag_of_the_United_Arab_Emirates.svg\/40px-Flag_of_the_United_Arab_Emirates.svg.png 2x\" alt=\"Bandera de Emiratos \u00c1rabes Unidos\" width=\"20\" height=\"10\" data-file-width=\"1200\" data-file-height=\"600\" \/>\u00a0<\/span><a title=\"Emiratos \u00c1rabes Unidos\" href=\"https:\/\/es.wikipedia.org\/wiki\/Emiratos_%C3%81rabes_Unidos\">Emiratos \u00c1rabes Unidos<\/a>: D\u00eda de la Independencia.<\/li>\n<\/ul>\n<h3 style=\"text-align: justify;\"><span id=\"Santoral_cat.C3.B3lico\" class=\"mw-headline\"><a title=\"Santoral cat\u00f3lico\" href=\"https:\/\/es.wikipedia.org\/wiki\/Santoral_cat%C3%B3lico\">Santoral cat\u00f3lico<\/a><\/span><\/h3>\n<ul>\n<li style=\"text-align: justify;\">Santa <a title=\"B\u00e1rbara (m\u00e1rtir)\" href=\"https:\/\/es.wikipedia.org\/wiki\/B%C3%A1rbara_(m%C3%A1rtir)\">B\u00e1rbara<\/a> (m\u00e1rtir).<\/li>\n<li style=\"text-align: justify;\">Santa <a title=\"Bibiana (santa)\" href=\"https:\/\/es.wikipedia.org\/wiki\/Bibiana_(santa)\">Bibiana<\/a><sup id=\"cite_ref-7\" class=\"reference\"><a href=\"https:\/\/es.wikipedia.org\/wiki\/2_de_diciembre#cite_note-7\">7<\/a><\/sup><\/li>\n<li style=\"text-align: justify;\">San <a class=\"new\" title=\"Constantino (abad) (a\u00fan no redactado)\" href=\"https:\/\/es.wikipedia.org\/w\/index.php?title=Constantino_(abad)&amp;action=edit&amp;redlink=1\">Constantino<\/a> (abad).<\/li>\n<li style=\"text-align: justify;\">San <a title=\"Cromacio de Aquilea\" href=\"https:\/\/es.wikipedia.org\/wiki\/Cromacio_de_Aquilea\">Cromacio de Aquilea<\/a> (obispo).<\/li>\n<li style=\"text-align: justify;\">San <a class=\"new\" title=\"Jan van Ruybroeck (a\u00fan no redactado)\" href=\"https:\/\/es.wikipedia.org\/w\/index.php?title=Jan_van_Ruybroeck&amp;action=edit&amp;redlink=1\">Juan de Ruysbroeck<\/a><\/li>\n<li style=\"text-align: justify;\">San <a title=\"Nono (santo)\" href=\"https:\/\/es.wikipedia.org\/wiki\/Nono_(santo)\">Nono<\/a> (obispo).<\/li>\n<li style=\"text-align: justify;\">San <a title=\"Pimenio\" href=\"https:\/\/es.wikipedia.org\/wiki\/Pimenio\">Pimenio<\/a> (obispo).<\/li>\n<li style=\"text-align: justify;\">Beata <a title=\"Mar\u00eda \u00c1ngela Astorch\" href=\"https:\/\/es.wikipedia.org\/wiki\/Mar%C3%ADa_%C3%81ngela_Astorch\">Mar\u00eda \u00c1ngela Astorch<\/a><\/li>\n<li style=\"text-align: justify;\">Beato <a class=\"new\" title=\"Iv\u00e1n Slezyuk (a\u00fan no redactado)\" href=\"https:\/\/es.wikipedia.org\/w\/index.php?title=Iv%C3%A1n_Slezyuk&amp;action=edit&amp;redlink=1\">Iv\u00e1n Slezyuk<\/a><\/li>\n<li style=\"text-align: justify;\">Beato <a class=\"new\" title=\"Oderisio (a\u00fan no redactado)\" href=\"https:\/\/es.wikipedia.org\/w\/index.php?title=Oderisio&amp;action=edit&amp;redlink=1\">Oderisio<\/a><\/li>\n<li style=\"text-align: justify;\">Beato <a class=\"new\" title=\"Rafael Chylinski (a\u00fan no redactado)\" href=\"https:\/\/es.wikipedia.org\/w\/index.php?title=Rafael_Chylinski&amp;action=edit&amp;redlink=1\">Rafael Chylinski<\/a> (m\u00edstico).<\/li>\n<\/ul>\n","protected":false},"excerpt":{"rendered":"<p>Es el 336.\u00ba (tricent\u00e9simo trig\u00e9simo sexto) d\u00eda del a\u00f1o en el calendario gregoriano y el 337.\u00ba en los a\u00f1os bisiestos. Quedan 29\u00a0d\u00edas para finalizar el a\u00f1o.<\/p>\n","protected":false},"author":6,"featured_media":8800,"comment_status":"open","ping_status":"open","sticky":false,"template":"","format":"standard","meta":{"_acf_changed":false,"_monsterinsights_skip_tracking":false,"slim_seo":{"title":"Efem\u00e9rides 2 de Diciembre - Opini\u00f3n P\u00fablica","description":"Es el 336.\u00ba (tricent\u00e9simo trig\u00e9simo sexto) d\u00eda del a\u00f1o en el calendario gregoriano y el 337.\u00ba en los a\u00f1os bisiestos. Quedan 29\u00a0d\u00edas para finalizar el a\u00f1o. Acont"},"footnotes":""},"categories":[27],"tags":[],"class_list":["post-8801","post","type-post","status-publish","format-standard","has-post-thumbnail","hentry","category-un-dia-como-hoy"],"acf":[],"_links":{"self":[{"href":"https:\/\/www.opinionpublica.tv\/portada\/wp-json\/wp\/v2\/posts\/8801","targetHints":{"allow":["GET"]}}],"collection":[{"href":"https:\/\/www.opinionpublica.tv\/portada\/wp-json\/wp\/v2\/posts"}],"about":[{"href":"https:\/\/www.opinionpublica.tv\/portada\/wp-json\/wp\/v2\/types\/post"}],"author":[{"embeddable":true,"href":"https:\/\/www.opinionpublica.tv\/portada\/wp-json\/wp\/v2\/users\/6"}],"replies":[{"embeddable":true,"href":"https:\/\/www.opinionpublica.tv\/portada\/wp-json\/wp\/v2\/comments?post=8801"}],"version-history":[{"count":0,"href":"https:\/\/www.opinionpublica.tv\/portada\/wp-json\/wp\/v2\/posts\/8801\/revisions"}],"wp:featuredmedia":[{"embeddable":true,"href":"https:\/\/www.opinionpublica.tv\/portada\/wp-json\/wp\/v2\/media\/8800"}],"wp:attachment":[{"href":"https:\/\/www.opinionpublica.tv\/portada\/wp-json\/wp\/v2\/media?parent=8801"}],"wp:term":[{"taxonomy":"category","embeddable":true,"href":"https:\/\/www.opinionpublica.tv\/portada\/wp-json\/wp\/v2\/categories?post=8801"},{"taxonomy":"post_tag","embeddable":true,"href":"https:\/\/www.opinionpublica.tv\/portada\/wp-json\/wp\/v2\/tags?post=8801"}],"curies":[{"name":"wp","href":"https:\/\/api.w.org\/{rel}","templated":true}]}}