{"id":8799,"date":"2016-11-26T07:00:00","date_gmt":"2016-11-26T06:00:00","guid":{"rendered":"https:\/\/www.opinionpublica.tv\/portada\/2016\/11\/26\/efemerides-1-de-diciembre\/"},"modified":"2016-11-26T07:00:00","modified_gmt":"2016-11-26T06:00:00","slug":"efemerides-1-de-diciembre","status":"publish","type":"post","link":"https:\/\/www.opinionpublica.tv\/portada\/efemerides-1-de-diciembre\/","title":{"rendered":"Efem\u00e9rides 1 de Diciembre"},"content":{"rendered":"<img fetchpriority=\"high\" decoding=\"async\" class=\" size-full wp-image-8798\" src=\"https:\/\/www.opinionpublica.tv\/portada\/wp-content\/uploads\/2016\/11\/8e4ab90d0a55b1137b644422c23bd7d2.jpg\" alt=\"\" class=\"caption\" title=\"Carlos de Foucauld (Estrasburgo, 15 de septiembre de 1858-Tamanrasset, 1 de diciembre de 1916)\" width=\"200\" height=\"268\" \/>\n<p style=\"text-align: justify;\">Es el 335.\u00ba (tricent\u00e9simo trig\u00e9simo quinto) d\u00eda del a\u00f1o en el calendario gregoriano y el 336.\u00ba en los a\u00f1os bisiestos. Quedan 30\u00a0d\u00edas para finalizar el a\u00f1o.<\/p>\n<p><!--more--><\/p>\n<h2 style=\"text-align: justify;\"><span id=\"Acontecimientos\" class=\"mw-headline\">Acontecimientos<\/span><\/h2>\n<ul style=\"text-align: justify;\">\n<li><a title=\"800\" href=\"https:\/\/es.wikipedia.org\/wiki\/800\">800<\/a>: en <a title=\"Roma\" href=\"https:\/\/es.wikipedia.org\/wiki\/Roma\">Roma<\/a>, <a title=\"Carlomagno\" href=\"https:\/\/es.wikipedia.org\/wiki\/Carlomagno\">Carlomagno<\/a> juzga las acusaciones contra el papa <a title=\"Le\u00f3n III (papa)\" href=\"https:\/\/es.wikipedia.org\/wiki\/Le%C3%B3n_III_(papa)\">Le\u00f3n III<\/a>.<\/li>\n<li><a title=\"1420\" href=\"https:\/\/es.wikipedia.org\/wiki\/1420\">1420<\/a>: <a title=\"Enrique V de Inglaterra\" href=\"https:\/\/es.wikipedia.org\/wiki\/Enrique_V_de_Inglaterra\">Enrique V de Inglaterra<\/a> entra en <a title=\"Par\u00eds\" href=\"https:\/\/es.wikipedia.org\/wiki\/Par%C3%ADs\">Par\u00eds<\/a> (Francia).<\/li>\n<li><a title=\"1298\" href=\"https:\/\/es.wikipedia.org\/wiki\/1298\">1298<\/a>: en <a title=\"Poggio Bustone\" href=\"https:\/\/es.wikipedia.org\/wiki\/Poggio_Bustone\">Poggio Bustone<\/a>, <a title=\"Spoleto\" href=\"https:\/\/es.wikipedia.org\/wiki\/Spoleto\">Spoleto<\/a>, <a title=\"Rieti\" href=\"https:\/\/es.wikipedia.org\/wiki\/Rieti\">Rieti<\/a> (<a title=\"Umbr\u00eda (Italia)\" href=\"https:\/\/es.wikipedia.org\/wiki\/Umbr%C3%ADa_(Italia)\">Umbr\u00eda<\/a>, <a title=\"Italia\" href=\"https:\/\/es.wikipedia.org\/wiki\/Italia\">Italia<\/a>) a la madrugada (o en la noche del <a title=\"30 de noviembre\" href=\"https:\/\/es.wikipedia.org\/wiki\/30_de_noviembre\">30 de noviembre<\/a>) se registra un <a title=\"Terremoto\" href=\"https:\/\/es.wikipedia.org\/wiki\/Terremoto\">terremoto<\/a> de magnitud 6,6 en la <a title=\"Escala sismol\u00f3gica de Richter\" href=\"https:\/\/es.wikipedia.org\/wiki\/Escala_sismol%C3%B3gica_de_Richter\">escala sismol\u00f3gica de Richter<\/a> (intensidad de 9-10), que deja un saldo de \u00abmuchos\u00bb muertos.<\/li>\n<li><a title=\"1299\" href=\"https:\/\/es.wikipedia.org\/wiki\/1299\">1299<\/a>: se produce la <a title=\"Batalla de Falconara\" href=\"https:\/\/es.wikipedia.org\/wiki\/Batalla_de_Falconara\">batalla de Falconara<\/a>.<\/li>\n<li><a title=\"1347\" href=\"https:\/\/es.wikipedia.org\/wiki\/1347\">1347<\/a>: a trav\u00e9s de <a title=\"Mesina\" href=\"https:\/\/es.wikipedia.org\/wiki\/Mesina\">Mesina<\/a>, <a title=\"G\u00e9nova\" href=\"https:\/\/es.wikipedia.org\/wiki\/G%C3%A9nova\">G\u00e9nova<\/a> y <a title=\"Venecia\" href=\"https:\/\/es.wikipedia.org\/wiki\/Venecia\">Venecia<\/a>, la <a title=\"Peste negra\" href=\"https:\/\/es.wikipedia.org\/wiki\/Peste_negra\">Peste negra<\/a> entra en <a title=\"Europa\" href=\"https:\/\/es.wikipedia.org\/wiki\/Europa\">Europa<\/a>.<\/li>\n<li><a title=\"1640\" href=\"https:\/\/es.wikipedia.org\/wiki\/1640\">1640<\/a>: en <a title=\"Portugal\" href=\"https:\/\/es.wikipedia.org\/wiki\/Portugal\">Portugal<\/a>, los patriotas recuperan su independencia.<\/li>\n<li><a title=\"1764\" href=\"https:\/\/es.wikipedia.org\/wiki\/1764\">1764<\/a>: en <a title=\"Madrid\" href=\"https:\/\/es.wikipedia.org\/wiki\/Madrid\">Madrid<\/a>, <a title=\"Carlos III de Espa\u00f1a\" href=\"https:\/\/es.wikipedia.org\/wiki\/Carlos_III_de_Espa%C3%B1a\">Carlos III<\/a> inaugura el <a title=\"Palacio Real de Madrid\" href=\"https:\/\/es.wikipedia.org\/wiki\/Palacio_Real_de_Madrid\">Palacio Real<\/a>.<\/li>\n<li><a title=\"1812\" href=\"https:\/\/es.wikipedia.org\/wiki\/1812\">1812<\/a>: el <a title=\"Estado de Quito\" href=\"https:\/\/es.wikipedia.org\/wiki\/Estado_de_Quito\">Estado de Quito<\/a> (actual <a title=\"Ecuador\" href=\"https:\/\/es.wikipedia.org\/wiki\/Ecuador\">Ecuador<\/a>) libra la <a title=\"Batalla de Ibarra (1812)\" href=\"https:\/\/es.wikipedia.org\/wiki\/Batalla_de_Ibarra_(1812)\">batalla de Ibarra<\/a>, en la que cae frente al ej\u00e9rcito espa\u00f1ol que retoma el control del territorio, poniendo fin a la independencia quite\u00f1a que hab\u00eda durado casi un a\u00f1o.<\/li>\n<li><a title=\"1821\" href=\"https:\/\/es.wikipedia.org\/wiki\/1821\">1821<\/a>: en <a title=\"Costa Rica\" href=\"https:\/\/es.wikipedia.org\/wiki\/Costa_Rica\">Costa Rica<\/a> se firma el <a class=\"mw-redirect\" title=\"Pacto de la Concordia\" href=\"https:\/\/es.wikipedia.org\/wiki\/Pacto_de_la_Concordia\">Pacto de la Concordia<\/a>, primera Constituci\u00f3n.<\/li>\n<li>1821: en la <a class=\"mw-redirect\" title=\"Isla de Santo Domingo\" href=\"https:\/\/es.wikipedia.org\/wiki\/Isla_de_Santo_Domingo\">isla de Santo Domingo<\/a> (hoy <a title=\"Rep\u00fablica Dominicana\" href=\"https:\/\/es.wikipedia.org\/wiki\/Rep%C3%BAblica_Dominicana\">Rep\u00fablica Dominicana<\/a>), <a title=\"Jos\u00e9 N\u00fa\u00f1ez de C\u00e1ceres\" href=\"https:\/\/es.wikipedia.org\/wiki\/Jos%C3%A9_N%C3%BA%C3%B1ez_de_C%C3%A1ceres\">Jos\u00e9 N\u00fa\u00f1ez de C\u00e1ceres<\/a> firma el Acta de Independencia de la parte oriental de la isla, en lo que se registra como la <a class=\"mw-redirect\" title=\"Independencia Ef\u00edmera\" href=\"https:\/\/es.wikipedia.org\/wiki\/Independencia_Ef%C3%ADmera\">Independencia Ef\u00edmera<\/a>.<\/li>\n<li><a title=\"1822\" href=\"https:\/\/es.wikipedia.org\/wiki\/1822\">1822<\/a>: en Brasil, el emperador <a title=\"Pedro I de Brasil y IV de Portugal\" href=\"https:\/\/es.wikipedia.org\/wiki\/Pedro_I_de_Brasil_y_IV_de_Portugal\">Pedro I<\/a> instituye la Orden de la Cruz del Sur, u Orden del Crucero.<\/li>\n<li><a title=\"1828\" href=\"https:\/\/es.wikipedia.org\/wiki\/1828\">1828<\/a>: el militar argentino <a title=\"Juan Lavalle\" href=\"https:\/\/es.wikipedia.org\/wiki\/Juan_Lavalle\">Juan Lavalle<\/a> perpetra un golpe de Estado contra el gobernador <a title=\"Partido Federal (Argentina)\" href=\"https:\/\/es.wikipedia.org\/wiki\/Partido_Federal_(Argentina)\">federal<\/a> <a title=\"Manuel Dorrego\" href=\"https:\/\/es.wikipedia.org\/wiki\/Manuel_Dorrego\">Manuel Dorrego<\/a>, y lo fusilar\u00e1 <a title=\"13 de diciembre\" href=\"https:\/\/es.wikipedia.org\/wiki\/13_de_diciembre\">dos semanas despu\u00e9s<\/a>, reiniciando las <a title=\"Guerras civiles argentinas\" href=\"https:\/\/es.wikipedia.org\/wiki\/Guerras_civiles_argentinas\">Guerras civiles argentinas<\/a>.<\/li>\n<li><a title=\"1843\" href=\"https:\/\/es.wikipedia.org\/wiki\/1843\">1843<\/a>: en <a title=\"Espa\u00f1a\" href=\"https:\/\/es.wikipedia.org\/wiki\/Espa%C3%B1a\">Espa\u00f1a<\/a>, <a title=\"Luis Gonz\u00e1lez Bravo\" href=\"https:\/\/es.wikipedia.org\/wiki\/Luis_Gonz%C3%A1lez_Bravo\">Luis Gonz\u00e1lez Bravo<\/a> es nombrado presidente del gobierno.<\/li>\n<li><a title=\"1846\" href=\"https:\/\/es.wikipedia.org\/wiki\/1846\">1846<\/a>: en <a title=\"Manila\" href=\"https:\/\/es.wikipedia.org\/wiki\/Manila\">Manila<\/a> (<a title=\"Filipinas\" href=\"https:\/\/es.wikipedia.org\/wiki\/Filipinas\">Filipinas<\/a>) se funda el diario <i>La Esperanza<\/i>, el primero publicado en ese pa\u00eds.<\/li>\n<li><a title=\"1863\" href=\"https:\/\/es.wikipedia.org\/wiki\/1863\">1863<\/a>: en <a title=\"San Nicol\u00e1s de los Arroyos\" href=\"https:\/\/es.wikipedia.org\/wiki\/San_Nicol%C3%A1s_de_los_Arroyos\">San Nicol\u00e1s de los Arroyos<\/a> (<a title=\"Argentina\" href=\"https:\/\/es.wikipedia.org\/wiki\/Argentina\">Argentina<\/a>) se inaugura la primera sucursal del <a title=\"Banco de la Provincia de Buenos Aires\" href=\"https:\/\/es.wikipedia.org\/wiki\/Banco_de_la_Provincia_de_Buenos_Aires\">Banco de la Provincia de Buenos Aires<\/a>.<\/li>\n<li><a title=\"1874\" href=\"https:\/\/es.wikipedia.org\/wiki\/1874\">1874<\/a>: en Espa\u00f1a, el futuro rey <a title=\"Alfonso XII de Espa\u00f1a\" href=\"https:\/\/es.wikipedia.org\/wiki\/Alfonso_XII_de_Espa%C3%B1a\">Alfonso XII<\/a> firma el <i><a title=\"Manifiesto de Sandhurst\" href=\"https:\/\/es.wikipedia.org\/wiki\/Manifiesto_de_Sandhurst\">Manifiesto de Sandhurst<\/a><\/i>, redactado por <a title=\"Antonio C\u00e1novas del Castillo\" href=\"https:\/\/es.wikipedia.org\/wiki\/Antonio_C%C3%A1novas_del_Castillo\">Antonio C\u00e1novas del Castillo<\/a>.<\/li>\n<li><a title=\"1879\" href=\"https:\/\/es.wikipedia.org\/wiki\/1879\">1879<\/a>: en <a title=\"Cuba\" href=\"https:\/\/es.wikipedia.org\/wiki\/Cuba\">Cuba<\/a>, el capit\u00e1n general espa\u00f1ol Blanco pone fin a la <a title=\"Guerra Chiquita\" href=\"https:\/\/es.wikipedia.org\/wiki\/Guerra_Chiquita\">Guerra Chiquita<\/a>.<\/li>\n<li><a title=\"1885\" href=\"https:\/\/es.wikipedia.org\/wiki\/1885\">1885<\/a>: en <a class=\"mw-redirect\" title=\"Waco (Texas)\" href=\"https:\/\/es.wikipedia.org\/wiki\/Waco_(Texas)\">Waco<\/a> (Estados Unidos) se sirve por primera vez en una farmacia la bebida <a class=\"mw-redirect\" title=\"Dr. Pepper\" href=\"https:\/\/es.wikipedia.org\/wiki\/Dr._Pepper\">Dr. Pepper<\/a>.<\/li>\n<li><a title=\"1899\" href=\"https:\/\/es.wikipedia.org\/wiki\/1899\">1899<\/a>: en <a title=\"Barcelona\" href=\"https:\/\/es.wikipedia.org\/wiki\/Barcelona\">Barcelona<\/a> se realiza la primera carrera de autom\u00f3viles de Espa\u00f1a.<\/li>\n<li><a title=\"1904\" href=\"https:\/\/es.wikipedia.org\/wiki\/1904\">1904<\/a>: en Estados Unidos finaliza la <a title=\"Exposici\u00f3n Universal de San Luis (1904)\" href=\"https:\/\/es.wikipedia.org\/wiki\/Exposici%C3%B3n_Universal_de_San_Luis_(1904)\">Exposici\u00f3n Universal de San Luis<\/a>.<\/li>\n<li><a title=\"1909\" href=\"https:\/\/es.wikipedia.org\/wiki\/1909\">1909<\/a>: en <a title=\"Argentina\" href=\"https:\/\/es.wikipedia.org\/wiki\/Argentina\">Argentina<\/a>, al inaugurarse un nuevo ramal del ferrocarril en la <a title=\"Provincia de Entre R\u00edos\" href=\"https:\/\/es.wikipedia.org\/wiki\/Provincia_de_Entre_R%C3%ADos\">provincia de Entre R\u00edos<\/a>, la poblaci\u00f3n conocida como Kil\u00f3metro\u00a023 pasa a denominarse oficialmente <a title=\"Larroque (Argentina)\" href=\"https:\/\/es.wikipedia.org\/wiki\/Larroque_(Argentina)\">Larroque<\/a>.<\/li>\n<li><a title=\"1913\" href=\"https:\/\/es.wikipedia.org\/wiki\/1913\">1913<\/a>: en <a title=\"Buenos Aires\" href=\"https:\/\/es.wikipedia.org\/wiki\/Buenos_Aires\">Buenos Aires<\/a> (Argentina), se inaugura el <a title=\"Subte de Buenos Aires\" href=\"https:\/\/es.wikipedia.org\/wiki\/Subte_de_Buenos_Aires\">Subte de Buenos Aires<\/a>. Fue la primera red de trenes subterr\u00e1neos en <a title=\"Iberoam\u00e9rica\" href=\"https:\/\/es.wikipedia.org\/wiki\/Iberoam%C3%A9rica\">Iberoam\u00e9rica<\/a> y el <a title=\"Hemisferio sur\" href=\"https:\/\/es.wikipedia.org\/wiki\/Hemisferio_sur\">Hemisferio sur<\/a>.<\/li>\n<li><a title=\"1919\" href=\"https:\/\/es.wikipedia.org\/wiki\/1919\">1919<\/a>: en <a title=\"Londres\" href=\"https:\/\/es.wikipedia.org\/wiki\/Londres\">Londres<\/a> (Reino Unido), <a title=\"Nancy Astor\" href=\"https:\/\/es.wikipedia.org\/wiki\/Nancy_Astor\">Lady Astor<\/a> se convierte en la primera mujer miembro del Parlamento al tomar su asiento en la <a title=\"C\u00e1mara de los Comunes del Reino Unido\" href=\"https:\/\/es.wikipedia.org\/wiki\/C%C3%A1mara_de_los_Comunes_del_Reino_Unido\">C\u00e1mara de los Comunes<\/a>. (Hab\u00eda sido elegida el 28 de noviembre).<\/li>\n<li><a title=\"1924\" href=\"https:\/\/es.wikipedia.org\/wiki\/1924\">1924<\/a>: en <a title=\"M\u00e9xico\" href=\"https:\/\/es.wikipedia.org\/wiki\/M%C3%A9xico\">M\u00e9xico<\/a>, <a title=\"Plutarco El\u00edas Calles\" href=\"https:\/\/es.wikipedia.org\/wiki\/Plutarco_El%C3%ADas_Calles\">Plutarco El\u00edas Calles<\/a> asume el cargo de presidente.<\/li>\n<li><a title=\"1934\" href=\"https:\/\/es.wikipedia.org\/wiki\/1934\">1934<\/a>: en el centro del <a title=\"Partido Comunista de la Uni\u00f3n Sovi\u00e9tica\" href=\"https:\/\/es.wikipedia.org\/wiki\/Partido_Comunista_de_la_Uni%C3%B3n_Sovi%C3%A9tica\">Partido Comunista<\/a> de la ciudad de <a title=\"San Petersburgo\" href=\"https:\/\/es.wikipedia.org\/wiki\/San_Petersburgo\">Leningrado<\/a> (<a title=\"Uni\u00f3n Sovi\u00e9tica\" href=\"https:\/\/es.wikipedia.org\/wiki\/Uni%C3%B3n_Sovi%C3%A9tica\">Uni\u00f3n Sovi\u00e9tica<\/a>), <a title=\"Leonid Nikolaev\" href=\"https:\/\/es.wikipedia.org\/wiki\/Leonid_Nikolaev\">Leonid Nikolaev<\/a> asesina a tiros a <a title=\"Sergu\u00e9i K\u00edrov\" href=\"https:\/\/es.wikipedia.org\/wiki\/Sergu%C3%A9i_K%C3%ADrov\">Sergu\u00e9i K\u00edrov<\/a>(miembro del <a title=\"Politbur\u00f3\" href=\"https:\/\/es.wikipedia.org\/wiki\/Politbur%C3%B3\">Politbur\u00f3<\/a>).<\/li>\n<li>1934: en M\u00e9xico, <a title=\"L\u00e1zaro C\u00e1rdenas del R\u00edo\" href=\"https:\/\/es.wikipedia.org\/wiki\/L%C3%A1zaro_C%C3%A1rdenas_del_R%C3%ADo\">L\u00e1zaro C\u00e1rdenas<\/a> asume el cargo de presidente.<\/li>\n<li><a title=\"1940\" href=\"https:\/\/es.wikipedia.org\/wiki\/1940\">1940<\/a>: en M\u00e9xico, <a title=\"Manuel \u00c1vila Camacho\" href=\"https:\/\/es.wikipedia.org\/wiki\/Manuel_%C3%81vila_Camacho\">Manuel \u00c1vila Camacho<\/a> asume el cargo de presidente.<\/li>\n<li><a title=\"1941\" href=\"https:\/\/es.wikipedia.org\/wiki\/1941\">1941<\/a>: en Jap\u00f3n \u2015en el marco de la Segunda Guerra Mundial\u2015, el emperador <a title=\"Hirohito\" href=\"https:\/\/es.wikipedia.org\/wiki\/Hirohito\">Hirohito<\/a> da su aprobaci\u00f3n final para declarar la guerra contra Estados Unidos.<\/li>\n<li><a title=\"1946\" href=\"https:\/\/es.wikipedia.org\/wiki\/1946\">1946<\/a>: en M\u00e9xico, <a title=\"Miguel Alem\u00e1n Vald\u00e9s\" href=\"https:\/\/es.wikipedia.org\/wiki\/Miguel_Alem%C3%A1n_Vald%C3%A9s\">Miguel Alem\u00e1n Vald\u00e9s<\/a> asume el cargo de presidente.<\/li>\n<li><a title=\"1948\" href=\"https:\/\/es.wikipedia.org\/wiki\/1948\">1948<\/a>: <a title=\"Costa Rica\" href=\"https:\/\/es.wikipedia.org\/wiki\/Costa_Rica\">Costa Rica<\/a> elimina su ej\u00e9rcito, siendo el primer pa\u00eds del mundo en hacerlo.<\/li>\n<li>1948: en la playa de Somerton, en la ciudad de <a title=\"Adelaida (Australia)\" href=\"https:\/\/es.wikipedia.org\/wiki\/Adelaida_(Australia)\">Adelaida (Australia)<\/a> se encuentra el cad\u00e1ver de un hombre no identificado. El crimen \u2015caso <a class=\"mw-redirect\" title=\"Taman Shud\" href=\"https:\/\/es.wikipedia.org\/wiki\/Taman_Shud\">Taman Shud<\/a>, todav\u00eda no solucionado\u2015 involucra un veneno indetectable y un c\u00f3digo secreto proveniente de una edici\u00f3n rara del <i><a class=\"new\" title=\"Rubaiyat (a\u00fan no redactado)\" href=\"https:\/\/es.wikipedia.org\/w\/index.php?title=Rubaiyat&amp;action=edit&amp;redlink=1\">Rubaiyat<\/a><\/i> (de <a title=\"Omar Jayam\" href=\"https:\/\/es.wikipedia.org\/wiki\/Omar_Jayam\">Omar Jaiam<\/a>), en <a title=\"Idioma persa\" href=\"https:\/\/es.wikipedia.org\/wiki\/Idioma_persa\">idioma persa<\/a>.<\/li>\n<li><a title=\"1952\" href=\"https:\/\/es.wikipedia.org\/wiki\/1952\">1952<\/a>: en <a title=\"M\u00e9xico\" href=\"https:\/\/es.wikipedia.org\/wiki\/M%C3%A9xico\">M\u00e9xico<\/a>, <a title=\"Adolfo Ruiz Cortines\" href=\"https:\/\/es.wikipedia.org\/wiki\/Adolfo_Ruiz_Cortines\">Adolfo Ruiz Cortines<\/a> asume el cargo de presidente.<\/li>\n<li>1952: en Estados Unidos, el diario <i><a title=\"New York Daily News\" href=\"https:\/\/es.wikipedia.org\/wiki\/New_York_Daily_News\">New York Daily News<\/a><\/i> informa acerca de <a title=\"Christine Jorgensen\" href=\"https:\/\/es.wikipedia.org\/wiki\/Christine_Jorgensen\">Christine Jorgensen<\/a>, el primer caso de <a title=\"Cirug\u00eda de reasignaci\u00f3n de sexo\" href=\"https:\/\/es.wikipedia.org\/wiki\/Cirug%C3%ADa_de_reasignaci%C3%B3n_de_sexo\">cirug\u00eda de reasignaci\u00f3n de sexo<\/a>.<\/li>\n<li><a title=\"1955\" href=\"https:\/\/es.wikipedia.org\/wiki\/1955\">1955<\/a>: en <a title=\"Montgomery (Alabama)\" href=\"https:\/\/es.wikipedia.org\/wiki\/Montgomery_(Alabama)\">Montgomery<\/a> (<a title=\"Alabama\" href=\"https:\/\/es.wikipedia.org\/wiki\/Alabama\">Alabama<\/a>), <a title=\"Rosa Parks\" href=\"https:\/\/es.wikipedia.org\/wiki\/Rosa_Parks\">Rosa Parks<\/a> \u2014una costurera negra y activista por los derechos de los negros en Estados Unidos\u2014, se niega a ceder el asiento en un autob\u00fas p\u00fablico a un blanco, dando inicios a la <a title=\"Movimiento por los derechos civiles en Estados Unidos\" href=\"https:\/\/es.wikipedia.org\/wiki\/Movimiento_por_los_derechos_civiles_en_Estados_Unidos\">lucha por los derechos civiles<\/a> en ese pa\u00eds.<\/li>\n<li><a title=\"1958\" href=\"https:\/\/es.wikipedia.org\/wiki\/1958\">1958<\/a>: en <a title=\"M\u00e9xico\" href=\"https:\/\/es.wikipedia.org\/wiki\/M%C3%A9xico\">M\u00e9xico<\/a>, <a title=\"Adolfo L\u00f3pez Mateos\" href=\"https:\/\/es.wikipedia.org\/wiki\/Adolfo_L%C3%B3pez_Mateos\">Adolfo L\u00f3pez Mateos<\/a> asume el cargo de presidente.<\/li>\n<li>1958: en <a title=\"Chicago\" href=\"https:\/\/es.wikipedia.org\/wiki\/Chicago\">Chicago<\/a> se incendia la escuela Our Lady of the Angels (Nuestra Se\u00f1ora de los \u00c1ngeles). Mueren 92\u00a0ni\u00f1os y 3\u00a0monjas.<\/li>\n<li><a title=\"1959\" href=\"https:\/\/es.wikipedia.org\/wiki\/1959\">1959<\/a>: en <a title=\"Washington D. C.\" href=\"https:\/\/es.wikipedia.org\/wiki\/Washington_D._C.\">Washington D. C.<\/a> se firma el <a title=\"Tratado Ant\u00e1rtico\" href=\"https:\/\/es.wikipedia.org\/wiki\/Tratado_Ant%C3%A1rtico\">Tratado Ant\u00e1rtico<\/a>.<\/li>\n<li><a title=\"1960\" href=\"https:\/\/es.wikipedia.org\/wiki\/1960\">1960<\/a>: la <a title=\"Uni\u00f3n Sovi\u00e9tica\" href=\"https:\/\/es.wikipedia.org\/wiki\/Uni%C3%B3n_Sovi%C3%A9tica\">Uni\u00f3n Sovi\u00e9tica<\/a> lanza al espacio el <a title=\"Sat\u00e9lite artificial\" href=\"https:\/\/es.wikipedia.org\/wiki\/Sat%C3%A9lite_artificial\">sat\u00e9lite artificial<\/a> <a title=\"Programa Sputnik\" href=\"https:\/\/es.wikipedia.org\/wiki\/Programa_Sputnik\"><i>Sputnik 6<\/i><\/a>.<\/li>\n<li>1960: en <a title=\"Hamburgo\" href=\"https:\/\/es.wikipedia.org\/wiki\/Hamburgo\">Hamburgo<\/a> (Alemania), los m\u00fasicos brit\u00e1nicos <a title=\"Paul McCartney\" href=\"https:\/\/es.wikipedia.org\/wiki\/Paul_McCartney\">Paul McCartney<\/a> y <a title=\"Pete Best\" href=\"https:\/\/es.wikipedia.org\/wiki\/Pete_Best\">Pete Best<\/a> (de la banda <a title=\"The Beatles\" href=\"https:\/\/es.wikipedia.org\/wiki\/The_Beatles\">The Beatles<\/a>) son arrestados y m\u00e1s tarde deportados a Reino Unido, por una denuncia de intento de incendio.<\/li>\n<li><a title=\"1963\" href=\"https:\/\/es.wikipedia.org\/wiki\/1963\">1963<\/a>: en la India, la regi\u00f3n de <a title=\"Nagaland\" href=\"https:\/\/es.wikipedia.org\/wiki\/Nagaland\">Nagaland<\/a> se convierte en el 16.\u00ba estado de ese pa\u00eds.<\/li>\n<li><a title=\"1964\" href=\"https:\/\/es.wikipedia.org\/wiki\/1964\">1964<\/a>: <a class=\"mw-redirect\" title=\"Malawi\" href=\"https:\/\/es.wikipedia.org\/wiki\/Malawi\">Malawi<\/a>, <a title=\"Malta\" href=\"https:\/\/es.wikipedia.org\/wiki\/Malta\">Malta<\/a> y <a title=\"Zambia\" href=\"https:\/\/es.wikipedia.org\/wiki\/Zambia\">Zambia<\/a> ingresan a la <a title=\"Organizaci\u00f3n de las Naciones Unidas\" href=\"https:\/\/es.wikipedia.org\/wiki\/Organizaci%C3%B3n_de_las_Naciones_Unidas\">ONU<\/a> (Organizaci\u00f3n de las Naciones Unidas).<\/li>\n<li>1964: en Washington (Estados Unidos) el presidente <a title=\"Lyndon B. Johnson\" href=\"https:\/\/es.wikipedia.org\/wiki\/Lyndon_B._Johnson\">Lyndon B. Johnson<\/a> \u2015en el marco de la <a title=\"Guerra de Vietnam\" href=\"https:\/\/es.wikipedia.org\/wiki\/Guerra_de_Vietnam\">guerra de Vietnam<\/a>\u2015 se re\u00fane con sus consejeros para planear bombardeos a objetivos civiles en <a title=\"Vietnam del Norte\" href=\"https:\/\/es.wikipedia.org\/wiki\/Vietnam_del_Norte\">Vietnam del Norte<\/a>.<\/li>\n<li>1964: en <a title=\"M\u00e9xico\" href=\"https:\/\/es.wikipedia.org\/wiki\/M%C3%A9xico\">M\u00e9xico<\/a>, <a title=\"Gustavo D\u00edaz Ordaz\" href=\"https:\/\/es.wikipedia.org\/wiki\/Gustavo_D%C3%ADaz_Ordaz\">Gustavo D\u00edaz Ordaz<\/a> asume el cargo de presidente.<\/li>\n<li><a title=\"1969\" href=\"https:\/\/es.wikipedia.org\/wiki\/1969\">1969<\/a>: en el marco de la <a title=\"Guerra de Vietnam\" href=\"https:\/\/es.wikipedia.org\/wiki\/Guerra_de_Vietnam\">guerra de Vietnam<\/a>, en Estados Unidos se realiza el sorteo (el primero desde la Segunda Guerra Mundial) para reclutar soldados con el objetivo de continuar la invasi\u00f3n de Vietnam del Norte.<\/li>\n<li><a title=\"1970\" href=\"https:\/\/es.wikipedia.org\/wiki\/1970\">1970<\/a>: en <a title=\"M\u00e9xico\" href=\"https:\/\/es.wikipedia.org\/wiki\/M%C3%A9xico\">M\u00e9xico<\/a>, <a title=\"Luis Echeverr\u00eda \u00c1lvarez\" href=\"https:\/\/es.wikipedia.org\/wiki\/Luis_Echeverr%C3%ADa_%C3%81lvarez\">Luis Echeverr\u00eda \u00c1lvarez<\/a> asume el cargo de presidente.<\/li>\n<li><a title=\"1971\" href=\"https:\/\/es.wikipedia.org\/wiki\/1971\">1971<\/a>: en <a title=\"Ecuador\" href=\"https:\/\/es.wikipedia.org\/wiki\/Ecuador\">Ecuador<\/a>, se descubre al <a class=\"mw-redirect\" title=\"Solitario George\" href=\"https:\/\/es.wikipedia.org\/wiki\/Solitario_George\">Solitario George<\/a>, \u00faltimo esp\u00e9cimen de la especie <i><a title=\"Chelonoidis abingdonii\" href=\"https:\/\/es.wikipedia.org\/wiki\/Chelonoidis_abingdonii\">Chelonoidis abingdonii<\/a><\/i>.<\/li>\n<li><a title=\"1974\" href=\"https:\/\/es.wikipedia.org\/wiki\/1974\">1974<\/a>: al noroeste del <a class=\"mw-redirect\" title=\"Aeropuerto Internacional Dulles\" href=\"https:\/\/es.wikipedia.org\/wiki\/Aeropuerto_Internacional_Dulles\">Aeropuerto Internacional Dulles<\/a>, 42 km al oeste del centro de <a title=\"Washington D. C.\" href=\"https:\/\/es.wikipedia.org\/wiki\/Washington_D._C.\">Washington D. C.<\/a> (Estados Unidos), se estrella un <a title=\"Boeing 727\" href=\"https:\/\/es.wikipedia.org\/wiki\/Boeing_727\">Boeing\u00a0727<\/a> (el vuelo\u00a0514 de TWA). Mueren las 92\u00a0personas a bordo.<\/li>\n<li>1974: en el <a title=\"Stony Point (Nueva York)\" href=\"https:\/\/es.wikipedia.org\/wiki\/Stony_Point_(Nueva_York)\">parque estatal Harriman<\/a>, 50 km al norte de <a title=\"Nueva York\" href=\"https:\/\/es.wikipedia.org\/wiki\/Nueva_York\">Nueva York<\/a> (Estados Unidos), se estrella otro Boeing\u00a0727 (el vuelo\u00a06231 de Northwest Orient Airlines). Mueren las tres personas a bordo.<\/li>\n<li><a title=\"1976\" href=\"https:\/\/es.wikipedia.org\/wiki\/1976\">1976<\/a>: <a title=\"Angola\" href=\"https:\/\/es.wikipedia.org\/wiki\/Angola\">Angola<\/a> se une a las <a class=\"mw-redirect\" title=\"Naciones Unidas\" href=\"https:\/\/es.wikipedia.org\/wiki\/Naciones_Unidas\">Naciones Unidas<\/a>.<\/li>\n<li>1976: en <a title=\"M\u00e9xico\" href=\"https:\/\/es.wikipedia.org\/wiki\/M%C3%A9xico\">M\u00e9xico<\/a>, <a title=\"Jos\u00e9 L\u00f3pez Portillo\" href=\"https:\/\/es.wikipedia.org\/wiki\/Jos%C3%A9_L%C3%B3pez_Portillo\">Jos\u00e9 L\u00f3pez Portillo<\/a> asume el cargo de presidente.<\/li>\n<li><a title=\"1977\" href=\"https:\/\/es.wikipedia.org\/wiki\/1977\">1977<\/a>: en <a title=\"Venezuela\" href=\"https:\/\/es.wikipedia.org\/wiki\/Venezuela\">Venezuela<\/a>, se constituye la Corporaci\u00f3n <a title=\"Petroqu\u00edmica de Venezuela\" href=\"https:\/\/es.wikipedia.org\/wiki\/Petroqu%C3%ADmica_de_Venezuela\">Petroqu\u00edmica de Venezuela<\/a> (Pequiven).<sup id=\"cite_ref-1\" class=\"reference\"><a href=\"https:\/\/es.wikipedia.org\/wiki\/1_de_diciembre#cite_note-1\">1<\/a><\/sup><\/li>\n<li><a title=\"1978\" href=\"https:\/\/es.wikipedia.org\/wiki\/1978\">1978<\/a>: en un t\u00fanel a 248\u00a0metros bajo tierra, en el \u00e1rea U3kn del <a class=\"mw-redirect\" title=\"Sitio de pruebas at\u00f3micas de Nevada\" href=\"https:\/\/es.wikipedia.org\/wiki\/Sitio_de_pruebas_at%C3%B3micas_de_Nevada\">Sitio de pruebas at\u00f3micas de Nevada<\/a> (a unos 100\u00a0km al noroeste de la ciudad de <a title=\"Las Vegas\" href=\"https:\/\/es.wikipedia.org\/wiki\/Las_Vegas\">Las Vegas<\/a>), a las 9:07 (hora local) Estados Unidos detona su <a title=\"Bomba at\u00f3mica\" href=\"https:\/\/es.wikipedia.org\/wiki\/Bomba_at%C3%B3mica\">bomba at\u00f3mica<\/a> <a class=\"new\" title=\"Operaci\u00f3n Quicksilver (a\u00fan no redactado)\" href=\"https:\/\/es.wikipedia.org\/w\/index.php?title=Operaci%C3%B3n_Quicksilver&amp;action=edit&amp;redlink=1\">Concentration<\/a>, de 0,6\u00a0<a class=\"mw-redirect\" title=\"Kilotones\" href=\"https:\/\/es.wikipedia.org\/wiki\/Kilotones\">kt<\/a>. Es la bomba\u00a0n.\u00ba\u00a0922 de las 1132 que Estados Unidos deton\u00f3 entre 1945 y 1992.<\/li>\n<li><a title=\"1979\" href=\"https:\/\/es.wikipedia.org\/wiki\/1979\">1979<\/a>: Guill\u00e9n, Gonzalo (1979): en <a title=\"Colombia\" href=\"https:\/\/es.wikipedia.org\/wiki\/Colombia\">Colombia<\/a> se inaugura oficialmente la <a title=\"Anexo:Introducci\u00f3n de la televisi\u00f3n en color en los diferentes pa\u00edses\" href=\"https:\/\/es.wikipedia.org\/wiki\/Anexo:Introducci%C3%B3n_de_la_televisi%C3%B3n_en_color_en_los_diferentes_pa%C3%ADses\">televisi\u00f3n a color<\/a>.<sup id=\"cite_ref-2\" class=\"reference\"><a href=\"https:\/\/es.wikipedia.org\/wiki\/1_de_diciembre#cite_note-2\">2<\/a><\/sup><\/li>\n<li><a title=\"1981\" href=\"https:\/\/es.wikipedia.org\/wiki\/1981\">1981<\/a>: se registra oficialmente el primer caso de <a class=\"mw-redirect\" title=\"Sida\" href=\"https:\/\/es.wikipedia.org\/wiki\/Sida\">sida<\/a>, en cuyo recuerdo en <a title=\"1988\" href=\"https:\/\/es.wikipedia.org\/wiki\/1988\">1988<\/a> la <a title=\"Organizaci\u00f3n Mundial de la Salud\" href=\"https:\/\/es.wikipedia.org\/wiki\/Organizaci%C3%B3n_Mundial_de_la_Salud\">OMS<\/a> establecer\u00e1 esta fecha como el <a title=\"D\u00eda Mundial de la Lucha contra el Sida\" href=\"https:\/\/es.wikipedia.org\/wiki\/D%C3%ADa_Mundial_de_la_Lucha_contra_el_Sida\">D\u00eda Mundial de la Lucha contra el Sida<\/a>.<\/li>\n<li>1982: en M\u00e9xico, <a class=\"mw-redirect\" title=\"Miguel de la Madrid Hurtado\" href=\"https:\/\/es.wikipedia.org\/wiki\/Miguel_de_la_Madrid_Hurtado\">Miguel de la Madrid Hurtado<\/a> asume el cargo de presidente.<\/li>\n<li><a title=\"1987\" href=\"https:\/\/es.wikipedia.org\/wiki\/1987\">1987<\/a>: en un t\u00fanel a 183\u00a0metros bajo tierra, en el \u00e1rea U3Lu del <a class=\"mw-redirect\" title=\"Sitio de pruebas at\u00f3micas de Nevada\" href=\"https:\/\/es.wikipedia.org\/wiki\/Sitio_de_pruebas_at%C3%B3micas_de_Nevada\">Sitio de pruebas at\u00f3micas de Nevada<\/a> (a unos 100\u00a0km al noroeste de la ciudad de <a title=\"Las Vegas\" href=\"https:\/\/es.wikipedia.org\/wiki\/Las_Vegas\">Las Vegas<\/a>), a las 8:30 (hora local) Estados Unidos detona su <a title=\"Bomba at\u00f3mica\" href=\"https:\/\/es.wikipedia.org\/wiki\/Bomba_at%C3%B3mica\">bomba at\u00f3mica<\/a> <a class=\"new\" title=\"Operaci\u00f3n Touchstone (a\u00fan no redactado)\" href=\"https:\/\/es.wikipedia.org\/w\/index.php?title=Operaci%C3%B3n_Touchstone&amp;action=edit&amp;redlink=1\">Waco<\/a>, de menos de 20\u00a0<a class=\"mw-redirect\" title=\"Kilotones\" href=\"https:\/\/es.wikipedia.org\/wiki\/Kilotones\">kt<\/a>. Es la bomba\u00a0n.\u00ba\u00a01070 de las 1132 que Estados Unidos deton\u00f3 entre 1945 y 1992.<\/li>\n<li><a title=\"1988\" href=\"https:\/\/es.wikipedia.org\/wiki\/1988\">1988<\/a>: en <a title=\"Pakist\u00e1n\" href=\"https:\/\/es.wikipedia.org\/wiki\/Pakist%C3%A1n\">Pakist\u00e1n<\/a>, la pol\u00edtica <a title=\"Benazir Bhutto\" href=\"https:\/\/es.wikipedia.org\/wiki\/Benazir_Bhutto\">Benazir Bhutto<\/a> es nombrada <a title=\"Primer ministro de Pakist\u00e1n\" href=\"https:\/\/es.wikipedia.org\/wiki\/Primer_ministro_de_Pakist%C3%A1n\">primera ministra<\/a>.<\/li>\n<li>1988: en M\u00e9xico, <a title=\"Carlos Salinas de Gortari\" href=\"https:\/\/es.wikipedia.org\/wiki\/Carlos_Salinas_de_Gortari\">Carlos Salinas de Gortari<\/a> asume el cargo de presidente.<\/li>\n<li><a title=\"1989\" href=\"https:\/\/es.wikipedia.org\/wiki\/1989\">1989<\/a>: lanzamiento del <a title=\"Observatorio espacial\" href=\"https:\/\/es.wikipedia.org\/wiki\/Observatorio_espacial\">observatorio espacial<\/a> internacional <a title=\"Granat (observatorio espacial)\" href=\"https:\/\/es.wikipedia.org\/wiki\/Granat_(observatorio_espacial)\">Granat<\/a>.<\/li>\n<li>1989: en <a title=\"Filipinas\" href=\"https:\/\/es.wikipedia.org\/wiki\/Filipinas\">Filipinas<\/a> el grupo militar de derechas Reform the Armed Forces Movement intenta infructuosmanete perpetrar un golpe de Estado contra la presidenta <a title=\"Coraz\u00f3n Aquino\" href=\"https:\/\/es.wikipedia.org\/wiki\/Coraz%C3%B3n_Aquino\">Coraz\u00f3n Aquino<\/a>.<\/li>\n<li><a title=\"1990\" href=\"https:\/\/es.wikipedia.org\/wiki\/1990\">1990<\/a>: a 40 metros bajo el lecho del <a title=\"Canal de la Mancha\" href=\"https:\/\/es.wikipedia.org\/wiki\/Canal_de_la_Mancha\">Canal de la Mancha<\/a> (entre <a title=\"Inglaterra\" href=\"https:\/\/es.wikipedia.org\/wiki\/Inglaterra\">Inglaterra<\/a> y <a title=\"Francia\" href=\"https:\/\/es.wikipedia.org\/wiki\/Francia\">Francia<\/a>), se encuentran los trabajadores que construyen el <a title=\"Eurot\u00fanel\" href=\"https:\/\/es.wikipedia.org\/wiki\/Eurot%C3%BAnel\">Eurot\u00fanel<\/a>.<\/li>\n<li><a title=\"1991\" href=\"https:\/\/es.wikipedia.org\/wiki\/1991\">1991<\/a>: en el marco del final de la <a title=\"Guerra Fr\u00eda\" href=\"https:\/\/es.wikipedia.org\/wiki\/Guerra_Fr%C3%ADa\">Guerra Fr\u00eda<\/a>, en <a title=\"Ucrania\" href=\"https:\/\/es.wikipedia.org\/wiki\/Ucrania\">Ucrania<\/a> un refer\u00e9ndum popular aprueba el plan para independizarse de la <a title=\"Uni\u00f3n Sovi\u00e9tica\" href=\"https:\/\/es.wikipedia.org\/wiki\/Uni%C3%B3n_Sovi%C3%A9tica\">Uni\u00f3n Sovi\u00e9tica<\/a>.<\/li>\n<li><a title=\"1994\" href=\"https:\/\/es.wikipedia.org\/wiki\/1994\">1994<\/a>: en M\u00e9xico, <a class=\"mw-redirect\" title=\"Ernesto Zedillo Ponce de Le\u00f3n\" href=\"https:\/\/es.wikipedia.org\/wiki\/Ernesto_Zedillo_Ponce_de_Le%C3%B3n\">Ernesto Zedillo Ponce de Le\u00f3n<\/a> asume el cargo de presidente.<\/li>\n<li><a title=\"1996\" href=\"https:\/\/es.wikipedia.org\/wiki\/1996\">1996<\/a>: en Buenos Aires, surge <a title=\"Scouts de Argentina\" href=\"https:\/\/es.wikipedia.org\/wiki\/Scouts_de_Argentina\">Scouts de Argentina<\/a> de la fusi\u00f3n de la <a title=\"Uni\u00f3n Scouts Cat\u00f3licos Argentinos\" href=\"https:\/\/es.wikipedia.org\/wiki\/Uni%C3%B3n_Scouts_Cat%C3%B3licos_Argentinos\">Uni\u00f3n Scouts Cat\u00f3licos Argentinos<\/a> y la <a title=\"Movimiento Scout en Argentina\" href=\"https:\/\/es.wikipedia.org\/wiki\/Movimiento_Scout_en_Argentina\">Asociaci\u00f3n de Scouts de Argentina<\/a>.<\/li>\n<li><a title=\"1997\" href=\"https:\/\/es.wikipedia.org\/wiki\/1997\">1997<\/a>: en la aldea de <a title=\"Distrito de Arwal\" href=\"https:\/\/es.wikipedia.org\/wiki\/Distrito_de_Arwal\">Laksmanpur Bathe<\/a>, 125\u00a0km al oeste de <a title=\"Patna\" href=\"https:\/\/es.wikipedia.org\/wiki\/Patna\">Patna<\/a> \u2015en el estado indio de <a title=\"Bihar\" href=\"https:\/\/es.wikipedia.org\/wiki\/Bihar\">Bijar<\/a>\u2015, el grupo terrorista <a class=\"new\" title=\"Ranvir Sena (a\u00fan no redactado)\" href=\"https:\/\/es.wikipedia.org\/w\/index.php?title=Ranvir_Sena&amp;action=edit&amp;redlink=1\">Ranvir Sena<\/a> (formado por terratenientes <a class=\"mw-redirect\" title=\"Brahm\u00e1n (racismo)\" href=\"https:\/\/es.wikipedia.org\/wiki\/Brahm%C3%A1n_(racismo)\">brahmanes<\/a> <a title=\"Hinduismo\" href=\"https:\/\/es.wikipedia.org\/wiki\/Hinduismo\">hinduistas<\/a> matan a 74\u00a0<a class=\"mw-redirect\" title=\"Dalit\" href=\"https:\/\/es.wikipedia.org\/wiki\/Dalit\">dalits<\/a> (personas de casta baja) \u201516\u00a0ni\u00f1os, 32\u00a0mujeres y 26\u00a0hombres\u2015. Con la sangre de las v\u00edctimas escriben en las paredes del pueblo:<\/li>\n<\/ul>\n<p style=\"text-align: justify;\">Hemos matado a los ni\u00f1os porque cuando crecieran se convertir\u00edan en <a title=\"Insurgencia naxalita\" href=\"https:\/\/es.wikipedia.org\/wiki\/Insurgencia_naxalita\">naksalitas<\/a>. Hemos matado a las mujeres porque dar\u00edan a luz a m\u00e1s naxalitas.<sup id=\"cite_ref-3\" class=\"reference\"><a href=\"https:\/\/es.wikipedia.org\/wiki\/1_de_diciembre#cite_note-3\">3<\/a><\/sup><\/p>\n<ul style=\"text-align: justify;\">\n<li>1999: el centro hist\u00f3rico de <a title=\"Cuenca (Ecuador)\" href=\"https:\/\/es.wikipedia.org\/wiki\/Cuenca_(Ecuador)\">Cuenca (Ecuador)<\/a> es declarado <a title=\"Patrimonio de la Humanidad\" href=\"https:\/\/es.wikipedia.org\/wiki\/Patrimonio_de_la_Humanidad\">Patrimonio de la Humanidad<\/a> por la <a title=\"Unesco\" href=\"https:\/\/es.wikipedia.org\/wiki\/Unesco\">Unesco<\/a>.<\/li>\n<li><a title=\"2000\" href=\"https:\/\/es.wikipedia.org\/wiki\/2000\">2000<\/a>: en M\u00e9xico, <a title=\"Vicente Fox\" href=\"https:\/\/es.wikipedia.org\/wiki\/Vicente_Fox\">Vicente Fox<\/a> asume el cargo de presidente. Es el primer candidato de la oposici\u00f3n que logra alcanzar la presidencia. El <a title=\"Partido Revolucionario Institucional\" href=\"https:\/\/es.wikipedia.org\/wiki\/Partido_Revolucionario_Institucional\">PRI<\/a> pierde el poder despu\u00e9s de m\u00e1s de 70\u00a0a\u00f1os<\/li>\n<li><a title=\"2001\" href=\"https:\/\/es.wikipedia.org\/wiki\/2001\">2001<\/a>: en <a title=\"Busan\" href=\"https:\/\/es.wikipedia.org\/wiki\/Busan\">Busan<\/a> (<a title=\"Corea del Sur\" href=\"https:\/\/es.wikipedia.org\/wiki\/Corea_del_Sur\">Corea del Sur<\/a>), se lleva a cabo el <a class=\"mw-redirect\" title=\"Sorteo de la Copa Mundial de F\u00fatbol de 2002\" href=\"https:\/\/es.wikipedia.org\/wiki\/Sorteo_de_la_Copa_Mundial_de_F%C3%BAtbol_de_2002\">Sorteo de la Copa Mundial de F\u00fatbol de 2002<\/a>.<\/li>\n<li><a title=\"2001\" href=\"https:\/\/es.wikipedia.org\/wiki\/2001\">2001<\/a>: en la v\u00eda que de Sogamoso conduce a Yopal <a title=\"Boyac\u00e1\" href=\"https:\/\/es.wikipedia.org\/wiki\/Boyac%C3%A1\">Boyac\u00e1<\/a> (<a title=\"Colombia\" href=\"https:\/\/es.wikipedia.org\/wiki\/Colombia\">Colombia<\/a>), Un bus con 18 pasajeros fue detenido por un grupo de hombres armados que separaron a dos ni\u00f1os y una anciana que viajaban y a los otros 15 los asesinaron en la carretera.<\/li>\n<li><a title=\"2001\" href=\"https:\/\/es.wikipedia.org\/wiki\/2001\">2001<\/a>: en <a title=\"Argentina\" href=\"https:\/\/es.wikipedia.org\/wiki\/Argentina\">Argentina<\/a>, el ministro de Econom\u00eda <a class=\"mw-redirect\" title=\"Domingo Felipe Cavallo\" href=\"https:\/\/es.wikipedia.org\/wiki\/Domingo_Felipe_Cavallo\">Domingo Cavallo<\/a> anuncia el <a title=\"Corralito\" href=\"https:\/\/es.wikipedia.org\/wiki\/Corralito\">Corralito<\/a>.<\/li>\n<li><a title=\"2002\" href=\"https:\/\/es.wikipedia.org\/wiki\/2002\">2002<\/a>: en <a title=\"Santiago de Compostela\" href=\"https:\/\/es.wikipedia.org\/wiki\/Santiago_de_Compostela\">Santiago de Compostela<\/a> (Espa\u00f1a) se manifiestan 200\u00a0000\u00a0personas, convocadas por la organizaci\u00f3n <a title=\"Nunca M\u00e1is\" href=\"https:\/\/es.wikipedia.org\/wiki\/Nunca_M%C3%A1is\">Nunca M\u00e1is<\/a>, para exigir dignidad y dimisiones por la incompetencia del gobierno gallego y espa\u00f1ol ante la crisis del barco petrolero <i><a title=\"Prestige\" href=\"https:\/\/es.wikipedia.org\/wiki\/Prestige\">Prestige<\/a><\/i>.<\/li>\n<li><a title=\"2006\" href=\"https:\/\/es.wikipedia.org\/wiki\/2006\">2006<\/a>: en M\u00e9xico, <a title=\"Felipe Calder\u00f3n Hinojosa\" href=\"https:\/\/es.wikipedia.org\/wiki\/Felipe_Calder%C3%B3n_Hinojosa\">Felipe Calder\u00f3n<\/a> asume el cargo de presidente, en medio de un esc\u00e1ndalo pol\u00edtico.<\/li>\n<li>2006: en <a title=\"Colombia\" href=\"https:\/\/es.wikipedia.org\/wiki\/Colombia\">Colombia<\/a> la empresa <a title=\"Tigo\" href=\"https:\/\/es.wikipedia.org\/wiki\/Tigo\">Tigo<\/a> reemplaza a la empresa de telefon\u00eda <a class=\"new\" title=\"OLA (Colombia) (a\u00fan no redactado)\" href=\"https:\/\/es.wikipedia.org\/w\/index.php?title=OLA_(Colombia)&amp;action=edit&amp;redlink=1\">OLA<\/a>.<\/li>\n<li>2006: en <a title=\"Doha\" href=\"https:\/\/es.wikipedia.org\/wiki\/Doha\">Doha<\/a> (<a title=\"Catar\" href=\"https:\/\/es.wikipedia.org\/wiki\/Catar\">Catar<\/a>) comienzan los <a title=\"Juegos Asi\u00e1ticos de 2006\" href=\"https:\/\/es.wikipedia.org\/wiki\/Juegos_Asi%C3%A1ticos_de_2006\">XV\u00a0Juegos Asi\u00e1ticos<\/a>.<sup id=\"cite_ref-ref_duplicada_asiaticos2006_4-0\" class=\"reference\"><a href=\"https:\/\/es.wikipedia.org\/wiki\/1_de_diciembre#cite_note-ref_duplicada_asiaticos2006-4\">4<\/a><\/sup><\/li>\n<li><a title=\"2007\" href=\"https:\/\/es.wikipedia.org\/wiki\/2007\">2007<\/a>: cerca de la ciudad <a title=\"Francia\" href=\"https:\/\/es.wikipedia.org\/wiki\/Francia\">francesa<\/a> de <a title=\"Bayona (Francia)\" href=\"https:\/\/es.wikipedia.org\/wiki\/Bayona_(Francia)\">Bayona<\/a>, la banda terrorista <a title=\"Euskadi Ta Askatasuna\" href=\"https:\/\/es.wikipedia.org\/wiki\/Euskadi_Ta_Askatasuna\">ETA<\/a> mata a un polic\u00eda espa\u00f1ol e hiere a otro.<\/li>\n<li><a title=\"2009\" href=\"https:\/\/es.wikipedia.org\/wiki\/2009\">2009<\/a>: entra en vigor el <a title=\"Tratado de Lisboa\" href=\"https:\/\/es.wikipedia.org\/wiki\/Tratado_de_Lisboa\">Tratado de Lisboa<\/a>.<\/li>\n<li><a title=\"2012\" href=\"https:\/\/es.wikipedia.org\/wiki\/2012\">2012<\/a>: en <a title=\"M\u00e9xico\" href=\"https:\/\/es.wikipedia.org\/wiki\/M%C3%A9xico\">M\u00e9xico<\/a>, <a title=\"Enrique Pe\u00f1a Nieto\" href=\"https:\/\/es.wikipedia.org\/wiki\/Enrique_Pe%C3%B1a_Nieto\">Enrique Pe\u00f1a Nieto<\/a> asume el cargo de presidente, en medio del descontento y la protesta nacional. Con esta sucesi\u00f3n el <a title=\"Partido Revolucionario Institucional\" href=\"https:\/\/es.wikipedia.org\/wiki\/Partido_Revolucionario_Institucional\">PRI<\/a> regresa al poder despu\u00e9s de doce\u00a0a\u00f1os de ausencia, reprimiendo a los manifestantes.<\/li>\n<li><a title=\"2014\" href=\"https:\/\/es.wikipedia.org\/wiki\/2014\">2014<\/a>: en la <a title=\"Ciudad de M\u00e9xico\" href=\"https:\/\/es.wikipedia.org\/wiki\/Ciudad_de_M%C3%A9xico\">Ciudad de M\u00e9xico<\/a>, d\u00eda del entierro del actor <a title=\"Roberto G\u00f3mez Bola\u00f1os\" href=\"https:\/\/es.wikipedia.org\/wiki\/Roberto_G%C3%B3mez_Bola%C3%B1os\">Roberto G\u00f3mez Bola\u00f1os<\/a>.<\/li>\n<\/ul>\n<h2 style=\"text-align: justify;\"><span id=\"Nacimientos\" class=\"mw-headline\">Nacimientos<\/span><\/h2>\n<ul style=\"text-align: justify;\">\n<li><a title=\"1081\" href=\"https:\/\/es.wikipedia.org\/wiki\/1081\">1081<\/a>: <a title=\"Luis VI de Francia\" href=\"https:\/\/es.wikipedia.org\/wiki\/Luis_VI_de_Francia\">Luis VI<\/a>, rey franc\u00e9s.<\/li>\n<li><a title=\"1083\" href=\"https:\/\/es.wikipedia.org\/wiki\/1083\">1083<\/a>: <a class=\"mw-redirect\" title=\"Anna Komnene\" href=\"https:\/\/es.wikipedia.org\/wiki\/Anna_Komnene\">Ana Comneno<\/a>, m\u00e9dica, historiadora y arist\u00f3crata griega (f. 1153).<\/li>\n<li><a title=\"1521\" href=\"https:\/\/es.wikipedia.org\/wiki\/1521\">1521<\/a>: <a title=\"Takeda Shingen\" href=\"https:\/\/es.wikipedia.org\/wiki\/Takeda_Shingen\">Takeda Shingen<\/a>, militar japon\u00e9s (f. 1573).<\/li>\n<li><a title=\"1525\" href=\"https:\/\/es.wikipedia.org\/wiki\/1525\">1525<\/a>: <a title=\"Tade\u00e1\u0161 H\u00e1jek\" href=\"https:\/\/es.wikipedia.org\/wiki\/Tade%C3%A1%C5%A1_H%C3%A1jek\">Tadeas Hajek<\/a>, f\u00edsico y astr\u00f3nomo checo (f. 1600).<\/li>\n<li><a title=\"1580\" href=\"https:\/\/es.wikipedia.org\/wiki\/1580\">1580<\/a>: <a title=\"Nicolas-Claude Fabri de Peiresc\" href=\"https:\/\/es.wikipedia.org\/wiki\/Nicolas-Claude_Fabri_de_Peiresc\">Nicolas-Claude Fabri de Peiresc<\/a>, astr\u00f3nomo franc\u00e9s (f. 1637).<\/li>\n<li><a title=\"1709\" href=\"https:\/\/es.wikipedia.org\/wiki\/1709\">1709<\/a>: <a class=\"mw-redirect\" title=\"Franz Xaver Richter\" href=\"https:\/\/es.wikipedia.org\/wiki\/Franz_Xaver_Richter\">Franz Xaver Richter<\/a>, cantante, violinista, director de orquesta y compositor austr\u00edaco (f. 1789).<\/li>\n<li><a title=\"1716\" href=\"https:\/\/es.wikipedia.org\/wiki\/1716\">1716<\/a>: <a title=\"\u00c9tienne-Maurice Falconet\" href=\"https:\/\/es.wikipedia.org\/wiki\/%C3%89tienne-Maurice_Falconet\">\u00c9tienne-Maurice Falconet<\/a>, escultor franc\u00e9s (f. 1791).<\/li>\n<li><a title=\"1729\" href=\"https:\/\/es.wikipedia.org\/wiki\/1729\">1729<\/a>: <a title=\"Giuseppe Sarti\" href=\"https:\/\/es.wikipedia.org\/wiki\/Giuseppe_Sarti\">Giuseppe Sarti<\/a>, compositor italiano (f. 1802).<\/li>\n<li><a title=\"1743\" href=\"https:\/\/es.wikipedia.org\/wiki\/1743\">1743<\/a>: <a title=\"Martin Heinrich Klaproth\" href=\"https:\/\/es.wikipedia.org\/wiki\/Martin_Heinrich_Klaproth\">Martin Heinrich Klaproth<\/a>, qu\u00edmico alem\u00e1n (f. 1817).<\/li>\n<li><a title=\"1761\" href=\"https:\/\/es.wikipedia.org\/wiki\/1761\">1761<\/a>: <a title=\"Marie Tussaud\" href=\"https:\/\/es.wikipedia.org\/wiki\/Marie_Tussaud\">Marie Tussaud<\/a>, escultora francesa, que fund\u00f3 el Museo de Cera Madame Tussaud (f. 1850).<\/li>\n<li><a title=\"1792\" href=\"https:\/\/es.wikipedia.org\/wiki\/1792\">1792<\/a>: <a class=\"mw-redirect\" title=\"Nikolai Lobachevsky\" href=\"https:\/\/es.wikipedia.org\/wiki\/Nikolai_Lobachevsky\">Nikol\u00e1i Lobachevski<\/a>, matem\u00e1tico ruso (f. 1856).<\/li>\n<li><a title=\"1800\" href=\"https:\/\/es.wikipedia.org\/wiki\/1800\">1800<\/a>: <a title=\"Mih\u00e1ly V\u00f6r\u00f6smarty\" href=\"https:\/\/es.wikipedia.org\/wiki\/Mih%C3%A1ly_V%C3%B6r%C3%B6smarty\">Mih\u00e1ly V\u00f6r\u00f6smarty<\/a>, escritor h\u00fangaro.<\/li>\n<li><a title=\"1844\" href=\"https:\/\/es.wikipedia.org\/wiki\/1844\">1844<\/a>: <a title=\"Alejandra de Dinamarca\" href=\"https:\/\/es.wikipedia.org\/wiki\/Alejandra_de_Dinamarca\">Alejandra de Schleswig<\/a>, arist\u00f3crata danesa, esposa del rey brit\u00e1nico Eduardo\u00a0VII (f. 1925).<\/li>\n<li><a title=\"1868\" href=\"https:\/\/es.wikipedia.org\/wiki\/1868\">1868<\/a>: <a title=\"Eloy Gonzalo\" href=\"https:\/\/es.wikipedia.org\/wiki\/Eloy_Gonzalo\">Eloy Gonzalo<\/a>, militar espa\u00f1ol.<\/li>\n<li><a title=\"1869\" href=\"https:\/\/es.wikipedia.org\/wiki\/1869\">1869<\/a>: <a title=\"Eligiusz Niewiadomski\" href=\"https:\/\/es.wikipedia.org\/wiki\/Eligiusz_Niewiadomski\">Eligiusz Niewiadomski<\/a>, cr\u00edtico de arte y pintor polaco de derechas, asesino del presidente polaco <a title=\"Gabriel Narutowicz\" href=\"https:\/\/es.wikipedia.org\/wiki\/Gabriel_Narutowicz\">Gabriel Narutowicz<\/a> (f. 1923).<\/li>\n<li><a title=\"1873\" href=\"https:\/\/es.wikipedia.org\/wiki\/1873\">1873<\/a>: <a class=\"mw-redirect\" title=\"Valery Bryusov\" href=\"https:\/\/es.wikipedia.org\/wiki\/Valery_Bryusov\">Valeri Bri\u00fasov<\/a>, poeta ruso (f. 1924).<\/li>\n<li><a title=\"1874\" href=\"https:\/\/es.wikipedia.org\/wiki\/1874\">1874<\/a>: <a title=\"Enrique Segura\" href=\"https:\/\/es.wikipedia.org\/wiki\/Enrique_Segura\">Enrique Segura<\/a>, pintor y retratista espa\u00f1ol.<\/li>\n<li><a title=\"1879\" href=\"https:\/\/es.wikipedia.org\/wiki\/1879\">1879<\/a>: <a title=\"Carlos Alfredo Bec\u00fa\" href=\"https:\/\/es.wikipedia.org\/wiki\/Carlos_Alfredo_Bec%C3%BA\">Carlos Alfredo Bec\u00fa<\/a>, pol\u00edtico argentino (f. 1924).<\/li>\n<li>1879: <a title=\"Natalia Chac\u00f3n\" href=\"https:\/\/es.wikipedia.org\/wiki\/Natalia_Chac%C3%B3n\">Natalia Chac\u00f3n<\/a>, mujer mexicana, esposa del presidente Plutarco El\u00edas Calles (f. 1927).<\/li>\n<li><a title=\"1884\" href=\"https:\/\/es.wikipedia.org\/wiki\/1884\">1884<\/a>: <a title=\"Karl Schmidt-Rottluff\" href=\"https:\/\/es.wikipedia.org\/wiki\/Karl_Schmidt-Rottluff\">Karl Schmidt-Rottluff<\/a>, pintor alem\u00e1n (f. 1976).<\/li>\n<li><a title=\"1886\" href=\"https:\/\/es.wikipedia.org\/wiki\/1886\">1886<\/a>: <a title=\"Rex Stout\" href=\"https:\/\/es.wikipedia.org\/wiki\/Rex_Stout\">Rex Stout<\/a>, escritor estadounidense (f. 1975).<\/li>\n<li><a title=\"1893\" href=\"https:\/\/es.wikipedia.org\/wiki\/1893\">1893<\/a>: <a title=\"Ernst Toller\" href=\"https:\/\/es.wikipedia.org\/wiki\/Ernst_Toller\">Ernst Toller<\/a>, dramaturgo alem\u00e1n.<\/li>\n<li><a title=\"1896\" href=\"https:\/\/es.wikipedia.org\/wiki\/1896\">1896<\/a>: <a class=\"mw-redirect\" title=\"Georgi Zh\u00fakov\" href=\"https:\/\/es.wikipedia.org\/wiki\/Georgi_Zh%C3%BAkov\">Georgi Zh\u00fakov<\/a>, militar y pol\u00edtico sovi\u00e9tico (f. 1974).<\/li>\n<li><a title=\"1897\" href=\"https:\/\/es.wikipedia.org\/wiki\/1897\">1897<\/a>: <a title=\"Miguel Fleta\" href=\"https:\/\/es.wikipedia.org\/wiki\/Miguel_Fleta\">Miguel Fleta<\/a>, tenor espa\u00f1ol.<\/li>\n<li><a title=\"1898\" href=\"https:\/\/es.wikipedia.org\/wiki\/1898\">1898<\/a>: <a title=\"Agust\u00edn Magaldi\" href=\"https:\/\/es.wikipedia.org\/wiki\/Agust%C3%ADn_Magaldi\">Agust\u00edn Magaldi<\/a>, m\u00fasico, compositor y cantor de tangos argentino (f. 1938).<\/li>\n<li><a title=\"1903\" href=\"https:\/\/es.wikipedia.org\/wiki\/1903\">1903<\/a>: <a title=\"Juana Couretot de Guella\" href=\"https:\/\/es.wikipedia.org\/wiki\/Juana_Couretot_de_Guella\">Juana Couretot de Guella<\/a>, activista argentina (f. 1981).<\/li>\n<li><a title=\"1903\" href=\"https:\/\/es.wikipedia.org\/wiki\/1903\">1903<\/a>: <a title=\"Takiji Kobayashi\" href=\"https:\/\/es.wikipedia.org\/wiki\/Takiji_Kobayashi\">Takiji Kobayashi<\/a>, escritor japon\u00e9s (f. 1933)<\/li>\n<li><a title=\"1904\" href=\"https:\/\/es.wikipedia.org\/wiki\/1904\">1904<\/a>: <a title=\"Telesforo Monz\u00f3n\" href=\"https:\/\/es.wikipedia.org\/wiki\/Telesforo_Monz%C3%B3n\">Telesforo Monz\u00f3n<\/a>, pol\u00edtico espa\u00f1ol.<\/li>\n<li><a title=\"1905\" href=\"https:\/\/es.wikipedia.org\/wiki\/1905\">1905<\/a>: <a title=\"Charles G. Finney\" href=\"https:\/\/es.wikipedia.org\/wiki\/Charles_G._Finney\">Charles G. Finney<\/a>, escritor estadounidense.<\/li>\n<li><a title=\"1906\" href=\"https:\/\/es.wikipedia.org\/wiki\/1906\">1906<\/a>: <a title=\"Enrique Segura\" href=\"https:\/\/es.wikipedia.org\/wiki\/Enrique_Segura\">Enrique Segura<\/a>, pintor espa\u00f1ol (f. 1994).<\/li>\n<li><a title=\"1909\" href=\"https:\/\/es.wikipedia.org\/wiki\/1909\">1909<\/a>: <a title=\"Franz Bardon\" href=\"https:\/\/es.wikipedia.org\/wiki\/Franz_Bardon\">Franz Bardon<\/a>, ocultista checo.<\/li>\n<li><a title=\"1910\" href=\"https:\/\/es.wikipedia.org\/wiki\/1910\">1910<\/a>: <a title=\"Alicia Markova\" href=\"https:\/\/es.wikipedia.org\/wiki\/Alicia_Markova\">Alicia Markova<\/a>, bailarina y core\u00f3grafa brit\u00e1nica (f. 2004).<\/li>\n<li><a title=\"1912\" href=\"https:\/\/es.wikipedia.org\/wiki\/1912\">1912<\/a>: <a title=\"Carlos Ollero G\u00f3mez\" href=\"https:\/\/es.wikipedia.org\/wiki\/Carlos_Ollero_G%C3%B3mez\">Carlos Ollero G\u00f3mez<\/a>, catedr\u00e1tico y polit\u00f3logo espa\u00f1ol.<\/li>\n<li>1912: <a title=\"Minoru Yamasaki\" href=\"https:\/\/es.wikipedia.org\/wiki\/Minoru_Yamasaki\">Minoru Yamasaki<\/a>, arquitecto estadounidense, que dise\u00f1\u00f3 las Torres Gemelas (f. 1986).<\/li>\n<li><a title=\"1913\" href=\"https:\/\/es.wikipedia.org\/wiki\/1913\">1913<\/a>: <a title=\"Mary Martin\" href=\"https:\/\/es.wikipedia.org\/wiki\/Mary_Martin\">Mary Martin<\/a>, actriz y cantante estadounidense (f. 1990).<\/li>\n<li><a title=\"1916\" href=\"https:\/\/es.wikipedia.org\/wiki\/1916\">1916<\/a>: <a class=\"mw-redirect\" title=\"Wan Li\" href=\"https:\/\/es.wikipedia.org\/wiki\/Wan_Li\">Wan Li<\/a>, pol\u00edtico chino.<\/li>\n<li><a title=\"1917\" href=\"https:\/\/es.wikipedia.org\/wiki\/1917\">1917<\/a>: <a title=\"Arturo Guti\u00e9rrez-Zamora Tejeda\" href=\"https:\/\/es.wikipedia.org\/wiki\/Arturo_Guti%C3%A9rrez-Zamora_Tejeda\">Arturo Guti\u00e9rrez-Zamora Tejeda<\/a>, banquero mexicano (f. 2006).<\/li>\n<li><a title=\"1918\" href=\"https:\/\/es.wikipedia.org\/wiki\/1918\">1918<\/a>: <a title=\"Bol\u00edvar Urrutia Parrilla\" href=\"https:\/\/es.wikipedia.org\/wiki\/Bol%C3%ADvar_Urrutia_Parrilla\">Bol\u00edvar Urrutia Parrilla<\/a>, militar paname\u00f1o (f. 2005).<\/li>\n<li><a title=\"1922\" href=\"https:\/\/es.wikipedia.org\/wiki\/1922\">1922<\/a>: <a title=\"Paul Picerni\" href=\"https:\/\/es.wikipedia.org\/wiki\/Paul_Picerni\">Paul Picerni<\/a>, actor estadounidense (f. 2011).<\/li>\n<li><a title=\"1923\" href=\"https:\/\/es.wikipedia.org\/wiki\/1923\">1923<\/a>: <a title=\"Morris (historietista)\" href=\"https:\/\/es.wikipedia.org\/wiki\/Morris_(historietista)\">Morris<\/a>, historietista belga, creador de Lucky Luke (f. 2001)<\/li>\n<li>1923: <a title=\"Stansfield Turner\" href=\"https:\/\/es.wikipedia.org\/wiki\/Stansfield_Turner\">Stansfield Turner<\/a>, militar estadounidense admiral, director de la CIA.<\/li>\n<li><a title=\"1924\" href=\"https:\/\/es.wikipedia.org\/wiki\/1924\">1924<\/a>: <a class=\"mw-redirect\" title=\"Otto El\u00e9spuru\" href=\"https:\/\/es.wikipedia.org\/wiki\/Otto_El%C3%A9spuru\">Otto El\u00e9spuru<\/a>, militar y pol\u00edtico peruano (f. 2010).<\/li>\n<li><a title=\"1925\" href=\"https:\/\/es.wikipedia.org\/wiki\/1925\">1925<\/a>: <a title=\"Martin Rodbell\" href=\"https:\/\/es.wikipedia.org\/wiki\/Martin_Rodbell\">Martin Rodbell<\/a>, bioqu\u00edmico estadounidense, premio Nobel de Fisiolog\u00eda o Medicina en 1994 (f. 1998).<\/li>\n<li><a title=\"1928\" href=\"https:\/\/es.wikipedia.org\/wiki\/1928\">1928<\/a>: <a title=\"Malachi Throne\" href=\"https:\/\/es.wikipedia.org\/wiki\/Malachi_Throne\">Malachi Throne<\/a>, actor estadounidense (f. 2013).<\/li>\n<li><a title=\"1932\" href=\"https:\/\/es.wikipedia.org\/wiki\/1932\">1932<\/a>: <a title=\"Matt Monro\" href=\"https:\/\/es.wikipedia.org\/wiki\/Matt_Monro\">Matt Monro<\/a>, cantante brit\u00e1nico (f. 1985).<\/li>\n<li><a title=\"1933\" href=\"https:\/\/es.wikipedia.org\/wiki\/1933\">1933<\/a>: <a class=\"mw-redirect\" title=\"Fujiko F. Fujio\" href=\"https:\/\/es.wikipedia.org\/wiki\/Fujiko_F._Fujio\">Fujiko F. Fujio<\/a>, mangaka (historietista) japon\u00e9s (f. 1996).<\/li>\n<li>1933: <a title=\"Gerhard Ludwig Goebel\" href=\"https:\/\/es.wikipedia.org\/wiki\/Gerhard_Ludwig_Goebel\">Gerhard Ludwig Goebel<\/a>, te\u00f3logo alem\u00e1n (f. 2006)<\/li>\n<li>1933: <a title=\"Lou Rawls\" href=\"https:\/\/es.wikipedia.org\/wiki\/Lou_Rawls\">Lou Rawls<\/a>, cantante-compositor, productor y actor estadounidense (f. 2006).<\/li>\n<li>1933: <a title=\"Curro Romero\" href=\"https:\/\/es.wikipedia.org\/wiki\/Curro_Romero\">Curro Romero<\/a>, torero espa\u00f1ol.<\/li>\n<li><a title=\"1934\" href=\"https:\/\/es.wikipedia.org\/wiki\/1934\">1934<\/a>: <a title=\"Billy Paul\" href=\"https:\/\/es.wikipedia.org\/wiki\/Billy_Paul\">Billy Paul<\/a>, cantante estadounidense.<\/li>\n<li><a title=\"1935\" href=\"https:\/\/es.wikipedia.org\/wiki\/1935\">1935<\/a>: <a title=\"Woody Allen\" href=\"https:\/\/es.wikipedia.org\/wiki\/Woody_Allen\">Woody Allen<\/a>, cineasta estadounidense.<\/li>\n<li>1935: <a title=\"Lou Rawls\" href=\"https:\/\/es.wikipedia.org\/wiki\/Lou_Rawls\">Lou Rawls<\/a>, cantante estadounidense.<\/li>\n<li><a title=\"1936\" href=\"https:\/\/es.wikipedia.org\/wiki\/1936\">1936<\/a>: <a class=\"mw-redirect\" title=\"Baru Budu Budia\" href=\"https:\/\/es.wikipedia.org\/wiki\/Baru_Budu_Budia\">Mar\u00eda Servini de Cubr\u00eda<\/a>, jueza argentina.<\/li>\n<\/ul>\n<div class=\"thumb tright\" style=\"text-align: justify;\">\n<div class=\"thumbinner\"><a class=\"image\" href=\"https:\/\/commons.wikimedia.org\/wiki\/File:Ministru_prezidenta_tik%C5%A1an%C4%81s_ar_eksprezidenti_(4108711953).jpg\"><img decoding=\"async\" class=\"thumbimage\" src=\"https:\/\/upload.wikimedia.org\/wikipedia\/commons\/thumb\/b\/be\/Ministru_prezidenta_tik%C5%A1an%C4%81s_ar_eksprezidenti_%284108711953%29.jpg\/100px-Ministru_prezidenta_tik%C5%A1an%C4%81s_ar_eksprezidenti_%284108711953%29.jpg\" srcset=\"\/\/upload.wikimedia.org\/wikipedia\/commons\/thumb\/b\/be\/Ministru_prezidenta_tik%C5%A1an%C4%81s_ar_eksprezidenti_%284108711953%29.jpg\/150px-Ministru_prezidenta_tik%C5%A1an%C4%81s_ar_eksprezidenti_%284108711953%29.jpg 1.5x, \/\/upload.wikimedia.org\/wikipedia\/commons\/thumb\/b\/be\/Ministru_prezidenta_tik%C5%A1an%C4%81s_ar_eksprezidenti_%284108711953%29.jpg\/200px-Ministru_prezidenta_tik%C5%A1an%C4%81s_ar_eksprezidenti_%284108711953%29.jpg 2x\" alt=\"\" width=\"100\" height=\"67\" data-file-width=\"3872\" data-file-height=\"2592\" \/><\/a><\/p>\n<div class=\"thumbcaption\">\n<div class=\"magnify\">\u00a0<\/div>\n<p>Vaira Vike-Freiberga, presidente de Letonia.<\/p><\/div>\n<\/div>\n<\/div>\n<ul style=\"text-align: justify;\">\n<li><a title=\"1937\" href=\"https:\/\/es.wikipedia.org\/wiki\/1937\">1937<\/a>: <a title=\"Vaira V\u012b\u0137e-Freiberga\" href=\"https:\/\/es.wikipedia.org\/wiki\/Vaira_V%C4%AB%C4%B7e-Freiberga\">Vaira Vike-Freiberga<\/a>, pol\u00edtica letona, 6.\u00ba\u00a0presidenta de su pa\u00eds.<\/li>\n<li><a title=\"1938\" href=\"https:\/\/es.wikipedia.org\/wiki\/1938\">1938<\/a>: <a title=\"Adriana Aizemberg\" href=\"https:\/\/es.wikipedia.org\/wiki\/Adriana_Aizemberg\">Adriana Aizemberg<\/a>, actriz argentina.<\/li>\n<li><a title=\"1939\" href=\"https:\/\/es.wikipedia.org\/wiki\/1939\">1939<\/a>: <a title=\"Ismael Fern\u00e1ndez de la Cuesta\" href=\"https:\/\/es.wikipedia.org\/wiki\/Ismael_Fern%C3%A1ndez_de_la_Cuesta\">Ismael Fern\u00e1ndez de la Cuesta<\/a>, music\u00f3logo espa\u00f1ol.<\/li>\n<li>1939: <a title=\"Lee Trevino\" href=\"https:\/\/es.wikipedia.org\/wiki\/Lee_Trevino\">Lee Trevino<\/a>, golfista estadounidense.<\/li>\n<li><a title=\"1940\" href=\"https:\/\/es.wikipedia.org\/wiki\/1940\">1940<\/a>: <a title=\"Richard Pryor\" href=\"https:\/\/es.wikipedia.org\/wiki\/Richard_Pryor\">Richard Pryor<\/a>, actor y comediante estadounidense (f. 2005).<\/li>\n<li><a title=\"1940\" href=\"https:\/\/es.wikipedia.org\/wiki\/1940\">1940<\/a>: <a title=\"Minori Matsushima\" href=\"https:\/\/es.wikipedia.org\/wiki\/Minori_Matsushima\">Minori Matsushima<\/a>, seiy\u016b japonesa.<\/li>\n<li><a title=\"1941\" href=\"https:\/\/es.wikipedia.org\/wiki\/1941\">1941<\/a>: <a title=\"Jes\u00fas Moncada\" href=\"https:\/\/es.wikipedia.org\/wiki\/Jes%C3%BAs_Moncada\">Jes\u00fas Moncada<\/a>, escritor espa\u00f1ol.<\/li>\n<li><a title=\"1942\" href=\"https:\/\/es.wikipedia.org\/wiki\/1942\">1942<\/a>: <a class=\"mw-redirect\" title=\"John Crowley\" href=\"https:\/\/es.wikipedia.org\/wiki\/John_Crowley\">John Crowley<\/a>, escritor estadounidense.<\/li>\n<li><a title=\"1944\" href=\"https:\/\/es.wikipedia.org\/wiki\/1944\">1944<\/a>: <a title=\"Tahar Ben Jelloun\" href=\"https:\/\/es.wikipedia.org\/wiki\/Tahar_Ben_Jelloun\">Tahar Ben Jelloun<\/a>, escritor marroqu\u00ed en franc\u00e9s.<\/li>\n<li>1944: <a title=\"Eric Bloom\" href=\"https:\/\/es.wikipedia.org\/wiki\/Eric_Bloom\">Eric Bloom<\/a>, m\u00fasico estadounidense, de la banda Blue \u00d6yster Cult.<\/li>\n<li>1944: <a title=\"Salvador Ca\u00f1ellas\" href=\"https:\/\/es.wikipedia.org\/wiki\/Salvador_Ca%C3%B1ellas\">Salvador Ca\u00f1ellas<\/a>, piloto de motos espa\u00f1ol.<\/li>\n<li>1944: <a title=\"John Densmore\" href=\"https:\/\/es.wikipedia.org\/wiki\/John_Densmore\">John Densmore<\/a>, baterista y compositor estadounidense, de la banda The Doors.<\/li>\n<li>1944: <a title=\"Daniel Pennac\" href=\"https:\/\/es.wikipedia.org\/wiki\/Daniel_Pennac\">Daniel Pennac<\/a>, escritor franco-marroqu\u00ed.<\/li>\n<li><a title=\"1945\" href=\"https:\/\/es.wikipedia.org\/wiki\/1945\">1945<\/a>: <a title=\"Bette Midler\" href=\"https:\/\/es.wikipedia.org\/wiki\/Bette_Midler\">Bette Midler<\/a>, comediante y actriz estadounidense.<\/li>\n<li><a title=\"1946\" href=\"https:\/\/es.wikipedia.org\/wiki\/1946\">1946<\/a>: <a title=\"Gilbert O'Sullivan\" href=\"https:\/\/es.wikipedia.org\/wiki\/Gilbert_O%27Sullivan\">Gilbert O&#8217;Sullivan<\/a>, cantante, compositor y pianista irland\u00e9s.<\/li>\n<li>1946: <a title=\"Alberto Bernab\u00e9 Pajares\" href=\"https:\/\/es.wikipedia.org\/wiki\/Alberto_Bernab%C3%A9_Pajares\">Alberto Bernab\u00e9 Pajares<\/a>, fil\u00f3logo espa\u00f1ol.<\/li>\n<li>1946: <a title=\"Silvina Rada\" href=\"https:\/\/es.wikipedia.org\/wiki\/Silvina_Rada\">Silvina Rada<\/a>, actriz argentina.<\/li>\n<li><a title=\"1947\" href=\"https:\/\/es.wikipedia.org\/wiki\/1947\">1947<\/a>: <a title=\"Alain Bashung\" href=\"https:\/\/es.wikipedia.org\/wiki\/Alain_Bashung\">Alain Bashung<\/a>, cantautor y actor franc\u00e9s (f. 2009).<\/li>\n<li><a title=\"1949\" href=\"https:\/\/es.wikipedia.org\/wiki\/1949\">1949<\/a>: <a title=\"Colleen Brennan\" href=\"https:\/\/es.wikipedia.org\/wiki\/Colleen_Brennan\">Colleen Brennan<\/a>, actriz porno estadounidense.<\/li>\n<li>1949: <a title=\"Pablo Escobar\" href=\"https:\/\/es.wikipedia.org\/wiki\/Pablo_Escobar\">Pablo Escobar<\/a>, narcotraficante colombiano (f. 1993).<\/li>\n<li>1949: <a title=\"Sebasti\u00e1n Pi\u00f1era\" href=\"https:\/\/es.wikipedia.org\/wiki\/Sebasti%C3%A1n_Pi%C3%B1era\">Sebasti\u00e1n Pi\u00f1era<\/a>, empresario y pol\u00edtico chileno, 35.\u00ba presidente de Chile.<\/li>\n<li><a title=\"1951\" href=\"https:\/\/es.wikipedia.org\/wiki\/1951\">1951<\/a>: <a title=\"Obba Babatund\u00e9\" href=\"https:\/\/es.wikipedia.org\/wiki\/Obba_Babatund%C3%A9\">Obba Babatund\u00e9<\/a>, actor estadounidense.<\/li>\n<li>1951: <a title=\"S\u00e9rgio Dias\" href=\"https:\/\/es.wikipedia.org\/wiki\/S%C3%A9rgio_Dias\">S\u00e9rgio Dias<\/a>, cantante brasile\u00f1o, de la banda Os Mutantes.<\/li>\n<li>1951: <a title=\"Jaco Pastorius\" href=\"https:\/\/es.wikipedia.org\/wiki\/Jaco_Pastorius\">Jaco Pastorius<\/a>, bajista, compositor, y productor estadounidense de jazz, de las bandas Blood, Sweat &amp; Tears, y Weather Report (f. 1987).<\/li>\n<li>1951: <a title=\"Treat Williams\" href=\"https:\/\/es.wikipedia.org\/wiki\/Treat_Williams\">Treat Williams<\/a>, actor estadounidense.<\/li>\n<li><a title=\"1954\" href=\"https:\/\/es.wikipedia.org\/wiki\/1954\">1954<\/a>: <a title=\"Annette Haven\" href=\"https:\/\/es.wikipedia.org\/wiki\/Annette_Haven\">Annette Haven<\/a>, actriz porno estadounidense.<\/li>\n<li><a title=\"1955\" href=\"https:\/\/es.wikipedia.org\/wiki\/1955\">1955<\/a>: <a title=\"Ver\u00f3nica Forqu\u00e9\" href=\"https:\/\/es.wikipedia.org\/wiki\/Ver%C3%B3nica_Forqu%C3%A9\">Ver\u00f3nica Forqu\u00e9<\/a>, actriz espa\u00f1ola.<\/li>\n<li><a title=\"1956\" href=\"https:\/\/es.wikipedia.org\/wiki\/1956\">1956<\/a>: <a title=\"Carlos C\u00e1mara Jr.\" href=\"https:\/\/es.wikipedia.org\/wiki\/Carlos_C%C3%A1mara_Jr.\">Carlos C\u00e1mara Jr.<\/a>, actor venezolano-mexicano.<\/li>\n<li><a title=\"1957\" href=\"https:\/\/es.wikipedia.org\/wiki\/1957\">1957<\/a>: <a title=\"Chris Poland\" href=\"https:\/\/es.wikipedia.org\/wiki\/Chris_Poland\">Chris Poland<\/a>, guitarrista estadounidense, de la banda Megadeth.<\/li>\n<li>1957: <a title=\"Deep Roy\" href=\"https:\/\/es.wikipedia.org\/wiki\/Deep_Roy\">Deep Roy<\/a>, actor keniano (Umpa-Lumpa en <i>Charlie y la f\u00e1brica de chocolate<\/i>).<\/li>\n<li><a title=\"1958\" href=\"https:\/\/es.wikipedia.org\/wiki\/1958\">1958<\/a>: <a title=\"Javier Aguirre\" href=\"https:\/\/es.wikipedia.org\/wiki\/Javier_Aguirre\">Javier <i>el Vasco<\/i> Aguirre<\/a>, jugador y entrenador de f\u00fatbol mexicano.<\/li>\n<li>1958: <a title=\"Candace Bushnell\" href=\"https:\/\/es.wikipedia.org\/wiki\/Candace_Bushnell\">Candace Bushnell<\/a>, escritora y columnista estadounidense, creadora de <i>Sex and the city<\/i>.<\/li>\n<li>1958: <a title=\"Charlene Tilton\" href=\"https:\/\/es.wikipedia.org\/wiki\/Charlene_Tilton\">Charlene Tilton<\/a>, actriz estadounidense.<\/li>\n<li><a title=\"1959\" href=\"https:\/\/es.wikipedia.org\/wiki\/1959\">1959<\/a>: <a title=\"Billy Childish\" href=\"https:\/\/es.wikipedia.org\/wiki\/Billy_Childish\">Billy Childish<\/a>, pintor, poeta, cantante y guitarrista brit\u00e1nico.<\/li>\n<li>1959: <a title=\"Pascal Terry\" href=\"https:\/\/es.wikipedia.org\/wiki\/Pascal_Terry\">Pascal Terry<\/a>, piloto de motociclismo franc\u00e9s (f. 2009).<\/li>\n<li><a title=\"1960\" href=\"https:\/\/es.wikipedia.org\/wiki\/1960\">1960<\/a>: <a title=\"Carol Alt\" href=\"https:\/\/es.wikipedia.org\/wiki\/Carol_Alt\">Carol Alt<\/a>, modelo estadounidense.<\/li>\n<li><a title=\"1961\" href=\"https:\/\/es.wikipedia.org\/wiki\/1961\">1961<\/a>: <a title=\"Armin Meiwes\" href=\"https:\/\/es.wikipedia.org\/wiki\/Armin_Meiwes\">Armin Meiwes<\/a>, asesino y can\u00edbal alem\u00e1n.<\/li>\n<li>1961: <a title=\"Jeremy Northam\" href=\"https:\/\/es.wikipedia.org\/wiki\/Jeremy_Northam\">Jeremy Northam<\/a>, actor brit\u00e1nico.<\/li>\n<li>1961: <a title=\"Lito Vitale\" href=\"https:\/\/es.wikipedia.org\/wiki\/Lito_Vitale\">Lito Vitale<\/a>, m\u00fasico, compositor, pianista, productor y arreglador argentino.<\/li>\n<li><a title=\"1962\" href=\"https:\/\/es.wikipedia.org\/wiki\/1962\">1962<\/a>: <a title=\"Pamela McGee\" href=\"https:\/\/es.wikipedia.org\/wiki\/Pamela_McGee\">Pamela McGee<\/a>, baloncestista y entrenadora estadounidense.<\/li>\n<li><a title=\"1963\" href=\"https:\/\/es.wikipedia.org\/wiki\/1963\">1963<\/a>: <a title=\"Soraya Rodr\u00edguez\" href=\"https:\/\/es.wikipedia.org\/wiki\/Soraya_Rodr%C3%ADguez\">Soraya Rodr\u00edguez<\/a>, pol\u00edtica espa\u00f1ola.<\/li>\n<li><a title=\"1964\" href=\"https:\/\/es.wikipedia.org\/wiki\/1964\">1964<\/a>: <a title=\"Salvatore Schillaci\" href=\"https:\/\/es.wikipedia.org\/wiki\/Salvatore_Schillaci\">Salvatore Schillaci<\/a>, futbolista italiano.<\/li>\n<li><a title=\"1966\" href=\"https:\/\/es.wikipedia.org\/wiki\/1966\">1966<\/a>: <a title=\"Andrew Adamson\" href=\"https:\/\/es.wikipedia.org\/wiki\/Andrew_Adamson\">Andrew Adamson<\/a>, cineasta, productor y guionista neozeland\u00e9s.<\/li>\n<li>1966: <a title=\"Katherine LaNasa\" href=\"https:\/\/es.wikipedia.org\/wiki\/Katherine_LaNasa\">Katherine LaNasa<\/a>, actriz estadounidense.<\/li>\n<li><a title=\"1967\" href=\"https:\/\/es.wikipedia.org\/wiki\/1967\">1967<\/a>: <a title=\"Nestor Carbonell\" href=\"https:\/\/es.wikipedia.org\/wiki\/Nestor_Carbonell\">Nestor Carbonell<\/a>, actor estadounidense.<\/li>\n<li><a title=\"1968\" href=\"https:\/\/es.wikipedia.org\/wiki\/1968\">1968<\/a>: <a title=\"Justin Chadwick\" href=\"https:\/\/es.wikipedia.org\/wiki\/Justin_Chadwick\">Justin Chadwick<\/a>, actor y director brit\u00e1nico.<\/li>\n<li><a title=\"1969\" href=\"https:\/\/es.wikipedia.org\/wiki\/1969\">1969<\/a>: <a title=\"Jorge Bechara\" href=\"https:\/\/es.wikipedia.org\/wiki\/Jorge_Bechara\">Jorge Bechara<\/a>, director y guionista argentino.<\/li>\n<li>1969: <a title=\"Mateo Garralda\" href=\"https:\/\/es.wikipedia.org\/wiki\/Mateo_Garralda\">Mateo Garralda<\/a>, jugador espa\u00f1ol de balonmano.<\/li>\n<li><a title=\"1970\" href=\"https:\/\/es.wikipedia.org\/wiki\/1970\">1970<\/a>: <a title=\"Jouko Ahola\" href=\"https:\/\/es.wikipedia.org\/wiki\/Jouko_Ahola\">Jouko Ahola<\/a>, actor y strongman finland\u00e9s.<\/li>\n<li>1970: <a title=\"Sarah Silverman\" href=\"https:\/\/es.wikipedia.org\/wiki\/Sarah_Silverman\">Sarah Silverman<\/a>, actriz, cantante, comediante y escritora estadounidense.<\/li>\n<li><a title=\"1971\" href=\"https:\/\/es.wikipedia.org\/wiki\/1971\">1971<\/a>: <a title=\"Emily Mortimer\" href=\"https:\/\/es.wikipedia.org\/wiki\/Emily_Mortimer\">Emily Mortimer<\/a>, actriz brit\u00e1nica.<\/li>\n<li><a title=\"1972\" href=\"https:\/\/es.wikipedia.org\/wiki\/1972\">1972<\/a>: <a title=\"Manny Manuel\" href=\"https:\/\/es.wikipedia.org\/wiki\/Manny_Manuel\">Manny Manuel<\/a>, cantante puertorrique\u00f1o.<\/li>\n<li><a title=\"1972\" href=\"https:\/\/es.wikipedia.org\/wiki\/1972\">1972<\/a>: <a title=\"Nicol\u00e1s Scarpino\" href=\"https:\/\/es.wikipedia.org\/wiki\/Nicol%C3%A1s_Scarpino\">Nicol\u00e1s Scarpino<\/a>, actor argentino.<\/li>\n<li><a title=\"1973\" href=\"https:\/\/es.wikipedia.org\/wiki\/1973\">1973<\/a>: <a title=\"Andrea Bertolini\" href=\"https:\/\/es.wikipedia.org\/wiki\/Andrea_Bertolini\">Andrea Bertolini<\/a>, piloto de automovilismo italiano.<\/li>\n<li>1973: <a title=\"Carlos Bossio\" href=\"https:\/\/es.wikipedia.org\/wiki\/Carlos_Bossio\">Carlos Bossio<\/a>, futbolista argentino.<\/li>\n<li>1973: <a title=\"Black Label Society\" href=\"https:\/\/es.wikipedia.org\/wiki\/Black_Label_Society\">Steve Gibb<\/a>, cantante, compositor y guitarrista estadounidense, de la banda Black Label Society.<\/li>\n<li>1973: <a class=\"mw-redirect\" title=\"Le\u00f3n Rub\u00e9n Larregui Mar\u00edn\" href=\"https:\/\/es.wikipedia.org\/wiki\/Le%C3%B3n_Rub%C3%A9n_Larregui_Mar%C3%ADn\">Le\u00f3n Rub\u00e9n Larregui Mar\u00edn<\/a>, cantante y compositor mexicano.<\/li>\n<li>1973: <a title=\"The Mars Volta\" href=\"https:\/\/es.wikipedia.org\/wiki\/The_Mars_Volta\">Jon Theodore<\/a>, baterista estadounidense, de la banda The Mars Volta.<\/li>\n<li><a title=\"1974\" href=\"https:\/\/es.wikipedia.org\/wiki\/1974\">1974<\/a>: <a title=\"Costinha\" href=\"https:\/\/es.wikipedia.org\/wiki\/Costinha\">Costinha<\/a>, futbolista portugu\u00e9s.<\/li>\n<li>1974: <a title=\"The Mars Volta\" href=\"https:\/\/es.wikipedia.org\/wiki\/The_Mars_Volta\">Isaiah <i>Ikey<\/i> Owens<\/a>, tecladista estadounidense, de la banda The Mars Volta.<\/li>\n<li>1974: <a title=\"\u00c9rica Rivas\" href=\"https:\/\/es.wikipedia.org\/wiki\/%C3%89rica_Rivas\">\u00c9rica Rivas<\/a>, actriz argentina.<\/li>\n<li>1974: <a title=\"Mar\u00eda V\u00e1zquez (modelo)\" href=\"https:\/\/es.wikipedia.org\/wiki\/Mar%C3%ADa_V%C3%A1zquez_(modelo)\">Mar\u00eda V\u00e1zquez<\/a>, modelo, conductora de televisi\u00f3n y empresaria argentina.<\/li>\n<li><a title=\"1976\" href=\"https:\/\/es.wikipedia.org\/wiki\/1976\">1976<\/a>: <a title=\"Tomasz Adamek\" href=\"https:\/\/es.wikipedia.org\/wiki\/Tomasz_Adamek\">Tomasz Adamek<\/a>, boxeador polaco.<\/li>\n<li><a title=\"1976\" href=\"https:\/\/es.wikipedia.org\/wiki\/1976\">1976<\/a>: <a title=\"Matthew Shepard\" href=\"https:\/\/es.wikipedia.org\/wiki\/Matthew_Shepard\">Matthew Shepard<\/a>, estudiante universitario estadounidense asesinado el <a title=\"7 de octubre\" href=\"https:\/\/es.wikipedia.org\/wiki\/7_de_octubre\">7 de octubre<\/a> de <a title=\"1998\" href=\"https:\/\/es.wikipedia.org\/wiki\/1998\">1998<\/a> por ser gay.<\/li>\n<li><a title=\"1977\" href=\"https:\/\/es.wikipedia.org\/wiki\/1977\">1977<\/a>: <a title=\"Brad Delson\" href=\"https:\/\/es.wikipedia.org\/wiki\/Brad_Delson\">Brad Delson<\/a>, guitarrista y productor estadounidense, de la banda Linkin Park.<\/li>\n<li><a title=\"1982\" href=\"https:\/\/es.wikipedia.org\/wiki\/1982\">1982<\/a>: <a title=\"Lloyd Doyley\" href=\"https:\/\/es.wikipedia.org\/wiki\/Lloyd_Doyley\">Lloyd Doyley<\/a>, futbolista brit\u00e1nico.<\/li>\n<li>1982: <a title=\"Christos Melissis\" href=\"https:\/\/es.wikipedia.org\/wiki\/Christos_Melissis\">Christos Melissis<\/a>, futbolista griego.<\/li>\n<li><a title=\"1985\" href=\"https:\/\/es.wikipedia.org\/wiki\/1985\">1985<\/a>: <a title=\"Janelle Mon\u00e1e\" href=\"https:\/\/es.wikipedia.org\/wiki\/Janelle_Mon%C3%A1e\">Janelle Mon\u00e1e<\/a>, cantante y compositora estadounidense.<\/li>\n<li>1985: <a title=\"Chanel Preston\" href=\"https:\/\/es.wikipedia.org\/wiki\/Chanel_Preston\">Chanel Preston<\/a>, actriz porno estadounidense.<\/li>\n<li>1985: <a title=\"Emiliano Viviano\" href=\"https:\/\/es.wikipedia.org\/wiki\/Emiliano_Viviano\">Emiliano Viviano<\/a>, futbolista italiano.<\/li>\n<li>1985: <a title=\"Bj\u00f6rn Vleminckx\" href=\"https:\/\/es.wikipedia.org\/wiki\/Bj%C3%B6rn_Vleminckx\">Bj\u00f6rn Vleminckx<\/a>, futbolista belga.<\/li>\n<li><a title=\"1988\" href=\"https:\/\/es.wikipedia.org\/wiki\/1988\">1988<\/a>: <a title=\"Tyler Joseph\" href=\"https:\/\/es.wikipedia.org\/wiki\/Tyler_Joseph\">Tyler Joseph<\/a>, m\u00fasico, cantante, rapero y compositor estadounidense, de la banda Twenty One Pilots.<\/li>\n<li><a title=\"1988\" href=\"https:\/\/es.wikipedia.org\/wiki\/1988\">1988<\/a>: <a title=\"Zo\u00eb Kravitz\" href=\"https:\/\/es.wikipedia.org\/wiki\/Zo%C3%AB_Kravitz\">Zo\u00eb Kravitz<\/a>, actriz y cantante estadounidense.<\/li>\n<li><a title=\"1989\" href=\"https:\/\/es.wikipedia.org\/wiki\/1989\">1989<\/a>: <a title=\"Barry Bannan\" href=\"https:\/\/es.wikipedia.org\/wiki\/Barry_Bannan\">Barry Bannan<\/a>, futbolista escoc\u00e9s.<\/li>\n<li><a title=\"1990\" href=\"https:\/\/es.wikipedia.org\/wiki\/1990\">1990<\/a>: <a title=\"Chanel Iman\" href=\"https:\/\/es.wikipedia.org\/wiki\/Chanel_Iman\">Chanel Iman<\/a>, modelo estadounidense.<\/li>\n<li><a title=\"1992\" href=\"https:\/\/es.wikipedia.org\/wiki\/1992\">1992<\/a>: <a title=\"Marco van Ginkel\" href=\"https:\/\/es.wikipedia.org\/wiki\/Marco_van_Ginkel\">Marco van Ginkel<\/a>, futbolista neerland\u00e9s.<\/li>\n<li>1995: <a title=\"Eva Boto\" href=\"https:\/\/es.wikipedia.org\/wiki\/Eva_Boto\">Eva Boto<\/a>, cantante eslovena.<\/li>\n<\/ul>\n<h2 style=\"text-align: justify;\"><span id=\"Fallecimientos\" class=\"mw-headline\">Fallecimientos<\/span><\/h2>\n<ul style=\"text-align: justify;\">\n<li><a title=\"660\" href=\"https:\/\/es.wikipedia.org\/wiki\/660\">660<\/a>: <a class=\"mw-redirect\" title=\"Eloy (santo)\" href=\"https:\/\/es.wikipedia.org\/wiki\/Eloy_(santo)\">San Eloy<\/a>, santo franc\u00e9s.<\/li>\n<li><a title=\"1135\" href=\"https:\/\/es.wikipedia.org\/wiki\/1135\">1135<\/a>: <a title=\"Enrique I de Inglaterra\" href=\"https:\/\/es.wikipedia.org\/wiki\/Enrique_I_de_Inglaterra\">Enrique I<\/a>, rey ingl\u00e9s entre 1100 y 1131 (n. 1068).<\/li>\n<li><a title=\"1241\" href=\"https:\/\/es.wikipedia.org\/wiki\/1241\">1241<\/a>: <a title=\"Federico II Hohenstaufen\" href=\"https:\/\/es.wikipedia.org\/wiki\/Federico_II_Hohenstaufen\">Isabel de Inglaterra<\/a>, esposa brit\u00e1nica del emperador Federico\u00a0II Hohenstaufen (n. 1214).<\/li>\n<li><a title=\"1375\" href=\"https:\/\/es.wikipedia.org\/wiki\/1375\">1375<\/a>: <a title=\"Tom\u00e1s Telegdi\" href=\"https:\/\/es.wikipedia.org\/wiki\/Tom%C3%A1s_Telegdi\">Tom\u00e1s Telegdi<\/a>, arzobispo h\u00fangaro.<\/li>\n<li><a title=\"1433\" href=\"https:\/\/es.wikipedia.org\/wiki\/1433\">1433<\/a>: <a class=\"mw-redirect\" title=\"Go-Komatsu\" href=\"https:\/\/es.wikipedia.org\/wiki\/Go-Komatsu\">Go-Komatsu<\/a>, emperador japon\u00e9s (n. 1377).<\/li>\n<li><a title=\"1455\" href=\"https:\/\/es.wikipedia.org\/wiki\/1455\">1455<\/a>: <a class=\"mw-redirect\" title=\"Lorenzo di Bartolo\" href=\"https:\/\/es.wikipedia.org\/wiki\/Lorenzo_di_Bartolo\">Lorenzo Ghiberti<\/a> (Lorenzo di Bartolo), escultor italiano (n. 1378).<\/li>\n<li><a title=\"1521\" href=\"https:\/\/es.wikipedia.org\/wiki\/1521\">1521<\/a>: <a title=\"Le\u00f3n X\" href=\"https:\/\/es.wikipedia.org\/wiki\/Le%C3%B3n_X\">Le\u00f3n X<\/a>, papa florentino entre 1513 y 1521 (n. 1475).<\/li>\n<li><a title=\"1530\" href=\"https:\/\/es.wikipedia.org\/wiki\/1530\">1530<\/a>: <a title=\"Margarita de Austria (1480-1530)\" href=\"https:\/\/es.wikipedia.org\/wiki\/Margarita_de_Austria_(1480-1530)\">Margarita de Austria<\/a>, gobernadora de los Pa\u00edses Bajos (n. 1480).<\/li>\n<li><a title=\"1581\" href=\"https:\/\/es.wikipedia.org\/wiki\/1581\">1581<\/a>: <a class=\"mw-redirect\" title=\"Alexander Briant\" href=\"https:\/\/es.wikipedia.org\/wiki\/Alexander_Briant\">Alexander Briant<\/a>, sacerdote, m\u00e1rtir y santo brit\u00e1nico (n. 1556).<\/li>\n<li>1581: <a class=\"mw-redirect\" title=\"Edmund Campion\" href=\"https:\/\/es.wikipedia.org\/wiki\/Edmund_Campion\">Edmund Campion<\/a>, sacerdote, m\u00e1rtir y santo brit\u00e1nico (n. 1540).<\/li>\n<li>1581: <a class=\"new\" title=\"Ralph Sherwin (a\u00fan no redactado)\" href=\"https:\/\/es.wikipedia.org\/w\/index.php?title=Ralph_Sherwin&amp;action=edit&amp;redlink=1\">Ralph Sherwin<\/a>, sacerdote, m\u00e1rtir y santo brit\u00e1nico (n. 1550).<\/li>\n<li><a title=\"1602\" href=\"https:\/\/es.wikipedia.org\/wiki\/1602\">1602<\/a>: <a title=\"Kobayakawa Hideaki\" href=\"https:\/\/es.wikipedia.org\/wiki\/Kobayakawa_Hideaki\">Kobayakawa Hideaki<\/a>, militar japon\u00e9s (n. 1582).<\/li>\n<li><a title=\"1633\" href=\"https:\/\/es.wikipedia.org\/wiki\/1633\">1633<\/a>: <a title=\"Isabel Clara Eugenia\" href=\"https:\/\/es.wikipedia.org\/wiki\/Isabel_Clara_Eugenia\">Isabel Clara Eugenia<\/a>, arist\u00f3crata espa\u00f1ola (n. 1566).<\/li>\n<li><a title=\"1640\" href=\"https:\/\/es.wikipedia.org\/wiki\/1640\">1640<\/a>: <a title=\"Miguel de Vasconcelos\" href=\"https:\/\/es.wikipedia.org\/wiki\/Miguel_de_Vasconcelos\">Miguel de Vasconcelos<\/a>, pol\u00edtico portugu\u00e9s, secretario de Estado de Portugal (n. 1590).<\/li>\n<li><a title=\"1660\" href=\"https:\/\/es.wikipedia.org\/wiki\/1660\">1660<\/a>: <a class=\"mw-redirect\" title=\"Pierre Hozier\" href=\"https:\/\/es.wikipedia.org\/wiki\/Pierre_Hozier\">Pierre d&#8217;Hozier<\/a>, genealogista e historiador franc\u00e9s (n. 1592).<\/li>\n<li><a title=\"1707\" href=\"https:\/\/es.wikipedia.org\/wiki\/1707\">1707<\/a>: <a title=\"Jeremiah Clarke\" href=\"https:\/\/es.wikipedia.org\/wiki\/Jeremiah_Clarke\">Jeremiah Clarke<\/a>, compositor brit\u00e1nico (n. 1674).<\/li>\n<li><a title=\"1709\" href=\"https:\/\/es.wikipedia.org\/wiki\/1709\">1709<\/a>: <a title=\"Abraham a Sancta Clara\" href=\"https:\/\/es.wikipedia.org\/wiki\/Abraham_a_Sancta_Clara\">Abraham a Sancta Clara<\/a>, monje austriaco (n. 1644).<\/li>\n<li><a title=\"1723\" href=\"https:\/\/es.wikipedia.org\/wiki\/1723\">1723<\/a>: <a title=\"Susanna Centlivre\" href=\"https:\/\/es.wikipedia.org\/wiki\/Susanna_Centlivre\">Susanna Centlivre<\/a>, actriz y dramaturga brit\u00e1nica (n. 1667).<\/li>\n<li><a title=\"1729\" href=\"https:\/\/es.wikipedia.org\/wiki\/1729\">1729<\/a>: <a class=\"mw-redirect\" title=\"Giacomo F. Maraldi\" href=\"https:\/\/es.wikipedia.org\/wiki\/Giacomo_F._Maraldi\">Jacques Philippe Maraldi<\/a>, astr\u00f3nomo francoitaliano (n. 1665).<\/li>\n<li><a title=\"1755\" href=\"https:\/\/es.wikipedia.org\/wiki\/1755\">1755<\/a>: <a title=\"Maurice Greene (compositor)\" href=\"https:\/\/es.wikipedia.org\/wiki\/Maurice_Greene_(compositor)\">Maurice Greene<\/a>, compositor y organista brit\u00e1nico (n. 1696).<\/li>\n<li><a title=\"1824\" href=\"https:\/\/es.wikipedia.org\/wiki\/1824\">1824<\/a>: <a title=\"Patricio Lynch\" href=\"https:\/\/es.wikipedia.org\/wiki\/Patricio_Lynch\">Patricio Lynch<\/a>, militar peruano (f. 1886).<\/li>\n<li><a title=\"1825\" href=\"https:\/\/es.wikipedia.org\/wiki\/1825\">1825<\/a>: <a title=\"Alejandro I de Rusia\" href=\"https:\/\/es.wikipedia.org\/wiki\/Alejandro_I_de_Rusia\">Alejandro I<\/a>, zar ruso (n. 1777).<\/li>\n<li><a title=\"1830\" href=\"https:\/\/es.wikipedia.org\/wiki\/1830\">1830<\/a>: <a title=\"P\u00edo VIII\" href=\"https:\/\/es.wikipedia.org\/wiki\/P%C3%ADo_VIII\">P\u00edo VIII<\/a>, papa italiano (n. 1761).<\/li>\n<li><a title=\"1865\" href=\"https:\/\/es.wikipedia.org\/wiki\/1865\">1865<\/a>: <a title=\"Abraham Emanuel Fr\u00f6hlich\" href=\"https:\/\/es.wikipedia.org\/wiki\/Abraham_Emanuel_Fr%C3%B6hlich\">Abraham Emanuel Fr\u00f6hlich<\/a>, poeta suizo (n. 1796).<\/li>\n<li><a title=\"1866\" href=\"https:\/\/es.wikipedia.org\/wiki\/1866\">1866<\/a>: <a title=\"George Everest\" href=\"https:\/\/es.wikipedia.org\/wiki\/George_Everest\">George Everest<\/a>, ge\u00f3grafo gal\u00e9s (n. 1790).<\/li>\n<li><a title=\"1913\" href=\"https:\/\/es.wikipedia.org\/wiki\/1913\">1913<\/a>: <a title=\"Juhan Liiv\" href=\"https:\/\/es.wikipedia.org\/wiki\/Juhan_Liiv\">Juhan Liiv<\/a>, poeta y escritor estonio (n. 1864).<\/li>\n<li><a title=\"1914\" href=\"https:\/\/es.wikipedia.org\/wiki\/1914\">1914<\/a>: <a class=\"mw-redirect\" title=\"Alfred Thayer Mahan\" href=\"https:\/\/es.wikipedia.org\/wiki\/Alfred_Thayer_Mahan\">Alfred Thayer Mahan<\/a>, capit\u00e1n e historiador estadounidense (n. 1840).<\/li>\n<li><a title=\"1916\" href=\"https:\/\/es.wikipedia.org\/wiki\/1916\">1916<\/a>: <a title=\"Carlos de Foucauld\" href=\"https:\/\/es.wikipedia.org\/wiki\/Carlos_de_Foucauld\">Carlos de Foucauld<\/a>, sacerdote y m\u00edstico franc\u00e9s (n. 1858).<\/li>\n<li><a title=\"1928\" href=\"https:\/\/es.wikipedia.org\/wiki\/1928\">1928<\/a>: <a title=\"Jos\u00e9 Eustasio Rivera\" href=\"https:\/\/es.wikipedia.org\/wiki\/Jos%C3%A9_Eustasio_Rivera\">Jos\u00e9 Eustasio Rivera<\/a>, poeta y abogado colombiano (n. 1888).<\/li>\n<li><a title=\"1934\" href=\"https:\/\/es.wikipedia.org\/wiki\/1934\">1934<\/a>: <a title=\"Sergu\u00e9i K\u00edrov\" href=\"https:\/\/es.wikipedia.org\/wiki\/Sergu%C3%A9i_K%C3%ADrov\">Sergu\u00e9i K\u00edrov<\/a>, pol\u00edtico bolchevique ruso (n. 1886).<\/li>\n<li><a title=\"1943\" href=\"https:\/\/es.wikipedia.org\/wiki\/1943\">1943<\/a>: <a title=\"Damrong Rajanubhab\" href=\"https:\/\/es.wikipedia.org\/wiki\/Damrong_Rajanubhab\">Damrong Rajanubhab<\/a>, historiador tailand\u00e9s (n. 1862).<\/li>\n<li><a title=\"1947\" href=\"https:\/\/es.wikipedia.org\/wiki\/1947\">1947<\/a>: <a title=\"Aleister Crowley\" href=\"https:\/\/es.wikipedia.org\/wiki\/Aleister_Crowley\">Aleister Crowley<\/a>, escritor y ocultista brit\u00e1nico (n. 1875).<\/li>\n<li>1947: <a title=\"Godfrey Harold Hardy\" href=\"https:\/\/es.wikipedia.org\/wiki\/Godfrey_Harold_Hardy\">Godfrey Harold Hardy<\/a>, matem\u00e1tico brit\u00e1nico (n. 1877).<\/li>\n<li><a title=\"1957\" href=\"https:\/\/es.wikipedia.org\/wiki\/1957\">1957<\/a>: <a title=\"Gustav F. H\u00fcttig\" href=\"https:\/\/es.wikipedia.org\/wiki\/Gustav_F._H%C3%BCttig\">Gustav F. H\u00fcttig<\/a>, qu\u00edmico checo (n. 1890).<\/li>\n<li><a title=\"1964\" href=\"https:\/\/es.wikipedia.org\/wiki\/1964\">1964<\/a>: <a title=\"John Burdon Sanderson Haldane\" href=\"https:\/\/es.wikipedia.org\/wiki\/John_Burdon_Sanderson_Haldane\">John Burdon Sanderson Haldane<\/a>, genetista <a title=\"India\" href=\"https:\/\/es.wikipedia.org\/wiki\/India\">indo<\/a>-escoc\u00e9s (n. 1892).<\/li>\n<li><a title=\"1968\" href=\"https:\/\/es.wikipedia.org\/wiki\/1968\">1968<\/a>: <a class=\"mw-redirect\" title=\"David Arugete (actor turco)\" href=\"https:\/\/es.wikipedia.org\/wiki\/David_Arugete_(actor_turco)\">Dar\u00edo Moreno<\/a>, cantante y actor turcofranc\u00e9s (n. 1921).<\/li>\n<li><a title=\"1969\" href=\"https:\/\/es.wikipedia.org\/wiki\/1969\">1969<\/a>: <a title=\"Magic Sam\" href=\"https:\/\/es.wikipedia.org\/wiki\/Magic_Sam\">Magic Sam<\/a>, guitarrista y cantante estadounidense de blues (n. 1937).<\/li>\n<li><a title=\"1973\" href=\"https:\/\/es.wikipedia.org\/wiki\/1973\">1973<\/a>: <a title=\"David Ben-Guri\u00f3n\" href=\"https:\/\/es.wikipedia.org\/wiki\/David_Ben-Guri%C3%B3n\">David Ben-Guri\u00f3n<\/a>, pol\u00edtico polaco-israel\u00ed, 1.\u00ba primer ministro (n. 1886).<\/li>\n<li><a title=\"1979\" href=\"https:\/\/es.wikipedia.org\/wiki\/1979\">1979<\/a>: <a title=\"Eduardo Blanco Amor\" href=\"https:\/\/es.wikipedia.org\/wiki\/Eduardo_Blanco_Amor\">Eduardo Blanco Amor<\/a>, escritor y periodista espa\u00f1ol.<\/li>\n<li><a title=\"1983\" href=\"https:\/\/es.wikipedia.org\/wiki\/1983\">1983<\/a>: <a title=\"Enrique Diosdado\" href=\"https:\/\/es.wikipedia.org\/wiki\/Enrique_Diosdado\">Enrique Diosdado<\/a>, actor espa\u00f1ol.<\/li>\n<li><a title=\"1984\" href=\"https:\/\/es.wikipedia.org\/wiki\/1984\">1984<\/a>: <a title=\"Roelof Frankot\" href=\"https:\/\/es.wikipedia.org\/wiki\/Roelof_Frankot\">Roelof Frankot<\/a>, pintor neerland\u00e9s (n. 1911).<\/li>\n<li><a title=\"1987\" href=\"https:\/\/es.wikipedia.org\/wiki\/1987\">1987<\/a>: <a title=\"James Baldwin\" href=\"https:\/\/es.wikipedia.org\/wiki\/James_Baldwin\">James Baldwin<\/a>, novelista, poeta y cr\u00edtico estadounidense (n. 1924).<\/li>\n<li>1987: <a title=\"Rafael Bar\u00f3n\" href=\"https:\/\/es.wikipedia.org\/wiki\/Rafael_Bar%C3%B3n\">Rafael Bar\u00f3n<\/a>, escritor espa\u00f1ol (n. 1921).<\/li>\n<li><a title=\"1989\" href=\"https:\/\/es.wikipedia.org\/wiki\/1989\">1989<\/a>: <a title=\"Alvin Ailey\" href=\"https:\/\/es.wikipedia.org\/wiki\/Alvin_Ailey\">Alvin Ailey<\/a>, bailar\u00edn y core\u00f3grafo estadounidense (n. 1931).<\/li>\n<li><a title=\"1990\" href=\"https:\/\/es.wikipedia.org\/wiki\/1990\">1990<\/a>: <a title=\"Aquilino Morcillo\" href=\"https:\/\/es.wikipedia.org\/wiki\/Aquilino_Morcillo\">Aquilino Morcillo<\/a>, periodista espa\u00f1ol.<\/li>\n<li><a title=\"1991\" href=\"https:\/\/es.wikipedia.org\/wiki\/1991\">1991<\/a>: <a title=\"George Stigler\" href=\"https:\/\/es.wikipedia.org\/wiki\/George_Stigler\">George Stigler<\/a>, economista estadounidense, premio Nobel de Econom\u00eda (n. 1911).<\/li>\n<li><a title=\"1993\" href=\"https:\/\/es.wikipedia.org\/wiki\/1993\">1993<\/a>: <a title=\"Ray Gillen\" href=\"https:\/\/es.wikipedia.org\/wiki\/Ray_Gillen\">Ray Gillen<\/a>, cantante y compositor estadounidense de rock, de la banda Black Sabbath (n. 1959).<\/li>\n<li>1993: <a title=\"Carlos Ollero G\u00f3mez\" href=\"https:\/\/es.wikipedia.org\/wiki\/Carlos_Ollero_G%C3%B3mez\">Carlos Ollero G\u00f3mez<\/a>, uno de los creadores de la <i>Constituci\u00f3n<\/i> espa\u00f1ola.<\/li>\n<li><a title=\"1997\" href=\"https:\/\/es.wikipedia.org\/wiki\/1997\">1997<\/a>: <a title=\"St\u00e9phane Grappelli\" href=\"https:\/\/es.wikipedia.org\/wiki\/St%C3%A9phane_Grappelli\">St\u00e9phane Grappelli<\/a>, violinista franc\u00e9s (n. 1908).<\/li>\n<li><a title=\"1998\" href=\"https:\/\/es.wikipedia.org\/wiki\/1998\">1998<\/a>: <a title=\"Freddie Young\" href=\"https:\/\/es.wikipedia.org\/wiki\/Freddie_Young\">Freddie Young<\/a>, director de fotograf\u00eda brit\u00e1nico (n. 1902).<\/li>\n<li><a title=\"2003\" href=\"https:\/\/es.wikipedia.org\/wiki\/2003\">2003<\/a>: <a title=\"Eugenio Monti\" href=\"https:\/\/es.wikipedia.org\/wiki\/Eugenio_Monti\">Eugenio Monti<\/a>, esquiador alpino italiano (n. 1928).<\/li>\n<li><a title=\"2004\" href=\"https:\/\/es.wikipedia.org\/wiki\/2004\">2004<\/a>: <a title=\"Bernardo de Lippe-Biesterfeld\" href=\"https:\/\/es.wikipedia.org\/wiki\/Bernardo_de_Lippe-Biesterfeld\">Bernardo de Lippe-Biesterfeld<\/a>, pr\u00edncipe consorte neerland\u00e9s (n. 1911).<\/li>\n<li><a title=\"2005\" href=\"https:\/\/es.wikipedia.org\/wiki\/2005\">2005<\/a>: <a title=\"Jack Colvin\" href=\"https:\/\/es.wikipedia.org\/wiki\/Jack_Colvin\">Jack Colvin<\/a> actor estadounidense (el periodista de la serie <i>El incre\u00edble Hulk<\/i>) (n. 1934).<\/li>\n<li><a title=\"2006\" href=\"https:\/\/es.wikipedia.org\/wiki\/2006\">2006<\/a>: <a title=\"Claude Jade\" href=\"https:\/\/es.wikipedia.org\/wiki\/Claude_Jade\">Claude Jade<\/a>, actriz francesa (n. 1948).<\/li>\n<li>2006: <a title=\"Bruce Trigger\" href=\"https:\/\/es.wikipedia.org\/wiki\/Bruce_Trigger\">Bruce Trigger<\/a>, arque\u00f3logo canadiense (n. 1937).<\/li>\n<li><a title=\"2007\" href=\"https:\/\/es.wikipedia.org\/wiki\/2007\">2007<\/a>: <a title=\"Angelo Conterno\" href=\"https:\/\/es.wikipedia.org\/wiki\/Angelo_Conterno\">Angelo Conterno<\/a>, ciclista italiano (n. 1925).<\/li>\n<li>2007: <a title=\"Ken McGregor\" href=\"https:\/\/es.wikipedia.org\/wiki\/Ken_McGregor\">Ken McGregor<\/a>, tenista australiano (n. 1929).<\/li>\n<li>2007: <a title=\"Anton Rodgers\" href=\"https:\/\/es.wikipedia.org\/wiki\/Anton_Rodgers\">Anton Rodgers<\/a>, actor y director brit\u00e1nico (n. 1933).<\/li>\n<li><a title=\"2008\" href=\"https:\/\/es.wikipedia.org\/wiki\/2008\">2008<\/a>: <a title=\"Mikel Laboa\" href=\"https:\/\/es.wikipedia.org\/wiki\/Mikel_Laboa\">Mikel Laboa<\/a>, cantautor vasco (n. 1934).<\/li>\n<li>2008: <a title=\"Joseph B. Wirthlin\" href=\"https:\/\/es.wikipedia.org\/wiki\/Joseph_B._Wirthlin\">Joseph B. Wirthlin<\/a>, l\u00edder religioso y empresario estadounidense (n. 1917).<\/li>\n<li><a title=\"2009\" href=\"https:\/\/es.wikipedia.org\/wiki\/2009\">2009<\/a>: <a title=\"Gustavo Adolfo Palma\" href=\"https:\/\/es.wikipedia.org\/wiki\/Gustavo_Adolfo_Palma\">Gustavo Adolfo Palma<\/a>, tenor y actor guatemalteco (n. 1920).<\/li>\n<li>2009: <a title=\"Paul Naschy\" href=\"https:\/\/es.wikipedia.org\/wiki\/Paul_Naschy\">Paul Naschy<\/a>, actor, guionista y director de cine espa\u00f1ol (n. 1934).<\/li>\n<li><a title=\"2011\" href=\"https:\/\/es.wikipedia.org\/wiki\/2011\">2011<\/a>: <a title=\"Shingo Araki\" href=\"https:\/\/es.wikipedia.org\/wiki\/Shingo_Araki\">Shingo Araki<\/a>, historietista y animador japon\u00e9s (n. 1939).<\/li>\n<li>2011: <a title=\"Hippolyte Van Den Bosch\" href=\"https:\/\/es.wikipedia.org\/wiki\/Hippolyte_Van_Den_Bosch\">Hippolyte Van Den Bosch<\/a>, futbolista y entrenador belga (n. 1926).<\/li>\n<li><a title=\"2011\" href=\"https:\/\/es.wikipedia.org\/wiki\/2011\">2011<\/a>: <a title=\"Christa Wolf\" href=\"https:\/\/es.wikipedia.org\/wiki\/Christa_Wolf\">Christa Wolf<\/a>, escritora alemana (n. 1929).<\/li>\n<li><a title=\"2012\" href=\"https:\/\/es.wikipedia.org\/wiki\/2012\">2012<\/a>: <a title=\"Onofre Lovero\" href=\"https:\/\/es.wikipedia.org\/wiki\/Onofre_Lovero\">Onofre Lovero<\/a>, actor argentino (n. 1925).<\/li>\n<li><a title=\"2013\" href=\"https:\/\/es.wikipedia.org\/wiki\/2013\">2013<\/a>: <a title=\"Alejandro Urdapilleta\" href=\"https:\/\/es.wikipedia.org\/wiki\/Alejandro_Urdapilleta\">Alejandro Urdapilleta<\/a>, actor uruguayo (n. 1954).<\/li>\n<li><a title=\"2014\" href=\"https:\/\/es.wikipedia.org\/wiki\/2014\">2014<\/a>: <a title=\"Mario Abramovich\" href=\"https:\/\/es.wikipedia.org\/wiki\/Mario_Abramovich\">Mario Abramovich<\/a>, violinista y compositor argentino (n. 1926).<\/li>\n<li>2014: <a title=\"Sita Murt\" href=\"https:\/\/es.wikipedia.org\/wiki\/Sita_Murt\">Sita Murt<\/a>, dise\u00f1adora y empresaria espa\u00f1ola (n. 1946).<\/li>\n<\/ul>\n<h2 style=\"text-align: justify;\"><span id=\"Celebraciones\" class=\"mw-headline\">Celebraciones<\/span><\/h2>\n<ul style=\"text-align: justify;\">\n<li>D\u00eda Panamericano del <a class=\"mw-redirect\" title=\"Bioqu\u00edmico\" href=\"https:\/\/es.wikipedia.org\/wiki\/Bioqu%C3%ADmico\">Bioqu\u00edmico<\/a><\/li>\n<li>D\u00eda Panamericano del <a title=\"Qu\u00edmico\" href=\"https:\/\/es.wikipedia.org\/wiki\/Qu%C3%ADmico\">Qu\u00edmico<\/a><\/li>\n<li>D\u00eda Panamericano del <a title=\"Farmac\u00e9utico\" href=\"https:\/\/es.wikipedia.org\/wiki\/Farmac%C3%A9utico\">Farmac\u00e9utico<\/a>.<\/li>\n<li><a title=\"D\u00eda Mundial de la Lucha contra el Sida\" href=\"https:\/\/es.wikipedia.org\/wiki\/D%C3%ADa_Mundial_de_la_Lucha_contra_el_Sida\">D\u00eda Mundial de la Lucha contra el Sida<\/a>.<\/li>\n<li><a title=\"Costa Rica\" href=\"https:\/\/es.wikipedia.org\/wiki\/Costa_Rica\">Costa Rica<\/a>: D\u00eda de la Abolici\u00f3n del Ej\u00e9rcito.<\/li>\n<li><a title=\"Panam\u00e1\" href=\"https:\/\/es.wikipedia.org\/wiki\/Panam%C3%A1\">Panam\u00e1<\/a>: <a class=\"mw-redirect\" title=\"D\u00eda del Maestro\" href=\"https:\/\/es.wikipedia.org\/wiki\/D%C3%ADa_del_Maestro\">D\u00eda del Maestro<\/a>.<\/li>\n<li><a title=\"Portugal\" href=\"https:\/\/es.wikipedia.org\/wiki\/Portugal\">Portugal<\/a>: Fiesta Nacional.<\/li>\n<li><a title=\"Rumania\" href=\"https:\/\/es.wikipedia.org\/wiki\/Rumania\">Rumania<\/a>: Fiesta Nacional.<\/li>\n<li><a title=\"Arabia Saudita\" href=\"https:\/\/es.wikipedia.org\/wiki\/Arabia_Saudita\">Arabia Saudita<\/a>: D\u00eda Cor\u00e1nico, D\u00eda nacional de Mahoma.<\/li>\n<li><a title=\"Rusia\" href=\"https:\/\/es.wikipedia.org\/wiki\/Rusia\">Rusia<\/a>: D\u00eda de la Iglesia Ortodoxa.<\/li>\n<\/ul>\n<h3 style=\"text-align: justify;\"><span id=\"Santoral_cat.C3.B3lico\" class=\"mw-headline\"><a title=\"Santoral cat\u00f3lico\" href=\"https:\/\/es.wikipedia.org\/wiki\/Santoral_cat%C3%B3lico\">Santoral cat\u00f3lico<\/a><\/span><\/h3>\n<ul>\n<li style=\"text-align: justify;\">Beato <a title=\"Carlos de Foucauld\" href=\"https:\/\/es.wikipedia.org\/wiki\/Carlos_de_Foucauld\">Carlos de Foucauld<\/a>, sacerdote y m\u00e1rtir.<\/li>\n<li style=\"text-align: justify;\">San <a class=\"mw-redirect\" title=\"Alexander Briant\" href=\"https:\/\/es.wikipedia.org\/wiki\/Alexander_Briant\">Alexander Briant<\/a> (1556-1581), sacerdote y m\u00e1rtir brit\u00e1nico.<\/li>\n<li style=\"text-align: justify;\">San <a class=\"mw-redirect\" title=\"Edmund Campion\" href=\"https:\/\/es.wikipedia.org\/wiki\/Edmund_Campion\">Edmund Campion<\/a> (1540-1581), sacerdote y m\u00e1rtir brit\u00e1nico.<\/li>\n<li style=\"text-align: justify;\">San <a class=\"new\" title=\"Ralph Sherwin (a\u00fan no redactado)\" href=\"https:\/\/es.wikipedia.org\/w\/index.php?title=Ralph_Sherwin&amp;action=edit&amp;redlink=1\">Ralph Sherwin<\/a> (1550-1581), sacerdote y m\u00e1rtir brit\u00e1nico.<\/li>\n<li style=\"text-align: justify;\">San <a title=\"Eligio\" href=\"https:\/\/es.wikipedia.org\/wiki\/Eligio\">Eligio<\/a>, <a title=\"Obispo\" href=\"https:\/\/es.wikipedia.org\/wiki\/Obispo\">obispo<\/a>.<\/li>\n<li style=\"text-align: justify;\">San <a title=\"Leoncio de Fr\u00e9jus\" href=\"https:\/\/es.wikipedia.org\/wiki\/Leoncio_de_Fr%C3%A9jus\">Leoncio de Fr\u00e9jus<\/a>, obispo.<\/li>\n<li style=\"text-align: justify;\">Santa <a class=\"new\" title=\"Florencia (santa) (a\u00fan no redactado)\" href=\"https:\/\/es.wikipedia.org\/w\/index.php?title=Florencia_(santa)&amp;action=edit&amp;redlink=1\">Florencia<\/a>, virgen.<sup id=\"cite_ref-5\" class=\"reference\"><a href=\"https:\/\/es.wikipedia.org\/wiki\/1_de_diciembre#cite_note-5\">5<\/a><\/sup><\/li>\n<\/ul>\n","protected":false},"excerpt":{"rendered":"<p>Es el 335.\u00ba (tricent\u00e9simo trig\u00e9simo quinto) d\u00eda del a\u00f1o en el calendario gregoriano y el 336.\u00ba en los a\u00f1os bisiestos. Quedan 30\u00a0d\u00edas para finalizar el a\u00f1o.<\/p>\n","protected":false},"author":6,"featured_media":8798,"comment_status":"open","ping_status":"open","sticky":false,"template":"","format":"standard","meta":{"_acf_changed":false,"_monsterinsights_skip_tracking":false,"slim_seo":{"title":"Efem\u00e9rides 1 de Diciembre - Opini\u00f3n P\u00fablica","description":"Es el 335.\u00ba (tricent\u00e9simo trig\u00e9simo quinto) d\u00eda del a\u00f1o en el calendario gregoriano y el 336.\u00ba en los a\u00f1os bisiestos. Quedan 30\u00a0d\u00edas para finalizar el a\u00f1o. Acon"},"footnotes":""},"categories":[27],"tags":[],"class_list":["post-8799","post","type-post","status-publish","format-standard","has-post-thumbnail","hentry","category-un-dia-como-hoy"],"acf":[],"_links":{"self":[{"href":"https:\/\/www.opinionpublica.tv\/portada\/wp-json\/wp\/v2\/posts\/8799","targetHints":{"allow":["GET"]}}],"collection":[{"href":"https:\/\/www.opinionpublica.tv\/portada\/wp-json\/wp\/v2\/posts"}],"about":[{"href":"https:\/\/www.opinionpublica.tv\/portada\/wp-json\/wp\/v2\/types\/post"}],"author":[{"embeddable":true,"href":"https:\/\/www.opinionpublica.tv\/portada\/wp-json\/wp\/v2\/users\/6"}],"replies":[{"embeddable":true,"href":"https:\/\/www.opinionpublica.tv\/portada\/wp-json\/wp\/v2\/comments?post=8799"}],"version-history":[{"count":0,"href":"https:\/\/www.opinionpublica.tv\/portada\/wp-json\/wp\/v2\/posts\/8799\/revisions"}],"wp:featuredmedia":[{"embeddable":true,"href":"https:\/\/www.opinionpublica.tv\/portada\/wp-json\/wp\/v2\/media\/8798"}],"wp:attachment":[{"href":"https:\/\/www.opinionpublica.tv\/portada\/wp-json\/wp\/v2\/media?parent=8799"}],"wp:term":[{"taxonomy":"category","embeddable":true,"href":"https:\/\/www.opinionpublica.tv\/portada\/wp-json\/wp\/v2\/categories?post=8799"},{"taxonomy":"post_tag","embeddable":true,"href":"https:\/\/www.opinionpublica.tv\/portada\/wp-json\/wp\/v2\/tags?post=8799"}],"curies":[{"name":"wp","href":"https:\/\/api.w.org\/{rel}","templated":true}]}}