{"id":8797,"date":"2016-11-26T07:00:00","date_gmt":"2016-11-26T06:00:00","guid":{"rendered":"https:\/\/www.opinionpublica.tv\/portada\/2016\/11\/26\/efemerides-30-de-noviembre\/"},"modified":"2016-11-26T07:00:00","modified_gmt":"2016-11-26T06:00:00","slug":"efemerides-30-de-noviembre","status":"publish","type":"post","link":"https:\/\/www.opinionpublica.tv\/portada\/efemerides-30-de-noviembre\/","title":{"rendered":"Efem\u00e9rides 30 de Noviembre"},"content":{"rendered":"<img fetchpriority=\"high\" decoding=\"async\" class=\" size-full wp-image-8796\" src=\"https:\/\/www.opinionpublica.tv\/portada\/wp-content\/uploads\/2016\/11\/618a076585d77d8fbdbe7b813181766a.jpg\" alt=\"\" class=\"caption\" title=\"Andr\u00e9s el Ap\u00f3stol (en griego: \u0391\u03bd\u03b4\u03c1\u03ad\u03b1\u03c2 Andr\u00e9as)\" width=\"200\" height=\"292\" \/>\n<p style=\"text-align: justify;\">Es el 334.\u00ba (tricent\u00e9simo trig\u00e9simo cuarto) d\u00eda del a\u00f1o en el calendario gregoriano y el 335.\u00ba en los a\u00f1os bisiestos. Quedan 31\u00a0d\u00edas para finalizar el a\u00f1o.<\/p>\n<p><!--more--><\/p>\n<h2 style=\"text-align: justify;\"><span id=\"Acontecimientos\" class=\"mw-headline\">Acontecimientos<\/span><\/h2>\n<ul style=\"text-align: justify;\">\n<li><a title=\"1031\" href=\"https:\/\/es.wikipedia.org\/wiki\/1031\">1031<\/a>: en <a title=\"C\u00f3rdoba (Espa\u00f1a)\" href=\"https:\/\/es.wikipedia.org\/wiki\/C%C3%B3rdoba_(Espa%C3%B1a)\">C\u00f3rdoba (Espa\u00f1a)<\/a> el pueblo rebelado asesina a <a title=\"Hisham III\" href=\"https:\/\/es.wikipedia.org\/wiki\/Hisham_III\">Hisham III<\/a>, acabando as\u00ed definitivamente el <a class=\"mw-redirect\" title=\"Dinast\u00eda de los Omeyas\" href=\"https:\/\/es.wikipedia.org\/wiki\/Dinast%C3%ADa_de_los_Omeyas\">califato omeya<\/a>.<\/li>\n<li><a title=\"1227\" href=\"https:\/\/es.wikipedia.org\/wiki\/1227\">1227<\/a>: en Espa\u00f1a, el rey <a title=\"Fernando III de Castilla\" href=\"https:\/\/es.wikipedia.org\/wiki\/Fernando_III_de_Castilla\">Fernando III \u00abel Santo\u00bb<\/a> conquista <a title=\"Baeza (Espa\u00f1a)\" href=\"https:\/\/es.wikipedia.org\/wiki\/Baeza_(Espa%C3%B1a)\">Baeza<\/a> a los musulmanes.<\/li>\n<li><a title=\"1298\" href=\"https:\/\/es.wikipedia.org\/wiki\/1298\">1298<\/a>: en <a title=\"Rieti\" href=\"https:\/\/es.wikipedia.org\/wiki\/Rieti\">Rieti<\/a> (<a title=\"Umbr\u00eda (Italia)\" href=\"https:\/\/es.wikipedia.org\/wiki\/Umbr%C3%ADa_(Italia)\">Umbr\u00eda<\/a>, <a title=\"Italia\" href=\"https:\/\/es.wikipedia.org\/wiki\/Italia\">Italia<\/a>) a la noche (o en la madrugada ya del <a title=\"1 de diciembre\" href=\"https:\/\/es.wikipedia.org\/wiki\/1_de_diciembre\">1 de diciembre<\/a>) se sufre un <a title=\"Terremoto\" href=\"https:\/\/es.wikipedia.org\/wiki\/Terremoto\">terremoto<\/a> de magnitud 6,6 en la <a title=\"Escala sismol\u00f3gica de Richter\" href=\"https:\/\/es.wikipedia.org\/wiki\/Escala_sismol%C3%B3gica_de_Richter\">escala sismol\u00f3gica de Richter<\/a> (intensidad de 9-10), que deja un saldo de \u00abmuchos\u00bb muertos.<\/li>\n<li><a title=\"1731\" href=\"https:\/\/es.wikipedia.org\/wiki\/1731\">1731<\/a>: en <a title=\"Pek\u00edn\" href=\"https:\/\/es.wikipedia.org\/wiki\/Pek%C3%ADn\">Pek\u00edn<\/a> (<a title=\"Dinast\u00eda Qing\" href=\"https:\/\/es.wikipedia.org\/wiki\/Dinast%C3%ADa_Qing\">China<\/a>) se sufre un <a class=\"mw-redirect\" title=\"Anexo:Terremotos anteriores al siglo XX\" href=\"https:\/\/es.wikipedia.org\/wiki\/Anexo:Terremotos_anteriores_al_siglo_XX\">terremoto<\/a> que deja m\u00e1s de 100\u00a0000\u00a0v\u00edctimas.<sup id=\"cite_ref-1\" class=\"reference\"><a href=\"https:\/\/es.wikipedia.org\/wiki\/30_de_noviembre#cite_note-1\">1<\/a><\/sup><\/li>\n<li><a title=\"1782\" href=\"https:\/\/es.wikipedia.org\/wiki\/1782\">1782<\/a>: en <a class=\"mw-redirect\" title=\"Par\u00eds (Francia)\" href=\"https:\/\/es.wikipedia.org\/wiki\/Par%C3%ADs_(Francia)\">Par\u00eds (Francia)<\/a>, representantes de <a title=\"Estados Unidos\" href=\"https:\/\/es.wikipedia.org\/wiki\/Estados_Unidos\">Estados Unidos<\/a> y el <a title=\"Reino de Gran Breta\u00f1a\" href=\"https:\/\/es.wikipedia.org\/wiki\/Reino_de_Gran_Breta%C3%B1a\">Reino de Gran Breta\u00f1a<\/a> firman algunos art\u00edculos preliminares de paz (que m\u00e1s tarde se formalizar\u00edan en el <a title=\"Tratado de Par\u00eds (1783)\" href=\"https:\/\/es.wikipedia.org\/wiki\/Tratado_de_Par%C3%ADs_(1783)\">Tratado de Par\u00eds<\/a>).<\/li>\n<li><a title=\"1803\" href=\"https:\/\/es.wikipedia.org\/wiki\/1803\">1803<\/a>: en el cabildo de <a title=\"Nueva Orleans\" href=\"https:\/\/es.wikipedia.org\/wiki\/Nueva_Orleans\">Nueva Orleans<\/a> (Estados Unidos), el gobernador espa\u00f1ol <a class=\"new\" title=\"Manuel de Salcedo (a\u00fan no redactado)\" href=\"https:\/\/es.wikipedia.org\/w\/index.php?title=Manuel_de_Salcedo&amp;action=edit&amp;redlink=1\">Manuel de Salcedo<\/a> y el arist\u00f3crata espa\u00f1ol <a title=\"Sebasti\u00e1n Calvo de la Puerta y O'Farrill\" href=\"https:\/\/es.wikipedia.org\/wiki\/Sebasti%C3%A1n_Calvo_de_la_Puerta_y_O%27Farrill\">Sebasti\u00e1n Calvo<\/a> transfieren el territorio de <a title=\"Luisiana\" href=\"https:\/\/es.wikipedia.org\/wiki\/Luisiana\">Luisiana<\/a> al representante <a title=\"Francia\" href=\"https:\/\/es.wikipedia.org\/wiki\/Francia\">franc\u00e9s<\/a> <a class=\"new\" title=\"Pierre Cl\u00e9ment de Laussat (a\u00fan no redactado)\" href=\"https:\/\/es.wikipedia.org\/w\/index.php?title=Pierre_Cl%C3%A9ment_de_Laussat&amp;action=edit&amp;redlink=1\">Pierre Cl\u00e9ment de Laussat<\/a> (veinte d\u00edas m\u00e1s tarde, <a class=\"mw-redirect\" title=\"Compra de la Luisiana\" href=\"https:\/\/es.wikipedia.org\/wiki\/Compra_de_la_Luisiana\">Francia vendi\u00f3 estas mismas tierras a Estados Unidos<\/a>).<\/li>\n<li><a title=\"1853\" href=\"https:\/\/es.wikipedia.org\/wiki\/1853\">1853<\/a>: <a title=\"Guerra de Crimea\" href=\"https:\/\/es.wikipedia.org\/wiki\/Guerra_de_Crimea\">Guerra de Crimea<\/a>: en la <a title=\"Batalla de Sinope\" href=\"https:\/\/es.wikipedia.org\/wiki\/Batalla_de_Sinope\">batalla de Sinope<\/a> la flota <a title=\"Imperio ruso\" href=\"https:\/\/es.wikipedia.org\/wiki\/Imperio_ruso\">rusa<\/a> destruye la flota <a title=\"Imperio otomano\" href=\"https:\/\/es.wikipedia.org\/wiki\/Imperio_otomano\">turca<\/a>.<\/li>\n<li><a title=\"1864\" href=\"https:\/\/es.wikipedia.org\/wiki\/1864\">1864<\/a>: en <a title=\"Franklin (Tennessee)\" href=\"https:\/\/es.wikipedia.org\/wiki\/Franklin_(Tennessee)\">Franklin<\/a> \u2015en el marco de la <a class=\"mw-redirect\" title=\"Guerra Civil Estadounidense\" href=\"https:\/\/es.wikipedia.org\/wiki\/Guerra_Civil_Estadounidense\">Guerra Civil Estadounidense<\/a>\u2015, el ej\u00e9rcito de <a title=\"Tennessee\" href=\"https:\/\/es.wikipedia.org\/wiki\/Tennessee\">Tennessee<\/a> pierde la tercera parte de sus hombres y seis generales en la batalla contra los ej\u00e9rcitos norte\u00f1os de la Uni\u00f3n.<\/li>\n<li><a title=\"1872\" href=\"https:\/\/es.wikipedia.org\/wiki\/1872\">1872<\/a>: <a title=\"Selecci\u00f3n de f\u00fatbol de Escocia\" href=\"https:\/\/es.wikipedia.org\/wiki\/Selecci%C3%B3n_de_f%C3%BAtbol_de_Escocia\">Escocia<\/a> empata a cero contra <a title=\"Selecci\u00f3n de f\u00fatbol de Inglaterra\" href=\"https:\/\/es.wikipedia.org\/wiki\/Selecci%C3%B3n_de_f%C3%BAtbol_de_Inglaterra\">Inglaterra<\/a> en el <a title=\"Primer partido internacional de f\u00fatbol\" href=\"https:\/\/es.wikipedia.org\/wiki\/Primer_partido_internacional_de_f%C3%BAtbol\">primer juego de f\u00fatbol entre selecciones nacionales<\/a>.<\/li>\n<li><a title=\"1886\" href=\"https:\/\/es.wikipedia.org\/wiki\/1886\">1886<\/a>: en <a title=\"Par\u00eds\" href=\"https:\/\/es.wikipedia.org\/wiki\/Par%C3%ADs\">Par\u00eds<\/a> (Francia) se abre el teatro <a title=\"Folies Berg\u00e8re\" href=\"https:\/\/es.wikipedia.org\/wiki\/Folies_Berg%C3%A8re\">Folies Berg\u00e8re<\/a>.<\/li>\n<li><a title=\"1902\" href=\"https:\/\/es.wikipedia.org\/wiki\/1902\">1902<\/a>: en Estados Unidos, <a class=\"new\" title=\"Harvey Logan (a\u00fan no redactado)\" href=\"https:\/\/es.wikipedia.org\/w\/index.php?title=Harvey_Logan&amp;action=edit&amp;redlink=1\">Harvey <i>Kid Curry<\/i> Logan<\/a>, el segundo en la banda del pistolero <a title=\"Butch Cassidy\" href=\"https:\/\/es.wikipedia.org\/wiki\/Butch_Cassidy\">Butch Cassidy<\/a>, es sentenciado a 20\u00a0a\u00f1os de trabajos pesados.<\/li>\n<li><a title=\"1908\" href=\"https:\/\/es.wikipedia.org\/wiki\/1908\">1908<\/a>: en la <a title=\"Provincia de Santa Fe\" href=\"https:\/\/es.wikipedia.org\/wiki\/Provincia_de_Santa_Fe\">provincia de Santa Fe<\/a> (<a title=\"Argentina\" href=\"https:\/\/es.wikipedia.org\/wiki\/Argentina\">Argentina<\/a>) se funda el pueblo <a title=\"Juan Bernab\u00e9 Molina\" href=\"https:\/\/es.wikipedia.org\/wiki\/Juan_Bernab%C3%A9_Molina\">J.\u00a0B.\u00a0Molina<\/a>.<\/li>\n<li><a title=\"1910\" href=\"https:\/\/es.wikipedia.org\/wiki\/1910\">1910<\/a>: en <a title=\"Chile\" href=\"https:\/\/es.wikipedia.org\/wiki\/Chile\">Chile<\/a>, miembros de la colonia italiana fundan el club de f\u00fatbol <a title=\"Audax Italiano La Florida\" href=\"https:\/\/es.wikipedia.org\/wiki\/Audax_Italiano_La_Florida\">Audax Italiano<\/a>.<\/li>\n<li><a title=\"1911\" href=\"https:\/\/es.wikipedia.org\/wiki\/1911\">1911<\/a>: en <a title=\"M\u00e9xico\" href=\"https:\/\/es.wikipedia.org\/wiki\/M%C3%A9xico\">M\u00e9xico<\/a>, el presidente <a title=\"Francisco I. Madero\" href=\"https:\/\/es.wikipedia.org\/wiki\/Francisco_I._Madero\">Francisco I. Madero<\/a> se convierte en el primer jefe de Estado en volar en un avi\u00f3n.<\/li>\n<li><a title=\"1916\" href=\"https:\/\/es.wikipedia.org\/wiki\/1916\">1916<\/a>: en <a title=\"Grecia\" href=\"https:\/\/es.wikipedia.org\/wiki\/Grecia\">Grecia<\/a>, los <a title=\"Turqu\u00eda\" href=\"https:\/\/es.wikipedia.org\/wiki\/Turqu%C3%ADa\">turcos<\/a> perpetran la \u00faltima etapa del <a class=\"mw-redirect\" title=\"Holocausto griego\" href=\"https:\/\/es.wikipedia.org\/wiki\/Holocausto_griego\">Holocausto griego<\/a>. El ministro del interior turco <a class=\"new\" title=\"Rafet Bey (a\u00fan no redactado)\" href=\"https:\/\/es.wikipedia.org\/w\/index.php?title=Rafet_Bey&amp;action=edit&amp;redlink=1\">Rafet Bey<\/a> escribe: \u00abTenemos que acabar con los griegos como lo hicimos con los armenios el 28 de noviembre\u00bb.<\/li>\n<li><a title=\"1921\" href=\"https:\/\/es.wikipedia.org\/wiki\/1921\">1921<\/a>: en <a title=\"Chile\" href=\"https:\/\/es.wikipedia.org\/wiki\/Chile\">Chile<\/a> se crea y se organiza jur\u00eddicamente bajo la Ley n.\u00ba\u00a03815 el <a title=\"Gendarmer\u00eda de Chile\" href=\"https:\/\/es.wikipedia.org\/wiki\/Gendarmer%C3%ADa_de_Chile\">Cuerpo de Gendarmer\u00eda de Prisiones<\/a> (la actual Gendarmer\u00eda de Chile).<\/li>\n<li><a title=\"1930\" href=\"https:\/\/es.wikipedia.org\/wiki\/1930\">1930<\/a>: en <a title=\"Argentina\" href=\"https:\/\/es.wikipedia.org\/wiki\/Argentina\">Argentina<\/a>, apertura del <a class=\"mw-redirect\" title=\"Teatro Del Pueblo\" href=\"https:\/\/es.wikipedia.org\/wiki\/Teatro_Del_Pueblo\">Teatro Del Pueblo<\/a>, primer teatro independiente de Latinoam\u00e9rica.<\/li>\n<li><a title=\"1936\" href=\"https:\/\/es.wikipedia.org\/wiki\/1936\">1936<\/a>: en <a title=\"Londres\" href=\"https:\/\/es.wikipedia.org\/wiki\/Londres\">Londres<\/a> (<a title=\"Reino Unido\" href=\"https:\/\/es.wikipedia.org\/wiki\/Reino_Unido\">Reino Unido<\/a>) se incendia el <a title=\"The Crystal Palace\" href=\"https:\/\/es.wikipedia.org\/wiki\/The_Crystal_Palace\">Palacio de Cristal<\/a>. Hab\u00eda sido construido para la <a title=\"Gran Exposici\u00f3n\" href=\"https:\/\/es.wikipedia.org\/wiki\/Gran_Exposici%C3%B3n\">Gran Exposici\u00f3n<\/a> de <a title=\"1851\" href=\"https:\/\/es.wikipedia.org\/wiki\/1851\">1851<\/a>.<\/li>\n<li><a title=\"1939\" href=\"https:\/\/es.wikipedia.org\/wiki\/1939\">1939<\/a>: la <a title=\"Uni\u00f3n Sovi\u00e9tica\" href=\"https:\/\/es.wikipedia.org\/wiki\/Uni%C3%B3n_Sovi%C3%A9tica\">Uni\u00f3n Sovi\u00e9tica<\/a> le declara la guerra a <a title=\"Finlandia\" href=\"https:\/\/es.wikipedia.org\/wiki\/Finlandia\">Finlandia<\/a> y la invade. Alcanza la <a title=\"L\u00ednea Mannerheim\" href=\"https:\/\/es.wikipedia.org\/wiki\/L%C3%ADnea_Mannerheim\">L\u00ednea Mannerheim<\/a>, iniciando la <a title=\"Guerra de Invierno\" href=\"https:\/\/es.wikipedia.org\/wiki\/Guerra_de_Invierno\">Guerra de Invierno<\/a>.<\/li>\n<li><a title=\"1940\" href=\"https:\/\/es.wikipedia.org\/wiki\/1940\">1940<\/a>: en <a title=\"Greenwich (Connecticut)\" href=\"https:\/\/es.wikipedia.org\/wiki\/Greenwich_(Connecticut)\">Greenwich<\/a> (<a title=\"Connecticut\" href=\"https:\/\/es.wikipedia.org\/wiki\/Connecticut\">Connecticut<\/a>), se casan la actriz estadounidense <a title=\"Lucille Ball\" href=\"https:\/\/es.wikipedia.org\/wiki\/Lucille_Ball\">Lucille Ball<\/a> y el actor <a title=\"Cuba\" href=\"https:\/\/es.wikipedia.org\/wiki\/Cuba\">cubano<\/a> <a title=\"Desi Arnaz\" href=\"https:\/\/es.wikipedia.org\/wiki\/Desi_Arnaz\">Desi Arnaz<\/a>.<\/li>\n<li><a title=\"1943\" href=\"https:\/\/es.wikipedia.org\/wiki\/1943\">1943<\/a>: en la <a title=\"Conferencia de Teher\u00e1n\" href=\"https:\/\/es.wikipedia.org\/wiki\/Conferencia_de_Teher%C3%A1n\">Conferencia de Teher\u00e1n<\/a> (<a title=\"Ir\u00e1n\" href=\"https:\/\/es.wikipedia.org\/wiki\/Ir%C3%A1n\">Ir\u00e1n<\/a>) \u2015en el marco de la <a title=\"Segunda Guerra Mundial\" href=\"https:\/\/es.wikipedia.org\/wiki\/Segunda_Guerra_Mundial\">Segunda Guerra Mundial<\/a>\u2015, el presidente estadounidense <a title=\"Franklin D. Roosevelt\" href=\"https:\/\/es.wikipedia.org\/wiki\/Franklin_D._Roosevelt\">Franklin D. Roosevelt<\/a>, el primer ministro brit\u00e1nico <a title=\"Winston Churchill\" href=\"https:\/\/es.wikipedia.org\/wiki\/Winston_Churchill\">Winston Churchill<\/a> y el l\u00edder sovi\u00e9tico <a title=\"I\u00f3sif Stalin\" href=\"https:\/\/es.wikipedia.org\/wiki\/I%C3%B3sif_Stalin\">I\u00f3sif Stalin<\/a> planean el <a title=\"D\u00eda D\" href=\"https:\/\/es.wikipedia.org\/wiki\/D%C3%ADa_D\">D\u00eda D<\/a> (la invasi\u00f3n de Europa del 6 de junio de <a title=\"1944\" href=\"https:\/\/es.wikipedia.org\/wiki\/1944\">1944<\/a>).<\/li>\n<li><a title=\"1954\" href=\"https:\/\/es.wikipedia.org\/wiki\/1954\">1954<\/a>: en <a title=\"Oak Grove\" href=\"https:\/\/es.wikipedia.org\/wiki\/Oak_Grove\">Oak Grove<\/a> (<a title=\"Alabama\" href=\"https:\/\/es.wikipedia.org\/wiki\/Alabama\">Alabama<\/a>) el <a class=\"mw-redirect\" title=\"Meteorito Hodges\" href=\"https:\/\/es.wikipedia.org\/wiki\/Meteorito_Hodges\">meteorito Hodges<\/a> (un trozo del meteorito Sylacauga) del tama\u00f1o de un <a class=\"mw-redirect\" title=\"Pomelo\" href=\"https:\/\/es.wikipedia.org\/wiki\/Pomelo\">pomelo<\/a> pero de 3,8\u00a0kg golpea a la se\u00f1ora Anna Hodges (1920-1972), dej\u00e1ndole un <a title=\"Hematoma\" href=\"https:\/\/es.wikipedia.org\/wiki\/Hematoma\">hematoma<\/a> en la cadera izquierda. Es el primer caso conocido de una persona golpeada por una piedra del espacio (el segundo ser\u00e1 en Mbale [Uganda], el <a title=\"14 de agosto\" href=\"https:\/\/es.wikipedia.org\/wiki\/14_de_agosto\">14 de agosto<\/a> de <a title=\"1992\" href=\"https:\/\/es.wikipedia.org\/wiki\/1992\">1992<\/a>).<\/li>\n<li><a title=\"1955\" href=\"https:\/\/es.wikipedia.org\/wiki\/1955\">1955<\/a>: en <a title=\"Buenos Aires\" href=\"https:\/\/es.wikipedia.org\/wiki\/Buenos_Aires\">Buenos Aires<\/a> (Argentina) la <a class=\"mw-redirect\" title=\"Revoluci\u00f3n &quot;Libertadora&quot; (Argentina)\" href=\"https:\/\/es.wikipedia.org\/wiki\/Revoluci%C3%B3n_%22Libertadora%22_(Argentina)\">dictadura militar<\/a> \u2015autodenominada Revoluci\u00f3n Libertadora\u2015 firma el decreto\u00a04161, que proh\u00edbe el <a title=\"Partido Justicialista\" href=\"https:\/\/es.wikipedia.org\/wiki\/Partido_Justicialista\">peronismo<\/a> (que el a\u00f1o anterior hab\u00eda ganado las elecciones con el 62\u00a0% de los votos). \u00abConsiderando que el Partido Peronista ofende el sentimiento democr\u00e1tico del pueblo argentino [&#8230;] queda prohibida la utilizaci\u00f3n del nombre propio del presidente depuesto, el de sus parientes, las expresiones \u201cperonismo\u201d y \u201c<a class=\"mw-redirect\" title=\"Pa\u00edses no alineados\" href=\"https:\/\/es.wikipedia.org\/wiki\/Pa%C3%ADses_no_alineados\">tercera posici\u00f3n<\/a>\u201d, las marchas <i><a class=\"mw-redirect\" title=\"Los muchachos peronistas\" href=\"https:\/\/es.wikipedia.org\/wiki\/Los_muchachos_peronistas\">Los muchachos peronistas<\/a><\/i> y <i><a class=\"new\" title=\"Evita capitana (a\u00fan no redactado)\" href=\"https:\/\/es.wikipedia.org\/w\/index.php?title=Evita_capitana&amp;action=edit&amp;redlink=1\">Evita capitana<\/a><\/i>, y el libro <i><a title=\"La raz\u00f3n de mi vida\" href=\"https:\/\/es.wikipedia.org\/wiki\/La_raz%C3%B3n_de_mi_vida\">La raz\u00f3n de mi vida<\/a><\/i>\u00bb.<\/li>\n<li><a title=\"1958\" href=\"https:\/\/es.wikipedia.org\/wiki\/1958\">1958<\/a>: en <a title=\"Uruguay\" href=\"https:\/\/es.wikipedia.org\/wiki\/Uruguay\">Uruguay<\/a> se celebran <a title=\"Elecciones generales de Uruguay de 1958\" href=\"https:\/\/es.wikipedia.org\/wiki\/Elecciones_generales_de_Uruguay_de_1958\">elecciones generales<\/a>. En un hecho hist\u00f3rico, resulta amplio vencedor el <a title=\"Partido Nacional (Uruguay)\" href=\"https:\/\/es.wikipedia.org\/wiki\/Partido_Nacional_(Uruguay)\">Partido Nacional<\/a>, que hab\u00eda estado en la oposici\u00f3n por m\u00e1s de 9 d\u00e9cadas; se renuevan los cargos del <a title=\"Consejo Nacional de Gobierno 1959-1963\" href=\"https:\/\/es.wikipedia.org\/wiki\/Consejo_Nacional_de_Gobierno_1959-1963\">Consejo Nacional de Gobierno<\/a>, que pasa a ser presidido por <a class=\"mw-redirect\" title=\"Mart\u00edn Recaredo Echegoyen\" href=\"https:\/\/es.wikipedia.org\/wiki\/Mart%C3%ADn_Recaredo_Echegoyen\">Mart\u00edn Recaredo Echegoyen<\/a>.<\/li>\n<li><a title=\"1960\" href=\"https:\/\/es.wikipedia.org\/wiki\/1960\">1960<\/a>: en <a class=\"mw-redirect\" title=\"Rosario (provincia de Santa Fe)\" href=\"https:\/\/es.wikipedia.org\/wiki\/Rosario_(provincia_de_Santa_Fe)\">Rosario<\/a> y <a class=\"mw-redirect\" title=\"Tartagal (provincia de Salta)\" href=\"https:\/\/es.wikipedia.org\/wiki\/Tartagal_(provincia_de_Salta)\">Tartagal<\/a> (Argentina), el general <a class=\"new\" title=\"Miguel \u00c1ngel I\u00f1\u00edguez (a\u00fan no redactado)\" href=\"https:\/\/es.wikipedia.org\/w\/index.php?title=Miguel_%C3%81ngel_I%C3%B1%C3%ADguez&amp;action=edit&amp;redlink=1\">Miguel \u00c1ngel I\u00f1\u00edguez<\/a>, al frente de la <a class=\"mw-redirect\" title=\"Resistencia Peronista\" href=\"https:\/\/es.wikipedia.org\/wiki\/Resistencia_Peronista\">Resistencia Peronista<\/a>, intenta una insurrecci\u00f3n c\u00edvico-militar contra el gobierno de <a title=\"Arturo Frondizi\" href=\"https:\/\/es.wikipedia.org\/wiki\/Arturo_Frondizi\">Arturo Frondizi<\/a>.<\/li>\n<li><a title=\"1962\" href=\"https:\/\/es.wikipedia.org\/wiki\/1962\">1962<\/a>: en <a title=\"Nueva York\" href=\"https:\/\/es.wikipedia.org\/wiki\/Nueva_York\">Nueva York<\/a> (Estados Unidos), el <a title=\"Birmania\" href=\"https:\/\/es.wikipedia.org\/wiki\/Birmania\">birmano<\/a> <a title=\"U Thant\" href=\"https:\/\/es.wikipedia.org\/wiki\/U_Thant\">U Thant<\/a> es elegido <a title=\"Secretar\u00eda General de Naciones Unidas\" href=\"https:\/\/es.wikipedia.org\/wiki\/Secretar%C3%ADa_General_de_Naciones_Unidas\">Secretar\u00eda General de Naciones Unidas<\/a>.<\/li>\n<li><a title=\"1964\" href=\"https:\/\/es.wikipedia.org\/wiki\/1964\">1964<\/a>: la Uni\u00f3n Sovi\u00e9tica lanza la sonda <a title=\"Zond 2\" href=\"https:\/\/es.wikipedia.org\/wiki\/Zond_2\">Zond 2<\/a> al <a class=\"mw-redirect\" title=\"Planeta Marte\" href=\"https:\/\/es.wikipedia.org\/wiki\/Planeta_Marte\">planeta Marte<\/a>, que falla a mitad de camino.<\/li>\n<li><a title=\"1966\" href=\"https:\/\/es.wikipedia.org\/wiki\/1966\">1966<\/a>: <a title=\"Barbados\" href=\"https:\/\/es.wikipedia.org\/wiki\/Barbados\">Barbados<\/a> se independiza del <a title=\"Reino Unido\" href=\"https:\/\/es.wikipedia.org\/wiki\/Reino_Unido\">Imperio brit\u00e1nico<\/a>.<\/li>\n<li><a title=\"1967\" href=\"https:\/\/es.wikipedia.org\/wiki\/1967\">1967<\/a>: <a title=\"Yemen\" href=\"https:\/\/es.wikipedia.org\/wiki\/Yemen\">Yemen<\/a> se independiza del <a title=\"Reino Unido\" href=\"https:\/\/es.wikipedia.org\/wiki\/Reino_Unido\">Imperio brit\u00e1nico<\/a>.<\/li>\n<li><a title=\"1972\" href=\"https:\/\/es.wikipedia.org\/wiki\/1972\">1972<\/a>: en el marco de la <a title=\"Guerra de Vietnam\" href=\"https:\/\/es.wikipedia.org\/wiki\/Guerra_de_Vietnam\">Guerra de Vietnam<\/a>, el secretario de prensa de la <a title=\"Casa Blanca\" href=\"https:\/\/es.wikipedia.org\/wiki\/Casa_Blanca\">Casa Blanca<\/a> <a class=\"new\" title=\"Ron Ziegler (a\u00fan no redactado)\" href=\"https:\/\/es.wikipedia.org\/w\/index.php?title=Ron_Ziegler&amp;action=edit&amp;redlink=1\">Ron Ziegler<\/a> declara que no habr\u00e1 m\u00e1s anuncios p\u00fablicos acerca del retiro de tropas estadounidenses de <a title=\"Vietnam\" href=\"https:\/\/es.wikipedia.org\/wiki\/Vietnam\">Vietnam<\/a> luego de la derrota, debido a que solo quedan por retirar 27.000 soldados.<\/li>\n<li><a title=\"1979\" href=\"https:\/\/es.wikipedia.org\/wiki\/1979\">1979<\/a>: en <a title=\"Inglaterra\" href=\"https:\/\/es.wikipedia.org\/wiki\/Inglaterra\">Inglaterra<\/a> se publica el exitoso disco <i><a title=\"The Wall\" href=\"https:\/\/es.wikipedia.org\/wiki\/The_Wall\">The Wall<\/a><\/i>, de la banda brit\u00e1nica <a title=\"Pink Floyd\" href=\"https:\/\/es.wikipedia.org\/wiki\/Pink_Floyd\">Pink Floyd<\/a>. M\u00e1s tarde ese a\u00f1o el <a title=\"8 de diciembre\" href=\"https:\/\/es.wikipedia.org\/wiki\/8_de_diciembre\">8 de diciembre<\/a> se publica en <a title=\"Estados Unidos\" href=\"https:\/\/es.wikipedia.org\/wiki\/Estados_Unidos\">Estados Unidos<\/a><\/li>\n<li><a title=\"1980\" href=\"https:\/\/es.wikipedia.org\/wiki\/1980\">1980<\/a>: en <a title=\"Uruguay\" href=\"https:\/\/es.wikipedia.org\/wiki\/Uruguay\">Uruguay<\/a>, el 57,8\u00a0% del pueblo rechaza el <a class=\"mw-redirect\" title=\"Plebiscito constitucional en Uruguay de 1980\" href=\"https:\/\/es.wikipedia.org\/wiki\/Plebiscito_constitucional_en_Uruguay_de_1980\">plebiscito constitucional<\/a> que buscaba legitimar el <a title=\"Dictadura c\u00edvico-militar en Uruguay (1973-1985)\" href=\"https:\/\/es.wikipedia.org\/wiki\/Dictadura_c%C3%ADvico-militar_en_Uruguay_(1973-1985)\">r\u00e9gimen dictatorial<\/a> que por ese entonces gobernaba el pa\u00eds desde 1973.<\/li>\n<li><a title=\"1981\" href=\"https:\/\/es.wikipedia.org\/wiki\/1981\">1981<\/a>: en <a class=\"mw-redirect\" title=\"Ginebra (Suiza)\" href=\"https:\/\/es.wikipedia.org\/wiki\/Ginebra_(Suiza)\">Ginebra (Suiza)<\/a>, representantes de los Estados Unidos y la Uni\u00f3n Sovi\u00e9tica comienzan a negociar la reducci\u00f3n en <a title=\"Europa\" href=\"https:\/\/es.wikipedia.org\/wiki\/Europa\">Europa<\/a> de las <a title=\"Arma nuclear\" href=\"https:\/\/es.wikipedia.org\/wiki\/Arma_nuclear\">armas nucleares<\/a> de alcance medio, en el marco de la <a title=\"Guerra Fr\u00eda\" href=\"https:\/\/es.wikipedia.org\/wiki\/Guerra_Fr%C3%ADa\">Guerra Fr\u00eda<\/a>. El <a title=\"17 de diciembre\" href=\"https:\/\/es.wikipedia.org\/wiki\/17_de_diciembre\">17 de diciembre<\/a> las negociaciones se suspendieron inconclusas.<\/li>\n<li><a title=\"1982\" href=\"https:\/\/es.wikipedia.org\/wiki\/1982\">1982<\/a>: en <a title=\"Londres\" href=\"https:\/\/es.wikipedia.org\/wiki\/Londres\">Londres<\/a>, la primera ministra <a title=\"Margaret Thatcher\" href=\"https:\/\/es.wikipedia.org\/wiki\/Margaret_Thatcher\">Margaret Thatcher<\/a> recibe un <a title=\"Carta bomba\" href=\"https:\/\/es.wikipedia.org\/wiki\/Carta_bomba\">paquete bomba<\/a> en su residencia en la calle <a title=\"Downing Street\" href=\"https:\/\/es.wikipedia.org\/wiki\/Downing_Street\">Downing Street<\/a>.<\/li>\n<li><a title=\"1982\" href=\"https:\/\/es.wikipedia.org\/wiki\/1982\">1982<\/a>: <a title=\"Michael Jackson\" href=\"https:\/\/es.wikipedia.org\/wiki\/Michael_Jackson\">Michael Jackson<\/a> presenta <i><a title=\"Thriller (\u00e1lbum)\" href=\"https:\/\/es.wikipedia.org\/wiki\/Thriller_(%C3%A1lbum)\">Thriller<\/a><\/i>, el \u00e1lbum m\u00e1s vendido en la historia de la m\u00fasica.<\/li>\n<li><a title=\"1983\" href=\"https:\/\/es.wikipedia.org\/wiki\/1983\">1983<\/a>: en <a title=\"Buenos Aires\" href=\"https:\/\/es.wikipedia.org\/wiki\/Buenos_Aires\">Buenos Aires<\/a> (Argentina) \u2015en el marco de la sangrienta <a class=\"mw-redirect\" title=\"Dictadura c\u00edvicomilitar argentina (1976-1983)\" href=\"https:\/\/es.wikipedia.org\/wiki\/Dictadura_c%C3%ADvicomilitar_argentina_(1976-1983)\">dictadura c\u00edvicomilitar argentina (1976-1983)<\/a>\u2015, un tribunal militar liderado por <a title=\"Cristino Nicolaides\" href=\"https:\/\/es.wikipedia.org\/wiki\/Cristino_Nicolaides\">Cristino Nicolaides<\/a> condena al coronel <a title=\"Juan Jaime Cesio\" href=\"https:\/\/es.wikipedia.org\/wiki\/Juan_Jaime_Cesio\">Juan Jaime Cesio<\/a> (57) por denunciar las <a class=\"mw-redirect\" title=\"Desaparecidos en Argentina\" href=\"https:\/\/es.wikipedia.org\/wiki\/Desaparecidos_en_Argentina\">desapariciones<\/a> (\u00abBandas integradas por militares han usurpado el Gobierno, y \u2015con el falso prop\u00f3sito de combatir la \u201csubversi\u00f3n\u201d\u2015 cometieron delitos aberrantes, como el secuestro, la tortura y el asesinato de miles de personas\u00bb). El <a title=\"23 de marzo\" href=\"https:\/\/es.wikipedia.org\/wiki\/23_de_marzo\">23 de marzo<\/a> de <a title=\"2006\" href=\"https:\/\/es.wikipedia.org\/wiki\/2006\">2006<\/a>, el presidente <a title=\"N\u00e9stor Kirchner\" href=\"https:\/\/es.wikipedia.org\/wiki\/N%C3%A9stor_Kirchner\">N\u00e9stor Kirchner<\/a> le restituir\u00e1 el grado militar y lo ascender\u00e1 a general.<\/li>\n<li><a title=\"1984\" href=\"https:\/\/es.wikipedia.org\/wiki\/1984\">1984<\/a>: <a title=\"Phil Collins\" href=\"https:\/\/es.wikipedia.org\/wiki\/Phil_Collins\">Phil Collins<\/a> lanza a la venta en <a title=\"Estados Unidos\" href=\"https:\/\/es.wikipedia.org\/wiki\/Estados_Unidos\">Estados Unidos<\/a> su sencillo <i>One More Night<\/i>, perteneciente a su tercer \u00e1lbum <a title=\"No Jacket Required\" href=\"https:\/\/es.wikipedia.org\/wiki\/No_Jacket_Required\">No Jacket Required<\/a>.<\/li>\n<li><a title=\"1988\" href=\"https:\/\/es.wikipedia.org\/wiki\/1988\">1988<\/a>: en <a title=\"Estados Unidos\" href=\"https:\/\/es.wikipedia.org\/wiki\/Estados_Unidos\">Estados Unidos<\/a>, la empresa <a class=\"mw-redirect\" title=\"Kohlberg Kravis Roberts &amp; Co.\" href=\"https:\/\/es.wikipedia.org\/wiki\/Kohlberg_Kravis_Roberts_%26_Co.\">Kohlberg Kravis Roberts &amp; Co.<\/a> compra RJR <a title=\"Nabisco\" href=\"https:\/\/es.wikipedia.org\/wiki\/Nabisco\">Nabisco<\/a> por 25.070 millones de <a title=\"D\u00f3lar estadounidense\" href=\"https:\/\/es.wikipedia.org\/wiki\/D%C3%B3lar_estadounidense\">d\u00f3lares<\/a>.<\/li>\n<li><a title=\"1989\" href=\"https:\/\/es.wikipedia.org\/wiki\/1989\">1989<\/a>: en <a title=\"Alemania\" href=\"https:\/\/es.wikipedia.org\/wiki\/Alemania\">Alemania<\/a>, <a class=\"new\" title=\"Alfred Herrhausen (a\u00fan no redactado)\" href=\"https:\/\/es.wikipedia.org\/w\/index.php?title=Alfred_Herrhausen&amp;action=edit&amp;redlink=1\">Alfred Herrhausen<\/a>, miembro del directorio del <a title=\"Deutsche Bank\" href=\"https:\/\/es.wikipedia.org\/wiki\/Deutsche_Bank\">Deutsche Bank<\/a> es asesinado por una bomba del grupo terrorista <a title=\"Fracci\u00f3n del Ej\u00e9rcito Rojo\" href=\"https:\/\/es.wikipedia.org\/wiki\/Fracci%C3%B3n_del_Ej%C3%A9rcito_Rojo\">Fracci\u00f3n del Ej\u00e9rcito Rojo<\/a>.<\/li>\n<li><a title=\"1993\" href=\"https:\/\/es.wikipedia.org\/wiki\/1993\">1993<\/a>: en <a title=\"Estados Unidos\" href=\"https:\/\/es.wikipedia.org\/wiki\/Estados_Unidos\">Estados Unidos<\/a>, el presidente <a title=\"Bill Clinton\" href=\"https:\/\/es.wikipedia.org\/wiki\/Bill_Clinton\">Bill Clinton<\/a> firma la <a class=\"new\" title=\"Ley Brady (a\u00fan no redactado)\" href=\"https:\/\/es.wikipedia.org\/w\/index.php?title=Ley_Brady&amp;action=edit&amp;redlink=1\">ley Brady<\/a> para la prevenci\u00f3n de la violencia con pistolas.<\/li>\n<li><a title=\"1995\" href=\"https:\/\/es.wikipedia.org\/wiki\/1995\">1995<\/a>: <a title=\"Selecci\u00f3n de f\u00fatbol de Bosnia y Herzegovina\" href=\"https:\/\/es.wikipedia.org\/wiki\/Selecci%C3%B3n_de_f%C3%BAtbol_de_Bosnia_y_Herzegovina\">Bosnia y Herzegovina<\/a> juega su primer partido oficial de <a title=\"F\u00fatbol\" href=\"https:\/\/es.wikipedia.org\/wiki\/F%C3%BAtbol\">f\u00fatbol<\/a> ante <a title=\"Selecci\u00f3n de f\u00fatbol de Albania\" href=\"https:\/\/es.wikipedia.org\/wiki\/Selecci%C3%B3n_de_f%C3%BAtbol_de_Albania\">Albania<\/a> y en <a title=\"Medell\u00edn\" href=\"https:\/\/es.wikipedia.org\/wiki\/Medell%C3%ADn\">Medell\u00edn<\/a>, <a title=\"Antioquia\" href=\"https:\/\/es.wikipedia.org\/wiki\/Antioquia\">Antioquia<\/a>, <a title=\"Colombia\" href=\"https:\/\/es.wikipedia.org\/wiki\/Colombia\">Colombia<\/a>, se inaugura el <a title=\"Metro de Medell\u00edn\" href=\"https:\/\/es.wikipedia.org\/wiki\/Metro_de_Medell%C3%ADn\">Metro de Medell\u00edn<\/a><\/li>\n<li>1997: en <a class=\"mw-redirect\" title=\"Accra\" href=\"https:\/\/es.wikipedia.org\/wiki\/Accra\">Accra<\/a>, <a title=\"Ghana\" href=\"https:\/\/es.wikipedia.org\/wiki\/Ghana\">Ghana<\/a>, Shamo Quaye, jugador del equipo de la primera divisi\u00f3n sueca <a class=\"mw-redirect\" title=\"Umea\" href=\"https:\/\/es.wikipedia.org\/wiki\/Umea\">Umea<\/a>, y miembro de la <a class=\"mw-redirect\" title=\"Selecci\u00f3n ganesa\" href=\"https:\/\/es.wikipedia.org\/wiki\/Selecci%C3%B3n_ganesa\">selecci\u00f3n ganesa<\/a> que se adjudic\u00f3 la medalla de bronce en los Juegos Ol\u00edmpicos de Barcelona, fallece tras recibir un golpe en la cara con un bal\u00f3n de f\u00fatbol.<sup id=\"cite_ref-2\" class=\"reference\"><a href=\"https:\/\/es.wikipedia.org\/wiki\/30_de_noviembre#cite_note-2\">2<\/a><\/sup><\/li>\n<li><a title=\"1998\" href=\"https:\/\/es.wikipedia.org\/wiki\/1998\">1998<\/a>: en <a title=\"Alemania\" href=\"https:\/\/es.wikipedia.org\/wiki\/Alemania\">Alemania<\/a>, el <a title=\"Deutsche Bank\" href=\"https:\/\/es.wikipedia.org\/wiki\/Deutsche_Bank\">Deutsche Bank<\/a> anuncia su compra del <a title=\"Bankers Trust\" href=\"https:\/\/es.wikipedia.org\/wiki\/Bankers_Trust\">Bankers Trust<\/a> por 10\u00a0000\u00a0millones de <a title=\"D\u00f3lar estadounidense\" href=\"https:\/\/es.wikipedia.org\/wiki\/D%C3%B3lar_estadounidense\">d\u00f3lares<\/a> generando as\u00ed la instituci\u00f3n financiera m\u00e1s grande del mundo.<\/li>\n<li><a title=\"1999\" href=\"https:\/\/es.wikipedia.org\/wiki\/1999\">1999<\/a>: en <a title=\"Seattle\" href=\"https:\/\/es.wikipedia.org\/wiki\/Seattle\">Seattle<\/a> (<a title=\"Washington (estado)\" href=\"https:\/\/es.wikipedia.org\/wiki\/Washington_(estado)\">Washington<\/a>), el <a title=\"Movimiento antiglobalizaci\u00f3n\" href=\"https:\/\/es.wikipedia.org\/wiki\/Movimiento_antiglobalizaci%C3%B3n\">movimiento antiglobalizaci\u00f3n<\/a> fuerza la cancelaci\u00f3n de la ceremonia de apertura del encuentro de una <a title=\"Organizaci\u00f3n Mundial del Comercio\" href=\"https:\/\/es.wikipedia.org\/wiki\/Organizaci%C3%B3n_Mundial_del_Comercio\">Organizaci\u00f3n Mundial del Comercio<\/a>. Las protestas finalizaron el <a title=\"3 de diciembre\" href=\"https:\/\/es.wikipedia.org\/wiki\/3_de_diciembre\">3 de diciembre<\/a>.<\/li>\n<li>1999: en <a title=\"Reino Unido\" href=\"https:\/\/es.wikipedia.org\/wiki\/Reino_Unido\">Reino Unido<\/a> se fusionan las empresas <a title=\"British Aerospace\" href=\"https:\/\/es.wikipedia.org\/wiki\/British_Aerospace\">British Aerospace<\/a> y <a class=\"new\" title=\"Marconi Electronic Systems (a\u00fan no redactado)\" href=\"https:\/\/es.wikipedia.org\/w\/index.php?title=Marconi_Electronic_Systems&amp;action=edit&amp;redlink=1\">Marconi Electronic Systems<\/a> formando <a title=\"BAE Systems\" href=\"https:\/\/es.wikipedia.org\/wiki\/BAE_Systems\">BAE Systems<\/a>, el contratista de defensa m\u00e1s grande de Europa y la cuarta empresa aeroespacial del mundo.<\/li>\n<li><a title=\"2000\" href=\"https:\/\/es.wikipedia.org\/wiki\/2000\">2000<\/a>: la <a title=\"Unesco\" href=\"https:\/\/es.wikipedia.org\/wiki\/Unesco\">Unesco<\/a> declara <a title=\"Patrimonio de la Humanidad\" href=\"https:\/\/es.wikipedia.org\/wiki\/Patrimonio_de_la_Humanidad\">Patrimonio de la Humanidad<\/a> el <a title=\"Palmeral de Elche\" href=\"https:\/\/es.wikipedia.org\/wiki\/Palmeral_de_Elche\">Palmeral Hist\u00f3rico<\/a> de <a title=\"Elche\" href=\"https:\/\/es.wikipedia.org\/wiki\/Elche\">Elche<\/a>.<\/li>\n<li><a title=\"2001\" href=\"https:\/\/es.wikipedia.org\/wiki\/2001\">2001<\/a>: en el <a title=\"Estadio Nacional de Chile\" href=\"https:\/\/es.wikipedia.org\/wiki\/Estadio_Nacional_de_Chile\">Estadio Nacional<\/a> de <a title=\"Santiago de Chile\" href=\"https:\/\/es.wikipedia.org\/wiki\/Santiago_de_Chile\">Santiago de Chile<\/a>, la banda de rock <a title=\"Los Prisioneros\" href=\"https:\/\/es.wikipedia.org\/wiki\/Los_Prisioneros\">Los Prisioneros<\/a> vuelve a tocar con su formaci\u00f3n original tras 12 a\u00f1os de separaci\u00f3n.<\/li>\n<li><a title=\"2003\" href=\"https:\/\/es.wikipedia.org\/wiki\/2003\">2003<\/a>: en <a title=\"Argentina\" href=\"https:\/\/es.wikipedia.org\/wiki\/Argentina\">Argentina<\/a>, el piloto de automovilismo <a title=\"Ernesto Bessone II\" href=\"https:\/\/es.wikipedia.org\/wiki\/Ernesto_Bessone_II\">Ernesto <i>Tito<\/i> Bessone<\/a> se consagraba campe\u00f3n de <a title=\"Turismo Carretera\" href=\"https:\/\/es.wikipedia.org\/wiki\/Turismo_Carretera\">Turismo Carretera<\/a> por primera vez, conduciendo un <a class=\"new\" title=\"Dodge y Torino Cherokee (a\u00fan no redactado)\" href=\"https:\/\/es.wikipedia.org\/w\/index.php?title=Dodge_y_Torino_Cherokee&amp;action=edit&amp;redlink=1\">Dodge Cherokee<\/a>.<\/li>\n<li><a title=\"2006\" href=\"https:\/\/es.wikipedia.org\/wiki\/2006\">2006<\/a>: <a title=\"Wikimedia Commons\" href=\"https:\/\/es.wikipedia.org\/wiki\/Wikimedia_Commons\">Wikimedia Commons<\/a> alcanza la cifra de un mill\u00f3n de ficheros multimedia, dos a\u00f1os y dos meses despu\u00e9s de su creaci\u00f3n.<\/li>\n<li><a title=\"2007\" href=\"https:\/\/es.wikipedia.org\/wiki\/2007\">2007<\/a>: en Madrid (Espa\u00f1a), las Cortes aprueban definitivamente la reforma del <a class=\"mw-redirect\" title=\"Estatuto de Autonom\u00eda de Castilla y Le\u00f3n de 1983\" href=\"https:\/\/es.wikipedia.org\/wiki\/Estatuto_de_Autonom%C3%ADa_de_Castilla_y_Le%C3%B3n_de_1983\">Estatuto de Autonom\u00eda de Castilla y Le\u00f3n<\/a>.<\/li>\n<li><a title=\"2015\" href=\"https:\/\/es.wikipedia.org\/wiki\/2015\">2015<\/a>: <a class=\"mw-redirect\" title=\"XXI Conferencia sobre Cambio Clim\u00e1tico\" href=\"https:\/\/es.wikipedia.org\/wiki\/XXI_Conferencia_sobre_Cambio_Clim%C3%A1tico\">XXI Conferencia sobre Cambio Clim\u00e1tico<\/a> se celebrar\u00e1.<\/li>\n<\/ul>\n<h2 style=\"text-align: justify;\"><span id=\"Nacimientos\" class=\"mw-headline\">Nacimientos<\/span><\/h2>\n<ul style=\"text-align: justify;\">\n<li><a title=\"538\" href=\"https:\/\/es.wikipedia.org\/wiki\/538\">538<\/a>: <a title=\"Gregorio de Tours\" href=\"https:\/\/es.wikipedia.org\/wiki\/Gregorio_de_Tours\">Gregorio de Tours<\/a>, religioso e historiador franc\u00e9s (f. 594).<\/li>\n<li><a title=\"1302\" href=\"https:\/\/es.wikipedia.org\/wiki\/1302\">1302<\/a>: <a title=\"Andr\u00e9s Corsini\" href=\"https:\/\/es.wikipedia.org\/wiki\/Andr%C3%A9s_Corsini\">Andr\u00e9s Corsini<\/a>, religioso y santo italiano (f. 1373).<\/li>\n<li><a title=\"1340\" href=\"https:\/\/es.wikipedia.org\/wiki\/1340\">1340<\/a>: <a title=\"Juan I de Berry\" href=\"https:\/\/es.wikipedia.org\/wiki\/Juan_I_de_Berry\">Juan I de Berry<\/a>, pr\u00edncipe franc\u00e9s (f. 1416).<\/li>\n<li><a title=\"1466\" href=\"https:\/\/es.wikipedia.org\/wiki\/1466\">1466<\/a>: <a title=\"Andrea Doria\" href=\"https:\/\/es.wikipedia.org\/wiki\/Andrea_Doria\">Andrea Doria<\/a>, pol\u00edtico y almirante genov\u00e9s (f. 1560).<\/li>\n<li><a title=\"1508\" href=\"https:\/\/es.wikipedia.org\/wiki\/1508\">1508<\/a>: <a title=\"Andrea Palladio\" href=\"https:\/\/es.wikipedia.org\/wiki\/Andrea_Palladio\">Andrea Palladio<\/a>, arquitecto italiano (f. 1580).<\/li>\n<li><a title=\"1554\" href=\"https:\/\/es.wikipedia.org\/wiki\/1554\">1554<\/a>: <a title=\"Philip Sidney\" href=\"https:\/\/es.wikipedia.org\/wiki\/Philip_Sidney\">Philip Sidney<\/a>, poeta y soldado brit\u00e1nico (f. 1586).<\/li>\n<li><a title=\"1667\" href=\"https:\/\/es.wikipedia.org\/wiki\/1667\">1667<\/a>: <a title=\"Jonathan Swift\" href=\"https:\/\/es.wikipedia.org\/wiki\/Jonathan_Swift\">Jonathan Swift<\/a>, escritor irland\u00e9s (f. 1745).<\/li>\n<li><a title=\"1781\" href=\"https:\/\/es.wikipedia.org\/wiki\/1781\">1781<\/a>: <a class=\"new\" title=\"Alexander Berry (a\u00fan no redactado)\" href=\"https:\/\/es.wikipedia.org\/w\/index.php?title=Alexander_Berry&amp;action=edit&amp;redlink=1\">Alexander Berry<\/a>, aventurero brit\u00e1nico (f. 1873).<\/li>\n<li><a title=\"1785\" href=\"https:\/\/es.wikipedia.org\/wiki\/1785\">1785<\/a>: <a class=\"mw-redirect\" title=\"Andr\u00e9s Guazurar\u00ed Artigas\" href=\"https:\/\/es.wikipedia.org\/wiki\/Andr%C3%A9s_Guazurar%C3%AD_Artigas\">Andresito Guazurar\u00ed Artigas<\/a>, caudillo federal de las Provincias Unidas del R\u00edo de la Plata (f. 1825).<sup id=\"cite_ref-3\" class=\"reference\"><a href=\"https:\/\/es.wikipedia.org\/wiki\/30_de_noviembre#cite_note-3\">3<\/a><\/sup><\/li>\n<li><a title=\"1796\" href=\"https:\/\/es.wikipedia.org\/wiki\/1796\">1796<\/a>: <a title=\"Carl Loewe\" href=\"https:\/\/es.wikipedia.org\/wiki\/Carl_Loewe\">Carl Loewe<\/a>, compositor alem\u00e1n (f. 1869).<\/li>\n<li><a title=\"1805\" href=\"https:\/\/es.wikipedia.org\/wiki\/1805\">1805<\/a>: <a title=\"Georges Fran\u00e7ois Reuter\" href=\"https:\/\/es.wikipedia.org\/wiki\/Georges_Fran%C3%A7ois_Reuter\">Georges Fran\u00e7ois Reuter<\/a>, naturalista franc\u00e9s (f. 1872).<\/li>\n<li><a title=\"1807\" href=\"https:\/\/es.wikipedia.org\/wiki\/1807\">1807<\/a>: <a title=\"William Farr\" href=\"https:\/\/es.wikipedia.org\/wiki\/William_Farr\">William Farr<\/a>, epidemi\u00f3logo brit\u00e1nico (f. 1883).<\/li>\n<li><a title=\"1813\" href=\"https:\/\/es.wikipedia.org\/wiki\/1813\">1813<\/a>: <a title=\"Charles-Valentin Alkan\" href=\"https:\/\/es.wikipedia.org\/wiki\/Charles-Valentin_Alkan\">Charles-Valentin Alkan<\/a>, pianista y compositor franc\u00e9s (f. 1888).<\/li>\n<li><a title=\"1817\" href=\"https:\/\/es.wikipedia.org\/wiki\/1817\">1817<\/a>: <a title=\"Theodor Mommsen\" href=\"https:\/\/es.wikipedia.org\/wiki\/Theodor_Mommsen\">Theodor Mommsen<\/a>, historiador alem\u00e1n, premio nobel de literatura en 1902 (f. 1903).<\/li>\n<li><a title=\"1825\" href=\"https:\/\/es.wikipedia.org\/wiki\/1825\">1825<\/a>: <a title=\"William-Adolphe Bouguereau\" href=\"https:\/\/es.wikipedia.org\/wiki\/William-Adolphe_Bouguereau\">William-Adolphe Bouguereau<\/a>, pintor franc\u00e9s (f. 1905).<\/li>\n<li><a title=\"1833\" href=\"https:\/\/es.wikipedia.org\/wiki\/1833\">1833<\/a>: <a title=\"Andr\u00e9s del Valle\" href=\"https:\/\/es.wikipedia.org\/wiki\/Andr%C3%A9s_del_Valle\">Andr\u00e9s del Valle<\/a>, pol\u00edtico salvadore\u00f1o (f. 1888).<\/li>\n<li><a title=\"1835\" href=\"https:\/\/es.wikipedia.org\/wiki\/1835\">1835<\/a>: <a title=\"Mark Twain\" href=\"https:\/\/es.wikipedia.org\/wiki\/Mark_Twain\">Mark Twain<\/a>, escritor estadounidense (f. 1910).<\/li>\n<li><a title=\"1842\" href=\"https:\/\/es.wikipedia.org\/wiki\/1842\">1842<\/a>: <a title=\"Fernando Le\u00f3n y Castillo\" href=\"https:\/\/es.wikipedia.org\/wiki\/Fernando_Le%C3%B3n_y_Castillo\">Fernando Le\u00f3n y Castillo<\/a>, pol\u00edtico espa\u00f1ol (f. 1918).<\/li>\n<li><a title=\"1846\" href=\"https:\/\/es.wikipedia.org\/wiki\/1846\">1846<\/a>: <a title=\"Andr\u00e9s Manj\u00f3n\" href=\"https:\/\/es.wikipedia.org\/wiki\/Andr%C3%A9s_Manj%C3%B3n\">Andr\u00e9s Manj\u00f3n<\/a>, sacerdote y pedagogo espa\u00f1ol (f. 1923).<\/li>\n<li><a title=\"1847\" href=\"https:\/\/es.wikipedia.org\/wiki\/1847\">1847<\/a>: <a title=\"Afonso Augusto Moreira Pena\" href=\"https:\/\/es.wikipedia.org\/wiki\/Afonso_Augusto_Moreira_Pena\">Afonso Augusto Moreira Pena<\/a>, presidente brasile\u00f1o (f. 1909).<\/li>\n<li><a title=\"1867\" href=\"https:\/\/es.wikipedia.org\/wiki\/1867\">1867<\/a>: <a title=\"Max Gonz\u00e1lez Olaechea\" href=\"https:\/\/es.wikipedia.org\/wiki\/Max_Gonz%C3%A1lez_Olaechea\">Max Gonz\u00e1lez Olaechea<\/a>, m\u00e9dico peruano (f. 1946).<\/li>\n<li><a title=\"1869\" href=\"https:\/\/es.wikipedia.org\/wiki\/1869\">1869<\/a>: <a title=\"Nils Gustaf Dal\u00e9n\" href=\"https:\/\/es.wikipedia.org\/wiki\/Nils_Gustaf_Dal%C3%A9n\">Nils Gustaf Dal\u00e9n<\/a>, f\u00edsico e ingeniero sueco, premio nobel de f\u00edsica en 1912 (f. 1937).<\/li>\n<li><a title=\"1872\" href=\"https:\/\/es.wikipedia.org\/wiki\/1872\">1872<\/a>: <a class=\"mw-redirect\" title=\"Isidro Nonell\" href=\"https:\/\/es.wikipedia.org\/wiki\/Isidro_Nonell\">Isidro Nonell<\/a>, pintor espa\u00f1ol (f. 1911).<\/li>\n<li><a title=\"1874\" href=\"https:\/\/es.wikipedia.org\/wiki\/1874\">1874<\/a>: <a title=\"Winston Churchill\" href=\"https:\/\/es.wikipedia.org\/wiki\/Winston_Churchill\">Winston Churchill<\/a>, primer ministro y escritor brit\u00e1nico (f. 1965).<\/li>\n<li>1874: <a title=\"Lucy Maud Montgomery\" href=\"https:\/\/es.wikipedia.org\/wiki\/Lucy_Maud_Montgomery\">Lucy Maud Montgomery<\/a>, escritora canadiense (f. 1942).<\/li>\n<li><a title=\"1884\" href=\"https:\/\/es.wikipedia.org\/wiki\/1884\">1884<\/a>: <a title=\"Giovanni Barrella\" href=\"https:\/\/es.wikipedia.org\/wiki\/Giovanni_Barrella\">Giovanni Barrella<\/a>, escritor y pintor italiano (f. 1967).<\/li>\n<li><a title=\"1885\" href=\"https:\/\/es.wikipedia.org\/wiki\/1885\">1885<\/a>: <a title=\"Mar\u00eda Cervantes\" href=\"https:\/\/es.wikipedia.org\/wiki\/Mar%C3%ADa_Cervantes\">Mar\u00eda Cervantes<\/a>, pianista, cantante y compositora cubana (f. 1981).<\/li>\n<li><a title=\"1889\" href=\"https:\/\/es.wikipedia.org\/wiki\/1889\">1889<\/a>: <a title=\"Edgar Douglas Adrian\" href=\"https:\/\/es.wikipedia.org\/wiki\/Edgar_Douglas_Adrian\">Edgar Douglas Adrian<\/a>, fisi\u00f3logo brit\u00e1nico, premio nobel de medicina en 1932 (f. 1977).<\/li>\n<li><a title=\"1893\" href=\"https:\/\/es.wikipedia.org\/wiki\/1893\">1893<\/a>: <a title=\"Pedrucho\" href=\"https:\/\/es.wikipedia.org\/wiki\/Pedrucho\">Pedro Basauri Paguaga, <i>Pedrucho<\/i><\/a>, torero espa\u00f1ol (f. 1973).<\/li>\n<li><a title=\"1901\" href=\"https:\/\/es.wikipedia.org\/wiki\/1901\">1901<\/a>: <a title=\"Alfonso de Borb\u00f3n-Dos Sicilias y Borb\u00f3n\" href=\"https:\/\/es.wikipedia.org\/wiki\/Alfonso_de_Borb%C3%B3n-Dos_Sicilias_y_Borb%C3%B3n\">Alfonso de Borb\u00f3n-Dos Sicilias<\/a>, arist\u00f3crata espa\u00f1ol (f. 1964).<\/li>\n<li><a title=\"1904\" href=\"https:\/\/es.wikipedia.org\/wiki\/1904\">1904<\/a>: <a class=\"mw-redirect\" title=\"Frank Felix Miranda\" href=\"https:\/\/es.wikipedia.org\/wiki\/Frank_Felix_Miranda\">Frank Felix Miranda<\/a>, aviador dominicano (f. 1954).<\/li>\n<li>1904: <a title=\"Clyfford Still\" href=\"https:\/\/es.wikipedia.org\/wiki\/Clyfford_Still\">Clyfford Still<\/a>, pintor estadounidense (f. 1980).<\/li>\n<li><a title=\"1906\" href=\"https:\/\/es.wikipedia.org\/wiki\/1906\">1906<\/a>: <a title=\"Andr\u00e9s Henestrosa\" href=\"https:\/\/es.wikipedia.org\/wiki\/Andr%C3%A9s_Henestrosa\">Andr\u00e9s Henestrosa<\/a>, escritor mexicano (f. 2008).<\/li>\n<li>1906: <a title=\"Elsa O'Connor\" href=\"https:\/\/es.wikipedia.org\/wiki\/Elsa_O%27Connor\">Elsa O&#8217;Connor<\/a>, actriz argentina (f. 1947).<\/li>\n<li><a title=\"1911\" href=\"https:\/\/es.wikipedia.org\/wiki\/1911\">1911<\/a>: <a title=\"Jorge Negrete\" href=\"https:\/\/es.wikipedia.org\/wiki\/Jorge_Negrete\">Jorge Negrete<\/a>, cantante y actor mexicano (f. 1953).<\/li>\n<li><a title=\"1912\" href=\"https:\/\/es.wikipedia.org\/wiki\/1912\">1912<\/a>: <a title=\"Hugo del Carril\" href=\"https:\/\/es.wikipedia.org\/wiki\/Hugo_del_Carril\">Hugo del Carril<\/a>, actor, cantante y cineasta argentino (f. 1989).<\/li>\n<li>1912: <a title=\"Gordon Parks\" href=\"https:\/\/es.wikipedia.org\/wiki\/Gordon_Parks\">Gordon Parks<\/a>, director y escritor estadounidense (f. 2006).<\/li>\n<li><a title=\"1915\" href=\"https:\/\/es.wikipedia.org\/wiki\/1915\">1915<\/a>: <a title=\"Henry Taube\" href=\"https:\/\/es.wikipedia.org\/wiki\/Henry_Taube\">Henry Taube<\/a>, qu\u00edmico canadiense, premio nobel de qu\u00edmica en 1983 (f. 2005).<\/li>\n<li><a title=\"1918\" href=\"https:\/\/es.wikipedia.org\/wiki\/1918\">1918<\/a>: <a title=\"Efrem Zimbalist Jr.\" href=\"https:\/\/es.wikipedia.org\/wiki\/Efrem_Zimbalist_Jr.\">Efrem Zimbalist Jr.<\/a>, actor estadounidense (f. 2014).<\/li>\n<li><a title=\"1920\" href=\"https:\/\/es.wikipedia.org\/wiki\/1920\">1920<\/a>: <a title=\"Virginia Mayo\" href=\"https:\/\/es.wikipedia.org\/wiki\/Virginia_Mayo\">Virginia Mayo<\/a>, actriz estadounidense (f. 2005).<\/li>\n<li><a title=\"1923\" href=\"https:\/\/es.wikipedia.org\/wiki\/1923\">1923<\/a>: <a title=\"Ra\u00fal Shaw Moreno\" href=\"https:\/\/es.wikipedia.org\/wiki\/Ra%C3%BAl_Shaw_Moreno\">Ra\u00fal Shaw Moreno<\/a>, cantautor boliviano (f. 2003).<\/li>\n<li><a title=\"1924\" href=\"https:\/\/es.wikipedia.org\/wiki\/1924\">1924<\/a>: <a title=\"Allan Sherman\" href=\"https:\/\/es.wikipedia.org\/wiki\/Allan_Sherman\">Allan Sherman<\/a>, comediante estadounidense (f. 1973).<\/li>\n<li><a title=\"1925\" href=\"https:\/\/es.wikipedia.org\/wiki\/1925\">1925<\/a>: <a title=\"William H. Gates, Sr.\" href=\"https:\/\/es.wikipedia.org\/wiki\/William_H._Gates,_Sr.\">William H. Gates, Sr.<\/a>, abogado estadounidense.<\/li>\n<li><a title=\"1926\" href=\"https:\/\/es.wikipedia.org\/wiki\/1926\">1926<\/a>: <a title=\"Richard Crenna\" href=\"https:\/\/es.wikipedia.org\/wiki\/Richard_Crenna\">Richard Crenna<\/a>, actor estadounidense (f. 2003).<\/li>\n<li><a title=\"1927\" href=\"https:\/\/es.wikipedia.org\/wiki\/1927\">1927<\/a>: <a title=\"Alfonso Barrantes Ling\u00e1n\" href=\"https:\/\/es.wikipedia.org\/wiki\/Alfonso_Barrantes_Ling%C3%A1n\">Alfonso Barrantes Ling\u00e1n<\/a>, pol\u00edtico peruano (f. 2000).<\/li>\n<li>1927: <a title=\"Robert Guillaume\" href=\"https:\/\/es.wikipedia.org\/wiki\/Robert_Guillaume\">Robert Guillaume<\/a>, actor estadounidense.<\/li>\n<li>1927: <a title=\"Osvaldo Rib\u00f3\" href=\"https:\/\/es.wikipedia.org\/wiki\/Osvaldo_Rib%C3%B3\">Osvaldo Rib\u00f3<\/a>, cantante argentino de tangos (f. 2015).<\/li>\n<li><a title=\"1928\" href=\"https:\/\/es.wikipedia.org\/wiki\/1928\">1928<\/a>: <a title=\"Manuel Badenes\" href=\"https:\/\/es.wikipedia.org\/wiki\/Manuel_Badenes\">Manuel Badenes<\/a>, futbolista espa\u00f1ol (f. 2007).<\/li>\n<li>1928: <a title=\"Germ\u00e0 Col\u00f3n\" href=\"https:\/\/es.wikipedia.org\/wiki\/Germ%C3%A0_Col%C3%B3n\">Germ\u00e0 Col\u00f3n<\/a>, ling\u00fcista espa\u00f1ol.<\/li>\n<li><a title=\"1929\" href=\"https:\/\/es.wikipedia.org\/wiki\/1929\">1929<\/a>: <a title=\"Dick Clark\" href=\"https:\/\/es.wikipedia.org\/wiki\/Dick_Clark\">Dick Clark<\/a>, conductor de televisi\u00f3n estadounidense.<\/li>\n<li><a title=\"1930\" href=\"https:\/\/es.wikipedia.org\/wiki\/1930\">1930<\/a>: <a title=\"Richie Regan\" href=\"https:\/\/es.wikipedia.org\/wiki\/Richie_Regan\">Richie Regan<\/a>, baloncestista estadounidense (f. 2002).<\/li>\n<li><a title=\"1934\" href=\"https:\/\/es.wikipedia.org\/wiki\/1934\">1934<\/a>: <a title=\"Roberto Cossa\" href=\"https:\/\/es.wikipedia.org\/wiki\/Roberto_Cossa\">Roberto Cossa<\/a>, autor y dramaturgo argentino.<\/li>\n<li><a title=\"1936\" href=\"https:\/\/es.wikipedia.org\/wiki\/1936\">1936<\/a>: <a title=\"Abbie Hoffman\" href=\"https:\/\/es.wikipedia.org\/wiki\/Abbie_Hoffman\">Abbie Hoffman<\/a>, activista estadounidense (f. 1989).<\/li>\n<li>1936: <a title=\"Lucha Villa\" href=\"https:\/\/es.wikipedia.org\/wiki\/Lucha_Villa\">Lucha Villa<\/a>, actriz y cantante mexicana.<\/li>\n<li><a title=\"1937\" href=\"https:\/\/es.wikipedia.org\/wiki\/1937\">1937<\/a>: <a title=\"Ridley Scott\" href=\"https:\/\/es.wikipedia.org\/wiki\/Ridley_Scott\">Ridley Scott<\/a>, cineasta brit\u00e1nico.<\/li>\n<li>1937: <a title=\"Tom Simpson\" href=\"https:\/\/es.wikipedia.org\/wiki\/Tom_Simpson\">Tom Simpson<\/a>, ciclista brit\u00e1nico (f. 1967).<\/li>\n<li><a title=\"1938\" href=\"https:\/\/es.wikipedia.org\/wiki\/1938\">1938<\/a>: <a title=\"N\u00e9stor Fabi\u00e1n\" href=\"https:\/\/es.wikipedia.org\/wiki\/N%C3%A9stor_Fabi%C3%A1n\">N\u00e9stor Fabi\u00e1n<\/a>, cantante de tangos y actor argentino.<\/li>\n<li>1938: <a title=\"Margarita Salas\" href=\"https:\/\/es.wikipedia.org\/wiki\/Margarita_Salas\">Margarita Salas<\/a>, bioqu\u00edmica espa\u00f1ola.<\/li>\n<li><a title=\"1940\" href=\"https:\/\/es.wikipedia.org\/wiki\/1940\">1940<\/a>: <a title=\"Makio Inoue\" href=\"https:\/\/es.wikipedia.org\/wiki\/Makio_Inoue\">Makio Inoue<\/a>, seiy\u016b japon\u00e9s.<\/li>\n<li>1940: <a title=\"Jos\u00e9 Pedro P\u00e9rez-Llorca\" href=\"https:\/\/es.wikipedia.org\/wiki\/Jos%C3%A9_Pedro_P%C3%A9rez-Llorca\">Jos\u00e9 Pedro P\u00e9rez-Llorca<\/a>, pol\u00edtico espa\u00f1ol.<\/li>\n<li><a title=\"1942\" href=\"https:\/\/es.wikipedia.org\/wiki\/1942\">1942<\/a>: <a title=\"Francisco Chaparro Jara\" href=\"https:\/\/es.wikipedia.org\/wiki\/Francisco_Chaparro_Jara\">Francisco Chaparro<\/a>, entrenador de f\u00fatbol espa\u00f1ol.<\/li>\n<li><a title=\"1943\" href=\"https:\/\/es.wikipedia.org\/wiki\/1943\">1943<\/a>: <a title=\"Terrence Malick\" href=\"https:\/\/es.wikipedia.org\/wiki\/Terrence_Malick\">Terrence Malick<\/a>, escritor y productor estadounidense.<\/li>\n<li><a title=\"1945\" href=\"https:\/\/es.wikipedia.org\/wiki\/1945\">1945<\/a>: <a title=\"Roger Glover\" href=\"https:\/\/es.wikipedia.org\/wiki\/Roger_Glover\">Roger Glover<\/a>, m\u00fasico y bajista brit\u00e1nico, de la banda Deep Purple.<\/li>\n<li><a title=\"1946\" href=\"https:\/\/es.wikipedia.org\/wiki\/1946\">1946<\/a>: <a title=\"Marina Abramovi\u0107\" href=\"https:\/\/es.wikipedia.org\/wiki\/Marina_Abramovi%C4%87\">Marina Abramovi\u0107<\/a>, artista de performance serbia.<\/li>\n<li>1946: <a title=\"Jos\u00e9 Andr\u00e9s Corral Arredondo\" href=\"https:\/\/es.wikipedia.org\/wiki\/Jos%C3%A9_Andr%C3%A9s_Corral_Arredondo\">Jos\u00e9 Andr\u00e9s Corral Arredondo<\/a>, obispo mexicano (f. 2011).<\/li>\n<li><a title=\"1947\" href=\"https:\/\/es.wikipedia.org\/wiki\/1947\">1947<\/a>: <a title=\"Sergio Badilla Castillo\" href=\"https:\/\/es.wikipedia.org\/wiki\/Sergio_Badilla_Castillo\">Sergio Badilla Castillo<\/a>, poeta chileno.<\/li>\n<li>1947: <a title=\"David Mamet\" href=\"https:\/\/es.wikipedia.org\/wiki\/David_Mamet\">David Mamet<\/a>, novelista, dramaturgo, guionista y cineasta estadounidense.<\/li>\n<li><a title=\"1950\" href=\"https:\/\/es.wikipedia.org\/wiki\/1950\">1950<\/a>: <a title=\"Chris Claremont\" href=\"https:\/\/es.wikipedia.org\/wiki\/Chris_Claremont\">Chris Claremont<\/a>, historietista brit\u00e1nico.<\/li>\n<li><a title=\"1952\" href=\"https:\/\/es.wikipedia.org\/wiki\/1952\">1952<\/a>: <a title=\"Mandy Patinkin\" href=\"https:\/\/es.wikipedia.org\/wiki\/Mandy_Patinkin\">Mandy Patinkin<\/a>, actor y cantante estadounidense.<\/li>\n<li><a title=\"1953\" href=\"https:\/\/es.wikipedia.org\/wiki\/1953\">1953<\/a>: <a title=\"June Pointer\" href=\"https:\/\/es.wikipedia.org\/wiki\/June_Pointer\">June Pointer<\/a>, cantante estadounidense, de la banda The Pointer Sisters (f. 2006).<\/li>\n<li><a title=\"1955\" href=\"https:\/\/es.wikipedia.org\/wiki\/1955\">1955<\/a>: <a title=\"Billy Idol\" href=\"https:\/\/es.wikipedia.org\/wiki\/Billy_Idol\">Billy Idol<\/a>, m\u00fasico brit\u00e1nico de rock.<\/li>\n<li><a title=\"1957\" href=\"https:\/\/es.wikipedia.org\/wiki\/1957\">1957<\/a>: <a title=\"Richard Barbieri\" href=\"https:\/\/es.wikipedia.org\/wiki\/Richard_Barbieri\">Richard Barbieri<\/a>, tecladista brit\u00e1nico, de la banda Porcupine Tree.<\/li>\n<li><a title=\"1958\" href=\"https:\/\/es.wikipedia.org\/wiki\/1958\">1958<\/a>: <a title=\"Stacey Q\" href=\"https:\/\/es.wikipedia.org\/wiki\/Stacey_Q\">Stacey Q<\/a>, cantante estadounidense.<\/li>\n<li><a title=\"1959\" href=\"https:\/\/es.wikipedia.org\/wiki\/1959\">1959<\/a>: <a title=\"Cherie Currie\" href=\"https:\/\/es.wikipedia.org\/wiki\/Cherie_Currie\">Cherie Currie<\/a>, cantante, actriz y m\u00fasica estadounidense.<\/li>\n<li><a title=\"1960\" href=\"https:\/\/es.wikipedia.org\/wiki\/1960\">1960<\/a>: <a title=\"Ver\u00f3nica Condom\u00ed\" href=\"https:\/\/es.wikipedia.org\/wiki\/Ver%C3%B3nica_Condom%C3%AD\">Ver\u00f3nica Condom\u00ed<\/a>, cantante, compositora y guitarrista argentina.<\/li>\n<li>1960: <a title=\"Gary Lineker\" href=\"https:\/\/es.wikipedia.org\/wiki\/Gary_Lineker\">Gary Lineker<\/a>, futbolista brit\u00e1nico.<\/li>\n<li><a title=\"1963\" href=\"https:\/\/es.wikipedia.org\/wiki\/1963\">1963<\/a>: <a title=\"David Yates\" href=\"https:\/\/es.wikipedia.org\/wiki\/David_Yates\">David Yates<\/a>, cineasta, productor de cine y televisi\u00f3n y guionista brit\u00e1nico.<\/li>\n<li><a title=\"1964\" href=\"https:\/\/es.wikipedia.org\/wiki\/1964\">1964<\/a>: <a title=\"Manuel Mart\u00edn Cuenca\" href=\"https:\/\/es.wikipedia.org\/wiki\/Manuel_Mart%C3%ADn_Cuenca\">Manuel Mart\u00edn Cuenca<\/a>, cineasta espa\u00f1ol.<\/li>\n<li><a title=\"1965\" href=\"https:\/\/es.wikipedia.org\/wiki\/1965\">1965<\/a>: <a title=\"Aldair\" href=\"https:\/\/es.wikipedia.org\/wiki\/Aldair\">Aldair<\/a>, futbolista brasile\u00f1o.<\/li>\n<li>1965: <a title=\"Juan Antonio Cebri\u00e1n\" href=\"https:\/\/es.wikipedia.org\/wiki\/Juan_Antonio_Cebri%C3%A1n\">Juan Antonio Cebri\u00e1n<\/a>, periodista, locutor de radio, escritor y divulgador espa\u00f1ol (f. 2007).<\/li>\n<li>1965: <a title=\"Fumihito\" href=\"https:\/\/es.wikipedia.org\/wiki\/Fumihito\">Fumihito<\/a>, pr\u00edncipe japon\u00e9s.<\/li>\n<li>1965: <a title=\"Daniel Kuzniecka\" href=\"https:\/\/es.wikipedia.org\/wiki\/Daniel_Kuzniecka\">Daniel Kuzniecka<\/a>, actor argentino de origen paname\u00f1o.<\/li>\n<li>1965: <a title=\"Ben Stiller\" href=\"https:\/\/es.wikipedia.org\/wiki\/Ben_Stiller\">Ben Stiller<\/a>, actor estadounidense.<\/li>\n<li><a title=\"1966\" href=\"https:\/\/es.wikipedia.org\/wiki\/1966\">1966<\/a>: <a title=\"Mika Salo\" href=\"https:\/\/es.wikipedia.org\/wiki\/Mika_Salo\">Mika Salo<\/a>, piloto finland\u00e9s de F\u00f3rmula 1.<\/li>\n<li><a title=\"1967\" href=\"https:\/\/es.wikipedia.org\/wiki\/1967\">1967<\/a>: <a title=\"Solange Berstein\" href=\"https:\/\/es.wikipedia.org\/wiki\/Solange_Berstein\">Solange Berstein<\/a>, economista chilena.<\/li>\n<li><a title=\"1968\" href=\"https:\/\/es.wikipedia.org\/wiki\/1968\">1968<\/a>: <a title=\"Des'ree\" href=\"https:\/\/es.wikipedia.org\/wiki\/Des%27ree\">Des&#8217;ree<\/a>, cantante brit\u00e1nica.<\/li>\n<li>1968: <a title=\"Laurent Jalabert\" href=\"https:\/\/es.wikipedia.org\/wiki\/Laurent_Jalabert\">Laurent Jalabert<\/a>, ciclista franc\u00e9s.<\/li>\n<li>1968: <a class=\"mw-redirect\" title=\"Rica Matsumoto\" href=\"https:\/\/es.wikipedia.org\/wiki\/Rica_Matsumoto\">Rica Matsumoto<\/a>, cantante japonesa.<\/li>\n<li><a title=\"1969\" href=\"https:\/\/es.wikipedia.org\/wiki\/1969\">1969<\/a>: <a title=\"Marc Forster\" href=\"https:\/\/es.wikipedia.org\/wiki\/Marc_Forster\">Marc Forster<\/a>, director de cine alem\u00e1n.<\/li>\n<li><a title=\"1969\" href=\"https:\/\/es.wikipedia.org\/wiki\/1969\">1969<\/a>: <a title=\"Chris Weitz\" href=\"https:\/\/es.wikipedia.org\/wiki\/Chris_Weitz\">Chris Weitz<\/a>, director estadounidense.<\/li>\n<li>1969: <a title=\"Valeria Bertuccelli\" href=\"https:\/\/es.wikipedia.org\/wiki\/Valeria_Bertuccelli\">Valeria Bertuccelli<\/a>, actriz argentina.<\/li>\n<li><a title=\"1970\" href=\"https:\/\/es.wikipedia.org\/wiki\/1970\">1970<\/a>: <a title=\"Marcos Juan Guti\u00e9rrez\" href=\"https:\/\/es.wikipedia.org\/wiki\/Marcos_Juan_Guti%C3%A9rrez\">Marcos Juan Guti\u00e9rrez<\/a>, exfutbolista argentino.<\/li>\n<li><a title=\"1971\" href=\"https:\/\/es.wikipedia.org\/wiki\/1971\">1971<\/a>: <a title=\"Miguel Hermoso Arnao\" href=\"https:\/\/es.wikipedia.org\/wiki\/Miguel_Hermoso_Arnao\">Miguel Hermoso Arnao<\/a>, actor espa\u00f1ol.<\/li>\n<li>1971: <a title=\"H\u00e9ctor Larroque\" href=\"https:\/\/es.wikipedia.org\/wiki\/H%C3%A9ctor_Larroque\">H\u00e9ctor Dami\u00e1n Larroque<\/a>, futbolista argentino (f. 2011).<\/li>\n<li><a title=\"1972\" href=\"https:\/\/es.wikipedia.org\/wiki\/1972\">1972<\/a>: <a title=\"Rodolfo Barili\" href=\"https:\/\/es.wikipedia.org\/wiki\/Rodolfo_Barili\">Rodolfo Barili<\/a>, periodista argentino.<\/li>\n<li>1972: <a title=\"Rodrigo Lussich\" href=\"https:\/\/es.wikipedia.org\/wiki\/Rodrigo_Lussich\">Rodrigo Lussich<\/a>, periodista y conductor de televisi\u00f3n uruguayo.<\/li>\n<li>1972: <a title=\"Abel Xavier\" href=\"https:\/\/es.wikipedia.org\/wiki\/Abel_Xavier\">Abel Xavier<\/a>, futbolista portugu\u00e9s.<\/li>\n<li><a title=\"1973\" href=\"https:\/\/es.wikipedia.org\/wiki\/1973\">1973<\/a>: <a title=\"John Moyer\" href=\"https:\/\/es.wikipedia.org\/wiki\/John_Moyer\">John Moyer<\/a>, bajista estadounidense, de la banda Disturbed.<\/li>\n<li>1973: <a class=\"mw-redirect\" title=\"Jason Reso\" href=\"https:\/\/es.wikipedia.org\/wiki\/Jason_Reso\">Christian<\/a> (Jason Reso), luchador profesional canadiense.<\/li>\n<li><a title=\"1975\" href=\"https:\/\/es.wikipedia.org\/wiki\/1975\">1975<\/a>: <a title=\"Ben Thatcher\" href=\"https:\/\/es.wikipedia.org\/wiki\/Ben_Thatcher\">Ben Thatcher<\/a>, futbolista brit\u00e1nico.<\/li>\n<li>1975: <a title=\"Eugenia Tobal\" href=\"https:\/\/es.wikipedia.org\/wiki\/Eugenia_Tobal\">Eugenia Tobal<\/a>, actriz argentina.<\/li>\n<li><a title=\"1977\" href=\"https:\/\/es.wikipedia.org\/wiki\/1977\">1977<\/a>: <a title=\"Mario Iv\u00e1n Guerrero\" href=\"https:\/\/es.wikipedia.org\/wiki\/Mario_Iv%C3%A1n_Guerrero\">Mario Iv\u00e1n Guerrero<\/a>, futbolista hondure\u00f1o.<\/li>\n<li>1977: <a title=\"Steve Aoki\" href=\"https:\/\/es.wikipedia.org\/wiki\/Steve_Aoki\">Steve Aoki<\/a>, Dj estadounidense.<\/li>\n<li><a title=\"1978\" href=\"https:\/\/es.wikipedia.org\/wiki\/1978\">1978<\/a>: <a title=\"Clay Aiken\" href=\"https:\/\/es.wikipedia.org\/wiki\/Clay_Aiken\">Clay Aiken<\/a>, cantante estadounidense.<\/li>\n<li>1978: <a title=\"Gael Garc\u00eda Bernal\" href=\"https:\/\/es.wikipedia.org\/wiki\/Gael_Garc%C3%ADa_Bernal\">Gael Garc\u00eda Bernal<\/a>, actor mexicano.<\/li>\n<li><a title=\"1979\" href=\"https:\/\/es.wikipedia.org\/wiki\/1979\">1979<\/a>: <a title=\"Severn Cullis-Suzuki\" href=\"https:\/\/es.wikipedia.org\/wiki\/Severn_Cullis-Suzuki\">Severn Cullis-Suzuki<\/a>, bi\u00f3loga, ec\u00f3loga y activista ambiental canadiense.<\/li>\n<li>1979: <a title=\"Kike Mateo\" href=\"https:\/\/es.wikipedia.org\/wiki\/Kike_Mateo\">Kike Mateo<\/a>, futbolista espa\u00f1ol.<\/li>\n<li>1979: <a title=\"Andr\u00e9s Nocioni\" href=\"https:\/\/es.wikipedia.org\/wiki\/Andr%C3%A9s_Nocioni\">Andr\u00e9s Nocioni<\/a>, baloncestista argentino.<\/li>\n<li>1979: <a title=\"Dania Ram\u00edrez\" href=\"https:\/\/es.wikipedia.org\/wiki\/Dania_Ram%C3%ADrez\">Dania Ram\u00edrez<\/a>, actriz dominicana.<\/li>\n<li><a title=\"1981\" href=\"https:\/\/es.wikipedia.org\/wiki\/1981\">1981<\/a>: <a title=\"Maya Zapata\" href=\"https:\/\/es.wikipedia.org\/wiki\/Maya_Zapata\">Maya Zapata<\/a>, actriz mexicana.<\/li>\n<li><a title=\"1981\" href=\"https:\/\/es.wikipedia.org\/wiki\/1981\">1981<\/a>: <a title=\"Mar\u00eda Castro\" href=\"https:\/\/es.wikipedia.org\/wiki\/Mar%C3%ADa_Castro\">Mar\u00eda Castro<\/a>, actriz, presentadora de televisi\u00f3n y bailarina espa\u00f1ola.<\/li>\n<li><a title=\"1982\" href=\"https:\/\/es.wikipedia.org\/wiki\/1982\">1982<\/a>: <a title=\"Elisha Cuthbert\" href=\"https:\/\/es.wikipedia.org\/wiki\/Elisha_Cuthbert\">Elisha Cuthbert<\/a>, actriz canadiense.<\/li>\n<li>1982: <a title=\"Cl\u00e9mence Po\u00e9sy\" href=\"https:\/\/es.wikipedia.org\/wiki\/Cl%C3%A9mence_Po%C3%A9sy\">Cl\u00e9mence Po\u00e9sy<\/a>, actriz francesa.<\/li>\n<li>1982: <a title=\"Medina (cantante)\" href=\"https:\/\/es.wikipedia.org\/wiki\/Medina_(cantante)\">Medina<\/a>, cantante danesa.<\/li>\n<li><a title=\"1983\" href=\"https:\/\/es.wikipedia.org\/wiki\/1983\">1983<\/a>: <a title=\"Adrian Cristea\" href=\"https:\/\/es.wikipedia.org\/wiki\/Adrian_Cristea\">Adri\u00e1n Cristea<\/a>, futbolista rumano.<\/li>\n<li>1983: <a title=\"Sholo Truth\" href=\"https:\/\/es.wikipedia.org\/wiki\/Sholo_Truth\">Sholo Truth<\/a>, DJ y rapero espa\u00f1ol.<\/li>\n<li><a title=\"1984\" href=\"https:\/\/es.wikipedia.org\/wiki\/1984\">1984<\/a>: <a title=\"Alan Hutton\" href=\"https:\/\/es.wikipedia.org\/wiki\/Alan_Hutton\">Alan Hutton<\/a>, futbolista brit\u00e1nico.<\/li>\n<li>1984: <a title=\"Nigel de Jong\" href=\"https:\/\/es.wikipedia.org\/wiki\/Nigel_de_Jong\">Nigel de Jong<\/a>, futbolista neerland\u00e9s.<\/li>\n<li><a title=\"1985\" href=\"https:\/\/es.wikipedia.org\/wiki\/1985\">1985<\/a>: <a title=\"Kaley Cuoco\" href=\"https:\/\/es.wikipedia.org\/wiki\/Kaley_Cuoco\">Kaley Cuoco<\/a>, actriz estadounidense.<\/li>\n<li>1985: <a title=\"Luis Valbuena\" href=\"https:\/\/es.wikipedia.org\/wiki\/Luis_Valbuena\">Luis Valbuena<\/a>, beisbolista venezolano.<\/li>\n<li>1985: <a title=\"Aoi Miyazaki\" href=\"https:\/\/es.wikipedia.org\/wiki\/Aoi_Miyazaki\">Aoi Miyazaki<\/a>, actriz, seiy\u016b y modelo japonesa.<\/li>\n<li><a title=\"1986\" href=\"https:\/\/es.wikipedia.org\/wiki\/1986\">1986<\/a>: <a title=\"Jordan Farmar\" href=\"https:\/\/es.wikipedia.org\/wiki\/Jordan_Farmar\">Jordan Farmar<\/a>, baloncestista estadounidense.<\/li>\n<li><a title=\"1987\" href=\"https:\/\/es.wikipedia.org\/wiki\/1987\">1987<\/a>: <a title=\"Dougie Poynter\" href=\"https:\/\/es.wikipedia.org\/wiki\/Dougie_Poynter\">Dougie Poynter<\/a>, bajista y compositor brit\u00e1nico, de la banda McFly.<\/li>\n<li><a title=\"1987\" href=\"https:\/\/es.wikipedia.org\/wiki\/1987\">1987<\/a>: <a class=\"new\" title=\"Ian Hecox (a\u00fan no redactado)\" href=\"https:\/\/es.wikipedia.org\/w\/index.php?title=Ian_Hecox&amp;action=edit&amp;redlink=1\">Ian Hecox<\/a>, comediante estadounidense, del d\u00fao <a class=\"new\" title=\"Smosh (a\u00fan no redactado)\" href=\"https:\/\/es.wikipedia.org\/w\/index.php?title=Smosh&amp;action=edit&amp;redlink=1\">Smosh<\/a>, formado tambi\u00e9n por <a class=\"new\" title=\"Anthony Padilla (a\u00fan no redactado)\" href=\"https:\/\/es.wikipedia.org\/w\/index.php?title=Anthony_Padilla&amp;action=edit&amp;redlink=1\">Anthony Padilla<\/a>.<\/li>\n<li><a title=\"1989\" href=\"https:\/\/es.wikipedia.org\/wiki\/1989\">1989<\/a>: <a title=\"Daisy Evans\" href=\"https:\/\/es.wikipedia.org\/wiki\/Daisy_Evans\">Daisy Evans<\/a>, cantante, actriz y bailarina brit\u00e1nica, de la banda S Club 8.<\/li>\n<li><a title=\"1990\" href=\"https:\/\/es.wikipedia.org\/wiki\/1990\">1990<\/a>: <a title=\"Magnus Carlsen\" href=\"https:\/\/es.wikipedia.org\/wiki\/Magnus_Carlsen\">Magnus Carlsen<\/a>, ajedrecista noruego.<\/li>\n<li><a title=\"1990\" href=\"https:\/\/es.wikipedia.org\/wiki\/1990\">1990<\/a>: <a title=\"Hannah Richings\" href=\"https:\/\/es.wikipedia.org\/wiki\/Hannah_Richings\">Hannah Richings<\/a>, cantante, actriz y bailarina brit\u00e1nica, de la banda S Club 8.<\/li>\n<li><a title=\"1993\" href=\"https:\/\/es.wikipedia.org\/wiki\/1993\">1993<\/a>: <a class=\"mw-redirect\" title=\"Yuri Chinen\" href=\"https:\/\/es.wikipedia.org\/wiki\/Yuri_Chinen\">Yuri Chinen<\/a>, actor y cantante japon\u00e9s.<\/li>\n<li><a title=\"1994\" href=\"https:\/\/es.wikipedia.org\/wiki\/1994\">1994<\/a>: <a title=\"Nyjah Huston\" href=\"https:\/\/es.wikipedia.org\/wiki\/Nyjah_Huston\">Nyjah Huston<\/a>, skateboarder profesional estadounidense<\/li>\n<\/ul>\n<h2 style=\"text-align: justify;\"><span id=\"Fallecimientos\" class=\"mw-headline\">Fallecimientos<\/span><\/h2>\n<ul style=\"text-align: justify;\">\n<li><a title=\"1016\" href=\"https:\/\/es.wikipedia.org\/wiki\/1016\">1016<\/a>: <a title=\"Etelredo II el Indeciso\" href=\"https:\/\/es.wikipedia.org\/wiki\/Etelredo_II_el_Indeciso\">Etelredo II el Indeciso<\/a>, rey ingl\u00e9s (n. 968).<\/li>\n<li><a title=\"1036\" href=\"https:\/\/es.wikipedia.org\/wiki\/1036\">1036<\/a>: <a title=\"Hisham III\" href=\"https:\/\/es.wikipedia.org\/wiki\/Hisham_III\">Hisham III<\/a>, \u00faltimo califa de C\u00f3rdoba (n. 975).<\/li>\n<li><a title=\"1178\" href=\"https:\/\/es.wikipedia.org\/wiki\/1178\">1178<\/a>: <a title=\"Isidro Labrador\" href=\"https:\/\/es.wikipedia.org\/wiki\/Isidro_Labrador\">Isidro Labrador<\/a>, religioso y santo espa\u00f1ol (n. 1082).<\/li>\n<li><a title=\"1557\" href=\"https:\/\/es.wikipedia.org\/wiki\/1557\">1557<\/a>: <a class=\"mw-redirect\" title=\"Kalhuarengo\" href=\"https:\/\/es.wikipedia.org\/wiki\/Kalhuarengo\">Galvarino<\/a>, jefe mapuche patag\u00f3nico.<\/li>\n<li><a title=\"1621\" href=\"https:\/\/es.wikipedia.org\/wiki\/1621\">1621<\/a>: <a title=\"Francesco Rasi\" href=\"https:\/\/es.wikipedia.org\/wiki\/Francesco_Rasi\">Francesco Rasi<\/a>, tenor y compositor italiano (n. 1574).<\/li>\n<li><a title=\"1694\" href=\"https:\/\/es.wikipedia.org\/wiki\/1694\">1694<\/a>: <a title=\"Marcello Malpighi\" href=\"https:\/\/es.wikipedia.org\/wiki\/Marcello_Malpighi\">Marcello Malpighi<\/a>, anatomista y bi\u00f3logo italiano (n. 1628).<\/li>\n<li><a title=\"1703\" href=\"https:\/\/es.wikipedia.org\/wiki\/1703\">1703<\/a>: <a title=\"Nicolas de Grigny\" href=\"https:\/\/es.wikipedia.org\/wiki\/Nicolas_de_Grigny\">Nicolas de Grigny<\/a>, compositor franc\u00e9s (n. 1672).<\/li>\n<li><a title=\"1718\" href=\"https:\/\/es.wikipedia.org\/wiki\/1718\">1718<\/a>: <a title=\"Carlos XII de Suecia\" href=\"https:\/\/es.wikipedia.org\/wiki\/Carlos_XII_de_Suecia\">Carlos XII<\/a>, rey sueco (n. 1682).<\/li>\n<li><a title=\"1731\" href=\"https:\/\/es.wikipedia.org\/wiki\/1731\">1731<\/a>: <a title=\"Brook Taylor\" href=\"https:\/\/es.wikipedia.org\/wiki\/Brook_Taylor\">Brook Taylor<\/a>, matem\u00e1tico brit\u00e1nico (n. 1685).<\/li>\n<li><a title=\"1751\" href=\"https:\/\/es.wikipedia.org\/wiki\/1751\">1751<\/a>: <a title=\"Philippe Loys de Ch\u00e9seaux\" href=\"https:\/\/es.wikipedia.org\/wiki\/Philippe_Loys_de_Ch%C3%A9seaux\">Philippe Loys de Ch\u00e9seaux<\/a>, astr\u00f3nomo y f\u00edsico suizo (n. 1718).<\/li>\n<li><a title=\"1783\" href=\"https:\/\/es.wikipedia.org\/wiki\/1783\">1783<\/a>: <a title=\"Felipe Bertr\u00e1n\" href=\"https:\/\/es.wikipedia.org\/wiki\/Felipe_Bertr%C3%A1n\">Felipe Bertr\u00e1n<\/a>, religioso espa\u00f1ol (n. 1704).<\/li>\n<li><a title=\"1786\" href=\"https:\/\/es.wikipedia.org\/wiki\/1786\">1786<\/a>: <a class=\"mw-redirect\" title=\"Bernardo de G\u00e1lvez y Madrid\" href=\"https:\/\/es.wikipedia.org\/wiki\/Bernardo_de_G%C3%A1lvez_y_Madrid\">Bernardo de G\u00e1lvez y Madrid<\/a>, gobernador de Cuba y virrey de M\u00e9xico (n. 1746).<\/li>\n<li><a title=\"1865\" href=\"https:\/\/es.wikipedia.org\/wiki\/1865\">1865<\/a>: <a title=\"Laurent Sazie\" href=\"https:\/\/es.wikipedia.org\/wiki\/Laurent_Sazie\">Laurent Sazie<\/a>, m\u00e9dico franc\u00e9s (n. 1807).<\/li>\n<li><a title=\"1867\" href=\"https:\/\/es.wikipedia.org\/wiki\/1867\">1867<\/a>: <a title=\"Rafael Plat\u00f3n S\u00e1nchez\" href=\"https:\/\/es.wikipedia.org\/wiki\/Rafael_Plat%C3%B3n_S%C3%A1nchez\">Rafael Plat\u00f3n S\u00e1nchez<\/a>, militar mexicano (n. 1831).<\/li>\n<li><a title=\"1870\" href=\"https:\/\/es.wikipedia.org\/wiki\/1870\">1870<\/a>: <a title=\"Enrique Mart\u00ednez\" href=\"https:\/\/es.wikipedia.org\/wiki\/Enrique_Mart%C3%ADnez\">Enrique Mart\u00ednez<\/a>, militar uruguayo (n. 1789).<\/li>\n<li><a title=\"1900\" href=\"https:\/\/es.wikipedia.org\/wiki\/1900\">1900<\/a>: <a title=\"Oscar Wilde\" href=\"https:\/\/es.wikipedia.org\/wiki\/Oscar_Wilde\">Oscar Wilde<\/a>, escritor y pol\u00edtico irland\u00e9s (n. 1854).<\/li>\n<li><a title=\"1901\" href=\"https:\/\/es.wikipedia.org\/wiki\/1901\">1901<\/a>: <a title=\"Edward John Eyre\" href=\"https:\/\/es.wikipedia.org\/wiki\/Edward_John_Eyre\">Edward John Eyre<\/a>, explorador australiano (n. 1815).<\/li>\n<li><a title=\"1913\" href=\"https:\/\/es.wikipedia.org\/wiki\/1913\">1913<\/a>: <a title=\"Gregorio de Laferr\u00e8re\" href=\"https:\/\/es.wikipedia.org\/wiki\/Gregorio_de_Laferr%C3%A8re\">Gregorio de Laferr\u00e8re<\/a>, pol\u00edtico y dramaturgo argentino (n. 1867).<\/li>\n<li><a title=\"1915\" href=\"https:\/\/es.wikipedia.org\/wiki\/1915\">1915<\/a>: <a title=\"Luis Revol\" href=\"https:\/\/es.wikipedia.org\/wiki\/Luis_Revol\">Luis Revol<\/a>, ingeniero y pol\u00edtico argentino (n. 1858).<\/li>\n<li><a title=\"1935\" href=\"https:\/\/es.wikipedia.org\/wiki\/1935\">1935<\/a>: <a title=\"Fernando Pessoa\" href=\"https:\/\/es.wikipedia.org\/wiki\/Fernando_Pessoa\">Fernando Pessoa<\/a>, poeta y ensayista portugu\u00e9s (n. 1888).<\/li>\n<li><a title=\"1936\" href=\"https:\/\/es.wikipedia.org\/wiki\/1936\">1936<\/a>: <a title=\"Jos\u00e9 L\u00f3pez Piteira\" href=\"https:\/\/es.wikipedia.org\/wiki\/Jos%C3%A9_L%C3%B3pez_Piteira\">Jos\u00e9 L\u00f3pez Piteira<\/a>, fraile y beato cubano fusilado en Espa\u00f1a junto a otros 66 religiosos (n. 1912).<sup id=\"cite_ref-4\" class=\"reference\"><a href=\"https:\/\/es.wikipedia.org\/wiki\/30_de_noviembre#cite_note-4\">4<\/a><\/sup><\/li>\n<li><a title=\"1943\" href=\"https:\/\/es.wikipedia.org\/wiki\/1943\">1943<\/a>: <a class=\"mw-redirect\" title=\"Etti Hillesum\" href=\"https:\/\/es.wikipedia.org\/wiki\/Etti_Hillesum\">Etty Hillesum<\/a>, enfermera y escritora jud\u00eda neerlandesa asesinada en Auschwitz (n. 1914).<\/li>\n<li><a title=\"1947\" href=\"https:\/\/es.wikipedia.org\/wiki\/1947\">1947<\/a>: <a title=\"Ernst Lubitsch\" href=\"https:\/\/es.wikipedia.org\/wiki\/Ernst_Lubitsch\">Ernst Lubitsch<\/a>, cineasta germano estadounidense (n. 1892).<\/li>\n<li><a title=\"1952\" href=\"https:\/\/es.wikipedia.org\/wiki\/1952\">1952<\/a>: <a title=\"Joan Rubi\u00f3\" href=\"https:\/\/es.wikipedia.org\/wiki\/Joan_Rubi%C3%B3\">Joan Rubi\u00f3<\/a>, arquitecto espa\u00f1ol (n. 1870).<\/li>\n<li><a title=\"1953\" href=\"https:\/\/es.wikipedia.org\/wiki\/1953\">1953<\/a>: <a title=\"Francis Picabia\" href=\"https:\/\/es.wikipedia.org\/wiki\/Francis_Picabia\">Francis Picabia<\/a>, pintor y poeta franc\u00e9s (n. 1879).<\/li>\n<li><a title=\"1954\" href=\"https:\/\/es.wikipedia.org\/wiki\/1954\">1954<\/a>: <a title=\"Wilhelm Furtw\u00e4ngler\" href=\"https:\/\/es.wikipedia.org\/wiki\/Wilhelm_Furtw%C3%A4ngler\">Wilhelm Furtw\u00e4ngler<\/a>, director de orquesta y m\u00fasico alem\u00e1n (n. 1886).<\/li>\n<li><a title=\"1957\" href=\"https:\/\/es.wikipedia.org\/wiki\/1957\">1957<\/a>: <a title=\"Beniamino Gigli\" href=\"https:\/\/es.wikipedia.org\/wiki\/Beniamino_Gigli\">Beniamino Gigli<\/a>, tenor italiano (n. 1890).<\/li>\n<li><a title=\"1966\" href=\"https:\/\/es.wikipedia.org\/wiki\/1966\">1966<\/a>: <a title=\"Jos\u00e9 Aguilar y Maya\" href=\"https:\/\/es.wikipedia.org\/wiki\/Jos%C3%A9_Aguilar_y_Maya\">Jos\u00e9 Aguilar y Maya<\/a>, pol\u00edtico mexicano (n. 1897).<\/li>\n<li><a title=\"1970\" href=\"https:\/\/es.wikipedia.org\/wiki\/1970\">1970<\/a>: <a title=\"Nina Ricci\" href=\"https:\/\/es.wikipedia.org\/wiki\/Nina_Ricci\">Nina Ricci<\/a>, modista francesa de origen italiano (n. 1883).<\/li>\n<li><a title=\"1972\" href=\"https:\/\/es.wikipedia.org\/wiki\/1972\">1972<\/a>: <a title=\"Hans Erich Apostel\" href=\"https:\/\/es.wikipedia.org\/wiki\/Hans_Erich_Apostel\">Hans Erich Apostel<\/a>, compositor cl\u00e1sico austr\u00edaco (n. 1901).<\/li>\n<li>1972: <a title=\"Compton Mackenzie\" href=\"https:\/\/es.wikipedia.org\/wiki\/Compton_Mackenzie\">Compton Mackenzie<\/a>, escritor brit\u00e1nico (n. 1883).<\/li>\n<li><a title=\"1976\" href=\"https:\/\/es.wikipedia.org\/wiki\/1976\">1976<\/a>: <a title=\"Fritz Rasp\" href=\"https:\/\/es.wikipedia.org\/wiki\/Fritz_Rasp\">Fritz Rasp<\/a>, actor alem\u00e1n (n. 1891).<\/li>\n<li><a title=\"1977\" href=\"https:\/\/es.wikipedia.org\/wiki\/1977\">1977<\/a>: <a title=\"Terence Rattigan\" href=\"https:\/\/es.wikipedia.org\/wiki\/Terence_Rattigan\">Terence Rattigan<\/a>, dramaturgo brit\u00e1nico (n. 1911).<\/li>\n<li><a title=\"1979\" href=\"https:\/\/es.wikipedia.org\/wiki\/1979\">1979<\/a>: <a title=\"Zeppo Marx\" href=\"https:\/\/es.wikipedia.org\/wiki\/Zeppo_Marx\">Zeppo Marx<\/a>, actor estadounidense (n. 1901).<\/li>\n<li>1979: <a title=\"Pedro Lazaga\" href=\"https:\/\/es.wikipedia.org\/wiki\/Pedro_Lazaga\">Pedro Lazaga<\/a>, director y guionista espa\u00f1ol (n. 1918).<\/li>\n<li><a title=\"1983\" href=\"https:\/\/es.wikipedia.org\/wiki\/1983\">1983<\/a>: <a title=\"Sabino \u00c1lvarez Gend\u00edn\" href=\"https:\/\/es.wikipedia.org\/wiki\/Sabino_%C3%81lvarez_Gend%C3%ADn\">Sabino \u00c1lvarez Gend\u00edn<\/a>, catedr\u00e1tico universitario espa\u00f1ol (n. 1895).<\/li>\n<li><a title=\"1984\" href=\"https:\/\/es.wikipedia.org\/wiki\/1984\">1984<\/a>: <a title=\"Joan Vinyoli\" href=\"https:\/\/es.wikipedia.org\/wiki\/Joan_Vinyoli\">Joan Vinyoli<\/a>, poeta espa\u00f1ol (n. 1914).<\/li>\n<li><a title=\"1987\" href=\"https:\/\/es.wikipedia.org\/wiki\/1987\">1987<\/a>: <a title=\"James Baldwin\" href=\"https:\/\/es.wikipedia.org\/wiki\/James_Baldwin\">James Baldwin<\/a>, escritor estadounidense (n. 1924).<\/li>\n<li><a title=\"1994\" href=\"https:\/\/es.wikipedia.org\/wiki\/1994\">1994<\/a>: <a title=\"Guy Debord\" href=\"https:\/\/es.wikipedia.org\/wiki\/Guy_Debord\">Guy Debord<\/a>, pensador franc\u00e9s (n. 1931).<\/li>\n<li>1994: <a title=\"Lionel Stander\" href=\"https:\/\/es.wikipedia.org\/wiki\/Lionel_Stander\">Lionel Stander<\/a>, actor estadounidense (n. 1908).<\/li>\n<li>1994: <a title=\"Germ\u00e1n Arciniegas\" href=\"https:\/\/es.wikipedia.org\/wiki\/Germ%C3%A1n_Arciniegas\">Germ\u00e1n Arciniegas<\/a>, escritor colombiano (n. 1900).<\/li>\n<li><a title=\"1996\" href=\"https:\/\/es.wikipedia.org\/wiki\/1996\">1996<\/a>: <a title=\"Delio Amado Le\u00f3n\" href=\"https:\/\/es.wikipedia.org\/wiki\/Delio_Amado_Le%C3%B3n\">Delio Amado Le\u00f3n<\/a>, periodista y narrador deportivo venezolano (n. 1932).<\/li>\n<li>1996: <a title=\"John Williamson\" href=\"https:\/\/es.wikipedia.org\/wiki\/John_Williamson\">John Williamson<\/a>, baloncestista estadounidense (n. 1951).<\/li>\n<li><a title=\"1997\" href=\"https:\/\/es.wikipedia.org\/wiki\/1997\">1997<\/a>: <a title=\"Carme Serrallonga\" href=\"https:\/\/es.wikipedia.org\/wiki\/Carme_Serrallonga\">Carme Serrallonga<\/a>, pedagoga y traductora espa\u00f1ola (n. 1909).<\/li>\n<li><a title=\"1999\" href=\"https:\/\/es.wikipedia.org\/wiki\/1999\">1999<\/a>: <a title=\"Carlos Hugo Christensen\" href=\"https:\/\/es.wikipedia.org\/wiki\/Carlos_Hugo_Christensen\">Carlos Hugo Christensen<\/a>, cineasta argentino (n. 1914).<\/li>\n<li><a title=\"2001\" href=\"https:\/\/es.wikipedia.org\/wiki\/2001\">2001<\/a>: <a title=\"Robert Tools\" href=\"https:\/\/es.wikipedia.org\/wiki\/Robert_Tools\">Robert Tools<\/a>, la primera persona que recibi\u00f3 un coraz\u00f3n artificial (n. 1942).<\/li>\n<li><a title=\"2002\" href=\"https:\/\/es.wikipedia.org\/wiki\/2002\">2002<\/a>: <a title=\"Manuel Ballesteros Gaibrois\" href=\"https:\/\/es.wikipedia.org\/wiki\/Manuel_Ballesteros_Gaibrois\">Manuel Ballesteros Gaibrois<\/a>, historiador y antrop\u00f3logo espa\u00f1ol.<\/li>\n<li><a title=\"2005\" href=\"https:\/\/es.wikipedia.org\/wiki\/2005\">2005<\/a>: <a title=\"Mario Lozano\" href=\"https:\/\/es.wikipedia.org\/wiki\/Mario_Lozano\">Mario Lozano<\/a>, actor argentino (n. 1913).<\/li>\n<li><a title=\"2007\" href=\"https:\/\/es.wikipedia.org\/wiki\/2007\">2007<\/a>: <a title=\"Evel Knievel\" href=\"https:\/\/es.wikipedia.org\/wiki\/Evel_Knievel\">Evel Knievel<\/a>, motociclista estadounidense de acrobacias (n. 1938).<\/li>\n<li><a title=\"2008\" href=\"https:\/\/es.wikipedia.org\/wiki\/2008\">2008<\/a>: <a title=\"Joan Baptista Humet\" href=\"https:\/\/es.wikipedia.org\/wiki\/Joan_Baptista_Humet\">Joan Baptista Humet<\/a>, cantautor espa\u00f1ol (n. 1950).<\/li>\n<li><a title=\"2009\" href=\"https:\/\/es.wikipedia.org\/wiki\/2009\">2009<\/a>: <a title=\"H\u00e9ctor Gros Espiell\" href=\"https:\/\/es.wikipedia.org\/wiki\/H%C3%A9ctor_Gros_Espiell\">H\u00e9ctor Gros Espiell<\/a>, pol\u00edtico uruguayo (n. 1926).<\/li>\n<li><a title=\"2010\" href=\"https:\/\/es.wikipedia.org\/wiki\/2010\">2010<\/a>: <a title=\"Sri Daya Mata\" href=\"https:\/\/es.wikipedia.org\/wiki\/Sri_Daya_Mata\">Sri Daya Mata<\/a> (96), lideresa espiritual estadounidense (n. 1914).<\/li>\n<li>2010: <a title=\"Garry Gross\" href=\"https:\/\/es.wikipedia.org\/wiki\/Garry_Gross\">Garry Gross<\/a>, fot\u00f3grafo estadounidense (n. 1937).<\/li>\n<li><a title=\"2011\" href=\"https:\/\/es.wikipedia.org\/wiki\/2011\">2011<\/a>: <a title=\"H\u00e9ctor Caldiero\" href=\"https:\/\/es.wikipedia.org\/wiki\/H%C3%A9ctor_Caldiero\">H\u00e9ctor \u00abPancho\u00bb Caldiero<\/a>, periodista deportivo argentino (n. 1953).<\/li>\n<li>2011: <a title=\"Leka de Albania\" href=\"https:\/\/es.wikipedia.org\/wiki\/Leka_de_Albania\">Leka Zogu Skander<\/a>, pol\u00edtico monarquista alban\u00e9s (n. 1939).<\/li>\n<li>2011: <a title=\"Diego Puerta\" href=\"https:\/\/es.wikipedia.org\/wiki\/Diego_Puerta\">Diego Puerta<\/a>, torero y ganadero espa\u00f1ol (n. 1941).<\/li>\n<li>2013: <a title=\"Paul Walker\" href=\"https:\/\/es.wikipedia.org\/wiki\/Paul_Walker\">Paul Walker<\/a>, actor estadounidense (n. 1973).<\/li>\n<\/ul>\n<h2 style=\"text-align: justify;\"><span id=\"Celebraciones\" class=\"mw-headline\">Celebraciones<\/span><\/h2>\n<ul style=\"text-align: justify;\">\n<li>D\u00eda Internacional de la <a class=\"mw-redirect\" title=\"Seguridad Inform\u00e1tica\" href=\"https:\/\/es.wikipedia.org\/wiki\/Seguridad_Inform%C3%A1tica\">Seguridad Inform\u00e1tica<\/a>.<\/li>\n<li>D\u00eda Internacional de Lucha contra las Patolog\u00edas Alimentarias.<\/li>\n<li>Argentina: D\u00eda del Hincha del <a title=\"Club Atl\u00e9tico San Lorenzo de Almagro\" href=\"https:\/\/es.wikipedia.org\/wiki\/Club_Atl%C3%A9tico_San_Lorenzo_de_Almagro\">Club Atl\u00e9tico San Lorenzo de Almagro<\/a>.<\/li>\n<li>Argentina: <a title=\"D\u00eda Nacional del Mate\" href=\"https:\/\/es.wikipedia.org\/wiki\/D%C3%ADa_Nacional_del_Mate\">D\u00eda Nacional del Mate<\/a><\/li>\n<li>Argentina: D\u00eda Nacional del Teatro Argentino (creaci\u00f3n del <a class=\"mw-redirect\" title=\"Teatro de la Rancher\u00eda\" href=\"https:\/\/es.wikipedia.org\/wiki\/Teatro_de_la_Rancher%C3%ADa\">Teatro de la Rancher\u00eda<\/a>).<\/li>\n<li>Argentina: D\u00eda Nacional del Teatro Independiente (creaci\u00f3n del <a title=\"Teatro del Pueblo\" href=\"https:\/\/es.wikipedia.org\/wiki\/Teatro_del_Pueblo\">Teatro del Pueblo<\/a>).<\/li>\n<li>Espa\u00f1a: <a class=\"mw-redirect\" title=\"Perales del Puerto (C\u00e1ceres)\" href=\"https:\/\/es.wikipedia.org\/wiki\/Perales_del_Puerto_(C%C3%A1ceres)\">Perales del Puerto<\/a>: fiestas patronales en honor a <a title=\"Andr\u00e9s el Ap\u00f3stol\" href=\"https:\/\/es.wikipedia.org\/wiki\/Andr%C3%A9s_el_Ap%C3%B3stol\">San Andr\u00e9s<\/a><\/li>\n<li>Espa\u00f1a: Patr\u00f3n de <a title=\"\u00c9ibar\" href=\"https:\/\/es.wikipedia.org\/wiki\/%C3%89ibar\">\u00c9ibar<\/a> y <a title=\"Estella\" href=\"https:\/\/es.wikipedia.org\/wiki\/Estella\">Estella<\/a>: Feria popular agr\u00edcola.<\/li>\n<li>Filipinas: <a title=\"Andr\u00e9s Bonifacio\" href=\"https:\/\/es.wikipedia.org\/wiki\/Andr%C3%A9s_Bonifacio\">D\u00eda de Bonifacio<\/a> (insurrecci\u00f3n de 1896).<\/li>\n<li>Reino Unido: D\u00eda de <a title=\"Andr\u00e9s el Ap\u00f3stol\" href=\"https:\/\/es.wikipedia.org\/wiki\/Andr%C3%A9s_el_Ap%C3%B3stol\">San Andr\u00e9s<\/a>, patr\u00f3n de <a title=\"Escocia\" href=\"https:\/\/es.wikipedia.org\/wiki\/Escocia\">Escocia<\/a>.<\/li>\n<li>Polonia y Rusia: d\u00eda de san Andrzej o Andrzejki es una antigua tradici\u00f3n en la cual las mujeres se re\u00fanen y tratan de averiguar lo que les deparar\u00e1 el futuro.<\/li>\n<\/ul>\n<h3 style=\"text-align: justify;\"><span id=\"Santoral_cat.C3.B3lico\" class=\"mw-headline\"><a title=\"Santoral cat\u00f3lico\" href=\"https:\/\/es.wikipedia.org\/wiki\/Santoral_cat%C3%B3lico\">Santoral cat\u00f3lico<\/a><\/span><\/h3>\n<ul>\n<li style=\"text-align: justify;\"><a title=\"Andr\u00e9s el Ap\u00f3stol\" href=\"https:\/\/es.wikipedia.org\/wiki\/Andr%C3%A9s_el_Ap%C3%B3stol\">San Andr\u00e9s<\/a>, ap\u00f3stol y m\u00e1rtir, patr\u00f3n de Escocia, Rusia y Cayo de Palma.<sup id=\"cite_ref-5\" class=\"reference\"><a href=\"https:\/\/es.wikipedia.org\/wiki\/30_de_noviembre#cite_note-5\">5<\/a><\/sup><\/li>\n<\/ul>\n","protected":false},"excerpt":{"rendered":"<p>Es el 334.\u00ba (tricent\u00e9simo trig\u00e9simo cuarto) d\u00eda del a\u00f1o en el calendario gregoriano y el 335.\u00ba en los a\u00f1os bisiestos. Quedan 31\u00a0d\u00edas para finalizar el a\u00f1o.<\/p>\n","protected":false},"author":6,"featured_media":8796,"comment_status":"open","ping_status":"open","sticky":false,"template":"","format":"standard","meta":{"_acf_changed":false,"_monsterinsights_skip_tracking":false,"slim_seo":{"title":"Efem\u00e9rides 30 de Noviembre - Opini\u00f3n P\u00fablica","description":"Es el 334.\u00ba (tricent\u00e9simo trig\u00e9simo cuarto) d\u00eda del a\u00f1o en el calendario gregoriano y el 335.\u00ba en los a\u00f1os bisiestos. Quedan 31\u00a0d\u00edas para finalizar el a\u00f1o. Acon"},"footnotes":""},"categories":[27],"tags":[],"class_list":["post-8797","post","type-post","status-publish","format-standard","has-post-thumbnail","hentry","category-un-dia-como-hoy"],"acf":[],"_links":{"self":[{"href":"https:\/\/www.opinionpublica.tv\/portada\/wp-json\/wp\/v2\/posts\/8797","targetHints":{"allow":["GET"]}}],"collection":[{"href":"https:\/\/www.opinionpublica.tv\/portada\/wp-json\/wp\/v2\/posts"}],"about":[{"href":"https:\/\/www.opinionpublica.tv\/portada\/wp-json\/wp\/v2\/types\/post"}],"author":[{"embeddable":true,"href":"https:\/\/www.opinionpublica.tv\/portada\/wp-json\/wp\/v2\/users\/6"}],"replies":[{"embeddable":true,"href":"https:\/\/www.opinionpublica.tv\/portada\/wp-json\/wp\/v2\/comments?post=8797"}],"version-history":[{"count":0,"href":"https:\/\/www.opinionpublica.tv\/portada\/wp-json\/wp\/v2\/posts\/8797\/revisions"}],"wp:featuredmedia":[{"embeddable":true,"href":"https:\/\/www.opinionpublica.tv\/portada\/wp-json\/wp\/v2\/media\/8796"}],"wp:attachment":[{"href":"https:\/\/www.opinionpublica.tv\/portada\/wp-json\/wp\/v2\/media?parent=8797"}],"wp:term":[{"taxonomy":"category","embeddable":true,"href":"https:\/\/www.opinionpublica.tv\/portada\/wp-json\/wp\/v2\/categories?post=8797"},{"taxonomy":"post_tag","embeddable":true,"href":"https:\/\/www.opinionpublica.tv\/portada\/wp-json\/wp\/v2\/tags?post=8797"}],"curies":[{"name":"wp","href":"https:\/\/api.w.org\/{rel}","templated":true}]}}