{"id":8795,"date":"2016-11-26T07:00:00","date_gmt":"2016-11-26T06:00:00","guid":{"rendered":"https:\/\/www.opinionpublica.tv\/portada\/2016\/11\/26\/efemerides-29-de-noviembre\/"},"modified":"2016-11-26T07:00:00","modified_gmt":"2016-11-26T06:00:00","slug":"efemerides-29-de-noviembre","status":"publish","type":"post","link":"https:\/\/www.opinionpublica.tv\/portada\/efemerides-29-de-noviembre\/","title":{"rendered":"Efem\u00e9rides 29 de Noviembre"},"content":{"rendered":"<img decoding=\"async\" class=\" size-full wp-image-8794\" src=\"https:\/\/www.opinionpublica.tv\/portada\/wp-content\/uploads\/2016\/11\/1c37ac47e3b55f294eb0f00c48a590df.jpg\" alt=\"\" class=\"caption\" title=\"San Saturnino de Tolosa (m. ca. 257, Tolosa, Galia)\" width=\"200\" height=\"199\" srcset=\"https:\/\/www.opinionpublica.tv\/portada\/wp-content\/uploads\/2016\/11\/1c37ac47e3b55f294eb0f00c48a590df.jpg 200w, https:\/\/www.opinionpublica.tv\/portada\/wp-content\/uploads\/2016\/11\/1c37ac47e3b55f294eb0f00c48a590df-150x150.jpg 150w\" sizes=\"(max-width: 200px) 100vw, 200px\" \/>\n<p style=\"text-align: justify;\">Es el 333.\u00ba (tricent\u00e9simo trig\u00e9simo tercer) d\u00eda del a\u00f1o en el calendario gregoriano y el 334.\u00ba en los a\u00f1os bisiestos. Quedan 32\u00a0d\u00edas para finalizar el a\u00f1o.<\/p>\n<p><!--more--><\/p>\n<h2 style=\"text-align: justify;\"><span id=\"Acontecimientos\" class=\"mw-headline\">Acontecimientos<\/span><\/h2>\n<ul style=\"text-align: justify;\">\n<li><a title=\"528\" href=\"https:\/\/es.wikipedia.org\/wiki\/528\">528<\/a>: en <a class=\"mw-redirect\" title=\"Samandag\" href=\"https:\/\/es.wikipedia.org\/wiki\/Samandag\">Samandag<\/a>, en la costa del <a title=\"Mar Mediterr\u00e1neo\" href=\"https:\/\/es.wikipedia.org\/wiki\/Mar_Mediterr%C3%A1neo\">mar Mediterr\u00e1neo<\/a>, a 30\u00a0km de <a class=\"mw-redirect\" title=\"Antioqu\u00eda (Turqu\u00eda)\" href=\"https:\/\/es.wikipedia.org\/wiki\/Antioqu%C3%ADa_(Turqu%C3%ADa)\">Antioqu\u00eda (Turqu\u00eda)<\/a> se registra un <a title=\"Terremoto\" href=\"https:\/\/es.wikipedia.org\/wiki\/Terremoto\">terremoto<\/a> de 6,9\u00a0grados en la <a title=\"Escala sismol\u00f3gica de Richter\" href=\"https:\/\/es.wikipedia.org\/wiki\/Escala_sismol%C3%B3gica_de_Richter\">escala sismol\u00f3gica de Richter<\/a> y una intensidad de 10 a 11, que se siente en <a title=\"Siria\" href=\"https:\/\/es.wikipedia.org\/wiki\/Siria\">Siria<\/a> y deja 5000\u00a0muertos.<\/li>\n<li><a title=\"529\" href=\"https:\/\/es.wikipedia.org\/wiki\/529\">529<\/a>: en <a title=\"Beirut\" href=\"https:\/\/es.wikipedia.org\/wiki\/Beirut\">Beirut<\/a> (<a title=\"L\u00edbano\" href=\"https:\/\/es.wikipedia.org\/wiki\/L%C3%ADbano\">L\u00edbano<\/a>) se registra un <a title=\"Terremoto\" href=\"https:\/\/es.wikipedia.org\/wiki\/Terremoto\">terremoto<\/a> con una intensidad I\u00a0=\u00a09 a 10).<\/li>\n<li><a title=\"648\" href=\"https:\/\/es.wikipedia.org\/wiki\/648\">648<\/a>: en las laderas del monte <a title=\"Tsurugi\" href=\"https:\/\/es.wikipedia.org\/wiki\/Tsurugi\">Tsurugi<\/a> (<a class=\"mw-redirect\" title=\"Tokushima\" href=\"https:\/\/es.wikipedia.org\/wiki\/Tokushima\">Tokushima<\/a>) y <a class=\"mw-redirect\" title=\"Shikoku\" href=\"https:\/\/es.wikipedia.org\/wiki\/Shikoku\">Shikoku<\/a> (<a title=\"Provincia de Kii\" href=\"https:\/\/es.wikipedia.org\/wiki\/Provincia_de_Kii\">provincia de Kii<\/a>, <a title=\"Jap\u00f3n\" href=\"https:\/\/es.wikipedia.org\/wiki\/Jap%C3%B3n\">Jap\u00f3n<\/a>) se registra un <a title=\"Terremoto\" href=\"https:\/\/es.wikipedia.org\/wiki\/Terremoto\">terremoto<\/a> de 8,4\u00a0grados en la <a title=\"Escala sismol\u00f3gica de Richter\" href=\"https:\/\/es.wikipedia.org\/wiki\/Escala_sismol%C3%B3gica_de_Richter\">escala sismol\u00f3gica de Richter<\/a>.<\/li>\n<li><a title=\"1223\" href=\"https:\/\/es.wikipedia.org\/wiki\/1223\">1223<\/a>: en <a title=\"Roma\" href=\"https:\/\/es.wikipedia.org\/wiki\/Roma\">Roma<\/a>, el papa <a title=\"Honorio III\" href=\"https:\/\/es.wikipedia.org\/wiki\/Honorio_III\">Honorio III<\/a> aprueba la Regla definitiva de <a class=\"mw-redirect\" title=\"San Francisco de As\u00eds\" href=\"https:\/\/es.wikipedia.org\/wiki\/San_Francisco_de_As%C3%ADs\">San Francisco de As\u00eds<\/a> con la bula <i>Solet annuere<\/i>, la cual rige actualmente a la <a title=\"Orden de Frailes Menores\" href=\"https:\/\/es.wikipedia.org\/wiki\/Orden_de_Frailes_Menores\">Orden de Frailes Menores<\/a>.<\/li>\n<li><a title=\"1268\" href=\"https:\/\/es.wikipedia.org\/wiki\/1268\">1268<\/a>: empieza el <a class=\"mw-redirect\" title=\"C\u00f3nclave de 1268-71\" href=\"https:\/\/es.wikipedia.org\/wiki\/C%C3%B3nclave_de_1268-71\">C\u00f3nclave de 1268-71<\/a>, el m\u00e1s largo de la historia (con una duraci\u00f3n de 34 meses) que finaliz\u00f3 con la elecci\u00f3n como papa a <a title=\"Gregorio X\" href=\"https:\/\/es.wikipedia.org\/wiki\/Gregorio_X\">Gregorio X<\/a>.<\/li>\n<li><a title=\"1291\" href=\"https:\/\/es.wikipedia.org\/wiki\/1291\">1291<\/a>: en <a title=\"Monteagudo de las Vicar\u00edas\" href=\"https:\/\/es.wikipedia.org\/wiki\/Monteagudo_de_las_Vicar%C3%ADas\">Monteagudo de las Vicar\u00edas<\/a> (Espa\u00f1a) <a title=\"Jaime II de Arag\u00f3n\" href=\"https:\/\/es.wikipedia.org\/wiki\/Jaime_II_de_Arag%C3%B3n\">Jaime II<\/a> y <a title=\"Sancho IV de Castilla\" href=\"https:\/\/es.wikipedia.org\/wiki\/Sancho_IV_de_Castilla\">Sancho\u00a0IV<\/a> firman el <i><a title=\"Tratado de Monteagudo\" href=\"https:\/\/es.wikipedia.org\/wiki\/Tratado_de_Monteagudo\">Tratado de Monteagudo<\/a><\/i>.<\/li>\n<li><a title=\"1406\" href=\"https:\/\/es.wikipedia.org\/wiki\/1406\">1406<\/a>: a 40\u00a0km al este de la <a class=\"mw-redirect\" title=\"Reserva estatal Qaragol\" href=\"https:\/\/es.wikipedia.org\/wiki\/Reserva_estatal_Qaragol\">reserva estatal Qaragol<\/a> (<a title=\"Azerbaiy\u00e1n\" href=\"https:\/\/es.wikipedia.org\/wiki\/Azerbaiy%C3%A1n\">Azerbaiy\u00e1n<\/a>) se registra un <a title=\"Terremoto\" href=\"https:\/\/es.wikipedia.org\/wiki\/Terremoto\">terremoto<\/a> de 7\u00a0grados en la <a title=\"Escala sismol\u00f3gica de Richter\" href=\"https:\/\/es.wikipedia.org\/wiki\/Escala_sismol%C3%B3gica_de_Richter\">escala sismol\u00f3gica de Richter<\/a> y una intensidad de\u00a09, con epicentro a 30\u00a0km de profundidad.<\/li>\n<li><a title=\"1456\" href=\"https:\/\/es.wikipedia.org\/wiki\/1456\">1456<\/a> (A\u00f1o Nuevo musulm\u00e1n del a\u00f1o 861 de la <a title=\"H\u00e9gira\" href=\"https:\/\/es.wikipedia.org\/wiki\/H%C3%A9gira\">h\u00e9gira<\/a>): en <a title=\"Erzincan\" href=\"https:\/\/es.wikipedia.org\/wiki\/Erzincan\">Erzincan<\/a> (<a title=\"Turqu\u00eda\" href=\"https:\/\/es.wikipedia.org\/wiki\/Turqu%C3%ADa\">Turqu\u00eda<\/a>) se registra un <a title=\"Terremoto\" href=\"https:\/\/es.wikipedia.org\/wiki\/Terremoto\">terremoto<\/a>, sin m\u00e1s datos.<\/li>\n<li><a title=\"1534\" href=\"https:\/\/es.wikipedia.org\/wiki\/1534\">1534<\/a>: en <a title=\"Per\u00fa\" href=\"https:\/\/es.wikipedia.org\/wiki\/Per%C3%BA\">Per\u00fa<\/a>, la aldea de <a title=\"Jauja\" href=\"https:\/\/es.wikipedia.org\/wiki\/Jauja\">Jauja<\/a> \u2015fundada el <a title=\"25 de abril\" href=\"https:\/\/es.wikipedia.org\/wiki\/25_de_abril\">25 de abril<\/a> de este mismo a\u00f1o por <a title=\"Francisco Pizarro\" href=\"https:\/\/es.wikipedia.org\/wiki\/Francisco_Pizarro\">Francisco Pizarro<\/a>\u2015, es trasladada a su actual emplazamiento.<\/li>\n<li><a title=\"1560\" href=\"https:\/\/es.wikipedia.org\/wiki\/1560\">1560<\/a>: en <a title=\"Roma\" href=\"https:\/\/es.wikipedia.org\/wiki\/Roma\">Roma<\/a>, el <a title=\"Papa\" href=\"https:\/\/es.wikipedia.org\/wiki\/Papa\">papa<\/a> <a title=\"P\u00edo IV\" href=\"https:\/\/es.wikipedia.org\/wiki\/P%C3%ADo_IV\">P\u00edo IV<\/a> proclama la <a title=\"Bula\" href=\"https:\/\/es.wikipedia.org\/wiki\/Bula\">bula<\/a> de convocatoria del <a title=\"Concilio de Trento\" href=\"https:\/\/es.wikipedia.org\/wiki\/Concilio_de_Trento\">Concilio de Trento<\/a>.<\/li>\n<li><a title=\"1610\" href=\"https:\/\/es.wikipedia.org\/wiki\/1610\">1610<\/a>: en la frontera <a title=\"Francia\" href=\"https:\/\/es.wikipedia.org\/wiki\/Francia\">franco<\/a>&#8211;<a title=\"Suiza\" href=\"https:\/\/es.wikipedia.org\/wiki\/Suiza\">suiza<\/a>, a 10\u00a0km al suroeste de <a class=\"mw-redirect\" title=\"Basilea (Suiza)\" href=\"https:\/\/es.wikipedia.org\/wiki\/Basilea_(Suiza)\">Basilea (Suiza)<\/a> se registra un <a title=\"Terremoto\" href=\"https:\/\/es.wikipedia.org\/wiki\/Terremoto\">terremoto<\/a>, sin m\u00e1s datos.<\/li>\n<li><a title=\"1732\" href=\"https:\/\/es.wikipedia.org\/wiki\/1732\">1732<\/a>: en <a class=\"mw-redirect\" title=\"Irpinia\" href=\"https:\/\/es.wikipedia.org\/wiki\/Irpinia\">Irpinia<\/a> <a title=\"Italia\" href=\"https:\/\/es.wikipedia.org\/wiki\/Italia\">Italia<\/a>), a las 7:40 se registra un <a title=\"Terremoto\" href=\"https:\/\/es.wikipedia.org\/wiki\/Terremoto\">terremoto<\/a> de 6,6\u00a0grados en la <a title=\"Escala sismol\u00f3gica de Richter\" href=\"https:\/\/es.wikipedia.org\/wiki\/Escala_sismol%C3%B3gica_de_Richter\">escala sismol\u00f3gica de Richter<\/a> e intensidad de 10 a 11, dejando un saldo de 1942\u00a0muertos.<\/li>\n<li><a title=\"1800\" href=\"https:\/\/es.wikipedia.org\/wiki\/1800\">1800<\/a>: se aprueba e impone por ley la nueva unidad fundamental de medida llamada <a title=\"Metro\" href=\"https:\/\/es.wikipedia.org\/wiki\/Metro\">metro<\/a>.<\/li>\n<li><a title=\"1807\" href=\"https:\/\/es.wikipedia.org\/wiki\/1807\">1807<\/a>: el regente <a title=\"Portugal\" href=\"https:\/\/es.wikipedia.org\/wiki\/Portugal\">portugu\u00e9s<\/a> <a title=\"Juan VI de Portugal\" href=\"https:\/\/es.wikipedia.org\/wiki\/Juan_VI_de_Portugal\">Juan VI<\/a> se embarca en <a title=\"Lisboa\" href=\"https:\/\/es.wikipedia.org\/wiki\/Lisboa\">Lisboa<\/a>, con destino a <a title=\"Brasil\" href=\"https:\/\/es.wikipedia.org\/wiki\/Brasil\">Brasil<\/a>, ante la amenaza <a title=\"Napole\u00f3n Bonaparte\" href=\"https:\/\/es.wikipedia.org\/wiki\/Napole%C3%B3n_Bonaparte\">napole\u00f3nica<\/a>.<\/li>\n<li><a title=\"1835\" href=\"https:\/\/es.wikipedia.org\/wiki\/1835\">1835<\/a>: en <a title=\"Barcelona\" href=\"https:\/\/es.wikipedia.org\/wiki\/Barcelona\">Barcelona<\/a> (Espa\u00f1a), el general <a title=\"Francisco Espoz y Mina\" href=\"https:\/\/es.wikipedia.org\/wiki\/Francisco_Espoz_y_Mina\">Francisco Espoz y Mina<\/a> declara el <a title=\"Estado de sitio\" href=\"https:\/\/es.wikipedia.org\/wiki\/Estado_de_sitio\">estado de sitio<\/a>.<\/li>\n<li><a title=\"1844\" href=\"https:\/\/es.wikipedia.org\/wiki\/1844\">1844<\/a>: en <a title=\"Chile\" href=\"https:\/\/es.wikipedia.org\/wiki\/Chile\">Chile<\/a>, <a class=\"new\" title=\"Joaqu\u00edn de Ceballo (a\u00fan no redactado)\" href=\"https:\/\/es.wikipedia.org\/w\/index.php?title=Joaqu%C3%ADn_de_Ceballo&amp;action=edit&amp;redlink=1\">Joaqu\u00edn de Ceballo<\/a> funda la villa de <a title=\"Salamanca (Chile)\" href=\"https:\/\/es.wikipedia.org\/wiki\/Salamanca_(Chile)\">Salamanca<\/a>.<\/li>\n<li><a title=\"1869\" href=\"https:\/\/es.wikipedia.org\/wiki\/1869\">1869<\/a>: <a title=\"Buenaventura B\u00e1ez\" href=\"https:\/\/es.wikipedia.org\/wiki\/Buenaventura_B%C3%A1ez\">Buenaventura B\u00e1ez<\/a> firma un tratado de anexi\u00f3n de la <a title=\"Rep\u00fablica Dominicana\" href=\"https:\/\/es.wikipedia.org\/wiki\/Rep%C3%BAblica_Dominicana\">Rep\u00fablica Dominicana<\/a> a <a title=\"Estados Unidos\" href=\"https:\/\/es.wikipedia.org\/wiki\/Estados_Unidos\">Estados Unidos<\/a>.<\/li>\n<li><a title=\"1877\" href=\"https:\/\/es.wikipedia.org\/wiki\/1877\">1877<\/a>: en <a title=\"Estados Unidos\" href=\"https:\/\/es.wikipedia.org\/wiki\/Estados_Unidos\">Estados Unidos<\/a>, <a title=\"Thomas Alva Edison\" href=\"https:\/\/es.wikipedia.org\/wiki\/Thomas_Alva_Edison\">Thomas Alva Edison<\/a> presenta por primera vez el <a title=\"Fon\u00f3grafo\" href=\"https:\/\/es.wikipedia.org\/wiki\/Fon%C3%B3grafo\">fon\u00f3grafo<\/a>, un dispositivo para grabar y reproducir <a title=\"Sonido\" href=\"https:\/\/es.wikipedia.org\/wiki\/Sonido\">sonido<\/a>.<\/li>\n<li><a title=\"1878\" href=\"https:\/\/es.wikipedia.org\/wiki\/1878\">1878<\/a>: en Espa\u00f1a se aprueba la Ley Constitutiva del Ej\u00e9rcito.<\/li>\n<li><a title=\"1879\" href=\"https:\/\/es.wikipedia.org\/wiki\/1879\">1879<\/a>: en Espa\u00f1a, <a class=\"mw-redirect\" title=\"Mar\u00eda Cristina de Austria\" href=\"https:\/\/es.wikipedia.org\/wiki\/Mar%C3%ADa_Cristina_de_Austria\">Mar\u00eda Cristina de Austria<\/a> se casa con el rey <a title=\"Alfonso XII de Espa\u00f1a\" href=\"https:\/\/es.wikipedia.org\/wiki\/Alfonso_XII_de_Espa%C3%B1a\">Alfonso\u00a0XII<\/a>.<\/li>\n<li><a title=\"1899\" href=\"https:\/\/es.wikipedia.org\/wiki\/1899\">1899<\/a>: en <a title=\"Barcelona\" href=\"https:\/\/es.wikipedia.org\/wiki\/Barcelona\">Barcelona<\/a>, <a title=\"Espa\u00f1a\" href=\"https:\/\/es.wikipedia.org\/wiki\/Espa%C3%B1a\">Espa\u00f1a<\/a>, se funda el <a title=\"F\u00fatbol Club Barcelona\" href=\"https:\/\/es.wikipedia.org\/wiki\/F%C3%BAtbol_Club_Barcelona\">F\u00fatbol Club Barcelona<\/a>.<\/li>\n<li><a title=\"1906\" href=\"https:\/\/es.wikipedia.org\/wiki\/1906\">1906<\/a>: en <a title=\"Italia\" href=\"https:\/\/es.wikipedia.org\/wiki\/Italia\">Italia<\/a> se funda la f\u00e1brica de autom\u00f3viles <a title=\"Lancia\" href=\"https:\/\/es.wikipedia.org\/wiki\/Lancia\">Lancia<\/a>.<\/li>\n<li><a title=\"1909\" href=\"https:\/\/es.wikipedia.org\/wiki\/1909\">1909<\/a>: en la <a title=\"Cordillera de los Andes\" href=\"https:\/\/es.wikipedia.org\/wiki\/Cordillera_de_los_Andes\">cordillera de los Andes<\/a> se inaugura el t\u00fanel ferroviario que une <a title=\"Las Cuevas\" href=\"https:\/\/es.wikipedia.org\/wiki\/Las_Cuevas\">Las Cuevas<\/a> (<a title=\"Argentina\" href=\"https:\/\/es.wikipedia.org\/wiki\/Argentina\">Argentina<\/a>) con <a class=\"new\" title=\"Caracoles (Chile) (a\u00fan no redactado)\" href=\"https:\/\/es.wikipedia.org\/w\/index.php?title=Caracoles_(Chile)&amp;action=edit&amp;redlink=1\">Caracoles<\/a> (<a title=\"Chile\" href=\"https:\/\/es.wikipedia.org\/wiki\/Chile\">Chile<\/a>).<\/li>\n<li><a title=\"1929\" href=\"https:\/\/es.wikipedia.org\/wiki\/1929\">1929<\/a>: <a title=\"Richard Evelyn Byrd\" href=\"https:\/\/es.wikipedia.org\/wiki\/Richard_Evelyn_Byrd\">Richard Evelyn Byrd<\/a>, explorador, marino y aviador estadounidense, sobrevuela el <a title=\"Polo Sur\" href=\"https:\/\/es.wikipedia.org\/wiki\/Polo_Sur\">Polo Sur<\/a>.<\/li>\n<li>1929: <a title=\"Francia\" href=\"https:\/\/es.wikipedia.org\/wiki\/Francia\">Francia<\/a> y la <a title=\"Uni\u00f3n Sovi\u00e9tica\" href=\"https:\/\/es.wikipedia.org\/wiki\/Uni%C3%B3n_Sovi%C3%A9tica\">URSS<\/a> firman un pacto de no agresi\u00f3n.<\/li>\n<li><a title=\"1936\" href=\"https:\/\/es.wikipedia.org\/wiki\/1936\">1936<\/a>: en Espa\u00f1a, el Gobierno amenaza con fuertes penas a quienes acaparen <a title=\"Plata\" href=\"https:\/\/es.wikipedia.org\/wiki\/Plata\">plata<\/a> y <a class=\"mw-redirect\" title=\"Metales preciosos\" href=\"https:\/\/es.wikipedia.org\/wiki\/Metales_preciosos\">metales preciosos<\/a>.<\/li>\n<li><a title=\"1939\" href=\"https:\/\/es.wikipedia.org\/wiki\/1939\">1939<\/a>: comienza la guerra entre <a title=\"Finlandia\" href=\"https:\/\/es.wikipedia.org\/wiki\/Finlandia\">Finlandia<\/a> y la antigua <a class=\"mw-redirect\" title=\"URSS\" href=\"https:\/\/es.wikipedia.org\/wiki\/URSS\">URSS<\/a> debido a la negativa de Finlandia a ceder unas bases situadas en <a title=\"Hanko\" href=\"https:\/\/es.wikipedia.org\/wiki\/Hanko\">Hanko<\/a> y en el <a title=\"Golfo de Botnia\" href=\"https:\/\/es.wikipedia.org\/wiki\/Golfo_de_Botnia\">golfo de Botnia<\/a>.<\/li>\n<li><a title=\"1941\" href=\"https:\/\/es.wikipedia.org\/wiki\/1941\">1941<\/a>: en el suroeste de la <a title=\"Rusia europea\" href=\"https:\/\/es.wikipedia.org\/wiki\/Rusia_europea\">Rusia europea<\/a> \u2015en el marco de la <a title=\"Segunda Guerra Mundial\" href=\"https:\/\/es.wikipedia.org\/wiki\/Segunda_Guerra_Mundial\">Segunda Guerra Mundial<\/a>\u2015, el <a class=\"mw-redirect\" title=\"Ej\u00e9rcito sovi\u00e9tico\" href=\"https:\/\/es.wikipedia.org\/wiki\/Ej%C3%A9rcito_sovi%C3%A9tico\">ej\u00e9rcito sovi\u00e9tico<\/a> reconquista la ciudad de <a title=\"Rostov del Don\" href=\"https:\/\/es.wikipedia.org\/wiki\/Rostov_del_Don\">Rostov del Don<\/a>.<\/li>\n<li><a title=\"1942\" href=\"https:\/\/es.wikipedia.org\/wiki\/1942\">1942<\/a>: en <a title=\"Uruguay\" href=\"https:\/\/es.wikipedia.org\/wiki\/Uruguay\">Uruguay<\/a> se celebran <a title=\"Elecciones generales de Uruguay de 1942\" href=\"https:\/\/es.wikipedia.org\/wiki\/Elecciones_generales_de_Uruguay_de_1942\">elecciones generales<\/a>. Resulta vencedora la f\u00f3rmula <a title=\"Juan Jos\u00e9 de Am\u00e9zaga\" href=\"https:\/\/es.wikipedia.org\/wiki\/Juan_Jos%C3%A9_de_Am%C3%A9zaga\">Juan Jos\u00e9 de Am\u00e9zaga<\/a>&#8211;<a title=\"Alberto Guani\" href=\"https:\/\/es.wikipedia.org\/wiki\/Alberto_Guani\">Alberto Guani<\/a>. Tambi\u00e9n son electas las primeras cuatro parlamentarias mujeres en la historia del Uruguay: <a title=\"Sof\u00eda \u00c1lvarez Vignoli\" href=\"https:\/\/es.wikipedia.org\/wiki\/Sof%C3%ADa_%C3%81lvarez_Vignoli\">Sof\u00eda \u00c1lvarez Vignoli<\/a>, <a title=\"Julia Ar\u00e9valo de Roche\" href=\"https:\/\/es.wikipedia.org\/wiki\/Julia_Ar%C3%A9valo_de_Roche\">Julia Ar\u00e9valo de Roche<\/a>, <a title=\"Magdalena Antonelli Moreno\" href=\"https:\/\/es.wikipedia.org\/wiki\/Magdalena_Antonelli_Moreno\">Magdalena Antonelli Moreno<\/a> e <a title=\"Isabel Pinto de Vidal\" href=\"https:\/\/es.wikipedia.org\/wiki\/Isabel_Pinto_de_Vidal\">Isabel Pinto de Vidal<\/a>.<\/li>\n<li><a title=\"1943\" href=\"https:\/\/es.wikipedia.org\/wiki\/1943\">1943<\/a>: en <a title=\"Yugoslavia\" href=\"https:\/\/es.wikipedia.org\/wiki\/Yugoslavia\">Yugoslavia<\/a>, <a class=\"mw-redirect\" title=\"Mariscal Tito\" href=\"https:\/\/es.wikipedia.org\/wiki\/Mariscal_Tito\">Tito<\/a> es ascendido a mariscal y recibe plenos poderes.<\/li>\n<li><a title=\"1944\" href=\"https:\/\/es.wikipedia.org\/wiki\/1944\">1944<\/a>: en Estados Unidos, los cirujanos <a title=\"Alfred Blalock\" href=\"https:\/\/es.wikipedia.org\/wiki\/Alfred_Blalock\">Alfred Blalock<\/a> y <a class=\"new\" title=\"Helen Taussig (a\u00fan no redactado)\" href=\"https:\/\/es.wikipedia.org\/w\/index.php?title=Helen_Taussig&amp;action=edit&amp;redlink=1\">Helen Taussig<\/a> consiguen realizar con \u00e9xito una operaci\u00f3n de <a title=\"Anastomosis\" href=\"https:\/\/es.wikipedia.org\/wiki\/Anastomosis\">anastomosis<\/a> (<a title=\"Shunt de Blalock-Taussig\" href=\"https:\/\/es.wikipedia.org\/wiki\/Shunt_de_Blalock-Taussig\">shunt de Blalock-Taussig<\/a>).<\/li>\n<li>1944: <a title=\"Albania\" href=\"https:\/\/es.wikipedia.org\/wiki\/Albania\">Albania<\/a> libera su territorio de los invasores <a title=\"Alemania nazi\" href=\"https:\/\/es.wikipedia.org\/wiki\/Alemania_nazi\">alemanes<\/a> y los <a class=\"mw-redirect\" title=\"Comunistas\" href=\"https:\/\/es.wikipedia.org\/wiki\/Comunistas\">comunistas<\/a> toman el poder.<\/li>\n<li><a title=\"1945\" href=\"https:\/\/es.wikipedia.org\/wiki\/1945\">1945<\/a>: en los <a class=\"mw-redirect\" title=\"Balcanes\" href=\"https:\/\/es.wikipedia.org\/wiki\/Balcanes\">Balcanes<\/a> se proclama la <a class=\"mw-redirect\" title=\"Rep\u00fablica Federal Socialista de Yugoslavia\" href=\"https:\/\/es.wikipedia.org\/wiki\/Rep%C3%BAblica_Federal_Socialista_de_Yugoslavia\">Rep\u00fablica Federal Socialista de Yugoslavia<\/a>.<\/li>\n<li><a title=\"1946\" href=\"https:\/\/es.wikipedia.org\/wiki\/1946\">1946<\/a>: en <a title=\"Rafaela\" href=\"https:\/\/es.wikipedia.org\/wiki\/Rafaela\">Rafaela<\/a> (<a title=\"Provincia de Santa Fe\" href=\"https:\/\/es.wikipedia.org\/wiki\/Provincia_de_Santa_Fe\">provincia de Santa Fe<\/a>, <a title=\"Argentina\" href=\"https:\/\/es.wikipedia.org\/wiki\/Argentina\">Argentina<\/a>), se funda la <a title=\"Asociaci\u00f3n M\u00e9dica del Departamento Castellanos\" href=\"https:\/\/es.wikipedia.org\/wiki\/Asociaci%C3%B3n_M%C3%A9dica_del_Departamento_Castellanos\">Asociaci\u00f3n M\u00e9dica del Departamento Castellanos<\/a>.<\/li>\n<li><a title=\"1947\" href=\"https:\/\/es.wikipedia.org\/wiki\/1947\">1947<\/a>: en Nueva York, la <a class=\"mw-redirect\" title=\"Asamblea General de la ONU\" href=\"https:\/\/es.wikipedia.org\/wiki\/Asamblea_General_de_la_ONU\">Asamblea General de la ONU<\/a> decide dividir el <a class=\"mw-redirect\" title=\"Mandato Brit\u00e1nico de Palestina\" href=\"https:\/\/es.wikipedia.org\/wiki\/Mandato_Brit%C3%A1nico_de_Palestina\">Mandato Brit\u00e1nico de Palestina<\/a> en dos estados, uno <a class=\"mw-redirect\" title=\"Palestina (naci\u00f3n)\" href=\"https:\/\/es.wikipedia.org\/wiki\/Palestina_(naci%C3%B3n)\">\u00e1rabe<\/a> y otro <a title=\"Israel\" href=\"https:\/\/es.wikipedia.org\/wiki\/Israel\">jud\u00edo<\/a>.<\/li>\n<li><a title=\"1951\" href=\"https:\/\/es.wikipedia.org\/wiki\/1951\">1951<\/a>: a 5 metros bajo la superficie del <a class=\"mw-redirect\" title=\"Sitio de pruebas nucleares de Nevada\" href=\"https:\/\/es.wikipedia.org\/wiki\/Sitio_de_pruebas_nucleares_de_Nevada\">sitio de pruebas nucleares de Nevada<\/a>, Estados Unidos hace detonar la bomba at\u00f3mica <i>Uncle<\/i>, de 1,2\u00a0<a class=\"mw-redirect\" title=\"Kilotonelada\" href=\"https:\/\/es.wikipedia.org\/wiki\/Kilotonelada\">kilotones<\/a>. Es la \u00faltima de la Operaci\u00f3n Buster-Jangle, que durante un mes expuso de manera no voluntaria a unos 6500\u00a0soldados de infanter\u00eda a siete explosiones at\u00f3micas con prop\u00f3sitos de entrenamiento.<\/li>\n<li><a title=\"1964\" href=\"https:\/\/es.wikipedia.org\/wiki\/1964\">1964<\/a>: <a title=\"Club Atl\u00e9tico Boca Juniors\" href=\"https:\/\/es.wikipedia.org\/wiki\/Club_Atl%C3%A9tico_Boca_Juniors\">Boca Juniors<\/a> empata 1 a 1 con <a title=\"Club Atl\u00e9tico River Plate\" href=\"https:\/\/es.wikipedia.org\/wiki\/Club_Atl%C3%A9tico_River_Plate\">River Plate<\/a> como local y se consagra campe\u00f3n de la <a class=\"mw-redirect\" title=\"Primera Divisi\u00f3n (Argentina)\" href=\"https:\/\/es.wikipedia.org\/wiki\/Primera_Divisi%C3%B3n_(Argentina)\">Primera Divisi\u00f3n (Argentina)<\/a> nuevamente en un partido que qued\u00f3 en la historia del <a title=\"Supercl\u00e1sico del f\u00fatbol argentino\" href=\"https:\/\/es.wikipedia.org\/wiki\/Supercl%C3%A1sico_del_f%C3%BAtbol_argentino\">Supercl\u00e1sico<\/a>.<\/li>\n<li><a title=\"1969\" href=\"https:\/\/es.wikipedia.org\/wiki\/1969\">1969<\/a>: en <a title=\"Buenos Aires\" href=\"https:\/\/es.wikipedia.org\/wiki\/Buenos_Aires\">Buenos Aires<\/a>, el grupo de rock argentino <a title=\"Almendra (banda)\" href=\"https:\/\/es.wikipedia.org\/wiki\/Almendra_(banda)\">Almendra<\/a> \u2015liderado por <a title=\"Luis Alberto Spinetta\" href=\"https:\/\/es.wikipedia.org\/wiki\/Luis_Alberto_Spinetta\">Luis Alberto Spinetta<\/a> (1950-2012)\u2015 lanza su primer disco, <a class=\"mw-redirect\" title=\"Almendra (disco de 1969)\" href=\"https:\/\/es.wikipedia.org\/wiki\/Almendra_(disco_de_1969)\"><i>Almendra<\/i><\/a>.<\/li>\n<li><a title=\"1979\" href=\"https:\/\/es.wikipedia.org\/wiki\/1979\">1979<\/a>: en <a title=\"Ciudad del Vaticano\" href=\"https:\/\/es.wikipedia.org\/wiki\/Ciudad_del_Vaticano\">Ciudad del Vaticano<\/a>, el papa <a title=\"Juan Pablo II\" href=\"https:\/\/es.wikipedia.org\/wiki\/Juan_Pablo_II\">Juan Pablo II<\/a> publica la carta apost\u00f3lica <i><a class=\"new\" title=\"Inter Sanctos (a\u00fan no redactado)\" href=\"https:\/\/es.wikipedia.org\/w\/index.php?title=Inter_Sanctos&amp;action=edit&amp;redlink=1\">Inter Sanctos<\/a><\/i> donde nombra a <a class=\"mw-redirect\" title=\"San Francisco de As\u00eds\" href=\"https:\/\/es.wikipedia.org\/wiki\/San_Francisco_de_As%C3%ADs\">san Francisco de As\u00eds<\/a> el patrono de los ec\u00f3logos.<\/li>\n<li><a title=\"1984\" href=\"https:\/\/es.wikipedia.org\/wiki\/1984\">1984<\/a>: en <a class=\"mw-redirect\" title=\"Palestina (pa\u00eds)\" href=\"https:\/\/es.wikipedia.org\/wiki\/Palestina_(pa%C3%ADs)\">Palestina<\/a>, el Consejo Nacional Palestino reelige a <a class=\"mw-redirect\" title=\"Yasser Arafat\" href=\"https:\/\/es.wikipedia.org\/wiki\/Yasser_Arafat\">Yasser Arafat<\/a> como presidente del Comit\u00e9 Ejecutivo de la <a class=\"mw-redirect\" title=\"OLP\" href=\"https:\/\/es.wikipedia.org\/wiki\/OLP\">OLP<\/a>.<\/li>\n<li>1984: <a title=\"Argentina\" href=\"https:\/\/es.wikipedia.org\/wiki\/Argentina\">Argentina<\/a> y <a title=\"Chile\" href=\"https:\/\/es.wikipedia.org\/wiki\/Chile\">Chile<\/a> firman el <a class=\"mw-redirect\" title=\"Tratado de paz y amistad entre Chile y Argentina\" href=\"https:\/\/es.wikipedia.org\/wiki\/Tratado_de_paz_y_amistad_entre_Chile_y_Argentina\">Tratado de paz y amistad<\/a> que pone t\u00e9rmino al <a title=\"Conflicto del Beagle\" href=\"https:\/\/es.wikipedia.org\/wiki\/Conflicto_del_Beagle\">Conflicto del Beagle<\/a>.<\/li>\n<li><a title=\"1991\" href=\"https:\/\/es.wikipedia.org\/wiki\/1991\">1991<\/a>: <a title=\"Yugoslavia\" href=\"https:\/\/es.wikipedia.org\/wiki\/Yugoslavia\">Yugoslavia<\/a> comienzan los acontecimientos que luego dan lugar a su disgregaci\u00f3n.<\/li>\n<li><a title=\"2005\" href=\"https:\/\/es.wikipedia.org\/wiki\/2005\">2005<\/a>: en el estado de <a class=\"mw-redirect\" title=\"Florida (Estados Unidos)\" href=\"https:\/\/es.wikipedia.org\/wiki\/Florida_(Estados_Unidos)\">Florida (Estados Unidos)<\/a> se funda la <a title=\"Micronaci\u00f3n\" href=\"https:\/\/es.wikipedia.org\/wiki\/Micronaci%C3%B3n\">micronaci\u00f3n<\/a> de <a title=\"Florida Occidental Brit\u00e1nica\" href=\"https:\/\/es.wikipedia.org\/wiki\/Florida_Occidental_Brit%C3%A1nica\">British West Florida<\/a> (Dominio de la Florida Occidental Brit\u00e1nica), con capital en <a title=\"Pensacola\" href=\"https:\/\/es.wikipedia.org\/wiki\/Pensacola\">Pensacola<\/a>. No ha sido reconocida por Estados Unidos ni por ninguna otra naci\u00f3n.<\/li>\n<li><a title=\"2007\" href=\"https:\/\/es.wikipedia.org\/wiki\/2007\">2007<\/a>: en el <a title=\"Hospital Saint Bois\" href=\"https:\/\/es.wikipedia.org\/wiki\/Hospital_Saint_Bois\">Hospital Saint Bois<\/a> de <a title=\"Montevideo\" href=\"https:\/\/es.wikipedia.org\/wiki\/Montevideo\">Montevideo<\/a> (<a title=\"Uruguay\" href=\"https:\/\/es.wikipedia.org\/wiki\/Uruguay\">Uruguay<\/a>) se inaugura el primer hospital de ojos de ese pa\u00eds.<\/li>\n<li><a title=\"2009\" href=\"https:\/\/es.wikipedia.org\/wiki\/2009\">2009<\/a>: en <a title=\"Uruguay\" href=\"https:\/\/es.wikipedia.org\/wiki\/Uruguay\">Uruguay<\/a> se realiza la <a title=\"Segunda vuelta electoral\" href=\"https:\/\/es.wikipedia.org\/wiki\/Segunda_vuelta_electoral\">segunda vuelta electoral<\/a> de las <a title=\"Elecciones presidenciales de Uruguay de 2009\" href=\"https:\/\/es.wikipedia.org\/wiki\/Elecciones_presidenciales_de_Uruguay_de_2009\">elecciones presidenciales<\/a>, donde <a title=\"Jos\u00e9 Mujica\" href=\"https:\/\/es.wikipedia.org\/wiki\/Jos%C3%A9_Mujica\">Jos\u00e9 Mujica<\/a> triunfa con m\u00e1s del 50\u00a0%.<\/li>\n<li><a title=\"2012\" href=\"https:\/\/es.wikipedia.org\/wiki\/2012\">2012<\/a>: en <a title=\"Paraguay\" href=\"https:\/\/es.wikipedia.org\/wiki\/Paraguay\">Paraguay<\/a>, raudales paralizan las ciudades de <a title=\"Gran Asunci\u00f3n\" href=\"https:\/\/es.wikipedia.org\/wiki\/Gran_Asunci%C3%B3n\">Gran Asunci\u00f3n<\/a>, causando arrastre de veh\u00edculos y personas desaparecidas.<\/li>\n<li>2012: en <a title=\"Nueva York\" href=\"https:\/\/es.wikipedia.org\/wiki\/Nueva_York\">Nueva York<\/a> (Estados Unidos), la <a title=\"Asamblea General de las Naciones Unidas\" href=\"https:\/\/es.wikipedia.org\/wiki\/Asamblea_General_de_las_Naciones_Unidas\">Asamblea General de las Naciones Unidas<\/a> le concede al <a class=\"mw-redirect\" title=\"Estado Palestino\" href=\"https:\/\/es.wikipedia.org\/wiki\/Estado_Palestino\">Palestina<\/a> el estatus de estado observador no\u00a0miembro de la entidad, lo que representa un reconocimiento de facto a la existencia de ese estado.<\/li>\n<li><a title=\"2013\" href=\"https:\/\/es.wikipedia.org\/wiki\/2013\">2013<\/a>: en <a title=\"Espa\u00f1a\" href=\"https:\/\/es.wikipedia.org\/wiki\/Espa%C3%B1a\">Espa\u00f1a<\/a>, el canal de televisi\u00f3n <a title=\"Canal Nou\" href=\"https:\/\/es.wikipedia.org\/wiki\/Canal_Nou\">Canal Nou<\/a> deja de dar se\u00f1al despu\u00e9s de 24 a\u00f1os emitiendo.<\/li>\n<\/ul>\n<h2 style=\"text-align: justify;\"><span id=\"Nacimientos\" class=\"mw-headline\">Nacimientos<\/span><\/h2>\n<ul style=\"text-align: justify;\">\n<li><a title=\"826\" href=\"https:\/\/es.wikipedia.org\/wiki\/826\">826<\/a>: <a title=\"Guillermo de Septimania\" href=\"https:\/\/es.wikipedia.org\/wiki\/Guillermo_de_Septimania\">Guillaume de Septimania<\/a>, arist\u00f3crata franc\u00e9s.<\/li>\n<li><a title=\"968\" href=\"https:\/\/es.wikipedia.org\/wiki\/968\">968<\/a>: <a class=\"mw-redirect\" title=\"Emperador Kazan\" href=\"https:\/\/es.wikipedia.org\/wiki\/Emperador_Kazan\">Kazan<\/a>, emperador japon\u00e9s.<\/li>\n<li><a title=\"1206\" href=\"https:\/\/es.wikipedia.org\/wiki\/1206\">1206<\/a>: <a class=\"mw-redirect\" title=\"B\u00e9la IV de Hungr\u00eda\" href=\"https:\/\/es.wikipedia.org\/wiki\/B%C3%A9la_IV_de_Hungr%C3%ADa\">B\u00e9la IV<\/a>, rey h\u00fangaro.<\/li>\n<li><a title=\"1338\" href=\"https:\/\/es.wikipedia.org\/wiki\/1338\">1338<\/a>: <a title=\"Leonel de Amberes\" href=\"https:\/\/es.wikipedia.org\/wiki\/Leonel_de_Amberes\">Leonel de Amberes<\/a>, pr\u00edncipe belga, hijo de Eduardo III de Inglaterra.<\/li>\n<li><a title=\"1627\" href=\"https:\/\/es.wikipedia.org\/wiki\/1627\">1627<\/a>: <a title=\"John Ray\" href=\"https:\/\/es.wikipedia.org\/wiki\/John_Ray\">John Ray<\/a>, naturalista brit\u00e1nico.<\/li>\n<li><a title=\"1679\" href=\"https:\/\/es.wikipedia.org\/wiki\/1679\">1679<\/a>: <a title=\"Antonio Farnesio\" href=\"https:\/\/es.wikipedia.org\/wiki\/Antonio_Farnesio\">Antonio Farnesio<\/a>, arist\u00f3crata italiano, duque de Parma.<\/li>\n<li><a title=\"1690\" href=\"https:\/\/es.wikipedia.org\/wiki\/1690\">1690<\/a>: <a title=\"Cristi\u00e1n Augusto de Anhalt-Zerbst\" href=\"https:\/\/es.wikipedia.org\/wiki\/Cristi%C3%A1n_Augusto_de_Anhalt-Zerbst\">Cristi\u00e1n Augusto de Anhalt-Zerbst<\/a>, militar y arist\u00f3crata alem\u00e1n.<\/li>\n<li><a title=\"1766\" href=\"https:\/\/es.wikipedia.org\/wiki\/1766\">1766<\/a>: <a title=\"Maine de Biran\" href=\"https:\/\/es.wikipedia.org\/wiki\/Maine_de_Biran\">Maine de Biran<\/a>, fil\u00f3sofo y psic\u00f3logo franc\u00e9s.<\/li>\n<li><a title=\"1781\" href=\"https:\/\/es.wikipedia.org\/wiki\/1781\">1781<\/a>: <a title=\"Andr\u00e9s Bello\" href=\"https:\/\/es.wikipedia.org\/wiki\/Andr%C3%A9s_Bello\">Andr\u00e9s Bello<\/a>, humanista, poeta, fil\u00f3logo, educador y jurista venezolano (f. 1865).<\/li>\n<li><a title=\"1797\" href=\"https:\/\/es.wikipedia.org\/wiki\/1797\">1797<\/a>: <a title=\"Gaetano Donizetti\" href=\"https:\/\/es.wikipedia.org\/wiki\/Gaetano_Donizetti\">Gaetano Donizetti<\/a>, compositor italiano.<\/li>\n<li><a title=\"1803\" href=\"https:\/\/es.wikipedia.org\/wiki\/1803\">1803<\/a>: <a class=\"mw-redirect\" title=\"Christian Doppler\" href=\"https:\/\/es.wikipedia.org\/wiki\/Christian_Doppler\">Christian Doppler<\/a>, f\u00edsico y matem\u00e1tico austriaco.<\/li>\n<li><a title=\"1825\" href=\"https:\/\/es.wikipedia.org\/wiki\/1825\">1825<\/a>: <a class=\"mw-redirect\" title=\"Jean Martin Charcot\" href=\"https:\/\/es.wikipedia.org\/wiki\/Jean_Martin_Charcot\">Jean Martin Charcot<\/a>, neur\u00f3logo franc\u00e9s.<\/li>\n<li><a title=\"1829\" href=\"https:\/\/es.wikipedia.org\/wiki\/1829\">1829<\/a>: <a title=\"Jos\u00e9 L\u00f3pez Dom\u00ednguez\" href=\"https:\/\/es.wikipedia.org\/wiki\/Jos%C3%A9_L%C3%B3pez_Dom%C3%ADnguez\">Jos\u00e9 L\u00f3pez Dom\u00ednguez<\/a>, militar y pol\u00edtico espa\u00f1ol (f. 1911).<\/li>\n<li><a title=\"1832\" href=\"https:\/\/es.wikipedia.org\/wiki\/1832\">1832<\/a>: <a title=\"Louisa May Alcott\" href=\"https:\/\/es.wikipedia.org\/wiki\/Louisa_May_Alcott\">Louisa May Alcott<\/a>, escritora estadounidense.<\/li>\n<li><a title=\"1848\" href=\"https:\/\/es.wikipedia.org\/wiki\/1848\">1848<\/a>: <a title=\"John Ambrose Fleming\" href=\"https:\/\/es.wikipedia.org\/wiki\/John_Ambrose_Fleming\">John Ambrose Fleming<\/a>, f\u00edsico brit\u00e1nico, pionero de la electr\u00f3nica (f. 1945).<\/li>\n<li><a title=\"1870\" href=\"https:\/\/es.wikipedia.org\/wiki\/1870\">1870<\/a>: <a class=\"mw-redirect\" title=\"Enrique Prat de la Riba\" href=\"https:\/\/es.wikipedia.org\/wiki\/Enrique_Prat_de_la_Riba\">Enrique Prat de la Riba<\/a>, pol\u00edtico espa\u00f1ol.<\/li>\n<li><a title=\"1874\" href=\"https:\/\/es.wikipedia.org\/wiki\/1874\">1874<\/a>: <a class=\"mw-redirect\" title=\"Egas Moniz\" href=\"https:\/\/es.wikipedia.org\/wiki\/Egas_Moniz\">Egas Moniz<\/a>, cirujano y pol\u00edtico portugu\u00e9s.<\/li>\n<li><a title=\"1880\" href=\"https:\/\/es.wikipedia.org\/wiki\/1880\">1880<\/a>: <a title=\"Sarbelio Navarrete\" href=\"https:\/\/es.wikipedia.org\/wiki\/Sarbelio_Navarrete\">Sarbelio Navarrete<\/a>, jurista nicarag\u00fcense (f. 1952).<\/li>\n<li><a title=\"1883\" href=\"https:\/\/es.wikipedia.org\/wiki\/1883\">1883<\/a>: <a title=\"Enrique P\u00e9rez Serantes\" href=\"https:\/\/es.wikipedia.org\/wiki\/Enrique_P%C3%A9rez_Serantes\">Enrique P\u00e9rez Serantes<\/a>, obispo chileno (f. 1968).<\/li>\n<li><a title=\"1886\" href=\"https:\/\/es.wikipedia.org\/wiki\/1886\">1886<\/a>: <a class=\"mw-redirect\" title=\"Javier Goerlich Lle\u00f3\" href=\"https:\/\/es.wikipedia.org\/wiki\/Javier_Goerlich_Lle%C3%B3\">Javier Goerlich Lle\u00f3<\/a>, arquitecto espa\u00f1ol (f. 1972).<\/li>\n<li><a title=\"1891\" href=\"https:\/\/es.wikipedia.org\/wiki\/1891\">1891<\/a>: <a title=\"Julius Raab\" href=\"https:\/\/es.wikipedia.org\/wiki\/Julius_Raab\">Julius Raab<\/a>, pol\u00edtico austriaco.<\/li>\n<li><a title=\"1895\" href=\"https:\/\/es.wikipedia.org\/wiki\/1895\">1895<\/a>: <a title=\"Busby Berkeley\" href=\"https:\/\/es.wikipedia.org\/wiki\/Busby_Berkeley\">Busby Berkeley<\/a>, cineasta y core\u00f3grafo estadounidense.<\/li>\n<li><a title=\"1897\" href=\"https:\/\/es.wikipedia.org\/wiki\/1897\">1897<\/a>: <a title=\"Josep Maria Mill\u00e0s Vallicrosa\" href=\"https:\/\/es.wikipedia.org\/wiki\/Josep_Maria_Mill%C3%A0s_Vallicrosa\">Josep Maria Mill\u00e0s Vallicrosa<\/a>, historiador espa\u00f1ol (f. 1970).<\/li>\n<li>1897: <a title=\"Pedro Vallana\" href=\"https:\/\/es.wikipedia.org\/wiki\/Pedro_Vallana\">Pedro Vallana<\/a>, futbolista espa\u00f1ol (f. 1980).<\/li>\n<li><a title=\"1898\" href=\"https:\/\/es.wikipedia.org\/wiki\/1898\">1898<\/a>: <a class=\"mw-redirect\" title=\"Clive Staples Lewis\" href=\"https:\/\/es.wikipedia.org\/wiki\/Clive_Staples_Lewis\">Clive Staples Lewis<\/a>, escritor irland\u00e9s, anglicano y erudito.<\/li>\n<li><a title=\"1899\" href=\"https:\/\/es.wikipedia.org\/wiki\/1899\">1899<\/a>: <a title=\"Emma Morano\" href=\"https:\/\/es.wikipedia.org\/wiki\/Emma_Morano\">Emma Morano<\/a> Supercentenaria italiana.<\/li>\n<li><a title=\"1902\" href=\"https:\/\/es.wikipedia.org\/wiki\/1902\">1902<\/a>: <a title=\"Carlo Levi\" href=\"https:\/\/es.wikipedia.org\/wiki\/Carlo_Levi\">Carlo Levi<\/a>, escritor y pintor italiano.<\/li>\n<li><a title=\"1903\" href=\"https:\/\/es.wikipedia.org\/wiki\/1903\">1903<\/a>\u00a0: gabriel mora benitez fulbolista y arquitecto<\/li>\n<li><a title=\"1904\" href=\"https:\/\/es.wikipedia.org\/wiki\/1904\">1904<\/a>: <a title=\"Giuseppe Cavalli\" href=\"https:\/\/es.wikipedia.org\/wiki\/Giuseppe_Cavalli\">Giuseppe Cavalli<\/a>, fot\u00f3grafo italiano.<\/li>\n<li><a title=\"1905\" href=\"https:\/\/es.wikipedia.org\/wiki\/1905\">1905<\/a>: <a title=\"Marcel Lefebvre\" href=\"https:\/\/es.wikipedia.org\/wiki\/Marcel_Lefebvre\">Marcel Lefebvre<\/a>, obispo ultraconservador franc\u00e9s.<\/li>\n<li><a title=\"1908\" href=\"https:\/\/es.wikipedia.org\/wiki\/1908\">1908<\/a>: <a title=\"Nedda Francy\" href=\"https:\/\/es.wikipedia.org\/wiki\/Nedda_Francy\">Nedda Francy<\/a>, actriz argentina (f. 1982).<\/li>\n<li><a title=\"1918\" href=\"https:\/\/es.wikipedia.org\/wiki\/1918\">1918<\/a>: <a title=\"Madeleine L'Engle\" href=\"https:\/\/es.wikipedia.org\/wiki\/Madeleine_L%27Engle\">Madeleine L&#8217;Engle<\/a>, escritora estadounidense (f. 2007).<\/li>\n<li><a title=\"1922\" href=\"https:\/\/es.wikipedia.org\/wiki\/1922\">1922<\/a>: <a title=\"Miguel Ocampo\" href=\"https:\/\/es.wikipedia.org\/wiki\/Miguel_Ocampo\">Miguel Ocampo<\/a>, pintor y arquitecto argentino.<\/li>\n<li><a title=\"1924\" href=\"https:\/\/es.wikipedia.org\/wiki\/1924\">1924<\/a>: <a title=\"Domingo Liotta\" href=\"https:\/\/es.wikipedia.org\/wiki\/Domingo_Liotta\">Domingo Liotta<\/a>, cardi\u00f3logo argentino, uno de los inventores del coraz\u00f3n artificial.<\/li>\n<li><a title=\"1925\" href=\"https:\/\/es.wikipedia.org\/wiki\/1925\">1925<\/a>: <a title=\"Ernst Happel\" href=\"https:\/\/es.wikipedia.org\/wiki\/Ernst_Happel\">Ernst Happel<\/a>, futbolista y entrenador austr\u00edaco.<\/li>\n<li><a title=\"1932\" href=\"https:\/\/es.wikipedia.org\/wiki\/1932\">1932<\/a>: <a title=\"Jacques Chirac\" href=\"https:\/\/es.wikipedia.org\/wiki\/Jacques_Chirac\">Jacques Chirac<\/a>, pol\u00edtico franc\u00e9s.<\/li>\n<li>1932: <a title=\"Fernando Guill\u00e9n\" href=\"https:\/\/es.wikipedia.org\/wiki\/Fernando_Guill%C3%A9n\">Fernando Guill\u00e9n<\/a>, actor espa\u00f1ol (f. 2013).<\/li>\n<li>1932: <a title=\"Diane Ladd\" href=\"https:\/\/es.wikipedia.org\/wiki\/Diane_Ladd\">Diane Ladd<\/a>, actriz estadounidense.<\/li>\n<li><a title=\"1933\" href=\"https:\/\/es.wikipedia.org\/wiki\/1933\">1933<\/a>: <a title=\"Julio Alem\u00e1n\" href=\"https:\/\/es.wikipedia.org\/wiki\/Julio_Alem%C3%A1n\">Julio Alem\u00e1n<\/a>, actor mexicano (f. 2012).<\/li>\n<li>1933: <a title=\"John Mayall\" href=\"https:\/\/es.wikipedia.org\/wiki\/John_Mayall\">John Mayall<\/a>, m\u00fasico brit\u00e1nico.<\/li>\n<li>1933: <a title=\"James Rosenquist\" href=\"https:\/\/es.wikipedia.org\/wiki\/James_Rosenquist\">James Rosenquist<\/a>, pintor estadounidense.<\/li>\n<li><a title=\"1934\" href=\"https:\/\/es.wikipedia.org\/wiki\/1934\">1934<\/a>: <a title=\"Guillermo Sep\u00falveda\" href=\"https:\/\/es.wikipedia.org\/wiki\/Guillermo_Sep%C3%BAlveda\">Guillermo Sep\u00falveda<\/a> \u00abEl Tigre\u00bb, futbolista mexicano.<\/li>\n<li><a title=\"1938\" href=\"https:\/\/es.wikipedia.org\/wiki\/1938\">1938<\/a>: <a title=\"Carlos Lapetra\" href=\"https:\/\/es.wikipedia.org\/wiki\/Carlos_Lapetra\">Carlos Lapetra<\/a>, futbolista espa\u00f1ol (n. 1995).<\/li>\n<li><a title=\"1939\" href=\"https:\/\/es.wikipedia.org\/wiki\/1939\">1939<\/a>: <a title=\"Concha Velasco\" href=\"https:\/\/es.wikipedia.org\/wiki\/Concha_Velasco\">Concha Velasco<\/a>, actriz espa\u00f1ola.<\/li>\n<li><a title=\"1940\" href=\"https:\/\/es.wikipedia.org\/wiki\/1940\">1940<\/a>: <a title=\"Arturo &quot;Zambo&quot; Cavero\" href=\"https:\/\/es.wikipedia.org\/wiki\/Arturo_%22Zambo%22_Cavero\">Arturo \u00abZambo\u00bb Cavero<\/a>, m\u00fasico peruano.<\/li>\n<li>1940: <a title=\"Denny Doherty\" href=\"https:\/\/es.wikipedia.org\/wiki\/Denny_Doherty\">Denny Doherty<\/a>, m\u00fasico canadiense, de la banda The Mamas &amp; the Papas.<\/li>\n<li>1940: <a title=\"Chuck Mangione\" href=\"https:\/\/es.wikipedia.org\/wiki\/Chuck_Mangione\">Chuck Mangione<\/a>, trompetista y compositor estadounidense.<\/li>\n<li><a title=\"1943\" href=\"https:\/\/es.wikipedia.org\/wiki\/1943\">1943<\/a>: <a title=\"Maurizio Berlincioni\" href=\"https:\/\/es.wikipedia.org\/wiki\/Maurizio_Berlincioni\">Maurizio Berlincioni<\/a>, fot\u00f3grafo italiano.<\/li>\n<li><a title=\"1945\" href=\"https:\/\/es.wikipedia.org\/wiki\/1945\">1945<\/a>: <a title=\"Edmundo Rojas Soriano\" href=\"https:\/\/es.wikipedia.org\/wiki\/Edmundo_Rojas_Soriano\">Edmundo Rojas Soriano<\/a>, pol\u00edtico mexicano (f. 1987).<\/li>\n<li><a title=\"1946\" href=\"https:\/\/es.wikipedia.org\/wiki\/1946\">1946<\/a>: <a title=\"Juan Alberto Bad\u00eda\" href=\"https:\/\/es.wikipedia.org\/wiki\/Juan_Alberto_Bad%C3%ADa\">Juan Alberto Bad\u00eda<\/a>, conductor y periodista argentino (f. 2012).<\/li>\n<li>1946: <a title=\"Silvio Rodr\u00edguez\" href=\"https:\/\/es.wikipedia.org\/wiki\/Silvio_Rodr%C3%ADguez\">Silvio Rodr\u00edguez<\/a>, cantautor cubano.<\/li>\n<li>1947: <a class=\"mw-redirect\" title=\"Petra Kelly\" href=\"https:\/\/es.wikipedia.org\/wiki\/Petra_Kelly\">Petra Kelly<\/a>, activista pacifista alemana.<\/li>\n<li>1947: <a title=\"Ronnie Montrose\" href=\"https:\/\/es.wikipedia.org\/wiki\/Ronnie_Montrose\">Ronnie Montrose<\/a>, guitarrista estadounidense.<\/li>\n<li><a title=\"1948\" href=\"https:\/\/es.wikipedia.org\/wiki\/1948\">1948<\/a>: <a title=\"Y\u014dichi Masuzoe\" href=\"https:\/\/es.wikipedia.org\/wiki\/Y%C5%8Dichi_Masuzoe\">Y\u014dichi Masuzoe<\/a>, pol\u00edtico japon\u00e9s.<\/li>\n<li><a title=\"1949\" href=\"https:\/\/es.wikipedia.org\/wiki\/1949\">1949<\/a>: <a title=\"Mariana Karr\" href=\"https:\/\/es.wikipedia.org\/wiki\/Mariana_Karr\">Mariana Karr<\/a>, actriz argentina.<\/li>\n<li><a title=\"1951\" href=\"https:\/\/es.wikipedia.org\/wiki\/1951\">1951<\/a>: <a title=\"John Stagliano\" href=\"https:\/\/es.wikipedia.org\/wiki\/John_Stagliano\">John Stagliano<\/a>, director porno estadounidense.<\/li>\n<li><a title=\"1952\" href=\"https:\/\/es.wikipedia.org\/wiki\/1952\">1952<\/a>: <a title=\"Pedro Dami\u00e1n (productor)\" href=\"https:\/\/es.wikipedia.org\/wiki\/Pedro_Dami%C3%A1n_(productor)\">Pedro Dami\u00e1n<\/a>, productor, actor, director y escritor mexicano.<\/li>\n<li><a title=\"1953\" href=\"https:\/\/es.wikipedia.org\/wiki\/1953\">1953<\/a>: <a title=\"Alex Grey\" href=\"https:\/\/es.wikipedia.org\/wiki\/Alex_Grey\">Alex Grey<\/a>, artista estadounidense.<\/li>\n<li><a title=\"1954\" href=\"https:\/\/es.wikipedia.org\/wiki\/1954\">1954<\/a>: <a class=\"mw-redirect\" title=\"Joel Coen\" href=\"https:\/\/es.wikipedia.org\/wiki\/Joel_Coen\">Joel Coen<\/a>, cineasta estadounidense.<\/li>\n<li><a title=\"1956\" href=\"https:\/\/es.wikipedia.org\/wiki\/1956\">1956<\/a>: <a title=\"Jorge Telerman\" href=\"https:\/\/es.wikipedia.org\/wiki\/Jorge_Telerman\">Jorge Telerman<\/a>, pol\u00edtico argentino.<\/li>\n<li><a title=\"1958\" href=\"https:\/\/es.wikipedia.org\/wiki\/1958\">1958<\/a>: <a title=\"Michael Dempsey\" href=\"https:\/\/es.wikipedia.org\/wiki\/Michael_Dempsey\">Michael Dempsey<\/a>, m\u00fasico brit\u00e1nico, de la banda The Cure.<\/li>\n<li>1958: <a class=\"mw-redirect\" title=\"Mar\u00eda Elena Moyano Delgado\" href=\"https:\/\/es.wikipedia.org\/wiki\/Mar%C3%ADa_Elena_Moyano_Delgado\">Mar\u00eda Elena Moyano<\/a> (Madre Coraje), activista de izquierda y feminista peruana, asesinada por Sendero Luminoso (f. 1992).<\/li>\n<li><a title=\"1961\" href=\"https:\/\/es.wikipedia.org\/wiki\/1961\">1961<\/a>: <a title=\"Tom Sizemore\" href=\"https:\/\/es.wikipedia.org\/wiki\/Tom_Sizemore\">Tom Sizemore<\/a>, actor estadounidense.<\/li>\n<li><a title=\"1962\" href=\"https:\/\/es.wikipedia.org\/wiki\/1962\">1962<\/a>: <a title=\"Jos\u00e9 Carlos Mart\u00ednez\" href=\"https:\/\/es.wikipedia.org\/wiki\/Jos%C3%A9_Carlos_Mart%C3%ADnez\">Jos\u00e9 Carlos Mart\u00ednez<\/a>, pol\u00edtico argentino (f. 2011).<\/li>\n<li><a title=\"1964\" href=\"https:\/\/es.wikipedia.org\/wiki\/1964\">1964<\/a>: <a title=\"Don Cheadle\" href=\"https:\/\/es.wikipedia.org\/wiki\/Don_Cheadle\">Don Cheadle<\/a>, actor estadounidense.<\/li>\n<li><a title=\"1965\" href=\"https:\/\/es.wikipedia.org\/wiki\/1965\">1965<\/a>: <a title=\"Yutaka Ozaki\" href=\"https:\/\/es.wikipedia.org\/wiki\/Yutaka_Ozaki\">Yutaka Ozaki<\/a>, cantautor japon\u00e9s.<\/li>\n<li><a title=\"1966\" href=\"https:\/\/es.wikipedia.org\/wiki\/1966\">1966<\/a>: <a title=\"John Layfield\" href=\"https:\/\/es.wikipedia.org\/wiki\/John_Layfield\">John Layfield<\/a>, luchador estadounidense.<\/li>\n<li><a title=\"1967\" href=\"https:\/\/es.wikipedia.org\/wiki\/1967\">1967<\/a>: <a title=\"Gabriel Brazenas\" href=\"https:\/\/es.wikipedia.org\/wiki\/Gabriel_Brazenas\">Gabriel Brazenas<\/a>, \u00e1rbitro de f\u00fatbol argentino.<\/li>\n<li><a title=\"1968\" href=\"https:\/\/es.wikipedia.org\/wiki\/1968\">1968<\/a>: <a title=\"Dee Brown (baloncestista de 1968)\" href=\"https:\/\/es.wikipedia.org\/wiki\/Dee_Brown_(baloncestista_de_1968)\">Dee Brown<\/a>, baloncestista estadounidense.<\/li>\n<li>1968: <a title=\"Matt Darey\" href=\"https:\/\/es.wikipedia.org\/wiki\/Matt_Darey\">Matt Darey<\/a>, DJ y productor de origen brit\u00e1nico.<\/li>\n<li>1968: <a title=\"Jonathan Knight\" href=\"https:\/\/es.wikipedia.org\/wiki\/Jonathan_Knight\">Jonathan Knight<\/a>, cantante estadounidense, de la banda New Kids on the Block.<\/li>\n<li><a title=\"1969\" href=\"https:\/\/es.wikipedia.org\/wiki\/1969\">1969<\/a>: <a title=\"Kasey Keller\" href=\"https:\/\/es.wikipedia.org\/wiki\/Kasey_Keller\">Kasey Keller<\/a>, futbolista estadounidense.<\/li>\n<li>1969: <a title=\"Mariano Rivera\" href=\"https:\/\/es.wikipedia.org\/wiki\/Mariano_Rivera\">Mariano Rivera<\/a>, beisbolista paname\u00f1o.<\/li>\n<li>1969: <a title=\"Pierre van Hooijdonk\" href=\"https:\/\/es.wikipedia.org\/wiki\/Pierre_van_Hooijdonk\">Pierre van Hooijdonk<\/a>, futbolista neerland\u00e9s.<\/li>\n<li><a title=\"1970\" href=\"https:\/\/es.wikipedia.org\/wiki\/1970\">1970<\/a>: <a class=\"mw-redirect\" title=\"Frank Delgado (Deftones)\" href=\"https:\/\/es.wikipedia.org\/wiki\/Frank_Delgado_(Deftones)\">Frank Delgado<\/a>, m\u00fasico estadounidense, de la banda Deftones.<\/li>\n<li><a title=\"1972\" href=\"https:\/\/es.wikipedia.org\/wiki\/1972\">1972<\/a>: <a title=\"Jamal Mashburn\" href=\"https:\/\/es.wikipedia.org\/wiki\/Jamal_Mashburn\">Jamal Mashburn<\/a>, baloncestista estadounidense.<\/li>\n<li>1972: <a title=\"Diego Ramos\" href=\"https:\/\/es.wikipedia.org\/wiki\/Diego_Ramos\">Diego Ramos<\/a>, actor argentino.<\/li>\n<li>1972: <a title=\"Roger Shah\" href=\"https:\/\/es.wikipedia.org\/wiki\/Roger_Shah\">Roger Shah<\/a>, compositor de m\u00fasica electr\u00f3nica y productor alem\u00e1n<\/li>\n<li><a title=\"1973\" href=\"https:\/\/es.wikipedia.org\/wiki\/1973\">1973<\/a>: <a title=\"Ryan Giggs\" href=\"https:\/\/es.wikipedia.org\/wiki\/Ryan_Giggs\">Ryan Giggs<\/a>, futbolista gal\u00e9s.<\/li>\n<li><a title=\"1974\" href=\"https:\/\/es.wikipedia.org\/wiki\/1974\">1974<\/a>: <a title=\"Risto Mejide\" href=\"https:\/\/es.wikipedia.org\/wiki\/Risto_Mejide\">Risto Mejide<\/a>, publicista y presentador espa\u00f1ol.<\/li>\n<li><a title=\"1976\" href=\"https:\/\/es.wikipedia.org\/wiki\/1976\">1976<\/a>: <a title=\"Anna Faris\" href=\"https:\/\/es.wikipedia.org\/wiki\/Anna_Faris\">Anna Faris<\/a>, actriz estadounidense.<\/li>\n<li>1976: <a title=\"Michalis Kakiouzis\" href=\"https:\/\/es.wikipedia.org\/wiki\/Michalis_Kakiouzis\">Michalis Kakiouzis<\/a>, baloncestista griego.<\/li>\n<li>1976: <a title=\"Esteban Meloni\" href=\"https:\/\/es.wikipedia.org\/wiki\/Esteban_Meloni\">Esteban Meloni<\/a>, actor argentino.<\/li>\n<li><a title=\"1977\" href=\"https:\/\/es.wikipedia.org\/wiki\/1977\">1977<\/a>: <a title=\"Iv\u00e1n Heyn\" href=\"https:\/\/es.wikipedia.org\/wiki\/Iv%C3%A1n_Heyn\">Iv\u00e1n Heyn<\/a>, economista y pol\u00edtico argentino (f. 2011).<\/li>\n<li><a title=\"1978\" href=\"https:\/\/es.wikipedia.org\/wiki\/1978\">1978<\/a>: <a title=\"Cristian Ledesma\" href=\"https:\/\/es.wikipedia.org\/wiki\/Cristian_Ledesma\">Cristian Ledesma<\/a>, futbolista argentino.<\/li>\n<li>1978: <a title=\"Ludwika Paleta\" href=\"https:\/\/es.wikipedia.org\/wiki\/Ludwika_Paleta\">Ludwika Paleta<\/a>, actriz polaco-mexicana.<\/li>\n<li><a title=\"1979\" href=\"https:\/\/es.wikipedia.org\/wiki\/1979\">1979<\/a>: <a class=\"mw-redirect\" title=\"The Game (rapero)\" href=\"https:\/\/es.wikipedia.org\/wiki\/The_Game_(rapero)\">The Game<\/a>, rapero estadounidense.<\/li>\n<li><a title=\"1981\" href=\"https:\/\/es.wikipedia.org\/wiki\/1981\">1981<\/a>: <a title=\"Guillermo Quiroz\" href=\"https:\/\/es.wikipedia.org\/wiki\/Guillermo_Quiroz\">Guillermo Quiroz<\/a>, beisbolista venezolano.<\/li>\n<li><a title=\"1982\" href=\"https:\/\/es.wikipedia.org\/wiki\/1982\">1982<\/a>: <a title=\"John Mensah\" href=\"https:\/\/es.wikipedia.org\/wiki\/John_Mensah\">John Mensah<\/a>, futbolista ghan\u00e9s.<\/li>\n<li>1982: <a title=\"Krystal Steal\" href=\"https:\/\/es.wikipedia.org\/wiki\/Krystal_Steal\">Krystal Steal<\/a>, actriz porno estadounidense.<\/li>\n<li><a title=\"1984\" href=\"https:\/\/es.wikipedia.org\/wiki\/1984\">1984<\/a>: <a title=\"Rasmus Lindgren\" href=\"https:\/\/es.wikipedia.org\/wiki\/Rasmus_Lindgren\">Rasmus Lindgren<\/a>, futbolista sueco.<\/li>\n<li><a title=\"1985\" href=\"https:\/\/es.wikipedia.org\/wiki\/1985\">1985<\/a>: <a title=\"Shannon Brown\" href=\"https:\/\/es.wikipedia.org\/wiki\/Shannon_Brown\">Shannon Brown<\/a>, baloncestista estadounidense.<\/li>\n<li><a title=\"1987\" href=\"https:\/\/es.wikipedia.org\/wiki\/1987\">1987<\/a>: <a title=\"Mar\u00eda del Rosario Espinoza\" href=\"https:\/\/es.wikipedia.org\/wiki\/Mar%C3%ADa_del_Rosario_Espinoza\">Mar\u00eda del Rosario Espinoza<\/a>, taekwondoina mexicana.<\/li>\n<li><a title=\"1989\" href=\"https:\/\/es.wikipedia.org\/wiki\/1989\">1989<\/a>: <a title=\"Dominic Adiyiah\" href=\"https:\/\/es.wikipedia.org\/wiki\/Dominic_Adiyiah\">Dominic Adiyiah<\/a>, futbolista ghan\u00e9s.<\/li>\n<li><a title=\"1990\" href=\"https:\/\/es.wikipedia.org\/wiki\/1990\">1990<\/a>: <a title=\"Diego Boneta\" href=\"https:\/\/es.wikipedia.org\/wiki\/Diego_Boneta\">Diego Boneta<\/a>, actor y cantante mexicano.<\/li>\n<li><a title=\"1994\" href=\"https:\/\/es.wikipedia.org\/wiki\/1994\">1994<\/a>: <a title=\"Julius Randle\" href=\"https:\/\/es.wikipedia.org\/wiki\/Julius_Randle\">Julius Randle<\/a>, baloncestista estadounidense.<\/li>\n<li><a title=\"1995\" href=\"https:\/\/es.wikipedia.org\/wiki\/1995\">1995<\/a>: <a title=\"Laura Marano\" href=\"https:\/\/es.wikipedia.org\/wiki\/Laura_Marano\">Laura Marano<\/a>, actriz estadounidense.<\/li>\n<\/ul>\n<h2 style=\"text-align: justify;\"><span id=\"Fallecimientos\" class=\"mw-headline\">Fallecimientos<\/span><\/h2>\n<ul style=\"text-align: justify;\">\n<li><a title=\"524\" href=\"https:\/\/es.wikipedia.org\/wiki\/524\">524<\/a>: <a title=\"Ahkal Mo' Naab' I\" href=\"https:\/\/es.wikipedia.org\/wiki\/Ahkal_Mo%27_Naab%27_I\">Ahkal Mo&#8217; Naab&#8217; I<\/a>, <a title=\"Ahau\" href=\"https:\/\/es.wikipedia.org\/wiki\/Ahau\">ahau<\/a> de <a title=\"Palenque (zona arqueol\u00f3gica)\" href=\"https:\/\/es.wikipedia.org\/wiki\/Palenque_(zona_arqueol%C3%B3gica)\">Palenque<\/a>.<\/li>\n<li><a title=\"1268\" href=\"https:\/\/es.wikipedia.org\/wiki\/1268\">1268<\/a>: <a title=\"Clemente IV\" href=\"https:\/\/es.wikipedia.org\/wiki\/Clemente_IV\">Clemente IV<\/a>, papa italiano.<\/li>\n<li><a title=\"1314\" href=\"https:\/\/es.wikipedia.org\/wiki\/1314\">1314<\/a>: <a title=\"Felipe IV de Francia\" href=\"https:\/\/es.wikipedia.org\/wiki\/Felipe_IV_de_Francia\">Felipe IV<\/a>, rey franc\u00e9s.<\/li>\n<li><a title=\"1330\" href=\"https:\/\/es.wikipedia.org\/wiki\/1330\">1330<\/a>: <a title=\"Roger Mortimer (1287-1330)\" href=\"https:\/\/es.wikipedia.org\/wiki\/Roger_Mortimer_(1287-1330)\">Roger Mortimer<\/a>, arist\u00f3crata ingl\u00e9s.<\/li>\n<li><a title=\"1378\" href=\"https:\/\/es.wikipedia.org\/wiki\/1378\">1378<\/a>: <a title=\"Carlos IV de Luxemburgo\" href=\"https:\/\/es.wikipedia.org\/wiki\/Carlos_IV_de_Luxemburgo\">Carlos IV<\/a>, emperador alem\u00e1n.<\/li>\n<li><a title=\"1530\" href=\"https:\/\/es.wikipedia.org\/wiki\/1530\">1530<\/a>: <a title=\"Thomas Wolsey\" href=\"https:\/\/es.wikipedia.org\/wiki\/Thomas_Wolsey\">Thomas Wolsey<\/a>, pol\u00edtico y cardenal ingl\u00e9s.<\/li>\n<li><a title=\"1594\" href=\"https:\/\/es.wikipedia.org\/wiki\/1594\">1594<\/a>: <a title=\"Alonso de Ercilla\" href=\"https:\/\/es.wikipedia.org\/wiki\/Alonso_de_Ercilla\">Alonso de Ercilla<\/a>, soldado y poeta espa\u00f1ol.<\/li>\n<li><a title=\"1643\" href=\"https:\/\/es.wikipedia.org\/wiki\/1643\">1643<\/a>: <a title=\"Claudio Monteverdi\" href=\"https:\/\/es.wikipedia.org\/wiki\/Claudio_Monteverdi\">Claudio Monteverdi<\/a>, compositor italiano.<\/li>\n<li><a title=\"1780\" href=\"https:\/\/es.wikipedia.org\/wiki\/1780\">1780<\/a>: <a class=\"mw-redirect\" title=\"Mar\u00eda Teresa I\" href=\"https:\/\/es.wikipedia.org\/wiki\/Mar%C3%ADa_Teresa_I\">Mar\u00eda Teresa I de Austria<\/a>, arist\u00f3crata austriaca, reina de Hungr\u00eda y Bohemia.<\/li>\n<li><a title=\"1793\" href=\"https:\/\/es.wikipedia.org\/wiki\/1793\">1793<\/a>: <a title=\"Antoine Barnave\" href=\"https:\/\/es.wikipedia.org\/wiki\/Antoine_Barnave\">Antoine Barnave<\/a>, pol\u00edtico franc\u00e9s, miembro de la Asamblea Constituyente (n. 1761).<\/li>\n<li><a title=\"1835\" href=\"https:\/\/es.wikipedia.org\/wiki\/1835\">1835<\/a>: <a class=\"mw-redirect\" title=\"Catalina de W\u00fcrttemberg\" href=\"https:\/\/es.wikipedia.org\/wiki\/Catalina_de_W%C3%BCrttemberg\">Catalina de W\u00fcrttemberg<\/a>, arist\u00f3crata alemana.<\/li>\n<li><a title=\"1865\" href=\"https:\/\/es.wikipedia.org\/wiki\/1865\">1865<\/a>: <a title=\"Ventura de la Vega\" href=\"https:\/\/es.wikipedia.org\/wiki\/Ventura_de_la_Vega\">Ventura de la Vega<\/a>, poeta y autor dram\u00e1tico espa\u00f1ol.<\/li>\n<li><a title=\"1873\" href=\"https:\/\/es.wikipedia.org\/wiki\/1873\">1873<\/a>: <a class=\"mw-redirect\" title=\"Claude Gay\" href=\"https:\/\/es.wikipedia.org\/wiki\/Claude_Gay\">Claude Gay<\/a>, cient\u00edfico franco-chileno.<\/li>\n<li><a title=\"1894\" href=\"https:\/\/es.wikipedia.org\/wiki\/1894\">1894<\/a>: <a class=\"mw-redirect\" title=\"Ceferino Gonz\u00e1lez\" href=\"https:\/\/es.wikipedia.org\/wiki\/Ceferino_Gonz%C3%A1lez\">Ceferino Gonz\u00e1lez<\/a>, fil\u00f3sofo y prelado espa\u00f1ol.<\/li>\n<li>1894: <a title=\"Juan N. M\u00e9ndez\" href=\"https:\/\/es.wikipedia.org\/wiki\/Juan_N._M%C3%A9ndez\">Juan Nepomuceno M\u00e9ndez<\/a>, pol\u00edtico mexicano, presidente entre 1876 y 1877 (n. 1824).<\/li>\n<li><a title=\"1898\" href=\"https:\/\/es.wikipedia.org\/wiki\/1898\">1898<\/a>: <a title=\"\u00c1ngel Ganivet\" href=\"https:\/\/es.wikipedia.org\/wiki\/%C3%81ngel_Ganivet\">\u00c1ngel Ganivet<\/a>, escritor y diplom\u00e1tico espa\u00f1ol (n. 1865).<\/li>\n<li><a title=\"1901\" href=\"https:\/\/es.wikipedia.org\/wiki\/1901\">1901<\/a>: <a title=\"Francisco Pi y Margall\" href=\"https:\/\/es.wikipedia.org\/wiki\/Francisco_Pi_y_Margall\">Francisco Pi y Margall<\/a>, pol\u00edtico espa\u00f1ol, presidente de la Rep\u00fablica en 1873 (n. 1824).<\/li>\n<li><a title=\"1915\" href=\"https:\/\/es.wikipedia.org\/wiki\/1915\">1915<\/a>: <a title=\"Luigi Capuana\" href=\"https:\/\/es.wikipedia.org\/wiki\/Luigi_Capuana\">Luigi Capuana<\/a>, escritor italiano.<\/li>\n<li><a title=\"1924\" href=\"https:\/\/es.wikipedia.org\/wiki\/1924\">1924<\/a>: <a title=\"Giacomo Puccini\" href=\"https:\/\/es.wikipedia.org\/wiki\/Giacomo_Puccini\">Giacomo Puccini<\/a>, compositor italiano.<\/li>\n<li><a title=\"1927\" href=\"https:\/\/es.wikipedia.org\/wiki\/1927\">1927<\/a>: <a title=\"Enrique G\u00f3mez Carrillo\" href=\"https:\/\/es.wikipedia.org\/wiki\/Enrique_G%C3%B3mez_Carrillo\">Enrique G\u00f3mez Carrillo<\/a>, escritor guatemalteco.<\/li>\n<li><a title=\"1957\" href=\"https:\/\/es.wikipedia.org\/wiki\/1957\">1957<\/a>: <a title=\"Erich Wolfgang Korngold\" href=\"https:\/\/es.wikipedia.org\/wiki\/Erich_Wolfgang_Korngold\">Erich Wolfgang Korngold<\/a>, compositor austr\u00edaco.<\/li>\n<li><a title=\"1963\" href=\"https:\/\/es.wikipedia.org\/wiki\/1963\">1963<\/a>: <a title=\"Ernesto Lecuona\" href=\"https:\/\/es.wikipedia.org\/wiki\/Ernesto_Lecuona\">Ernesto Lecuona<\/a>, int\u00e9rprete y compositor de m\u00fasica cubano (n. 1895).<\/li>\n<li><a title=\"1972\" href=\"https:\/\/es.wikipedia.org\/wiki\/1972\">1972<\/a>: <a title=\"Carl Stalling\" href=\"https:\/\/es.wikipedia.org\/wiki\/Carl_Stalling\">Carl Stalling<\/a>, compositor estadounidense (n. 1891).<\/li>\n<li><a title=\"1974\" href=\"https:\/\/es.wikipedia.org\/wiki\/1974\">1974<\/a>: <a title=\"James J. Braddock\" href=\"https:\/\/es.wikipedia.org\/wiki\/James_J._Braddock\">James J. Braddock<\/a>, boxeador estadounidense.<\/li>\n<li><a title=\"1975\" href=\"https:\/\/es.wikipedia.org\/wiki\/1975\">1975<\/a>: <a title=\"Tony Brise\" href=\"https:\/\/es.wikipedia.org\/wiki\/Tony_Brise\">Tony Brise<\/a>, piloto brit\u00e1nico de automovilismo.<\/li>\n<li>1975: <a title=\"Graham Hill\" href=\"https:\/\/es.wikipedia.org\/wiki\/Graham_Hill\">Graham Hill<\/a>, piloto de automovilismo brit\u00e1nico.<\/li>\n<li><a title=\"1976\" href=\"https:\/\/es.wikipedia.org\/wiki\/1976\">1976<\/a>: <a title=\"Jos\u00e9 Mar\u00eda Arizmendiarrieta\" href=\"https:\/\/es.wikipedia.org\/wiki\/Jos%C3%A9_Mar%C3%ADa_Arizmendiarrieta\">Jos\u00e9 Mar\u00eda Arizmendiarrieta<\/a>, sacerdote espa\u00f1ol (n. 1915).<\/li>\n<li><a title=\"1977\" href=\"https:\/\/es.wikipedia.org\/wiki\/1977\">1977<\/a>: <a title=\"Antonio Hern\u00e1ndez Carpe\" href=\"https:\/\/es.wikipedia.org\/wiki\/Antonio_Hern%C3%A1ndez_Carpe\">Antonio Hern\u00e1ndez Carpe<\/a>, pintor espa\u00f1ol (n. 1923).<\/li>\n<li><a title=\"1981\" href=\"https:\/\/es.wikipedia.org\/wiki\/1981\">1981<\/a>: <a title=\"Max Euwe\" href=\"https:\/\/es.wikipedia.org\/wiki\/Max_Euwe\">Max Euwe<\/a>, ajedrecista neerland\u00e9s.<\/li>\n<li>1981: <a title=\"Natalie Wood\" href=\"https:\/\/es.wikipedia.org\/wiki\/Natalie_Wood\">Natalie Wood<\/a>, actriz estadounidense (n. 1938).<\/li>\n<li><a title=\"1982\" href=\"https:\/\/es.wikipedia.org\/wiki\/1982\">1982<\/a>: <a title=\"Hermann Balck\" href=\"https:\/\/es.wikipedia.org\/wiki\/Hermann_Balck\">Hermann Balck<\/a>, militar alem\u00e1n.<\/li>\n<li><a title=\"1986\" href=\"https:\/\/es.wikipedia.org\/wiki\/1986\">1986<\/a>: <a title=\"Cary Grant\" href=\"https:\/\/es.wikipedia.org\/wiki\/Cary_Grant\">Cary Grant<\/a>, actor anglo-estadounidense (n. 1904).<\/li>\n<li><a title=\"1987\" href=\"https:\/\/es.wikipedia.org\/wiki\/1987\">1987<\/a>: <a class=\"mw-redirect\" title=\"V\u00edctor Iturbe\" href=\"https:\/\/es.wikipedia.org\/wiki\/V%C3%ADctor_Iturbe\">V\u00edctor Iturbe<\/a>, cantante de boleros mexicano (n. 1936).<\/li>\n<li><a title=\"1992\" href=\"https:\/\/es.wikipedia.org\/wiki\/1992\">1992<\/a>: <a title=\"Federico Lohse\" href=\"https:\/\/es.wikipedia.org\/wiki\/Federico_Lohse\">Federico Lohse<\/a>, pintor chileno (n. 1912).<\/li>\n<li><a title=\"1999\" href=\"https:\/\/es.wikipedia.org\/wiki\/1999\">1999<\/a>: <a title=\"Carmen D\u00edez de Rivera\" href=\"https:\/\/es.wikipedia.org\/wiki\/Carmen_D%C3%ADez_de_Rivera\">Carmen D\u00edez de Rivera<\/a>, pol\u00edtica espa\u00f1ola (n. 1942).<\/li>\n<li><a title=\"2001\" href=\"https:\/\/es.wikipedia.org\/wiki\/2001\">2001<\/a>: <a title=\"George Harrison\" href=\"https:\/\/es.wikipedia.org\/wiki\/George_Harrison\">George Harrison<\/a>, guitarrista y compositor brit\u00e1nico, de la banda The Beatles (n. 1943).<\/li>\n<li><a title=\"2002\" href=\"https:\/\/es.wikipedia.org\/wiki\/2002\">2002<\/a>: <a class=\"mw-redirect\" title=\"Saburo Ienaga\" href=\"https:\/\/es.wikipedia.org\/wiki\/Saburo_Ienaga\">Saburo Ienaga<\/a>, historiador japon\u00e9s.<\/li>\n<li><a title=\"2004\" href=\"https:\/\/es.wikipedia.org\/wiki\/2004\">2004<\/a>: <a title=\"John Drew Barrymore\" href=\"https:\/\/es.wikipedia.org\/wiki\/John_Drew_Barrymore\">John Drew Barrymore<\/a>, actor estadounidense (n. 1932).<\/li>\n<li><a title=\"2006\" href=\"https:\/\/es.wikipedia.org\/wiki\/2006\">2006<\/a>: <a title=\"Allen Carr\" href=\"https:\/\/es.wikipedia.org\/wiki\/Allen_Carr\">Allen Carr<\/a>, escritor brit\u00e1nico.<\/li>\n<li><a title=\"2007\" href=\"https:\/\/es.wikipedia.org\/wiki\/2007\">2007<\/a>: <a title=\"Ralph Beard\" href=\"https:\/\/es.wikipedia.org\/wiki\/Ralph_Beard\">Ralph Beard<\/a>, baloncestista estadounidense.<\/li>\n<li>2007: <a class=\"mw-redirect\" title=\"Juan Antonio Guajardo Anzaldua\" href=\"https:\/\/es.wikipedia.org\/wiki\/Juan_Antonio_Guajardo_Anzaldua\">Juan Antonio Guajardo Anzaldua<\/a>, pol\u00edtico mexicano.<\/li>\n<li><a title=\"2008\" href=\"https:\/\/es.wikipedia.org\/wiki\/2008\">2008<\/a>: <a title=\"Ulises Dumont\" href=\"https:\/\/es.wikipedia.org\/wiki\/Ulises_Dumont\">Ulises Dumont<\/a>, actor argentino (n. 1937).<\/li>\n<li>2008: <a title=\"Peter Hofmann\" href=\"https:\/\/es.wikipedia.org\/wiki\/Peter_Hofmann\">Peter Hofmann<\/a>, tenor alem\u00e1n (n. 1944).<\/li>\n<li>2008: <a title=\"Mario Monicelli\" href=\"https:\/\/es.wikipedia.org\/wiki\/Mario_Monicelli\">Mario Monicelli<\/a>, cineasta y guionista italiano (n. 1915).<\/li>\n<li>2008: <a title=\"J\u00f8rn Utzon\" href=\"https:\/\/es.wikipedia.org\/wiki\/J%C3%B8rn_Utzon\">J\u00f8rn Utzon<\/a>, arquitecto dan\u00e9s (n. 1918).<\/li>\n<li>2008: <a title=\"Maurice Wilkes\" href=\"https:\/\/es.wikipedia.org\/wiki\/Maurice_Wilkes\">Maurice Wilkes<\/a>, inform\u00e1tico y f\u00edsico brit\u00e1nico (n. 1913).<\/li>\n<li><a title=\"2010\" href=\"https:\/\/es.wikipedia.org\/wiki\/2010\">2010<\/a>: <a title=\"Bela Ajmad\u00falina\" href=\"https:\/\/es.wikipedia.org\/wiki\/Bela_Ajmad%C3%BAlina\">Bela Ajmad\u00falina<\/a>, poetisa y traductora rusa (n. 1937).<\/li>\n<li><a title=\"2011\" href=\"https:\/\/es.wikipedia.org\/wiki\/2011\">2011<\/a>: <a title=\"Guillermo O'Donnell\" href=\"https:\/\/es.wikipedia.org\/wiki\/Guillermo_O%27Donnell\">Guillermo O&#8217;Donnell<\/a>, polit\u00f3logo argentino (n. 1936).<\/li>\n<li>2011: <a title=\"Diego Puerta\" href=\"https:\/\/es.wikipedia.org\/wiki\/Diego_Puerta\">Diego Puerta<\/a>, torero y ganadero espa\u00f1ol (n. 1941).<\/li>\n<li><a title=\"2014\" href=\"https:\/\/es.wikipedia.org\/wiki\/2014\">2014<\/a>: <a title=\"Mark Strand\" href=\"https:\/\/es.wikipedia.org\/wiki\/Mark_Strand\">Mark Strand<\/a>, poeta, ensayista y traductor estadounidense (n. 1934).<\/li>\n<\/ul>\n<h2 style=\"text-align: justify;\"><span id=\"Celebraciones\" class=\"mw-headline\">Celebraciones<\/span><\/h2>\n<ul style=\"text-align: justify;\">\n<li><a title=\"D\u00eda Internacional de Solidaridad con el Pueblo Palestino\" href=\"https:\/\/es.wikipedia.org\/wiki\/D%C3%ADa_Internacional_de_Solidaridad_con_el_Pueblo_Palestino\">D\u00eda Internacional de Solidaridad con el Pueblo Palestino<\/a>.<\/li>\n<li><a title=\"Pamplona\" href=\"https:\/\/es.wikipedia.org\/wiki\/Pamplona\">Pamplona<\/a> (Espa\u00f1a): Festividad de san Saturnino, patr\u00f3n de la ciudad.<\/li>\n<li><a title=\"Rep\u00fablica Dominicana\" href=\"https:\/\/es.wikipedia.org\/wiki\/Rep%C3%BAblica_Dominicana\">Rep\u00fablica Dominicana<\/a>: D\u00eda del Fumigador.<sup id=\"cite_ref-1\" class=\"reference\"><a href=\"https:\/\/es.wikipedia.org\/wiki\/29_de_noviembre#cite_note-1\">1<\/a><\/sup><\/li>\n<li>Venezuela: D\u00eda del Escritor.<sup id=\"cite_ref-2\" class=\"reference\"><a href=\"https:\/\/es.wikipedia.org\/wiki\/29_de_noviembre#cite_note-2\">2<\/a><\/sup><\/li>\n<li>Lanzamiento del v\u00eddeojuego <a title=\"Final Fantasy XV\" href=\"https:\/\/es.wikipedia.org\/wiki\/Final_Fantasy_XV\">Final Fantasy XV<\/a><\/li>\n<\/ul>\n<h3 style=\"text-align: justify;\"><span id=\"Santoral_cat.C3.B3lico\" class=\"mw-headline\"><a title=\"Santoral cat\u00f3lico\" href=\"https:\/\/es.wikipedia.org\/wiki\/Santoral_cat%C3%B3lico\">Santoral cat\u00f3lico<\/a><\/span><\/h3>\n<ul>\n<li style=\"text-align: justify;\">San <a title=\"Saturnino de Tolosa\" href=\"https:\/\/es.wikipedia.org\/wiki\/Saturnino_de_Tolosa\">Saturnino de Tolosa<\/a>, <a title=\"Obispo\" href=\"https:\/\/es.wikipedia.org\/wiki\/Obispo\">obispo<\/a> y <a title=\"M\u00e1rtir\" href=\"https:\/\/es.wikipedia.org\/wiki\/M%C3%A1rtir\">m\u00e1rtir<\/a>.<sup id=\"cite_ref-3\" class=\"reference\"><a href=\"https:\/\/es.wikipedia.org\/wiki\/29_de_noviembre#cite_note-3\">3<\/a><\/sup><\/li>\n<\/ul>\n","protected":false},"excerpt":{"rendered":"<p>Es el 333.\u00ba (tricent\u00e9simo trig\u00e9simo tercer) d\u00eda del a\u00f1o en el calendario gregoriano y el 334.\u00ba en los a\u00f1os bisiestos. Quedan 32\u00a0d\u00edas para finalizar el a\u00f1o.<\/p>\n","protected":false},"author":6,"featured_media":8794,"comment_status":"open","ping_status":"open","sticky":false,"template":"","format":"standard","meta":{"_acf_changed":false,"_monsterinsights_skip_tracking":false,"slim_seo":{"title":"Efem\u00e9rides 29 de Noviembre - Opini\u00f3n P\u00fablica","description":"Es el 333.\u00ba (tricent\u00e9simo trig\u00e9simo tercer) d\u00eda del a\u00f1o en el calendario gregoriano y el 334.\u00ba en los a\u00f1os bisiestos. Quedan 32\u00a0d\u00edas para finalizar el a\u00f1o. Acon"},"footnotes":""},"categories":[27],"tags":[],"class_list":["post-8795","post","type-post","status-publish","format-standard","has-post-thumbnail","hentry","category-un-dia-como-hoy"],"acf":[],"_links":{"self":[{"href":"https:\/\/www.opinionpublica.tv\/portada\/wp-json\/wp\/v2\/posts\/8795","targetHints":{"allow":["GET"]}}],"collection":[{"href":"https:\/\/www.opinionpublica.tv\/portada\/wp-json\/wp\/v2\/posts"}],"about":[{"href":"https:\/\/www.opinionpublica.tv\/portada\/wp-json\/wp\/v2\/types\/post"}],"author":[{"embeddable":true,"href":"https:\/\/www.opinionpublica.tv\/portada\/wp-json\/wp\/v2\/users\/6"}],"replies":[{"embeddable":true,"href":"https:\/\/www.opinionpublica.tv\/portada\/wp-json\/wp\/v2\/comments?post=8795"}],"version-history":[{"count":0,"href":"https:\/\/www.opinionpublica.tv\/portada\/wp-json\/wp\/v2\/posts\/8795\/revisions"}],"wp:featuredmedia":[{"embeddable":true,"href":"https:\/\/www.opinionpublica.tv\/portada\/wp-json\/wp\/v2\/media\/8794"}],"wp:attachment":[{"href":"https:\/\/www.opinionpublica.tv\/portada\/wp-json\/wp\/v2\/media?parent=8795"}],"wp:term":[{"taxonomy":"category","embeddable":true,"href":"https:\/\/www.opinionpublica.tv\/portada\/wp-json\/wp\/v2\/categories?post=8795"},{"taxonomy":"post_tag","embeddable":true,"href":"https:\/\/www.opinionpublica.tv\/portada\/wp-json\/wp\/v2\/tags?post=8795"}],"curies":[{"name":"wp","href":"https:\/\/api.w.org\/{rel}","templated":true}]}}