{"id":8793,"date":"2016-11-26T07:00:00","date_gmt":"2016-11-26T06:00:00","guid":{"rendered":"https:\/\/www.opinionpublica.tv\/portada\/2016\/11\/26\/este-domingo-inician-honras-funebres-de-fidel-castro\/"},"modified":"2016-11-26T07:00:00","modified_gmt":"2016-11-26T06:00:00","slug":"este-domingo-inician-honras-funebres-de-fidel-castro","status":"publish","type":"post","link":"https:\/\/www.opinionpublica.tv\/portada\/este-domingo-inician-honras-funebres-de-fidel-castro\/","title":{"rendered":"Este lunes iniciar\u00e1n honras f\u00fanebres de Fidel Castro"},"content":{"rendered":"<p><img fetchpriority=\"high\" decoding=\"async\" class=\" size-full wp-image-8792\" src=\"https:\/\/www.opinionpublica.tv\/portada\/wp-content\/uploads\/2016\/11\/e3286d4b3c277d45a2b15daf7d5d9e4e.jpg\" alt=\"\" width=\"500\" height=\"261\" srcset=\"https:\/\/www.opinionpublica.tv\/portada\/wp-content\/uploads\/2016\/11\/e3286d4b3c277d45a2b15daf7d5d9e4e.jpg 500w, https:\/\/www.opinionpublica.tv\/portada\/wp-content\/uploads\/2016\/11\/e3286d4b3c277d45a2b15daf7d5d9e4e-300x157.jpg 300w\" sizes=\"(max-width: 500px) 100vw, 500px\" \/><br \/>\n<!--more--><\/p>\n<p style=\"text-align: justify;\">La Comisi\u00f3n Organizadora del Comit\u00e9 Central del Partido Comunista, el Estado y el Gobierno para las honras f\u00fanebres del comandante en Jefe Fidel Castro Ruz, informaron que a partir del pr\u00f3ximo 28 de noviembre en el Memorial Jos\u00e9 Mart\u00ed se realizar\u00e1n los homenajes al l\u00edder de la Revoluci\u00f3n de Cuba.<\/p>\n<p style=\"text-align: justify;\">El pr\u00f3ximo lunes de 9 a 22 horas los cubanos podr\u00e1n acudir a la plaza p\u00fablica ubicada en la Habana para rendir un homenaje al l\u00edder cubano, quien falleci\u00f3 el pasado 25 de noviembre.<\/p>\n<p style=\"text-align: justify;\">En la capital cubana las deferencias se prolongar\u00e1n hasta el mediod\u00eda del 29 de noviembre.<\/p>\n<p style=\"text-align: justify;\">Del mismo modo, durante el 28 y el 29 de noviembre en cada una de las provincias cubanas los habitantes podr\u00e1n \u201cfirmar el solemne juramento de cumplir el concepto de Revoluci\u00f3n\u201d.<\/p>\n<p style=\"text-align: justify;\">El d\u00eda 29 de noviembre, a las 19 horas, se realizar\u00e1 un acto de masas en la Plaza de la Revoluci\u00f3n Jos\u00e9 Mart\u00ed de la capital de Cuba.<\/p>\n<p style=\"text-align: justify;\">Al d\u00eda siguiente se iniciar\u00e1 el traslado de sus cenizas por el itinerario que rememora La Caravana de la Libertad en enero de 1959, hasta la provincia de Santiago de Cuba, concluyendo el d\u00eda 3 de diciembre.<\/p>\n<p style=\"text-align: justify;\">Ese mismo d\u00eda, a las 19 horas, se realizar\u00e1 un acto de masas en la Plaza Antonio Maceo. La ceremonia de inhumaci\u00f3n se efectuar\u00e1 a las 7 horas del 4 de diciembre en el cementerio de Santa Ifigenia, en Santiago de Cuba.<\/p>\n","protected":false},"excerpt":{"rendered":"","protected":false},"author":4,"featured_media":8792,"comment_status":"open","ping_status":"open","sticky":false,"template":"","format":"standard","meta":{"_acf_changed":false,"_monsterinsights_skip_tracking":false,"slim_seo":{"title":"Este lunes iniciar\u00e1n honras f\u00fanebres de Fidel Castro - Opini\u00f3n P\u00fablica","description":"La Comisi\u00f3n Organizadora del Comit\u00e9 Central del Partido Comunista, el Estado y el Gobierno para las honras f\u00fanebres del comandante en Jefe Fidel Castro Ruz, inf"},"footnotes":""},"categories":[3],"tags":[],"class_list":["post-8793","post","type-post","status-publish","format-standard","has-post-thumbnail","hentry","category-principal"],"acf":[],"_links":{"self":[{"href":"https:\/\/www.opinionpublica.tv\/portada\/wp-json\/wp\/v2\/posts\/8793","targetHints":{"allow":["GET"]}}],"collection":[{"href":"https:\/\/www.opinionpublica.tv\/portada\/wp-json\/wp\/v2\/posts"}],"about":[{"href":"https:\/\/www.opinionpublica.tv\/portada\/wp-json\/wp\/v2\/types\/post"}],"author":[{"embeddable":true,"href":"https:\/\/www.opinionpublica.tv\/portada\/wp-json\/wp\/v2\/users\/4"}],"replies":[{"embeddable":true,"href":"https:\/\/www.opinionpublica.tv\/portada\/wp-json\/wp\/v2\/comments?post=8793"}],"version-history":[{"count":0,"href":"https:\/\/www.opinionpublica.tv\/portada\/wp-json\/wp\/v2\/posts\/8793\/revisions"}],"wp:featuredmedia":[{"embeddable":true,"href":"https:\/\/www.opinionpublica.tv\/portada\/wp-json\/wp\/v2\/media\/8792"}],"wp:attachment":[{"href":"https:\/\/www.opinionpublica.tv\/portada\/wp-json\/wp\/v2\/media?parent=8793"}],"wp:term":[{"taxonomy":"category","embeddable":true,"href":"https:\/\/www.opinionpublica.tv\/portada\/wp-json\/wp\/v2\/categories?post=8793"},{"taxonomy":"post_tag","embeddable":true,"href":"https:\/\/www.opinionpublica.tv\/portada\/wp-json\/wp\/v2\/tags?post=8793"}],"curies":[{"name":"wp","href":"https:\/\/api.w.org\/{rel}","templated":true}]}}