{"id":8789,"date":"2016-11-26T07:00:00","date_gmt":"2016-11-26T06:00:00","guid":{"rendered":"https:\/\/www.opinionpublica.tv\/portada\/2016\/11\/26\/efemerides-27-de-noviembre\/"},"modified":"2016-11-26T07:00:00","modified_gmt":"2016-11-26T06:00:00","slug":"efemerides-27-de-noviembre","status":"publish","type":"post","link":"https:\/\/www.opinionpublica.tv\/portada\/efemerides-27-de-noviembre\/","title":{"rendered":"Efem\u00e9rides 27 de Noviembre"},"content":{"rendered":"<img fetchpriority=\"high\" decoding=\"async\" class=\" size-full wp-image-8788\" src=\"https:\/\/www.opinionpublica.tv\/portada\/wp-content\/uploads\/2016\/11\/e65c08bd652f5870b0a7c15f80a13a37.jpg\" alt=\"\" class=\"caption\" title=\"Mar\u00eda (en arameo, \u05de\u05e8\u05d9\u05dd, 'Mariam'), madre de Jes\u00fas de Nazaret\" width=\"200\" height=\"251\" \/>\n<p style=\"text-align: justify;\">Es el 331.\u00ba (tricent\u00e9simo trig\u00e9simo primer) d\u00eda del a\u00f1o en el calendario gregoriano y el 332.\u00ba en los a\u00f1os bisiestos. Quedan 34\u00a0d\u00edas para finalizar el a\u00f1o.<\/p>\n<p><!--more--><\/p>\n<h2 style=\"text-align: justify;\"><span id=\"Acontecimientos\" class=\"mw-headline\">Acontecimientos<\/span><\/h2>\n<ul style=\"text-align: justify;\">\n<li><a title=\"25\" href=\"https:\/\/es.wikipedia.org\/wiki\/25\">25<\/a>: <a title=\"Luoyang\" href=\"https:\/\/es.wikipedia.org\/wiki\/Luoyang\">Luoyang<\/a> es declarada capital de la <a title=\"Dinast\u00eda Han\" href=\"https:\/\/es.wikipedia.org\/wiki\/Dinast%C3%ADa_Han\">Dinast\u00eda Han<\/a> por el emperador <a title=\"Liu Xiu\" href=\"https:\/\/es.wikipedia.org\/wiki\/Liu_Xiu\">Liu Xiu<\/a>.<\/li>\n<li><a title=\"176\" href=\"https:\/\/es.wikipedia.org\/wiki\/176\">176<\/a>: el emperador <a title=\"Marco Aurelio\" href=\"https:\/\/es.wikipedia.org\/wiki\/Marco_Aurelio\">Marco Aurelio<\/a> concede a su hijo <a title=\"C\u00f3modo\" href=\"https:\/\/es.wikipedia.org\/wiki\/C%C3%B3modo\">C\u00f3modo<\/a> el rango de Imperator y comandante supremo de las legiones romanas.<\/li>\n<li><a title=\"395\" href=\"https:\/\/es.wikipedia.org\/wiki\/395\">395<\/a>: <a title=\"Rufino (prefecto)\" href=\"https:\/\/es.wikipedia.org\/wiki\/Rufino_(prefecto)\">Rufino<\/a>, prefecto pretoriano del Este, es asesinado por mercenarios godos en <a title=\"Gainas\" href=\"https:\/\/es.wikipedia.org\/wiki\/Gainas\">Gainas<\/a>.<\/li>\n<li><a title=\"511\" href=\"https:\/\/es.wikipedia.org\/wiki\/511\">511<\/a>: el rey <a title=\"Clodoveo I\" href=\"https:\/\/es.wikipedia.org\/wiki\/Clodoveo_I\">Clodoveo I<\/a> muere en <a title=\"Par\u00eds\" href=\"https:\/\/es.wikipedia.org\/wiki\/Par%C3%ADs\">Par\u00eds<\/a> (Lutetia) y es enterrado en la Abad\u00eda de St. Genevieve. Los merivingios continuar\u00e1 con sus cuatro hijos (<a title=\"Teodorico I\" href=\"https:\/\/es.wikipedia.org\/wiki\/Teodorico_I\">Teodorico I<\/a>, <a title=\"Clodomiro\" href=\"https:\/\/es.wikipedia.org\/wiki\/Clodomiro\">Clodomiro<\/a>, <a title=\"Childeberto I\" href=\"https:\/\/es.wikipedia.org\/wiki\/Childeberto_I\">Childeberto I<\/a> y <a title=\"Clotario I\" href=\"https:\/\/es.wikipedia.org\/wiki\/Clotario_I\">Clotario I<\/a>, que dividen el reino franco en cuatro partes con capitales en <a title=\"Metz\" href=\"https:\/\/es.wikipedia.org\/wiki\/Metz\">Metz<\/a>, <a title=\"Orleans\" href=\"https:\/\/es.wikipedia.org\/wiki\/Orleans\">Orleans<\/a>, <a title=\"Par\u00eds\" href=\"https:\/\/es.wikipedia.org\/wiki\/Par%C3%ADs\">Par\u00eds<\/a> y <a title=\"Soissons\" href=\"https:\/\/es.wikipedia.org\/wiki\/Soissons\">Soissons<\/a>.<\/li>\n<li><a title=\"602\" href=\"https:\/\/es.wikipedia.org\/wiki\/602\">602<\/a>: el emperador <a title=\"Mauricio (emperador)\" href=\"https:\/\/es.wikipedia.org\/wiki\/Mauricio_(emperador)\">Mauricio<\/a> es forzado a ver la ejecuci\u00f3n de sus cinco hijos antes de ser decapitado. Sus cuerpos ser\u00e1n lanzados al mar y sus cuerpos exhibidos en <a title=\"Constantinopla\" href=\"https:\/\/es.wikipedia.org\/wiki\/Constantinopla\">Constantinopla<\/a>.<\/li>\n<\/ul>\n<div class=\"thumb tright\" style=\"text-align: justify;\">\n<div class=\"thumbinner\"><a class=\"image\" href=\"https:\/\/commons.wikimedia.org\/wiki\/File:Passages_d%27outremer_Fr5594,_fol._19r,_Concile_de_Clermont.jpg\"><img decoding=\"async\" class=\"thumbimage\" src=\"https:\/\/upload.wikimedia.org\/wikipedia\/commons\/thumb\/9\/9a\/Passages_d%27outremer_Fr5594%2C_fol._19r%2C_Concile_de_Clermont.jpg\/120px-Passages_d%27outremer_Fr5594%2C_fol._19r%2C_Concile_de_Clermont.jpg\" srcset=\"\/\/upload.wikimedia.org\/wikipedia\/commons\/thumb\/9\/9a\/Passages_d%27outremer_Fr5594%2C_fol._19r%2C_Concile_de_Clermont.jpg\/180px-Passages_d%27outremer_Fr5594%2C_fol._19r%2C_Concile_de_Clermont.jpg 1.5x, \/\/upload.wikimedia.org\/wikipedia\/commons\/thumb\/9\/9a\/Passages_d%27outremer_Fr5594%2C_fol._19r%2C_Concile_de_Clermont.jpg\/240px-Passages_d%27outremer_Fr5594%2C_fol._19r%2C_Concile_de_Clermont.jpg 2x\" alt=\"\" width=\"120\" height=\"116\" data-file-width=\"752\" data-file-height=\"729\" \/><\/a><\/p>\n<div class=\"thumbcaption\">\n<div class=\"magnify\">\u00a0<\/div>\n<p>El papa <a title=\"Urbano II\" href=\"https:\/\/es.wikipedia.org\/wiki\/Urbano_II\">Urbano II<\/a>en el <a title=\"Concilio de Clermont\" href=\"https:\/\/es.wikipedia.org\/wiki\/Concilio_de_Clermont\">Concilio de Clermont<\/a>. Ilustraci\u00f3n del <i>Livre des Passages d&#8217;Outre-mer<\/i>, de alrededor de 1490 (<a title=\"Biblioteca Nacional de Francia\" href=\"https:\/\/es.wikipedia.org\/wiki\/Biblioteca_Nacional_de_Francia\">Biblioteca Nacional de Francia<\/a>)<\/div>\n<\/div>\n<\/div>\n<ul style=\"text-align: justify;\">\n<li><a title=\"1095\" href=\"https:\/\/es.wikipedia.org\/wiki\/1095\">1095<\/a>: en el <a title=\"Concilio de Clermont\" href=\"https:\/\/es.wikipedia.org\/wiki\/Concilio_de_Clermont\">Concilio de Clermont<\/a> (<a title=\"Francia\" href=\"https:\/\/es.wikipedia.org\/wiki\/Francia\">Francia<\/a>), el <a title=\"Papa\" href=\"https:\/\/es.wikipedia.org\/wiki\/Papa\">papa<\/a> <a title=\"Urbano II\" href=\"https:\/\/es.wikipedia.org\/wiki\/Urbano_II\">Urbano II<\/a> convoca a la <a title=\"Primera Cruzada\" href=\"https:\/\/es.wikipedia.org\/wiki\/Primera_Cruzada\">Primera Cruzada<\/a>.<\/li>\n<li><a title=\"1295\" href=\"https:\/\/es.wikipedia.org\/wiki\/1295\">1295<\/a>: los representantes de <a title=\"Lancashire\" href=\"https:\/\/es.wikipedia.org\/wiki\/Lancashire\">Lancashire<\/a> son llamados al <a title=\"Palacio de Westminster\" href=\"https:\/\/es.wikipedia.org\/wiki\/Palacio_de_Westminster\">palacio de Westminster<\/a> por el rey <a title=\"Eduardo I de Inglaterra\" href=\"https:\/\/es.wikipedia.org\/wiki\/Eduardo_I_de_Inglaterra\">Eduardo I de Inglaterra<\/a>, llamada que ser\u00eda conocida como \u00ab<a title=\"Parlamento modelo\" href=\"https:\/\/es.wikipedia.org\/wiki\/Parlamento_modelo\">Parlamento modelo<\/a>\u00bb.<\/li>\n<li><a title=\"1515\" href=\"https:\/\/es.wikipedia.org\/wiki\/1515\">1515<\/a>: es fundada la ciudad de <a title=\"Cuman\u00e1\" href=\"https:\/\/es.wikipedia.org\/wiki\/Cuman%C3%A1\">Cuman\u00e1<\/a>, la primera ciudad fundada en Am\u00e9rica.<\/li>\n<li><a title=\"1520\" href=\"https:\/\/es.wikipedia.org\/wiki\/1520\">1520<\/a>: en el extremo sur de <a title=\"Am\u00e9rica\" href=\"https:\/\/es.wikipedia.org\/wiki\/Am%C3%A9rica\">Am\u00e9rica<\/a>, <a title=\"Fernando de Magallanes\" href=\"https:\/\/es.wikipedia.org\/wiki\/Fernando_de_Magallanes\">Fernando de Magallanes<\/a> cruza el <a title=\"Estrecho de Magallanes\" href=\"https:\/\/es.wikipedia.org\/wiki\/Estrecho_de_Magallanes\">estrecho que lleva su nombre<\/a>.<\/li>\n<li><a title=\"1703\" href=\"https:\/\/es.wikipedia.org\/wiki\/1703\">1703<\/a>: El <a title=\"Faro de Eddystone\" href=\"https:\/\/es.wikipedia.org\/wiki\/Faro_de_Eddystone\">faro de Eddystone<\/a> es destruido por una tormenta.<\/li>\n<li><a title=\"1755\" href=\"https:\/\/es.wikipedia.org\/wiki\/1755\">1755<\/a>: en <a title=\"Mequinez\" href=\"https:\/\/es.wikipedia.org\/wiki\/Mequinez\">Mequinez<\/a> (<a title=\"Marruecos\" href=\"https:\/\/es.wikipedia.org\/wiki\/Marruecos\">Marruecos<\/a>) se registra un terremoto que deja un saldo de 3000\u00a0muertos.<\/li>\n<li><a title=\"1806\" href=\"https:\/\/es.wikipedia.org\/wiki\/1806\">1806<\/a>: en <a title=\"Berl\u00edn\" href=\"https:\/\/es.wikipedia.org\/wiki\/Berl%C3%ADn\">Berl\u00edn<\/a>, <a class=\"mw-redirect\" title=\"Napole\u00f3n\" href=\"https:\/\/es.wikipedia.org\/wiki\/Napole%C3%B3n\">Napole\u00f3n<\/a> ordena el bloqueo continental de <a title=\"Gran Breta\u00f1a\" href=\"https:\/\/es.wikipedia.org\/wiki\/Gran_Breta%C3%B1a\">Gran Breta\u00f1a<\/a>.<\/li>\n<li><a title=\"1807\" href=\"https:\/\/es.wikipedia.org\/wiki\/1807\">1807<\/a>: La familia real portuguesa escapa de <a title=\"Lisboa\" href=\"https:\/\/es.wikipedia.org\/wiki\/Lisboa\">Lisboa<\/a> por las fuerzas napole\u00f3nicas.<\/li>\n<li><a title=\"1810\" href=\"https:\/\/es.wikipedia.org\/wiki\/1810\">1810<\/a>: en Espa\u00f1a se crea el primer reglamento de las <a title=\"Cortes de C\u00e1diz\" href=\"https:\/\/es.wikipedia.org\/wiki\/Cortes_de_C%C3%A1diz\">Cortes de C\u00e1diz<\/a>.<\/li>\n<li><a title=\"1820\" href=\"https:\/\/es.wikipedia.org\/wiki\/1820\">1820<\/a>: en <a title=\"Santa Ana de Trujillo\" href=\"https:\/\/es.wikipedia.org\/wiki\/Santa_Ana_de_Trujillo\">Santa Ana de Trujillo (Venezuela)<\/a>, el general <a title=\"Sim\u00f3n Bol\u00edvar\" href=\"https:\/\/es.wikipedia.org\/wiki\/Sim%C3%B3n_Bol%C3%ADvar\">Sim\u00f3n Bol\u00edvar<\/a> (presidente de la Rep\u00fablica de Gran Colombia) y el general <a title=\"Pablo Morillo\" href=\"https:\/\/es.wikipedia.org\/wiki\/Pablo_Morillo\">Pablo Morillo<\/a> (capit\u00e1n de las fuerzas realistas en Venezuela) firman el <a title=\"Tratado de Armisticio y Regularizaci\u00f3n de la Guerra\" href=\"https:\/\/es.wikipedia.org\/wiki\/Tratado_de_Armisticio_y_Regularizaci%C3%B3n_de_la_Guerra\">Tratado de Armisticio y Regularizaci\u00f3n de la Guerra<\/a>.<\/li>\n<li><a title=\"1830\" href=\"https:\/\/es.wikipedia.org\/wiki\/1830\">1830<\/a>: en <a title=\"Par\u00eds\" href=\"https:\/\/es.wikipedia.org\/wiki\/Par%C3%ADs\">Par\u00eds<\/a>, la joven monja francesa <a title=\"Catalina Labour\u00e9\" href=\"https:\/\/es.wikipedia.org\/wiki\/Catalina_Labour%C3%A9\">Catalina Labour\u00e9<\/a> (1806-1876) declara que se le apareci\u00f3 la Virgen de la Medalla Milagrosa.<\/li>\n<li><a title=\"1838\" href=\"https:\/\/es.wikipedia.org\/wiki\/1838\">1838<\/a>: se inicia la <a title=\"Batalla de San Juan de Ul\u00faa\" href=\"https:\/\/es.wikipedia.org\/wiki\/Batalla_de_San_Juan_de_Ul%C3%BAa\">batalla de San Juan de Ul\u00faa<\/a> donde las tropas francesas comandados por el almirante <a title=\"Charles Baudin\" href=\"https:\/\/es.wikipedia.org\/wiki\/Charles_Baudin\">Charles Baudin<\/a> derrotar\u00e1n a al <a title=\"Ej\u00e9rcito Mexicano\" href=\"https:\/\/es.wikipedia.org\/wiki\/Ej%C3%A9rcito_Mexicano\">Ej\u00e9rcito Mexicano<\/a> al mando de los generales <a title=\"Antonio L\u00f3pez de Santa Anna\" href=\"https:\/\/es.wikipedia.org\/wiki\/Antonio_L%C3%B3pez_de_Santa_Anna\">Antonio L\u00f3pez de Santa Anna<\/a> y <a title=\"Mariano Arista\" href=\"https:\/\/es.wikipedia.org\/wiki\/Mariano_Arista\">Mariano Arista<\/a> en la fortaleza de <a title=\"San Juan de Ul\u00faa\" href=\"https:\/\/es.wikipedia.org\/wiki\/San_Juan_de_Ul%C3%BAa\">San Juan de Ul\u00faa<\/a> en el <a class=\"mw-redirect\" title=\"Estado de Veracruz\" href=\"https:\/\/es.wikipedia.org\/wiki\/Estado_de_Veracruz\">estado de Veracruz<\/a>, <a title=\"M\u00e9xico\" href=\"https:\/\/es.wikipedia.org\/wiki\/M%C3%A9xico\">M\u00e9xico<\/a>.<\/li>\n<li><a title=\"1839\" href=\"https:\/\/es.wikipedia.org\/wiki\/1839\">1839<\/a>: fundaci\u00f3n de la <a title=\"American Statistical Association\" href=\"https:\/\/es.wikipedia.org\/wiki\/American_Statistical_Association\">American Statistical Association<\/a>, en <a title=\"Boston\" href=\"https:\/\/es.wikipedia.org\/wiki\/Boston\">Boston<\/a>, <a title=\"Massachusetts\" href=\"https:\/\/es.wikipedia.org\/wiki\/Massachusetts\">Massachusetts<\/a>.<\/li>\n<li><a title=\"1856\" href=\"https:\/\/es.wikipedia.org\/wiki\/1856\">1856<\/a>: Un golpe de estado en <a title=\"Luxemburgo\" href=\"https:\/\/es.wikipedia.org\/wiki\/Luxemburgo\">Luxemburgo<\/a> adopta una nueva constituci\u00f3n m\u00e1s reaccionaria.<\/li>\n<li><a title=\"1868\" href=\"https:\/\/es.wikipedia.org\/wiki\/1868\">1868<\/a>: el <a class=\"mw-redirect\" title=\"Emperador Meiji\" href=\"https:\/\/es.wikipedia.org\/wiki\/Emperador_Meiji\">Emperador Meiji<\/a> de <a title=\"Jap\u00f3n\" href=\"https:\/\/es.wikipedia.org\/wiki\/Jap%C3%B3n\">Jap\u00f3n<\/a> traslada su residencia de la ciudad de <a title=\"Kioto\" href=\"https:\/\/es.wikipedia.org\/wiki\/Kioto\">Kioto<\/a> a <a title=\"Edo\" href=\"https:\/\/es.wikipedia.org\/wiki\/Edo\">Edo<\/a>, que en adelante se llamar\u00eda <a title=\"Tokio\" href=\"https:\/\/es.wikipedia.org\/wiki\/Tokio\">Tokio<\/a>.<\/li>\n<li><a title=\"1871\" href=\"https:\/\/es.wikipedia.org\/wiki\/1871\">1871<\/a>: en <a title=\"La Habana\" href=\"https:\/\/es.wikipedia.org\/wiki\/La_Habana\">La Habana<\/a> (<a title=\"Cuba\" href=\"https:\/\/es.wikipedia.org\/wiki\/Cuba\">Cuba<\/a>) el Gobierno colonial hace <a class=\"mw-redirect\" title=\"Fusilamiento de los ocho estudiantes de medicina\" href=\"https:\/\/es.wikipedia.org\/wiki\/Fusilamiento_de_los_ocho_estudiantes_de_medicina\">fusilar a ocho estudiantes<\/a> de la c\u00e1tedra de Medicina de la <a title=\"Universidad de La Habana\" href=\"https:\/\/es.wikipedia.org\/wiki\/Universidad_de_La_Habana\">Universidad de La Habana<\/a>.<\/li>\n<li><a title=\"1879\" href=\"https:\/\/es.wikipedia.org\/wiki\/1879\">1879<\/a>: en <a title=\"San Lorenzo de Tarapac\u00e1\" href=\"https:\/\/es.wikipedia.org\/wiki\/San_Lorenzo_de_Tarapac%C3%A1\">Tarapac\u00e1<\/a>, tiene lugar una <a title=\"Batalla de Tarapac\u00e1\" href=\"https:\/\/es.wikipedia.org\/wiki\/Batalla_de_Tarapac%C3%A1\">batalla<\/a> en la campa\u00f1a terrestre de la <a title=\"Guerra del Pac\u00edfico\" href=\"https:\/\/es.wikipedia.org\/wiki\/Guerra_del_Pac%C3%ADfico\">Guerra del Pac\u00edfico<\/a> donde se enfrentan fuerzas chilenas y peruanas, sald\u00e1ndose la batalla con la victoria de estas \u00faltimas.<\/li>\n<li><a title=\"1885\" href=\"https:\/\/es.wikipedia.org\/wiki\/1885\">1885<\/a>: en Espa\u00f1a, <a class=\"mw-redirect\" title=\"Sagasta\" href=\"https:\/\/es.wikipedia.org\/wiki\/Sagasta\">Sagasta<\/a> jura el cargo de presidente del Consejo ante la reina regente, <a title=\"Mar\u00eda Cristina de Habsburgo-Lorena\" href=\"https:\/\/es.wikipedia.org\/wiki\/Mar%C3%ADa_Cristina_de_Habsburgo-Lorena\">Mar\u00eda Cristina de Habsburgo-Lorena<\/a>.<\/li>\n<\/ul>\n<div class=\"thumb tright\" style=\"text-align: justify;\">\n<div class=\"thumbinner\"><a class=\"image\" href=\"https:\/\/commons.wikimedia.org\/wiki\/File:Effi_Briest_EA.jpg\"><img decoding=\"async\" class=\"thumbimage\" src=\"https:\/\/upload.wikimedia.org\/wikipedia\/commons\/thumb\/a\/a8\/Effi_Briest_EA.jpg\/120px-Effi_Briest_EA.jpg\" srcset=\"\/\/upload.wikimedia.org\/wikipedia\/commons\/thumb\/a\/a8\/Effi_Briest_EA.jpg\/180px-Effi_Briest_EA.jpg 1.5x, \/\/upload.wikimedia.org\/wikipedia\/commons\/thumb\/a\/a8\/Effi_Briest_EA.jpg\/240px-Effi_Briest_EA.jpg 2x\" alt=\"\" width=\"120\" height=\"169\" data-file-width=\"427\" data-file-height=\"600\" \/><\/a><\/p>\n<div class=\"thumbcaption\">\n<div class=\"magnify\">\u00a0<\/div>\n<p><a title=\"Effi Briest\" href=\"https:\/\/es.wikipedia.org\/wiki\/Effi_Briest\">Effi Briest<\/a>)<\/div>\n<\/div>\n<\/div>\n<ul style=\"text-align: justify;\">\n<li><a title=\"1886\" href=\"https:\/\/es.wikipedia.org\/wiki\/1886\">1886<\/a>: El juez alem\u00e1n <a class=\"new\" title=\"Emil Hartwich (a\u00fan no redactado)\" href=\"https:\/\/es.wikipedia.org\/w\/index.php?title=Emil_Hartwich&amp;action=edit&amp;redlink=1\">Emil Hartwich<\/a> recibe heridas fatales en un duelo, tel\u00f3n de fondo de la novela \u00ab<a title=\"Effi Briest\" href=\"https:\/\/es.wikipedia.org\/wiki\/Effi_Briest\">Effi Briest<\/a>\u00ab, un cl\u00e1sico de la literatura alemana.<\/li>\n<li><a title=\"1887\" href=\"https:\/\/es.wikipedia.org\/wiki\/1887\">1887<\/a>: en <a class=\"mw-redirect\" title=\"Quilmes (Buenos Aires)\" href=\"https:\/\/es.wikipedia.org\/wiki\/Quilmes_(Buenos_Aires)\">Quilmes (Buenos Aires)<\/a> se funda el primer club de <a title=\"F\u00fatbol\" href=\"https:\/\/es.wikipedia.org\/wiki\/F%C3%BAtbol\">f\u00fatbol<\/a> de <a title=\"Argentina\" href=\"https:\/\/es.wikipedia.org\/wiki\/Argentina\">Argentina<\/a>, el <a title=\"Quilmes Atl\u00e9tico Club\" href=\"https:\/\/es.wikipedia.org\/wiki\/Quilmes_Atl%C3%A9tico_Club\">Quilmes Atl\u00e9tico Club<\/a>.<\/li>\n<li><a title=\"1895\" href=\"https:\/\/es.wikipedia.org\/wiki\/1895\">1895<\/a>: <a title=\"Alfred Nobel\" href=\"https:\/\/es.wikipedia.org\/wiki\/Alfred_Nobel\">Alfred Nobel<\/a> dispone en su testamento que las rentas de su fortuna se distribuyan en los cinco <a class=\"mw-redirect\" title=\"Premios Nobel\" href=\"https:\/\/es.wikipedia.org\/wiki\/Premios_Nobel\">premios Nobel<\/a>.<\/li>\n<li><a title=\"1907\" href=\"https:\/\/es.wikipedia.org\/wiki\/1907\">1907<\/a>: en <a title=\"Madrid\" href=\"https:\/\/es.wikipedia.org\/wiki\/Madrid\">Madrid<\/a>, el Congreso espa\u00f1ol aprueba una ley para reconstruir la Armada.<\/li>\n<li><a title=\"1912\" href=\"https:\/\/es.wikipedia.org\/wiki\/1912\">1912<\/a>: Francia y Espa\u00f1a firman un tratado acerca de <a title=\"Marruecos\" href=\"https:\/\/es.wikipedia.org\/wiki\/Marruecos\">Marruecos<\/a>, que concede a Espa\u00f1a la zona norte del pa\u00eds.<\/li>\n<li><a title=\"1915\" href=\"https:\/\/es.wikipedia.org\/wiki\/1915\">1915<\/a>: <a title=\"Alemania\" href=\"https:\/\/es.wikipedia.org\/wiki\/Alemania\">Alemania<\/a> lleva a cabo un ataque a\u00e9reo contra <a title=\"Inglaterra\" href=\"https:\/\/es.wikipedia.org\/wiki\/Inglaterra\">Inglaterra<\/a>.<\/li>\n<li><a title=\"1931\" href=\"https:\/\/es.wikipedia.org\/wiki\/1931\">1931<\/a>: en Espa\u00f1a, <a class=\"mw-redirect\" title=\"Niceto Alcal\u00e1 Zamora\" href=\"https:\/\/es.wikipedia.org\/wiki\/Niceto_Alcal%C3%A1_Zamora\">Niceto Alcal\u00e1 Zamora<\/a> es elegido miembro de la <a title=\"Real Academia Espa\u00f1ola\" href=\"https:\/\/es.wikipedia.org\/wiki\/Real_Academia_Espa%C3%B1ola\">Real Academia Espa\u00f1ola de la Lengua<\/a>.<\/li>\n<li><a title=\"1935\" href=\"https:\/\/es.wikipedia.org\/wiki\/1935\">1935<\/a>: las tropas japonesas entran en las ciudades chinas de Beiping (actual <a title=\"Pek\u00edn\" href=\"https:\/\/es.wikipedia.org\/wiki\/Pek%C3%ADn\">Pek\u00edn<\/a>) y de <a title=\"Tianjin\" href=\"https:\/\/es.wikipedia.org\/wiki\/Tianjin\">Tianjin<\/a>.<\/li>\n<li><a title=\"1940\" href=\"https:\/\/es.wikipedia.org\/wiki\/1940\">1940<\/a>:\n<ul>\n<li>En <a class=\"mw-redirect\" title=\"Ruman\u00eda\" href=\"https:\/\/es.wikipedia.org\/wiki\/Ruman%C3%ADa\">Ruman\u00eda<\/a>, el partido fascista <a class=\"mw-redirect mw-disambig\" title=\"Guardia de Hierro\" href=\"https:\/\/es.wikipedia.org\/wiki\/Guardia_de_Hierro\">Garda de Fier<\/a> arresta y ejecuta cerca de 60 exiliados de la corte de <a class=\"mw-redirect\" title=\"Carol II de Ruman\u00eda\" href=\"https:\/\/es.wikipedia.org\/wiki\/Carol_II_de_Ruman%C3%ADa\">Carol II de Ruman\u00eda<\/a>, entre los que se encuentran el ministro <a title=\"Nicolae Iorga\" href=\"https:\/\/es.wikipedia.org\/wiki\/Nicolae_Iorga\">Nicolae Iorga<\/a>.<\/li>\n<li><a title=\"Segunda Guerra Mundial\" href=\"https:\/\/es.wikipedia.org\/wiki\/Segunda_Guerra_Mundial\">Segunda Guerra Mundial<\/a>: en la <a title=\"Batalla de Cabo Teulada\" href=\"https:\/\/es.wikipedia.org\/wiki\/Batalla_de_Cabo_Teulada\">Batalla de Cabo Teulada<\/a>, la <a class=\"mw-redirect\" title=\"Royal Navy\" href=\"https:\/\/es.wikipedia.org\/wiki\/Royal_Navy\">Royal Navy<\/a> derrota la <a title=\"Regia Marina\" href=\"https:\/\/es.wikipedia.org\/wiki\/Regia_Marina\">Regia Marina<\/a> en el Mediterr\u00e1neo.<\/li>\n<\/ul>\n<\/li>\n<li><a title=\"1942\" href=\"https:\/\/es.wikipedia.org\/wiki\/1942\">1942<\/a> Segunda Guerra Mundial: En <a class=\"mw-redirect\" title=\"Toulon\" href=\"https:\/\/es.wikipedia.org\/wiki\/Toulon\">Toulon<\/a>, la marina francesa hunde sus barcos y submarinos para evitar que caigan en manos alemanas.<\/li>\n<li><a title=\"1965\" href=\"https:\/\/es.wikipedia.org\/wiki\/1965\">1965<\/a>: <a title=\"Guerra de Vietnam\" href=\"https:\/\/es.wikipedia.org\/wiki\/Guerra_de_Vietnam\">Guerra de Vietnam<\/a>: el <a title=\"Pent\u00e1gono\" href=\"https:\/\/es.wikipedia.org\/wiki\/Pent%C3%A1gono\">Pent\u00e1gono<\/a> explica al presidente <a title=\"Lyndon B. Johnson\" href=\"https:\/\/es.wikipedia.org\/wiki\/Lyndon_B._Johnson\">Lyndon B. Johnson<\/a> sus planes para ganar la guerra. Para ellos se necesita incrementar el n\u00famero de tropas de los 120.000 actuales a 400.000.<\/li>\n<li><a title=\"1966\" href=\"https:\/\/es.wikipedia.org\/wiki\/1966\">1966<\/a>: en <a title=\"Uruguay\" href=\"https:\/\/es.wikipedia.org\/wiki\/Uruguay\">Uruguay<\/a> se celebran <a title=\"Elecciones generales de Uruguay de 1966\" href=\"https:\/\/es.wikipedia.org\/wiki\/Elecciones_generales_de_Uruguay_de_1966\">elecciones generales<\/a>. Simult\u00e1neamente se realiza un plebiscito constitucional, en el mismo la ciudadan\u00eda decide terminar con el <a title=\"Consejo Nacional de Gobierno\" href=\"https:\/\/es.wikipedia.org\/wiki\/Consejo_Nacional_de_Gobierno\">ejecutivo colegiado<\/a> y volver a la presidencia unipersonal. As\u00ed las cosas, resulta vencedora la f\u00f3rmula <a class=\"mw-redirect\" title=\"\u00d3scar Gestido\" href=\"https:\/\/es.wikipedia.org\/wiki\/%C3%93scar_Gestido\">\u00d3scar Gestido<\/a>&#8211;<a title=\"Jorge Pacheco Areco\" href=\"https:\/\/es.wikipedia.org\/wiki\/Jorge_Pacheco_Areco\">Jorge Pacheco Areco<\/a>.<\/li>\n<li><a title=\"1970\" href=\"https:\/\/es.wikipedia.org\/wiki\/1970\">1970<\/a>: en <a class=\"mw-redirect\" title=\"Manila (Filipinas)\" href=\"https:\/\/es.wikipedia.org\/wiki\/Manila_(Filipinas)\">Manila (Filipinas)<\/a> se realiza un atentado frustrado contra el papa <a title=\"Pablo VI\" href=\"https:\/\/es.wikipedia.org\/wiki\/Pablo_VI\">Pablo VI<\/a>, durante su viaje a <a title=\"Extremo Oriente\" href=\"https:\/\/es.wikipedia.org\/wiki\/Extremo_Oriente\">Extremo Oriente<\/a>.<\/li>\n<li><a title=\"1971\" href=\"https:\/\/es.wikipedia.org\/wiki\/1971\">1971<\/a>: el programa sovi\u00e9tico <a title=\"Mars 2\" href=\"https:\/\/es.wikipedia.org\/wiki\/Mars_2\">Mars 2<\/a> intenta el descenso por Marte pero se estrella. Es el primer objeto humano que llega a la superficie del planeta rojo.<\/li>\n<li><a title=\"1975\" href=\"https:\/\/es.wikipedia.org\/wiki\/1975\">1975<\/a>: en la <a class=\"mw-redirect\" title=\"Iglesia de San Jer\u00f3nimo el Real\" href=\"https:\/\/es.wikipedia.org\/wiki\/Iglesia_de_San_Jer%C3%B3nimo_el_Real\">Iglesia de San Jer\u00f3nimo el Real<\/a> (Madrid) se celebr\u00f3 una Misa de Esp\u00edritu Santo como ceremonia de inauguraci\u00f3n del reinado de <a title=\"Juan Carlos I de Espa\u00f1a\" href=\"https:\/\/es.wikipedia.org\/wiki\/Juan_Carlos_I_de_Espa%C3%B1a\">Juan Carlos I<\/a> como <a title=\"Rey de Espa\u00f1a\" href=\"https:\/\/es.wikipedia.org\/wiki\/Rey_de_Espa%C3%B1a\">rey de Espa\u00f1a<\/a>.<\/li>\n<li><a title=\"1978\" href=\"https:\/\/es.wikipedia.org\/wiki\/1978\">1978<\/a>: El <a title=\"Partido de los Trabajadores de Kurdist\u00e1n\" href=\"https:\/\/es.wikipedia.org\/wiki\/Partido_de_los_Trabajadores_de_Kurdist%C3%A1n\">partido de los Trabajadores de Kurdist\u00e1n<\/a> (<a class=\"mw-redirect\" title=\"PKK\" href=\"https:\/\/es.wikipedia.org\/wiki\/PKK\">PKK<\/a>) en fundado en <a class=\"new\" title=\"Riha (a\u00fan no redactado)\" href=\"https:\/\/es.wikipedia.org\/w\/index.php?title=Riha&amp;action=edit&amp;redlink=1\">Riha<\/a> (Urfa) en Turqu\u00eda.<\/li>\n<li><a title=\"1983\" href=\"https:\/\/es.wikipedia.org\/wiki\/1983\">1983<\/a>:\n<ul>\n<li>Accidente a\u00e9reo en <a title=\"Madrid\" href=\"https:\/\/es.wikipedia.org\/wiki\/Madrid\">Madrid<\/a> del <a title=\"Vuelo 11 de Avianca\" href=\"https:\/\/es.wikipedia.org\/wiki\/Vuelo_11_de_Avianca\">Vuelo 11 de Avianca<\/a>, un avi\u00f3n <a title=\"Boeing 747\" href=\"https:\/\/es.wikipedia.org\/wiki\/Boeing_747\">Boeing 747<\/a> de la aerol\u00ednea <a title=\"Avianca\" href=\"https:\/\/es.wikipedia.org\/wiki\/Avianca\">Avianca<\/a>, que cubr\u00eda el vuelo Par\u00eds-Madrid-Bogot\u00e1.<\/li>\n<li>En <a title=\"Uruguay\" href=\"https:\/\/es.wikipedia.org\/wiki\/Uruguay\">Uruguay<\/a> se realiza el <a title=\"Acto del Obelisco\" href=\"https:\/\/es.wikipedia.org\/wiki\/Acto_del_Obelisco\">Acto del Obelisco<\/a>, en contra de <a title=\"Dictadura c\u00edvico-militar en Uruguay (1973-1985)\" href=\"https:\/\/es.wikipedia.org\/wiki\/Dictadura_c%C3%ADvico-militar_en_Uruguay_(1973-1985)\">la dictadura<\/a> por la que atravesaba el pa\u00eds.<\/li>\n<\/ul>\n<\/li>\n<li><a title=\"1984\" href=\"https:\/\/es.wikipedia.org\/wiki\/1984\">1984<\/a>: <a title=\"Espa\u00f1a\" href=\"https:\/\/es.wikipedia.org\/wiki\/Espa%C3%B1a\">Espa\u00f1a<\/a> y <a title=\"Gran Breta\u00f1a\" href=\"https:\/\/es.wikipedia.org\/wiki\/Gran_Breta%C3%B1a\">Gran Breta\u00f1a<\/a> firman la \u00ab<a title=\"Declaraci\u00f3n de Bruselas\" href=\"https:\/\/es.wikipedia.org\/wiki\/Declaraci%C3%B3n_de_Bruselas\">Declaraci\u00f3n de Bruselas<\/a>\u00ab, en la cual, por primera vez, la parte brit\u00e1nica admite que se abordar\u00e1n cuestiones de soberan\u00eda sobre el contencioso de <a title=\"Gibraltar\" href=\"https:\/\/es.wikipedia.org\/wiki\/Gibraltar\">Gibraltar<\/a>.<\/li>\n<li><a title=\"1989\" href=\"https:\/\/es.wikipedia.org\/wiki\/1989\">1989<\/a>:\n<ul>\n<li>En <a title=\"Jordania\" href=\"https:\/\/es.wikipedia.org\/wiki\/Jordania\">Jordania<\/a>, el rey <a class=\"mw-redirect\" title=\"Hussein de Jordania\" href=\"https:\/\/es.wikipedia.org\/wiki\/Hussein_de_Jordania\">Hussein<\/a> inaugura la primera sesi\u00f3n del nuevo parlamento, tras una ausencia de vida parlamentaria en el pa\u00eds de m\u00e1s de 20\u00a0a\u00f1os.<\/li>\n<li>En <a title=\"Colombia\" href=\"https:\/\/es.wikipedia.org\/wiki\/Colombia\">Colombia<\/a>, el <a title=\"Vuelo 203 de Avianca\" href=\"https:\/\/es.wikipedia.org\/wiki\/Vuelo_203_de_Avianca\">Vuelo 203 de Avianca<\/a> que volaba de <a title=\"Bogot\u00e1\" href=\"https:\/\/es.wikipedia.org\/wiki\/Bogot%C3%A1\">Bogot\u00e1<\/a> a <a title=\"Cali\" href=\"https:\/\/es.wikipedia.org\/wiki\/Cali\">Cali<\/a>, estalla en pleno vuelo. Mueren todos sus ocupantes. Se culpa a <a title=\"Pablo Escobar\" href=\"https:\/\/es.wikipedia.org\/wiki\/Pablo_Escobar\">Pablo Escobar<\/a> y a <a title=\"Gonzalo Rodr\u00edguez Gacha\" href=\"https:\/\/es.wikipedia.org\/wiki\/Gonzalo_Rodr%C3%ADguez_Gacha\">Gonzalo Rodr\u00edguez Gacha<\/a>.<\/li>\n<\/ul>\n<\/li>\n<li><a title=\"1991\" href=\"https:\/\/es.wikipedia.org\/wiki\/1991\">1991<\/a>: <a title=\"Resoluci\u00f3n 721 del Consejo de Seguridad de las Naciones Unidas\" href=\"https:\/\/es.wikipedia.org\/wiki\/Resoluci%C3%B3n_721_del_Consejo_de_Seguridad_de_las_Naciones_Unidas\">Resoluci\u00f3n 721 del Consejo de Seguridad de las Naciones Unidas<\/a> es adoptada.<\/li>\n<li><a title=\"1992\" href=\"https:\/\/es.wikipedia.org\/wiki\/1992\">1992<\/a>: en <a title=\"Venezuela\" href=\"https:\/\/es.wikipedia.org\/wiki\/Venezuela\">Venezuela<\/a>, las fuerzas militares intentan <a title=\"Segundo intento de golpe de Estado de Venezuela de 1992\" href=\"https:\/\/es.wikipedia.org\/wiki\/Segundo_intento_de_golpe_de_Estado_de_Venezuela_de_1992\">otro golpe de estado<\/a> y falla igual que el encabezado por <a title=\"Hugo Ch\u00e1vez\" href=\"https:\/\/es.wikipedia.org\/wiki\/Hugo_Ch%C3%A1vez\">Hugo Ch\u00e1vez<\/a> el 4 de febrero.<\/li>\n<li><a title=\"1994\" href=\"https:\/\/es.wikipedia.org\/wiki\/1994\">1994<\/a>: en <a title=\"Uruguay\" href=\"https:\/\/es.wikipedia.org\/wiki\/Uruguay\">Uruguay<\/a> se celebran <a title=\"Elecciones generales de Uruguay de 1994\" href=\"https:\/\/es.wikipedia.org\/wiki\/Elecciones_generales_de_Uruguay_de_1994\">elecciones generales<\/a>. <a title=\"Julio Mar\u00eda Sanguinetti\" href=\"https:\/\/es.wikipedia.org\/wiki\/Julio_Mar%C3%ADa_Sanguinetti\">Julio Mar\u00eda Sanguinetti<\/a> gana por segunda vez, en esta ocasi\u00f3n por muy escaso margen; el <a class=\"mw-redirect\" title=\"Parlamento de Uruguay\" href=\"https:\/\/es.wikipedia.org\/wiki\/Parlamento_de_Uruguay\">Parlamento<\/a> queda inusualmente repartido en tercios.<\/li>\n<li><a title=\"1998\" href=\"https:\/\/es.wikipedia.org\/wiki\/1998\">1998<\/a>: el autodenominado grupo de Voluntarios de Orange hace p\u00fablica su formaci\u00f3n como grupo terrorista.<\/li>\n<li><a title=\"2003\" href=\"https:\/\/es.wikipedia.org\/wiki\/2003\">2003<\/a>: en un lago de la <a title=\"Rep\u00fablica Democr\u00e1tica del Congo\" href=\"https:\/\/es.wikipedia.org\/wiki\/Rep%C3%BAblica_Democr%C3%A1tica_del_Congo\">Rep\u00fablica Democr\u00e1tica del Congo<\/a> mueren m\u00e1s de 160 personas y desaparecen 100 m\u00e1s en el naufragio de una embarcaci\u00f3n.<\/li>\n<li><a title=\"2005\" href=\"https:\/\/es.wikipedia.org\/wiki\/2005\">2005<\/a>: el Sur de <a title=\"Ir\u00e1n\" href=\"https:\/\/es.wikipedia.org\/wiki\/Ir%C3%A1n\">Ir\u00e1n<\/a> es asolado por un terremoto de 5,9 grados en la <a class=\"mw-redirect\" title=\"Escala de Richter\" href=\"https:\/\/es.wikipedia.org\/wiki\/Escala_de_Richter\">escala de Richter<\/a>: diez muertos y cientos de heridos.<\/li>\n<li><a title=\"2009\" href=\"https:\/\/es.wikipedia.org\/wiki\/2009\">2009<\/a>: <a title=\"Atentado del Nevsky Express de 2009\" href=\"https:\/\/es.wikipedia.org\/wiki\/Atentado_del_Nevsky_Express_de_2009\">Atentado<\/a> en un vag\u00f3n del tren que hace la l\u00ednea <a title=\"Mosc\u00fa\" href=\"https:\/\/es.wikipedia.org\/wiki\/Mosc%C3%BA\">Mosc\u00fa<\/a>&#8211;<a title=\"San Petersburgo\" href=\"https:\/\/es.wikipedia.org\/wiki\/San_Petersburgo\">San Petersburgo<\/a> con el resultado de 39 fallecidos.<\/li>\n<li><a title=\"2014\" href=\"https:\/\/es.wikipedia.org\/wiki\/2014\">2014<\/a>: la inteligencia israel\u00ed frustra un atentado terrorista de <a title=\"Ham\u00e1s\" href=\"https:\/\/es.wikipedia.org\/wiki\/Ham%C3%A1s\">Ham\u00e1s<\/a> en el <a title=\"Estadio\" href=\"https:\/\/es.wikipedia.org\/wiki\/Estadio\">estadio<\/a> m\u00e1s importante de <a title=\"Jerusal\u00e9n\" href=\"https:\/\/es.wikipedia.org\/wiki\/Jerusal%C3%A9n\">Jerusal\u00e9n<\/a>.<sup id=\"cite_ref-1\" class=\"reference\"><a href=\"https:\/\/es.wikipedia.org\/wiki\/27_de_noviembre#cite_note-1\">1<\/a><\/sup> <sup id=\"cite_ref-2\" class=\"reference\"><a href=\"https:\/\/es.wikipedia.org\/wiki\/27_de_noviembre#cite_note-2\">2<\/a><\/sup><\/li>\n<\/ul>\n<h2 style=\"text-align: justify;\"><span id=\"Nacimientos\" class=\"mw-headline\">Nacimientos<\/span><\/h2>\n<ul style=\"text-align: justify;\">\n<li><a title=\"110\" href=\"https:\/\/es.wikipedia.org\/wiki\/110\">110<\/a> o <a title=\"115\" href=\"https:\/\/es.wikipedia.org\/wiki\/115\">115<\/a>: <a title=\"Ant\u00ednoo\" href=\"https:\/\/es.wikipedia.org\/wiki\/Ant%C3%ADnoo\">Ant\u00ednoo<\/a>, presunto amante del emperador romano <a title=\"Adriano\" href=\"https:\/\/es.wikipedia.org\/wiki\/Adriano\">Adriano<\/a> (f. 130).<\/li>\n<\/ul>\n<div class=\"thumb tright\" style=\"text-align: justify;\">\n<div class=\"thumbinner\"><a class=\"image\" href=\"https:\/\/commons.wikimedia.org\/wiki\/File:Ferrando_I_d%27Arag%C3%B3n.jpg\"><img loading=\"lazy\" decoding=\"async\" class=\"thumbimage\" src=\"https:\/\/upload.wikimedia.org\/wikipedia\/commons\/thumb\/c\/c4\/Ferrando_I_d%27Arag%C3%B3n.jpg\/120px-Ferrando_I_d%27Arag%C3%B3n.jpg\" srcset=\"\/\/upload.wikimedia.org\/wikipedia\/commons\/thumb\/c\/c4\/Ferrando_I_d%27Arag%C3%B3n.jpg\/180px-Ferrando_I_d%27Arag%C3%B3n.jpg 1.5x, \/\/upload.wikimedia.org\/wikipedia\/commons\/thumb\/c\/c4\/Ferrando_I_d%27Arag%C3%B3n.jpg\/240px-Ferrando_I_d%27Arag%C3%B3n.jpg 2x\" alt=\"\" width=\"120\" height=\"204\" data-file-width=\"337\" data-file-height=\"574\" \/><\/a><\/p>\n<div class=\"thumbcaption\">\n<div class=\"magnify\">\u00a0<\/div>\n<p><a title=\"Fernando I de Arag\u00f3n\" href=\"https:\/\/es.wikipedia.org\/wiki\/Fernando_I_de_Arag%C3%B3n\">Fernando I de Arag\u00f3n<\/a>.<\/div>\n<\/div>\n<\/div>\n<ul style=\"text-align: justify;\">\n<li><a title=\"1380\" href=\"https:\/\/es.wikipedia.org\/wiki\/1380\">1380<\/a>: <a title=\"Fernando I de Arag\u00f3n\" href=\"https:\/\/es.wikipedia.org\/wiki\/Fernando_I_de_Arag%C3%B3n\">Fernando I de Arag\u00f3n<\/a>, rey aragon\u00e9s (f. 1416).<\/li>\n<li><a title=\"1576\" href=\"https:\/\/es.wikipedia.org\/wiki\/1576\">1576<\/a>: <a title=\"Shimazu Tadatsune\" href=\"https:\/\/es.wikipedia.org\/wiki\/Shimazu_Tadatsune\">Shimazu Tadatsune<\/a>, se\u00f1or de la guerra japon\u00e9s (f. 1638).<\/li>\n<li><a title=\"1635\" href=\"https:\/\/es.wikipedia.org\/wiki\/1635\">1635<\/a>: <a title=\"Madame de Maintenon\" href=\"https:\/\/es.wikipedia.org\/wiki\/Madame_de_Maintenon\">Madame de Maintenon<\/a>, esposa de <a title=\"Luis XIV de Francia\" href=\"https:\/\/es.wikipedia.org\/wiki\/Luis_XIV_de_Francia\">Luis XIV de Francia<\/a> (f. 1719).<\/li>\n<li><a title=\"1684\" href=\"https:\/\/es.wikipedia.org\/wiki\/1684\">1684<\/a>: <a title=\"Tokugawa Yoshimune\" href=\"https:\/\/es.wikipedia.org\/wiki\/Tokugawa_Yoshimune\">Tokugawa Yoshimune<\/a>, sog\u00fan japon\u00e9s (f. 1751).<\/li>\n<li><a title=\"1701\" href=\"https:\/\/es.wikipedia.org\/wiki\/1701\">1701<\/a>: <a title=\"Anders Celsius\" href=\"https:\/\/es.wikipedia.org\/wiki\/Anders_Celsius\">Anders Celsius<\/a>, inventor y astr\u00f3nomo sueco (f. 1744).<\/li>\n<li><a title=\"1711\" href=\"https:\/\/es.wikipedia.org\/wiki\/1711\">1711<\/a>: <a title=\"Antonio G\u00f3mez de la Torre y Jarabeitia\" href=\"https:\/\/es.wikipedia.org\/wiki\/Antonio_G%C3%B3mez_de_la_Torre_y_Jarabeitia\">Antonio G\u00f3mez de la Torre<\/a>, obispo espa\u00f1ol (f. 1779).<\/li>\n<li><a title=\"1741\" href=\"https:\/\/es.wikipedia.org\/wiki\/1741\">1741<\/a>: <a title=\"Jean-Pierre Duport\" href=\"https:\/\/es.wikipedia.org\/wiki\/Jean-Pierre_Duport\">Jean-Pierre Duport<\/a>, violonchelista y compositor franc\u00e9s (f. 1818).<\/li>\n<li><a title=\"1745\" href=\"https:\/\/es.wikipedia.org\/wiki\/1745\">1745<\/a>: <a title=\"Rafael de Sobremonte\" href=\"https:\/\/es.wikipedia.org\/wiki\/Rafael_de_Sobremonte\">Rafael de Sobremonte<\/a>, noble y militar espa\u00f1ol (f. 1827).<\/li>\n<li><a title=\"1751\" href=\"https:\/\/es.wikipedia.org\/wiki\/1751\">1751<\/a>: <a title=\"Johann Gottlob Leidenfrost\" href=\"https:\/\/es.wikipedia.org\/wiki\/Johann_Gottlob_Leidenfrost\">Johann Gottlob Leidenfrost<\/a>, m\u00e9dico y te\u00f3logo alem\u00e1n (f. 1794).<\/li>\n<li><a title=\"1754\" href=\"https:\/\/es.wikipedia.org\/wiki\/1754\">1754<\/a>: <a title=\"Georg Forster\" href=\"https:\/\/es.wikipedia.org\/wiki\/Georg_Forster\">Georg Forster<\/a>, naturalista y etn\u00f3logo alem\u00e1n (f. 1794).<\/li>\n<li><a title=\"1755\" href=\"https:\/\/es.wikipedia.org\/wiki\/1755\">1755<\/a>: <a class=\"mw-redirect\" title=\"Gregorio Ceruelo la Fuente\" href=\"https:\/\/es.wikipedia.org\/wiki\/Gregorio_Ceruelo_la_Fuente\">Gregorio Ceruelo la Fuente<\/a>, sacerdote espa\u00f1ol (f. 1836).<\/li>\n<li><a title=\"1761\" href=\"https:\/\/es.wikipedia.org\/wiki\/1761\">1761<\/a>: <a title=\"Julien Marie Cosmao-Kerjulien\" href=\"https:\/\/es.wikipedia.org\/wiki\/Julien_Marie_Cosmao-Kerjulien\">Julien Marie Cosmao-Kerjulien<\/a>, militar franc\u00e9s (f. 1825).<\/li>\n<li><a title=\"1787\" href=\"https:\/\/es.wikipedia.org\/wiki\/1787\">1787<\/a>: <a title=\"Ram\u00f3n Freire\" href=\"https:\/\/es.wikipedia.org\/wiki\/Ram%C3%B3n_Freire\">Ram\u00f3n Freire<\/a>, pol\u00edtico y militar chileno (f. 1851).<\/li>\n<\/ul>\n<div class=\"thumb tright\" style=\"text-align: justify;\">\n<div class=\"thumbinner\"><a class=\"image\" href=\"https:\/\/commons.wikimedia.org\/wiki\/File:Facundo_Quiroga_por_Fermepin.JPG\"><img loading=\"lazy\" decoding=\"async\" class=\"thumbimage\" src=\"https:\/\/upload.wikimedia.org\/wikipedia\/commons\/thumb\/9\/93\/Facundo_Quiroga_por_Fermepin.JPG\/120px-Facundo_Quiroga_por_Fermepin.JPG\" srcset=\"\/\/upload.wikimedia.org\/wikipedia\/commons\/thumb\/9\/93\/Facundo_Quiroga_por_Fermepin.JPG\/180px-Facundo_Quiroga_por_Fermepin.JPG 1.5x, \/\/upload.wikimedia.org\/wikipedia\/commons\/thumb\/9\/93\/Facundo_Quiroga_por_Fermepin.JPG\/240px-Facundo_Quiroga_por_Fermepin.JPG 2x\" alt=\"\" width=\"120\" height=\"149\" data-file-width=\"480\" data-file-height=\"595\" \/><\/a><\/p>\n<div class=\"thumbcaption\">\n<div class=\"magnify\">\u00a0<\/div>\n<p><a title=\"Facundo Quiroga\" href=\"https:\/\/es.wikipedia.org\/wiki\/Facundo_Quiroga\">Facundo Quiroga<\/a>.<\/div>\n<\/div>\n<\/div>\n<ul style=\"text-align: justify;\">\n<li><a title=\"1788\" href=\"https:\/\/es.wikipedia.org\/wiki\/1788\">1788<\/a>: <a title=\"Facundo Quiroga\" href=\"https:\/\/es.wikipedia.org\/wiki\/Facundo_Quiroga\">Facundo Quiroga<\/a>, militar argentino (f. 1835).<\/li>\n<li><a title=\"1794\" href=\"https:\/\/es.wikipedia.org\/wiki\/1794\">1794<\/a>: <a title=\"Diederich Franz Leonhard von Schlechtendal\" href=\"https:\/\/es.wikipedia.org\/wiki\/Diederich_Franz_Leonhard_von_Schlechtendal\">Diederich Franz Leonhard von Schlechtendal<\/a>, bot\u00e1nico alem\u00e1n (f. 1866).<\/li>\n<li><a title=\"1796\" href=\"https:\/\/es.wikipedia.org\/wiki\/1796\">1796<\/a>: <a title=\"Jens Lorenz Moestue Vahl\" href=\"https:\/\/es.wikipedia.org\/wiki\/Jens_Lorenz_Moestue_Vahl\">Jens Lorenz Moestue Vahl<\/a>, bot\u00e1nico y explorador dan\u00e9s (f. 1854).<\/li>\n<li><a title=\"1798\" href=\"https:\/\/es.wikipedia.org\/wiki\/1798\">1798<\/a>: <a title=\"Andries Pretorius\" href=\"https:\/\/es.wikipedia.org\/wiki\/Andries_Pretorius\">Andries Pretorius<\/a>, l\u00edder sudafricano (f. 1853).<\/li>\n<li><a title=\"1801\" href=\"https:\/\/es.wikipedia.org\/wiki\/1801\">1801<\/a>: <a title=\"Jos\u00e9 Mar\u00eda Marchessi y Oleaga\" href=\"https:\/\/es.wikipedia.org\/wiki\/Jos%C3%A9_Mar%C3%ADa_Marchessi_y_Oleaga\">Jos\u00e9 Mar\u00eda Marchessi y Oleaga<\/a>, militar espa\u00f1ol (f. 1882).<\/li>\n<li>1801: <a title=\"Jakob Stutz\" href=\"https:\/\/es.wikipedia.org\/wiki\/Jakob_Stutz\">Jakob Stutz<\/a>, escritor suizo (f. 1877).<\/li>\n<\/ul>\n<div class=\"thumb tright\" style=\"text-align: justify;\">\n<div class=\"thumbinner\"><a class=\"image\" href=\"https:\/\/commons.wikimedia.org\/wiki\/File:Vargas_tejada.jpg\"><img loading=\"lazy\" decoding=\"async\" class=\"thumbimage\" src=\"https:\/\/upload.wikimedia.org\/wikipedia\/commons\/thumb\/0\/0f\/Vargas_tejada.jpg\/120px-Vargas_tejada.jpg\" srcset=\"\/\/upload.wikimedia.org\/wikipedia\/commons\/thumb\/0\/0f\/Vargas_tejada.jpg\/180px-Vargas_tejada.jpg 1.5x, \/\/upload.wikimedia.org\/wikipedia\/commons\/thumb\/0\/0f\/Vargas_tejada.jpg\/240px-Vargas_tejada.jpg 2x\" alt=\"\" width=\"120\" height=\"143\" data-file-width=\"1562\" data-file-height=\"1863\" \/><\/a><\/p>\n<div class=\"thumbcaption\">\n<div class=\"magnify\">\u00a0<\/div>\n<p><a title=\"Luis Vargas Tejada\" href=\"https:\/\/es.wikipedia.org\/wiki\/Luis_Vargas_Tejada\">Luis Vargas Tejada<\/a>.<\/div>\n<\/div>\n<\/div>\n<ul style=\"text-align: justify;\">\n<li><a title=\"1802\" href=\"https:\/\/es.wikipedia.org\/wiki\/1802\">1802<\/a>: <a title=\"Luis Vargas Tejada\" href=\"https:\/\/es.wikipedia.org\/wiki\/Luis_Vargas_Tejada\">Luis Vargas Tejada<\/a>, escritor colombiano (f. 1829).<\/li>\n<li><a title=\"1804\" href=\"https:\/\/es.wikipedia.org\/wiki\/1804\">1804<\/a>: <a title=\"Julius Benedict\" href=\"https:\/\/es.wikipedia.org\/wiki\/Julius_Benedict\">Julius Benedict<\/a>, compositor y director de orquesta germano-brit\u00e1nico (f. 1885).<\/li>\n<li><a title=\"1817\" href=\"https:\/\/es.wikipedia.org\/wiki\/1817\">1817<\/a>: <a title=\"Juan Gregorio Pujol\" href=\"https:\/\/es.wikipedia.org\/wiki\/Juan_Gregorio_Pujol\">Juan Pujol<\/a>, pol\u00edtico argentino (f. 1861).<\/li>\n<li><a title=\"1820\" href=\"https:\/\/es.wikipedia.org\/wiki\/1820\">1820<\/a>: <a title=\"Thomas Baines\" href=\"https:\/\/es.wikipedia.org\/wiki\/Thomas_Baines\">Thomas Baines<\/a>, explorador y artista estadounidense (f. 1875).<\/li>\n<li><a title=\"1822\" href=\"https:\/\/es.wikipedia.org\/wiki\/1822\">1822<\/a>: <a title=\"Jos\u00e9 Selgas\" href=\"https:\/\/es.wikipedia.org\/wiki\/Jos%C3%A9_Selgas\">Jos\u00e9 Selgas<\/a>, escritor y periodista espa\u00f1ol (f. 1882).<\/li>\n<li><a title=\"1827\" href=\"https:\/\/es.wikipedia.org\/wiki\/1827\">1827<\/a>: <a title=\"Andr\u00e9s S. Viesca\" href=\"https:\/\/es.wikipedia.org\/wiki\/Andr%C3%A9s_S._Viesca\">Andr\u00e9s S. Viesca<\/a>, militar mexicano (f. 1908).<\/li>\n<li><a title=\"1828\" href=\"https:\/\/es.wikipedia.org\/wiki\/1828\">1828<\/a>: <a title=\"Florencio Mar\u00eda del Castillo\" href=\"https:\/\/es.wikipedia.org\/wiki\/Florencio_Mar%C3%ADa_del_Castillo\">Florencio Mar\u00eda del Castillo<\/a>, escritor y periodista mexicano (f. 1863).<\/li>\n<li><a title=\"1829\" href=\"https:\/\/es.wikipedia.org\/wiki\/1829\">1829<\/a>: <a title=\"Samuel Chamberlain\" href=\"https:\/\/es.wikipedia.org\/wiki\/Samuel_Chamberlain\">Samuel Chamberlain<\/a>, soldado, escritor y pintor estadounidense (f. 1908).<\/li>\n<li>1829: <a title=\"Henri Louis Fr\u00e9d\u00e9ric de Saussure\" href=\"https:\/\/es.wikipedia.org\/wiki\/Henri_Louis_Fr%C3%A9d%C3%A9ric_de_Saussure\">Henri Louis Fr\u00e9d\u00e9ric de Saussure<\/a>, naturalista y entom\u00f3logo suizo (f. 1905).<\/li>\n<li><a title=\"1831\" href=\"https:\/\/es.wikipedia.org\/wiki\/1831\">1831<\/a>: <a title=\"Dolores Costa\" href=\"https:\/\/es.wikipedia.org\/wiki\/Dolores_Costa\">Dolores Costa<\/a>, primera dama argentina (f. 1896).<\/li>\n<li><a title=\"1832\" href=\"https:\/\/es.wikipedia.org\/wiki\/1832\">1832<\/a>: <a title=\"Thomas Belt\" href=\"https:\/\/es.wikipedia.org\/wiki\/Thomas_Belt\">Thomas Belt<\/a>, ge\u00f3logo y naturalista ingl\u00e9s (f. 1878).<\/li>\n<li><a title=\"1833\" href=\"https:\/\/es.wikipedia.org\/wiki\/1833\">1833<\/a>: <a title=\"Mar\u00eda Adelaida de Cambridge\" href=\"https:\/\/es.wikipedia.org\/wiki\/Mar%C3%ADa_Adelaida_de_Cambridge\">Mar\u00eda Adelaida de Cambridge<\/a>, miembro de la Familia Real Brit\u00e1nica (f. 1897).<\/li>\n<li>1833: <a title=\"Hugo Pieter Vogel\" href=\"https:\/\/es.wikipedia.org\/wiki\/Hugo_Pieter_Vogel\">Hugo Pieter Vogel<\/a>, arquitecto holand\u00e9s (f. 1886).<\/li>\n<li><a title=\"1837\" href=\"https:\/\/es.wikipedia.org\/wiki\/1837\">1837<\/a>: <a title=\"Juana Catalina Romero\" href=\"https:\/\/es.wikipedia.org\/wiki\/Juana_Catalina_Romero\">Juana Catalina Romero<\/a>, arist\u00f3crata mexicana (f. 1915).<\/li>\n<li><a title=\"1838\" href=\"https:\/\/es.wikipedia.org\/wiki\/1838\">1838<\/a>: <a title=\"Manuel Obligado\" href=\"https:\/\/es.wikipedia.org\/wiki\/Manuel_Obligado\">Manuel Obligado<\/a>, militar y pol\u00edtico argentino (f. 1896).<\/li>\n<li><a title=\"1841\" href=\"https:\/\/es.wikipedia.org\/wiki\/1841\">1841<\/a>: <a title=\"Paul Christoph Hennings\" href=\"https:\/\/es.wikipedia.org\/wiki\/Paul_Christoph_Hennings\">Paul Christoph Hennings<\/a>, bot\u00e1nico alem\u00e1n (f. 1908).<\/li>\n<\/ul>\n<div class=\"thumb tright\" style=\"text-align: justify;\">\n<div class=\"thumbinner\"><a class=\"image\" href=\"https:\/\/commons.wikimedia.org\/wiki\/File:Lagartijo.jpg\"><img loading=\"lazy\" decoding=\"async\" class=\"thumbimage\" src=\"https:\/\/upload.wikimedia.org\/wikipedia\/commons\/thumb\/8\/80\/Lagartijo.jpg\/120px-Lagartijo.jpg\" srcset=\"\/\/upload.wikimedia.org\/wikipedia\/commons\/thumb\/8\/80\/Lagartijo.jpg\/180px-Lagartijo.jpg 1.5x, \/\/upload.wikimedia.org\/wikipedia\/commons\/thumb\/8\/80\/Lagartijo.jpg\/240px-Lagartijo.jpg 2x\" alt=\"\" width=\"120\" height=\"172\" data-file-width=\"299\" data-file-height=\"428\" \/><\/a><\/p>\n<div class=\"thumbcaption\">\n<div class=\"magnify\">\u00a0<\/div>\n<p><a title=\"Lagartijo\" href=\"https:\/\/es.wikipedia.org\/wiki\/Lagartijo\">Lagartijo<\/a>.<\/div>\n<\/div>\n<\/div>\n<ul style=\"text-align: justify;\">\n<li>1841: <a title=\"Lagartijo\" href=\"https:\/\/es.wikipedia.org\/wiki\/Lagartijo\">Lagartijo<\/a>, torero espa\u00f1ol (f. 1900).<\/li>\n<li><a title=\"1843\" href=\"https:\/\/es.wikipedia.org\/wiki\/1843\">1843<\/a>: <a title=\"Elizabeth Stride\" href=\"https:\/\/es.wikipedia.org\/wiki\/Elizabeth_Stride\">Elizabeth Stride<\/a>, v\u00edctima de <a title=\"Jack el Destripador\" href=\"https:\/\/es.wikipedia.org\/wiki\/Jack_el_Destripador\">Jack el Destripador<\/a> (f. 1888).<\/li>\n<li><a title=\"1846\" href=\"https:\/\/es.wikipedia.org\/wiki\/1846\">1846<\/a>: <a title=\"\u00c1ngel Rubio La\u00ednez\" href=\"https:\/\/es.wikipedia.org\/wiki\/%C3%81ngel_Rubio_La%C3%ADnez\">\u00c1ngel Rubio La\u00ednez<\/a>, compositor y director de orquesta espa\u00f1ol (f. 1906).<\/li>\n<li><a title=\"1848\" href=\"https:\/\/es.wikipedia.org\/wiki\/1848\">1848<\/a>: <a title=\"Henry Augustus Rowland\" href=\"https:\/\/es.wikipedia.org\/wiki\/Henry_Augustus_Rowland\">Henry Augustus Rowland<\/a>, f\u00edsico estadounidense (f. 1901).<\/li>\n<li><a title=\"1850\" href=\"https:\/\/es.wikipedia.org\/wiki\/1850\">1850<\/a>: <a title=\"Friedrich Carl Lehmann\" href=\"https:\/\/es.wikipedia.org\/wiki\/Friedrich_Carl_Lehmann\">Friedrich Carl Lehmann<\/a>, bi\u00f3logo alem\u00e1n (f. 1903).<\/li>\n<li><a title=\"1854\" href=\"https:\/\/es.wikipedia.org\/wiki\/1854\">1854<\/a>: <a title=\"Louis De Geer (1854-1935)\" href=\"https:\/\/es.wikipedia.org\/wiki\/Louis_De_Geer_(1854-1935)\">Louis De Geer<\/a>, pol\u00edtico sueco (f. 1935).<\/li>\n<li><a title=\"1857\" href=\"https:\/\/es.wikipedia.org\/wiki\/1857\">1857<\/a>: <a title=\"Charles Scott Sherrington\" href=\"https:\/\/es.wikipedia.org\/wiki\/Charles_Scott_Sherrington\">Charles Scott Sherrington<\/a>, fisi\u00f3logo brit\u00e1nico, <a class=\"mw-redirect\" title=\"Premio Nobel de Medicina\" href=\"https:\/\/es.wikipedia.org\/wiki\/Premio_Nobel_de_Medicina\">Premio Nobel de Medicina<\/a> en <a title=\"1932\" href=\"https:\/\/es.wikipedia.org\/wiki\/1932\">1932<\/a> (f. 1952).<\/li>\n<li><a title=\"1860\" href=\"https:\/\/es.wikipedia.org\/wiki\/1860\">1860<\/a>: <a title=\"Facundo Perezagua\" href=\"https:\/\/es.wikipedia.org\/wiki\/Facundo_Perezagua\">Facundo Perezagua<\/a>, pol\u00edtico y sindicalista espa\u00f1ol (f. 1935).<\/li>\n<li><a title=\"1862\" href=\"https:\/\/es.wikipedia.org\/wiki\/1862\">1862<\/a>: <a title=\"Franz Xaver Kugler\" href=\"https:\/\/es.wikipedia.org\/wiki\/Franz_Xaver_Kugler\">Franz Xaver Kugler<\/a>, erudito alem\u00e1n (f. 1929).<\/li>\n<li><a title=\"1863\" href=\"https:\/\/es.wikipedia.org\/wiki\/1863\">1863<\/a>: <a title=\"Josef Block\" href=\"https:\/\/es.wikipedia.org\/wiki\/Josef_Block\">Josef Block<\/a>, pintor alem\u00e1n (f. 1943).<\/li>\n<\/ul>\n<div class=\"thumb tright\" style=\"text-align: justify;\">\n<div class=\"thumbinner\"><a class=\"image\" href=\"https:\/\/commons.wikimedia.org\/wiki\/File:JASilva.jpg\"><img loading=\"lazy\" decoding=\"async\" class=\"thumbimage\" src=\"https:\/\/upload.wikimedia.org\/wikipedia\/commons\/thumb\/a\/ac\/JASilva.jpg\/120px-JASilva.jpg\" srcset=\"\/\/upload.wikimedia.org\/wikipedia\/commons\/thumb\/a\/ac\/JASilva.jpg\/180px-JASilva.jpg 1.5x, \/\/upload.wikimedia.org\/wikipedia\/commons\/a\/ac\/JASilva.jpg 2x\" alt=\"\" width=\"120\" height=\"166\" data-file-width=\"215\" data-file-height=\"297\" \/><\/a><\/p>\n<div class=\"thumbcaption\">\n<div class=\"magnify\">\u00a0<\/div>\n<p><a title=\"Jos\u00e9 Asunci\u00f3n Silva\" href=\"https:\/\/es.wikipedia.org\/wiki\/Jos%C3%A9_Asunci%C3%B3n_Silva\">Jos\u00e9 Asunci\u00f3n Silva<\/a>.<\/div>\n<\/div>\n<\/div>\n<ul style=\"text-align: justify;\">\n<li><a title=\"1865\" href=\"https:\/\/es.wikipedia.org\/wiki\/1865\">1865<\/a>: <a title=\"Jos\u00e9 Asunci\u00f3n Silva\" href=\"https:\/\/es.wikipedia.org\/wiki\/Jos%C3%A9_Asunci%C3%B3n_Silva\">Jos\u00e9 Asunci\u00f3n Silva<\/a>, poeta colombiano (f. 1896).<\/li>\n<li><a title=\"1870\" href=\"https:\/\/es.wikipedia.org\/wiki\/1870\">1870<\/a>: <a title=\"Juho Kusti Paasikivi\" href=\"https:\/\/es.wikipedia.org\/wiki\/Juho_Kusti_Paasikivi\">Juho Kusti Paasikivi<\/a>, presidente finland\u00e9s (f. 1956).<\/li>\n<li><a title=\"1871\" href=\"https:\/\/es.wikipedia.org\/wiki\/1871\">1871<\/a>: <a title=\"Giovanni Giorgi\" href=\"https:\/\/es.wikipedia.org\/wiki\/Giovanni_Giorgi\">Giovanni Giorgi<\/a>, ingeniero electricista italiano (f. 1950).<\/li>\n<li><a title=\"1872\" href=\"https:\/\/es.wikipedia.org\/wiki\/1872\">1872<\/a>: <a title=\"Peter Raabe\" href=\"https:\/\/es.wikipedia.org\/wiki\/Peter_Raabe\">Peter Raabe<\/a>, compositor y director de orquesta alem\u00e1n (f. 1945).<\/li>\n<li><a title=\"1874\" href=\"https:\/\/es.wikipedia.org\/wiki\/1874\">1874<\/a>: <a title=\"Charles Beard\" href=\"https:\/\/es.wikipedia.org\/wiki\/Charles_Beard\">Charles Beard<\/a>, historiador estadounidense (f. 1948).<\/li>\n<\/ul>\n<div class=\"thumb tright\" style=\"text-align: justify;\">\n<div class=\"thumbinner\"><a class=\"image\" href=\"https:\/\/commons.wikimedia.org\/wiki\/File:Weizmann_1948.jpg\"><img loading=\"lazy\" decoding=\"async\" class=\"thumbimage\" src=\"https:\/\/upload.wikimedia.org\/wikipedia\/commons\/thumb\/d\/d9\/Weizmann_1948.jpg\/120px-Weizmann_1948.jpg\" srcset=\"\/\/upload.wikimedia.org\/wikipedia\/commons\/thumb\/d\/d9\/Weizmann_1948.jpg\/180px-Weizmann_1948.jpg 1.5x, \/\/upload.wikimedia.org\/wikipedia\/commons\/d\/d9\/Weizmann_1948.jpg 2x\" alt=\"\" width=\"120\" height=\"173\" data-file-width=\"191\" data-file-height=\"276\" \/><\/a><\/p>\n<div class=\"thumbcaption\">\n<div class=\"magnify\">\u00a0<\/div>\n<p><a title=\"Jaim Weizmann\" href=\"https:\/\/es.wikipedia.org\/wiki\/Jaim_Weizmann\">Jaim Weizmann<\/a>.<\/div>\n<\/div>\n<\/div>\n<ul style=\"text-align: justify;\">\n<li>1874: <a title=\"Jaim Weizmann\" href=\"https:\/\/es.wikipedia.org\/wiki\/Jaim_Weizmann\">Jaim Weizmann<\/a>, primer presidente de Israel (f. 1952).<\/li>\n<li><a title=\"1875\" href=\"https:\/\/es.wikipedia.org\/wiki\/1875\">1875<\/a>: <a title=\"Julius Lenhart\" href=\"https:\/\/es.wikipedia.org\/wiki\/Julius_Lenhart\">Julius Lenhart<\/a>, gimnasta austr\u00edaco (f. 1962).<\/li>\n<li><a title=\"1876\" href=\"https:\/\/es.wikipedia.org\/wiki\/1876\">1876<\/a>: <a title=\"Viktor Kaplan\" href=\"https:\/\/es.wikipedia.org\/wiki\/Viktor_Kaplan\">Viktor Kaplan<\/a>, ingeniero austr\u00edaco (f. 1934).<\/li>\n<li><a title=\"1878\" href=\"https:\/\/es.wikipedia.org\/wiki\/1878\">1878<\/a>: <a title=\"Charles Dvorak\" href=\"https:\/\/es.wikipedia.org\/wiki\/Charles_Dvorak\">Charles Dvorak<\/a>, atleta estadounidense (f. 1969).<\/li>\n<li>1878: <a title=\"William Orpen\" href=\"https:\/\/es.wikipedia.org\/wiki\/William_Orpen\">William Orpen<\/a>, pintor irland\u00e9s (f. 1931).<\/li>\n<li>1878: <a title=\"Primitivo Yela Montalv\u00e1n\" href=\"https:\/\/es.wikipedia.org\/wiki\/Primitivo_Yela_Montalv%C3%A1n\">Primitivo Yela Montalv\u00e1n<\/a>, jurista, escritor y pol\u00edtico ecuatoriano (f. 1948).<\/li>\n<li><a title=\"1879\" href=\"https:\/\/es.wikipedia.org\/wiki\/1879\">1879<\/a>: <a class=\"mw-redirect\" title=\"Alberto Colunga Cueto\" href=\"https:\/\/es.wikipedia.org\/wiki\/Alberto_Colunga_Cueto\">Alberto Colunga Cueto<\/a>, sacerdote espa\u00f1ol (f. 1962).<\/li>\n<li><a title=\"1880\" href=\"https:\/\/es.wikipedia.org\/wiki\/1880\">1880<\/a>: <a title=\"Primitivo Hern\u00e1ndez Sampelayo\" href=\"https:\/\/es.wikipedia.org\/wiki\/Primitivo_Hern%C3%A1ndez_Sampelayo\">Primitivo Hern\u00e1ndez Sampelayo<\/a>, ingeniero espa\u00f1ol (f. 1959).<\/li>\n<li><a title=\"1881\" href=\"https:\/\/es.wikipedia.org\/wiki\/1881\">1881<\/a>: <a title=\"Joel Lehtonen\" href=\"https:\/\/es.wikipedia.org\/wiki\/Joel_Lehtonen\">Joel Lehtonen<\/a>, escritor fin\u00e9s (f. 1934).<\/li>\n<li><a title=\"1882\" href=\"https:\/\/es.wikipedia.org\/wiki\/1882\">1882<\/a>: <a title=\"Adolf Abel\" href=\"https:\/\/es.wikipedia.org\/wiki\/Adolf_Abel\">Adolf Abel<\/a>, arquitecto alem\u00e1n (f. 1968).<\/li>\n<li><a title=\"1886\" href=\"https:\/\/es.wikipedia.org\/wiki\/1886\">1886<\/a>: <a title=\"Coriolano Alberini\" href=\"https:\/\/es.wikipedia.org\/wiki\/Coriolano_Alberini\">Coriolano Alberini<\/a>, fil\u00f3sofo argentino (f. 1960).<\/li>\n<li>1886: <a title=\"Pedro Zonza Briano\" href=\"https:\/\/es.wikipedia.org\/wiki\/Pedro_Zonza_Briano\">Pedro Zonza Briano<\/a>, escultor argentino (f. 1941).<\/li>\n<li><a title=\"1887\" href=\"https:\/\/es.wikipedia.org\/wiki\/1887\">1887<\/a>: <a class=\"mw-redirect\" title=\"Masaharu Homma\" href=\"https:\/\/es.wikipedia.org\/wiki\/Masaharu_Homma\">Masaharu Homma<\/a>, general japon\u00e9s (f. 1946).<\/li>\n<li><a title=\"1888\" href=\"https:\/\/es.wikipedia.org\/wiki\/1888\">1888<\/a>: <a title=\"Carlos Concha C\u00e1rdenas\" href=\"https:\/\/es.wikipedia.org\/wiki\/Carlos_Concha_C%C3%A1rdenas\">Carlos Concha C\u00e1rdenas<\/a>, pol\u00edtico peruano (f. 1944).<\/li>\n<li><a title=\"1889\" href=\"https:\/\/es.wikipedia.org\/wiki\/1889\">1889<\/a>: <a title=\"Luis Falcini\" href=\"https:\/\/es.wikipedia.org\/wiki\/Luis_Falcini\">Luis Falcini<\/a>, escultor argentino (f. 1973).<\/li>\n<li>1889: <a title=\"Eudoro Melo\" href=\"https:\/\/es.wikipedia.org\/wiki\/Eudoro_Melo\">Eudoro Melo<\/a>, escritor y pol\u00edtico uruguayo (f. 1975).<\/li>\n<li>1889: <a title=\"Ram\u00f3n Prieto Bances\" href=\"https:\/\/es.wikipedia.org\/wiki\/Ram%C3%B3n_Prieto_Bances\">Ram\u00f3n Prieto Bances<\/a>, pol\u00edtico y jurista espa\u00f1ol (f. 1972).<\/li>\n<li><a title=\"1890\" href=\"https:\/\/es.wikipedia.org\/wiki\/1890\">1890<\/a>: <a title=\"Paul R\u00f6hrbein\" href=\"https:\/\/es.wikipedia.org\/wiki\/Paul_R%C3%B6hrbein\">Paul R\u00f6hrbein<\/a>, militar alem\u00e1n (n. 1934).<\/li>\n<\/ul>\n<div class=\"thumb tright\" style=\"text-align: justify;\">\n<div class=\"thumbinner\"><a class=\"image\" href=\"https:\/\/commons.wikimedia.org\/wiki\/File:PedroSalinas.jpg\"><img loading=\"lazy\" decoding=\"async\" class=\"thumbimage\" src=\"https:\/\/upload.wikimedia.org\/wikipedia\/commons\/thumb\/f\/f0\/PedroSalinas.jpg\/120px-PedroSalinas.jpg\" srcset=\"\/\/upload.wikimedia.org\/wikipedia\/commons\/f\/f0\/PedroSalinas.jpg 1.5x\" alt=\"\" width=\"120\" height=\"139\" data-file-width=\"142\" data-file-height=\"164\" \/><\/a><\/p>\n<div class=\"thumbcaption\">\n<div class=\"magnify\">\u00a0<\/div>\n<p><a title=\"Pedro Salinas\" href=\"https:\/\/es.wikipedia.org\/wiki\/Pedro_Salinas\">Pedro Salinas<\/a>.<\/div>\n<\/div>\n<\/div>\n<ul style=\"text-align: justify;\">\n<li><a title=\"1891\" href=\"https:\/\/es.wikipedia.org\/wiki\/1891\">1891<\/a>: <a title=\"Pedro Salinas\" href=\"https:\/\/es.wikipedia.org\/wiki\/Pedro_Salinas\">Pedro Salinas<\/a>, escritor espa\u00f1ol (f. 1951).<\/li>\n<li><a title=\"1892\" href=\"https:\/\/es.wikipedia.org\/wiki\/1892\">1892<\/a>: <a title=\"Oleg Rom\u00e1nov\" href=\"https:\/\/es.wikipedia.org\/wiki\/Oleg_Rom%C3%A1nov\">Oleg Rom\u00e1nov<\/a>, pr\u00edncipe ruso (f. 1914).<\/li>\n<li><a title=\"1893\" href=\"https:\/\/es.wikipedia.org\/wiki\/1893\">1893<\/a>: <a title=\"Carlos Arroyo del R\u00edo\" href=\"https:\/\/es.wikipedia.org\/wiki\/Carlos_Arroyo_del_R%C3%ADo\">Carlos Arroyo del R\u00edo<\/a>, pol\u00edtico ecuatoriano (f. 1969).<\/li>\n<li><a title=\"1894\" href=\"https:\/\/es.wikipedia.org\/wiki\/1894\">1894<\/a>: <a title=\"Jos\u00e9 Antonio Junco Toral\" href=\"https:\/\/es.wikipedia.org\/wiki\/Jos%C3%A9_Antonio_Junco_Toral\">Jos\u00e9 Antonio Junco Toral<\/a>, pol\u00edtico espa\u00f1ol (f. 1973).<\/li>\n<li>1894: <a class=\"mw-redirect\" title=\"Konosuke Matsushita\" href=\"https:\/\/es.wikipedia.org\/wiki\/Konosuke_Matsushita\">Konosuke Matsushita<\/a>, empresario japon\u00e9s (f. 1989).<\/li>\n<li><a title=\"1895\" href=\"https:\/\/es.wikipedia.org\/wiki\/1895\">1895<\/a>: <a title=\"Pierre-Paul Grass\u00e9\" href=\"https:\/\/es.wikipedia.org\/wiki\/Pierre-Paul_Grass%C3%A9\">Pierre-Paul Grass\u00e9<\/a>, paleont\u00f3logo franc\u00e9s (f. 1985).<\/li>\n<li>1895: <a title=\"Ernesto Ja\u00e9n Guardia\" href=\"https:\/\/es.wikipedia.org\/wiki\/Ernesto_Ja%C3%A9n_Guardia\">Ernesto Ja\u00e9n Guardia<\/a>, Presidente de Panam\u00e1 (f. 1961).<\/li>\n<li><a title=\"1896\" href=\"https:\/\/es.wikipedia.org\/wiki\/1896\">1896<\/a>: <a class=\"mw-redirect\" title=\"Pr\u00edncipe Segismundo de Prusia\" href=\"https:\/\/es.wikipedia.org\/wiki\/Pr%C3%ADncipe_Segismundo_de_Prusia\">Segismundo de Prusia<\/a>, Pr\u00edncipe de Prusia (f. 1978).<\/li>\n<\/ul>\n<div class=\"thumb tright\" style=\"text-align: justify;\">\n<div class=\"thumbinner\"><a class=\"image\" href=\"https:\/\/commons.wikimedia.org\/wiki\/File:Vito_Genovese.jpg\"><img loading=\"lazy\" decoding=\"async\" class=\"thumbimage\" src=\"https:\/\/upload.wikimedia.org\/wikipedia\/commons\/thumb\/d\/d3\/Vito_Genovese.jpg\/120px-Vito_Genovese.jpg\" srcset=\"\/\/upload.wikimedia.org\/wikipedia\/commons\/thumb\/d\/d3\/Vito_Genovese.jpg\/180px-Vito_Genovese.jpg 1.5x, \/\/upload.wikimedia.org\/wikipedia\/commons\/thumb\/d\/d3\/Vito_Genovese.jpg\/240px-Vito_Genovese.jpg 2x\" alt=\"\" width=\"120\" height=\"70\" data-file-width=\"478\" data-file-height=\"279\" \/><\/a><\/p>\n<div class=\"thumbcaption\">\n<div class=\"magnify\">\u00a0<\/div>\n<p><a title=\"Vito Genovese\" href=\"https:\/\/es.wikipedia.org\/wiki\/Vito_Genovese\">Vito Genovese<\/a>.<\/div>\n<\/div>\n<\/div>\n<ul style=\"text-align: justify;\">\n<li><a title=\"1897\" href=\"https:\/\/es.wikipedia.org\/wiki\/1897\">1897<\/a>: <a title=\"Vito Genovese\" href=\"https:\/\/es.wikipedia.org\/wiki\/Vito_Genovese\">Vito Genovese<\/a>, mafioso italo-estadounidense (f. 1969).<\/li>\n<li>1897: <a title=\"Antonia Herrero\" href=\"https:\/\/es.wikipedia.org\/wiki\/Antonia_Herrero\">Antonia Herrero<\/a>, actriz espa\u00f1ola (f. 1978).<\/li>\n<li><a title=\"1899\" href=\"https:\/\/es.wikipedia.org\/wiki\/1899\">1899<\/a>: <a title=\"Walther Haage\" href=\"https:\/\/es.wikipedia.org\/wiki\/Walther_Haage\">Walther Haage<\/a>, bot\u00e1nico y horticultor alem\u00e1n (f. 1992).<\/li>\n<li>1899: <a title=\"Durval Marcondes\" href=\"https:\/\/es.wikipedia.org\/wiki\/Durval_Marcondes\">Durval Marcondes<\/a>, psiquiatra brasile\u00f1o (f. 1981).<\/li>\n<li><a title=\"1900\" href=\"https:\/\/es.wikipedia.org\/wiki\/1900\">1900<\/a>: <a title=\"Isabel de Orleans (1900-1983)\" href=\"https:\/\/es.wikipedia.org\/wiki\/Isabel_de_Orleans_(1900-1983)\">Isabel de Orleans<\/a>, noble francesa (f. 1983).<\/li>\n<li><a title=\"1902\" href=\"https:\/\/es.wikipedia.org\/wiki\/1902\">1902<\/a>: <a title=\"Demetrio Herrera Sevillano\" href=\"https:\/\/es.wikipedia.org\/wiki\/Demetrio_Herrera_Sevillano\">Demetrio Herrera Sevillano<\/a>, poeta paname\u00f1o (f. 1950).<\/li>\n<li>1902: <a title=\"J. Scott Smart\" href=\"https:\/\/es.wikipedia.org\/wiki\/J._Scott_Smart\">J. Scott Smart<\/a>, actor estadounidense (f. 1960).<\/li>\n<li><a title=\"1903\" href=\"https:\/\/es.wikipedia.org\/wiki\/1903\">1903<\/a>: <a title=\"John McNally\" href=\"https:\/\/es.wikipedia.org\/wiki\/John_McNally\">John McNally<\/a>, jugador de f\u00fatbol americano estadounidense (f. 1985).<\/li>\n<\/ul>\n<div class=\"thumb tright\" style=\"text-align: justify;\">\n<div class=\"thumbinner\"><a class=\"image\" href=\"https:\/\/commons.wikimedia.org\/wiki\/File:Onsager_1968.jpg\"><img loading=\"lazy\" decoding=\"async\" class=\"thumbimage\" src=\"https:\/\/upload.wikimedia.org\/wikipedia\/commons\/thumb\/a\/a7\/Onsager_1968.jpg\/120px-Onsager_1968.jpg\" srcset=\"\/\/upload.wikimedia.org\/wikipedia\/commons\/thumb\/a\/a7\/Onsager_1968.jpg\/180px-Onsager_1968.jpg 1.5x, \/\/upload.wikimedia.org\/wikipedia\/commons\/thumb\/a\/a7\/Onsager_1968.jpg\/240px-Onsager_1968.jpg 2x\" alt=\"\" width=\"120\" height=\"170\" data-file-width=\"280\" data-file-height=\"396\" \/><\/a><\/p>\n<div class=\"thumbcaption\">\n<div class=\"magnify\">\u00a0<\/div>\n<p><a title=\"Lars Onsager\" href=\"https:\/\/es.wikipedia.org\/wiki\/Lars_Onsager\">Lars Onsager<\/a>.<\/div>\n<\/div>\n<\/div>\n<ul style=\"text-align: justify;\">\n<li>1903: <a title=\"Lars Onsager\" href=\"https:\/\/es.wikipedia.org\/wiki\/Lars_Onsager\">Lars Onsager<\/a>, qu\u00edmico noruego, <a title=\"Premio Nobel de Qu\u00edmica\" href=\"https:\/\/es.wikipedia.org\/wiki\/Premio_Nobel_de_Qu%C3%ADmica\">Premio Nobel de Qu\u00edmica<\/a> en <a title=\"1968\" href=\"https:\/\/es.wikipedia.org\/wiki\/1968\">1968<\/a> (f. 1976).<\/li>\n<li><a title=\"1904\" href=\"https:\/\/es.wikipedia.org\/wiki\/1904\">1904<\/a>: <a title=\"Eddie South\" href=\"https:\/\/es.wikipedia.org\/wiki\/Eddie_South\">Eddie South<\/a>, violinista estadounidense (f. 1962).<\/li>\n<li><a title=\"1905\" href=\"https:\/\/es.wikipedia.org\/wiki\/1905\">1905<\/a>: <a title=\"J\u00e1nos Bal\u00e1zs\" href=\"https:\/\/es.wikipedia.org\/wiki\/J%C3%A1nos_Bal%C3%A1zs\">J\u00e1nos Bal\u00e1zs<\/a>, escritor h\u00fangaro (f. 1977).<\/li>\n<li>1905: <a title=\"Melchor Centeno Vallenilla\" href=\"https:\/\/es.wikipedia.org\/wiki\/Melchor_Centeno_Vallenilla\">Melchor Centeno Vallenilla<\/a>, inventor venezolano (f. 1985).<\/li>\n<li><a title=\"1907\" href=\"https:\/\/es.wikipedia.org\/wiki\/1907\">1907<\/a>: <a title=\"Julio C\u00e9sar Chaves\" href=\"https:\/\/es.wikipedia.org\/wiki\/Julio_C%C3%A9sar_Chaves\">Julio C\u00e9sar Chaves<\/a>, historiador paraguayo (f. 1989).<\/li>\n<li>1907: <a title=\"L. Sprague de Camp\" href=\"https:\/\/es.wikipedia.org\/wiki\/L._Sprague_de_Camp\">L. Sprague de Camp<\/a>, escritor estadounidense (f. 2000).<\/li>\n<li><a title=\"1909\" href=\"https:\/\/es.wikipedia.org\/wiki\/1909\">1909<\/a>: <a title=\"James Agee\" href=\"https:\/\/es.wikipedia.org\/wiki\/James_Agee\">James Agee<\/a>, escritor estadounidense (f. 1955).<\/li>\n<li><a title=\"1910\" href=\"https:\/\/es.wikipedia.org\/wiki\/1910\">1910<\/a>: <a title=\"Rodolfo Holzmann\" href=\"https:\/\/es.wikipedia.org\/wiki\/Rodolfo_Holzmann\">Rodolfo Holzmann<\/a>, compositor peruano (f. 1992).<\/li>\n<\/ul>\n<div class=\"thumb tright\" style=\"text-align: justify;\">\n<div class=\"thumbinner\"><a class=\"image\" href=\"https:\/\/commons.wikimedia.org\/wiki\/File:Flickr_-_Ion_Chibzii_-_Dina_Cocea.jpg\"><img loading=\"lazy\" decoding=\"async\" class=\"thumbimage\" src=\"https:\/\/upload.wikimedia.org\/wikipedia\/commons\/thumb\/8\/8d\/Flickr_-_Ion_Chibzii_-_Dina_Cocea.jpg\/120px-Flickr_-_Ion_Chibzii_-_Dina_Cocea.jpg\" srcset=\"\/\/upload.wikimedia.org\/wikipedia\/commons\/thumb\/8\/8d\/Flickr_-_Ion_Chibzii_-_Dina_Cocea.jpg\/180px-Flickr_-_Ion_Chibzii_-_Dina_Cocea.jpg 1.5x, \/\/upload.wikimedia.org\/wikipedia\/commons\/thumb\/8\/8d\/Flickr_-_Ion_Chibzii_-_Dina_Cocea.jpg\/240px-Flickr_-_Ion_Chibzii_-_Dina_Cocea.jpg 2x\" alt=\"\" width=\"120\" height=\"120\" data-file-width=\"800\" data-file-height=\"800\" \/><\/a><\/p>\n<div class=\"thumbcaption\">\n<div class=\"magnify\">\u00a0<\/div>\n<p><a title=\"Dina Cocea\" href=\"https:\/\/es.wikipedia.org\/wiki\/Dina_Cocea\">Dina Cocea<\/a>.<\/div>\n<\/div>\n<\/div>\n<ul style=\"text-align: justify;\">\n<li><a title=\"1912\" href=\"https:\/\/es.wikipedia.org\/wiki\/1912\">1912<\/a>: <a title=\"Dina Cocea\" href=\"https:\/\/es.wikipedia.org\/wiki\/Dina_Cocea\">Dina Cocea<\/a>, actriz rumana (f. 2008).<\/li>\n<li>1912: <a title=\"Muzzy Marcellino\" href=\"https:\/\/es.wikipedia.org\/wiki\/Muzzy_Marcellino\">Muzzy Marcellino<\/a>, cantante estadounidense (f. 1997).<\/li>\n<li>1912: <a title=\"Yuen Siu-tien\" href=\"https:\/\/es.wikipedia.org\/wiki\/Yuen_Siu-tien\">Yuen Siu-tien<\/a>, actor chino (f. 1979).<\/li>\n<li><a title=\"1914\" href=\"https:\/\/es.wikipedia.org\/wiki\/1914\">1914<\/a>: <a title=\"Armando de Armas Romero\" href=\"https:\/\/es.wikipedia.org\/wiki\/Armando_de_Armas_Romero\">Armando de Armas Romero<\/a>, pintor cubano (f. 1981).<\/li>\n<li><a title=\"1915\" href=\"https:\/\/es.wikipedia.org\/wiki\/1915\">1915<\/a>: <a title=\"Luis Castellanos\" href=\"https:\/\/es.wikipedia.org\/wiki\/Luis_Castellanos\">Luis Castellanos<\/a>, pintor espa\u00f1ol (f. 1946).<\/li>\n<li>1915: <a title=\"Adonias Filho\" href=\"https:\/\/es.wikipedia.org\/wiki\/Adonias_Filho\">Adonias Filho<\/a>, escritor brasile\u00f1o (f. 1990).<\/li>\n<li><a title=\"1917\" href=\"https:\/\/es.wikipedia.org\/wiki\/1917\">1917<\/a>: <a title=\"Buffalo Bob Smith\" href=\"https:\/\/es.wikipedia.org\/wiki\/Buffalo_Bob_Smith\">Buffalo Bob Smith<\/a>, personalidad televisiva estadounidense (f. 1998).<\/li>\n<li><a title=\"1918\" href=\"https:\/\/es.wikipedia.org\/wiki\/1918\">1918<\/a>: <a title=\"Francisco Gil de Sola Caballero\" href=\"https:\/\/es.wikipedia.org\/wiki\/Francisco_Gil_de_Sola_Caballero\">Francisco Gil de Sola Caballero<\/a>, marino espa\u00f1ol (f. 2009).<\/li>\n<li>1918: <a title=\"Bor\u00fds Pat\u00f3n\" href=\"https:\/\/es.wikipedia.org\/wiki\/Bor%C3%BDs_Pat%C3%B3n\">Bor\u00fds Pat\u00f3n<\/a>, ingeniero ucraniano.<\/li>\n<li><a title=\"1920\" href=\"https:\/\/es.wikipedia.org\/wiki\/1920\">1920<\/a>: <a title=\"Josep Maria Andreu\" href=\"https:\/\/es.wikipedia.org\/wiki\/Josep_Maria_Andreu\">Josep Maria Andreu<\/a>, poeta espa\u00f1ol.<\/li>\n<li>1920: <a title=\"Abe Lenstra\" href=\"https:\/\/es.wikipedia.org\/wiki\/Abe_Lenstra\">Abe Lenstra<\/a>, futbolista holand\u00e9s (f. 1985).<\/li>\n<li>1920: <a title=\"Buster Merryfield\" href=\"https:\/\/es.wikipedia.org\/wiki\/Buster_Merryfield\">Buster Merryfield<\/a>, actor brit\u00e1nico (f. 1999).<\/li>\n<li><a title=\"1921\" href=\"https:\/\/es.wikipedia.org\/wiki\/1921\">1921<\/a>: <a title=\"Alexander Dub\u010dek\" href=\"https:\/\/es.wikipedia.org\/wiki\/Alexander_Dub%C4%8Dek\">Alexander Dub\u010dek<\/a>, pol\u00edtico checoslovaco (f. 1992).<\/li>\n<li>1921: <a title=\"Rafael Ponce\" href=\"https:\/\/es.wikipedia.org\/wiki\/Rafael_Ponce\">Rafael Ponce<\/a>, futbolista argentino.<\/li>\n<li><a title=\"1922\" href=\"https:\/\/es.wikipedia.org\/wiki\/1922\">1922<\/a>: <a title=\"Victorio Cieslinskas\" href=\"https:\/\/es.wikipedia.org\/wiki\/Victorio_Cieslinskas\">Victorio Cieslinskas<\/a>, jugador de baloncesta uruguayo (f. 2007).<\/li>\n<\/ul>\n<div class=\"thumb tright\" style=\"text-align: justify;\">\n<div class=\"thumbinner\"><a class=\"image\" href=\"https:\/\/commons.wikimedia.org\/wiki\/File:Duiliomarzio.jpg\"><img loading=\"lazy\" decoding=\"async\" class=\"thumbimage\" src=\"https:\/\/upload.wikimedia.org\/wikipedia\/commons\/thumb\/2\/2f\/Duiliomarzio.jpg\/120px-Duiliomarzio.jpg\" srcset=\"\/\/upload.wikimedia.org\/wikipedia\/commons\/thumb\/2\/2f\/Duiliomarzio.jpg\/180px-Duiliomarzio.jpg 1.5x, \/\/upload.wikimedia.org\/wikipedia\/commons\/thumb\/2\/2f\/Duiliomarzio.jpg\/240px-Duiliomarzio.jpg 2x\" alt=\"\" width=\"120\" height=\"159\" data-file-width=\"377\" data-file-height=\"500\" \/><\/a><\/p>\n<div class=\"thumbcaption\">\n<div class=\"magnify\">\u00a0<\/div>\n<p><a title=\"Duilio Marzio\" href=\"https:\/\/es.wikipedia.org\/wiki\/Duilio_Marzio\">Duilio Marzio<\/a>.<\/div>\n<\/div>\n<\/div>\n<ul style=\"text-align: justify;\">\n<li><a title=\"1923\" href=\"https:\/\/es.wikipedia.org\/wiki\/1923\">1923<\/a>: <a title=\"Duilio Marzio\" href=\"https:\/\/es.wikipedia.org\/wiki\/Duilio_Marzio\">Duilio Marzio<\/a>, actor argentino (f. 2013).<\/li>\n<\/ul>\n<div class=\"thumb tright\" style=\"text-align: justify;\">\n<div class=\"thumbinner\"><a class=\"image\" href=\"https:\/\/commons.wikimedia.org\/wiki\/File:Montecristo_de_Luz_Maria_Piedrahita-Medellin.JPG\"><img loading=\"lazy\" decoding=\"async\" class=\"thumbimage\" src=\"https:\/\/upload.wikimedia.org\/wikipedia\/commons\/thumb\/2\/28\/Montecristo_de_Luz_Maria_Piedrahita-Medellin.JPG\/120px-Montecristo_de_Luz_Maria_Piedrahita-Medellin.JPG\" srcset=\"\/\/upload.wikimedia.org\/wikipedia\/commons\/thumb\/2\/28\/Montecristo_de_Luz_Maria_Piedrahita-Medellin.JPG\/180px-Montecristo_de_Luz_Maria_Piedrahita-Medellin.JPG 1.5x, \/\/upload.wikimedia.org\/wikipedia\/commons\/thumb\/2\/28\/Montecristo_de_Luz_Maria_Piedrahita-Medellin.JPG\/240px-Montecristo_de_Luz_Maria_Piedrahita-Medellin.JPG 2x\" alt=\"\" width=\"120\" height=\"169\" data-file-width=\"1277\" data-file-height=\"1801\" \/><\/a><\/p>\n<div class=\"thumbcaption\">\n<div class=\"magnify\">\u00a0<\/div>\n<p><a title=\"Guillermo Zuluaga Montecristo\" href=\"https:\/\/es.wikipedia.org\/wiki\/Guillermo_Zuluaga_Montecristo\">Montecristo<\/a>.<\/div>\n<\/div>\n<\/div>\n<ul style=\"text-align: justify;\">\n<li><a title=\"1924\" href=\"https:\/\/es.wikipedia.org\/wiki\/1924\">1924<\/a>: <a title=\"Guillermo Zuluaga Montecristo\" href=\"https:\/\/es.wikipedia.org\/wiki\/Guillermo_Zuluaga_Montecristo\">Montecristo<\/a>, humorista colombiano (f. 1997).<\/li>\n<li><a title=\"1925\" href=\"https:\/\/es.wikipedia.org\/wiki\/1925\">1925<\/a>: <a title=\"Bertold Hummel\" href=\"https:\/\/es.wikipedia.org\/wiki\/Bertold_Hummel\">Bertold Hummel<\/a>, compositor alem\u00e1n (f. 2002).<\/li>\n<li>1925: <a title=\"Claude Lanzmann\" href=\"https:\/\/es.wikipedia.org\/wiki\/Claude_Lanzmann\">Claude Lanzmann<\/a>, director de cine franc\u00e9s.<\/li>\n<li>1925: <a title=\"Marshall Thompson\" href=\"https:\/\/es.wikipedia.org\/wiki\/Marshall_Thompson\">Marshall Thompson<\/a>, actor estadounidense (f. 1992).<\/li>\n<li>1925: <a title=\"Ernie Wise\" href=\"https:\/\/es.wikipedia.org\/wiki\/Ernie_Wise\">Ernie Wise<\/a>, c\u00f3mico y actor ingl\u00e9s (f. 1999).<\/li>\n<li><a title=\"1926\" href=\"https:\/\/es.wikipedia.org\/wiki\/1926\">1926<\/a>: <a title=\"Elena Cruz\" href=\"https:\/\/es.wikipedia.org\/wiki\/Elena_Cruz\">Elena Cruz<\/a>, actriz argentina.<\/li>\n<li><a title=\"1927\" href=\"https:\/\/es.wikipedia.org\/wiki\/1927\">1927<\/a>: <a title=\"Alberto Caturelli\" href=\"https:\/\/es.wikipedia.org\/wiki\/Alberto_Caturelli\">Alberto Caturelli<\/a>, fil\u00f3sofo argentino.<\/li>\n<li><a title=\"1928\" href=\"https:\/\/es.wikipedia.org\/wiki\/1928\">1928<\/a>: <a title=\"Virginia Guti\u00e9rrez\" href=\"https:\/\/es.wikipedia.org\/wiki\/Virginia_Guti%C3%A9rrez\">Virginia Guti\u00e9rrez<\/a>, actriz mexicana.<\/li>\n<li>1928: <a title=\"Josh Kirby\" href=\"https:\/\/es.wikipedia.org\/wiki\/Josh_Kirby\">Josh Kirby<\/a>, dibujante y artista brit\u00e1nico (f. 2001).<\/li>\n<li><a title=\"1930\" href=\"https:\/\/es.wikipedia.org\/wiki\/1930\">1930<\/a>: <a title=\"Leopoldo Garc\u00eda-Col\u00edn Scherer\" href=\"https:\/\/es.wikipedia.org\/wiki\/Leopoldo_Garc%C3%ADa-Col%C3%ADn_Scherer\">Leopoldo Garc\u00eda-Col\u00edn Scherer<\/a>, f\u00edsico mexicano (f. 2012).<\/li>\n<li>1930: <a title=\"Jos\u00e9 Hern\u00e1ndez Quero\" href=\"https:\/\/es.wikipedia.org\/wiki\/Jos%C3%A9_Hern%C3%A1ndez_Quero\">Jos\u00e9 Hern\u00e1ndez Quero<\/a>, pintor espa\u00f1ol.<\/li>\n<li><a title=\"1931\" href=\"https:\/\/es.wikipedia.org\/wiki\/1931\">1931<\/a>: <a title=\"Jacob Ziv\" href=\"https:\/\/es.wikipedia.org\/wiki\/Jacob_Ziv\">Jacob Ziv<\/a>, cient\u00eddico inform\u00e1tico israel\u00ed.<\/li>\n<li><a title=\"1932\" href=\"https:\/\/es.wikipedia.org\/wiki\/1932\">1932<\/a>: <a title=\"Benigno Aquino\" href=\"https:\/\/es.wikipedia.org\/wiki\/Benigno_Aquino\">Benigno Aquino<\/a>, periodista y pol\u00edtico filipino (f. 1983).<\/li>\n<li><a title=\"1933\" href=\"https:\/\/es.wikipedia.org\/wiki\/1933\">1933<\/a>: <a title=\"Pedro Weber &quot;Chatanuga&quot;\" href=\"https:\/\/es.wikipedia.org\/wiki\/Pedro_Weber_%22Chatanuga%22\">Pedro Weber \u00abChatanuga\u00bb<\/a>, actor mexicano.<\/li>\n<li><a title=\"1934\" href=\"https:\/\/es.wikipedia.org\/wiki\/1934\">1934<\/a>: <a title=\"Gilbert Strang\" href=\"https:\/\/es.wikipedia.org\/wiki\/Gilbert_Strang\">Gilbert Strang<\/a>, matem\u00e1tico estadounidense.<\/li>\n<li>1934: <a title=\"Luis Palau\" href=\"https:\/\/es.wikipedia.org\/wiki\/Luis_Palau\">Luis Palau<\/a>, evangelista y conferenciante protestante argentino.<\/li>\n<li><a title=\"1935\" href=\"https:\/\/es.wikipedia.org\/wiki\/1935\">1935<\/a>: <a title=\"Les Blank\" href=\"https:\/\/es.wikipedia.org\/wiki\/Les_Blank\">Les Blank<\/a>, director y productor estadounidense (f. 2013).<\/li>\n<li>1935: <a title=\"Helmut Lachenmann\" href=\"https:\/\/es.wikipedia.org\/wiki\/Helmut_Lachenmann\">Helmut Lachenmann<\/a>, compositor alem\u00e1n.<\/li>\n<li>1935: <a title=\"Verity Lambert\" href=\"https:\/\/es.wikipedia.org\/wiki\/Verity_Lambert\">Verity Lambert<\/a>, productora de televisi\u00f3n inglesa (f. 2007).<\/li>\n<li>1935: <a title=\"Raduan Nassar\" href=\"https:\/\/es.wikipedia.org\/wiki\/Raduan_Nassar\">Raduan Nassar<\/a>, escritor brasile\u00f1o.<\/li>\n<li>1935: <a title=\"Antonio Villamor\" href=\"https:\/\/es.wikipedia.org\/wiki\/Antonio_Villamor\">Antonio Villamor<\/a>, futbolista argentino.<\/li>\n<li><a title=\"1936\" href=\"https:\/\/es.wikipedia.org\/wiki\/1936\">1936<\/a>: <a title=\"Anita Leoc\u00e1dia Prestes\" href=\"https:\/\/es.wikipedia.org\/wiki\/Anita_Leoc%C3%A1dia_Prestes\">Anita Leoc\u00e1dia Prestes<\/a>, historiadora brasile\u00f1a.<\/li>\n<li><a title=\"1938\" href=\"https:\/\/es.wikipedia.org\/wiki\/1938\">1938<\/a>: <a title=\"Horacio Dener\" href=\"https:\/\/es.wikipedia.org\/wiki\/Horacio_Dener\">Horacio Dener<\/a>, actor argentino (f. 2011).<\/li>\n<li>1938: <a title=\"Apolo Nsibambi\" href=\"https:\/\/es.wikipedia.org\/wiki\/Apolo_Nsibambi\">Apolo Nsibambi<\/a>, pol\u00edtico ugand\u00e9s.<\/li>\n<li>1938: <a title=\"Don Sleet\" href=\"https:\/\/es.wikipedia.org\/wiki\/Don_Sleet\">Don Sleet<\/a>, m\u00fasico estadounidense (f. 1986).<\/li>\n<li><a title=\"1939\" href=\"https:\/\/es.wikipedia.org\/wiki\/1939\">1939<\/a>: <a title=\"Mariela Arvelo\" href=\"https:\/\/es.wikipedia.org\/wiki\/Mariela_Arvelo\">Mariela Arvelo<\/a>, escritora venezolana.<\/li>\n<li>1939: <a title=\"Laurent-D\u00e9sir\u00e9 Kabila\" href=\"https:\/\/es.wikipedia.org\/wiki\/Laurent-D%C3%A9sir%C3%A9_Kabila\">Laurent-D\u00e9sir\u00e9 Kabila<\/a>, guerrillero y presidente de la Rep\u00fablica del Congo (f. 2001).<\/li>\n<li>1939: <a title=\"Mauricio Wacquez\" href=\"https:\/\/es.wikipedia.org\/wiki\/Mauricio_Wacquez\">Mauricio Wacquez<\/a>, escritor chileno (f. 2000).<\/li>\n<\/ul>\n<div class=\"thumb tright\" style=\"text-align: justify;\">\n<div class=\"thumbinner\"><a class=\"image\" href=\"https:\/\/commons.wikimedia.org\/wiki\/File:Bruce_Lee_-_son.jpg\"><img loading=\"lazy\" decoding=\"async\" class=\"thumbimage\" src=\"https:\/\/upload.wikimedia.org\/wikipedia\/commons\/thumb\/b\/bc\/Bruce_Lee_-_son.jpg\/120px-Bruce_Lee_-_son.jpg\" srcset=\"\/\/upload.wikimedia.org\/wikipedia\/commons\/thumb\/b\/bc\/Bruce_Lee_-_son.jpg\/180px-Bruce_Lee_-_son.jpg 1.5x, \/\/upload.wikimedia.org\/wikipedia\/commons\/thumb\/b\/bc\/Bruce_Lee_-_son.jpg\/240px-Bruce_Lee_-_son.jpg 2x\" alt=\"\" width=\"120\" height=\"152\" data-file-width=\"759\" data-file-height=\"961\" \/><\/a><\/p>\n<div class=\"thumbcaption\">\n<div class=\"magnify\">\u00a0<\/div>\n<p><a title=\"Bruce Lee\" href=\"https:\/\/es.wikipedia.org\/wiki\/Bruce_Lee\">Bruce Lee<\/a>.<\/div>\n<\/div>\n<\/div>\n<ul style=\"text-align: justify;\">\n<li><a title=\"1940\" href=\"https:\/\/es.wikipedia.org\/wiki\/1940\">1940<\/a>: <a title=\"Bruce Lee\" href=\"https:\/\/es.wikipedia.org\/wiki\/Bruce_Lee\">Bruce Lee<\/a>, actor y artista marcial chino-estadounidense (f. 1973).<\/li>\n<li><a title=\"1941\" href=\"https:\/\/es.wikipedia.org\/wiki\/1941\">1941<\/a>: <a title=\"Hugo Beccacece\" href=\"https:\/\/es.wikipedia.org\/wiki\/Hugo_Beccacece\">Hugo Beccacece<\/a>, periodista y escritor argentino.<\/li>\n<li>1941: <a title=\"Aim\u00e9 Jacquet\" href=\"https:\/\/es.wikipedia.org\/wiki\/Aim%C3%A9_Jacquet\">Aim\u00e9 Jacquet<\/a>, entrenador de f\u00fatbol franc\u00e9s.<\/li>\n<li>1941: <a title=\"Eddie Rabbitt\" href=\"https:\/\/es.wikipedia.org\/wiki\/Eddie_Rabbitt\">Eddie Rabbitt<\/a>, cantante y guitarrista franc\u00e9s (f. 1998).<\/li>\n<li><a title=\"1942\" href=\"https:\/\/es.wikipedia.org\/wiki\/1942\">1942<\/a>: <a title=\"Manolo Blahnik\" href=\"https:\/\/es.wikipedia.org\/wiki\/Manolo_Blahnik\">Manolo Blahnik<\/a>, dise\u00f1ador de zapatos espa\u00f1ol.<\/li>\n<li>1942: <a title=\"Gonzalo Duarte Garc\u00eda de Cort\u00e1zar\" href=\"https:\/\/es.wikipedia.org\/wiki\/Gonzalo_Duarte_Garc%C3%ADa_de_Cort%C3%A1zar\">Gonzalo Duarte Garc\u00eda de Cort\u00e1zar<\/a>, obispo chileno.<\/li>\n<li>1942: <a title=\"Fran\u00e7ois-Xavier Guerra\" href=\"https:\/\/es.wikipedia.org\/wiki\/Fran%C3%A7ois-Xavier_Guerra\">Fran\u00e7ois-Xavier Guerra<\/a>, historiador franco-espa\u00f1ol (f. 2002).<\/li>\n<\/ul>\n<div class=\"thumb tright\" style=\"text-align: justify;\">\n<div class=\"thumbinner\"><a class=\"image\" href=\"https:\/\/commons.wikimedia.org\/wiki\/File:Jimi_Hendrix_1967.png\"><img loading=\"lazy\" decoding=\"async\" class=\"thumbimage\" src=\"https:\/\/upload.wikimedia.org\/wikipedia\/commons\/thumb\/a\/ae\/Jimi_Hendrix_1967.png\/120px-Jimi_Hendrix_1967.png\" srcset=\"\/\/upload.wikimedia.org\/wikipedia\/commons\/thumb\/a\/ae\/Jimi_Hendrix_1967.png\/180px-Jimi_Hendrix_1967.png 1.5x, \/\/upload.wikimedia.org\/wikipedia\/commons\/a\/ae\/Jimi_Hendrix_1967.png 2x\" alt=\"\" width=\"120\" height=\"217\" data-file-width=\"235\" data-file-height=\"424\" \/><\/a><\/p>\n<div class=\"thumbcaption\">\n<div class=\"magnify\">\u00a0<\/div>\n<p><a title=\"Jimi Hendrix\" href=\"https:\/\/es.wikipedia.org\/wiki\/Jimi_Hendrix\">Jimi Hendrix<\/a>.<\/div>\n<\/div>\n<\/div>\n<ul style=\"text-align: justify;\">\n<li>1942: <a title=\"Jimi Hendrix\" href=\"https:\/\/es.wikipedia.org\/wiki\/Jimi_Hendrix\">Jimi Hendrix<\/a>, cantante y guitarrista estadounidense (f. 1970).<\/li>\n<li>1942: <a title=\"Nilda Jara de Paniagua\" href=\"https:\/\/es.wikipedia.org\/wiki\/Nilda_Jara_de_Paniagua\">Nilda Jara de Paniagua<\/a>, primera dama del ex Presidente <a class=\"mw-redirect\" title=\"Valent\u00edn Paniagua Corazao\" href=\"https:\/\/es.wikipedia.org\/wiki\/Valent%C3%ADn_Paniagua_Corazao\">Valent\u00edn Paniagua Corazao<\/a>.<\/li>\n<li>1942: <a title=\"Ren\u00e9 Steichen\" href=\"https:\/\/es.wikipedia.org\/wiki\/Ren%C3%A9_Steichen\">Ren\u00e9 Steichen<\/a>, pol\u00edtico luxemburgu\u00e9s.<\/li>\n<li><a title=\"1943\" href=\"https:\/\/es.wikipedia.org\/wiki\/1943\">1943<\/a>: <a title=\"Juan Milton Gardu\u00f1o\" href=\"https:\/\/es.wikipedia.org\/wiki\/Juan_Milton_Gardu%C3%B1o\">Juan Milton Gardu\u00f1o<\/a>, investigador y docente mexicano.<\/li>\n<li><a title=\"1944\" href=\"https:\/\/es.wikipedia.org\/wiki\/1944\">1944<\/a>: <a title=\"Gregory Hoblit\" href=\"https:\/\/es.wikipedia.org\/wiki\/Gregory_Hoblit\">Gregory Hoblit<\/a>, director de cine estadounidense.<\/li>\n<li><a title=\"1945\" href=\"https:\/\/es.wikipedia.org\/wiki\/1945\">1945<\/a>: <a title=\"Randy Brecker\" href=\"https:\/\/es.wikipedia.org\/wiki\/Randy_Brecker\">Randy Brecker<\/a>, trompetista estadounidense.<\/li>\n<li>1945: <a title=\"Eiv Eloon\" href=\"https:\/\/es.wikipedia.org\/wiki\/Eiv_Eloon\">Eiv Eloon<\/a>, escritora estonia.<\/li>\n<li>1945: <a title=\"Benigno Fitial\" href=\"https:\/\/es.wikipedia.org\/wiki\/Benigno_Fitial\">Benigno Fitial<\/a>, pol\u00edtico de las <a title=\"Islas Marianas\" href=\"https:\/\/es.wikipedia.org\/wiki\/Islas_Marianas\">Islas Marianas<\/a>.<\/li>\n<li>1945: <a title=\"Giuseppe Fiorini Morosini\" href=\"https:\/\/es.wikipedia.org\/wiki\/Giuseppe_Fiorini_Morosini\">Giuseppe Fiorini Morosini<\/a>, obispo italiano.<\/li>\n<li>1945: <a title=\"Roberto Rojas D\u00edaz\" href=\"https:\/\/es.wikipedia.org\/wiki\/Roberto_Rojas_D%C3%ADaz\">Roberto Rojas D\u00edaz<\/a>, futbolista chileno.<\/li>\n<li><a title=\"1946\" href=\"https:\/\/es.wikipedia.org\/wiki\/1946\">1946<\/a>: <a title=\"Bent Schmidt-Hansen\" href=\"https:\/\/es.wikipedia.org\/wiki\/Bent_Schmidt-Hansen\">Bent Schmidt-Hansen<\/a>, futbolista dan\u00e9s (f. 2013).<\/li>\n<li><a title=\"1947\" href=\"https:\/\/es.wikipedia.org\/wiki\/1947\">1947<\/a>: <a title=\"Don Adams (baloncestista)\" href=\"https:\/\/es.wikipedia.org\/wiki\/Don_Adams_(baloncestista)\">Don Adams<\/a>, jugador de baloncesto estadounidense.<\/li>\n<li>1947: <a title=\"H\u00e9ctor Bailetti\" href=\"https:\/\/es.wikipedia.org\/wiki\/H%C3%A9ctor_Bailetti\">H\u00e9ctor Bailetti<\/a>, futbolista peruano.<\/li>\n<li>1947: <a class=\"mw-redirect\" title=\"Isma\u00efl Omar Guelleh\" href=\"https:\/\/es.wikipedia.org\/wiki\/Isma%C3%AFl_Omar_Guelleh\">Isma\u00efl Omar Guelleh<\/a>, Presidente de <a title=\"Yibuti\" href=\"https:\/\/es.wikipedia.org\/wiki\/Yibuti\">Yibuti<\/a>.<\/li>\n<li><a title=\"1948\" href=\"https:\/\/es.wikipedia.org\/wiki\/1948\">1948<\/a>: <a title=\"James Avery\" href=\"https:\/\/es.wikipedia.org\/wiki\/James_Avery\">James Avery<\/a>, actor estadounidense (f. 2013).<\/li>\n<li><a title=\"1949\" href=\"https:\/\/es.wikipedia.org\/wiki\/1949\">1949<\/a>: <a title=\"Jim Price (baloncestista)\" href=\"https:\/\/es.wikipedia.org\/wiki\/Jim_Price_(baloncestista)\">Jim Price<\/a>, jugador de baloncesto estadounidense.<\/li>\n<li><a title=\"1950\" href=\"https:\/\/es.wikipedia.org\/wiki\/1950\">1950<\/a>: <a title=\"Philippe Delerm\" href=\"https:\/\/es.wikipedia.org\/wiki\/Philippe_Delerm\">Philippe Delerm<\/a>, escritor franc\u00e9s.<\/li>\n<li>1950: <a title=\"Gran Hamada\" href=\"https:\/\/es.wikipedia.org\/wiki\/Gran_Hamada\">Gran Hamada<\/a>, luchador japon\u00e9s.<\/li>\n<li>1950: <a title=\"Guillermo Z\u00fa\u00f1iga Chaves\" href=\"https:\/\/es.wikipedia.org\/wiki\/Guillermo_Z%C3%BA%C3%B1iga_Chaves\">Guillermo Z\u00fa\u00f1iga Chaves<\/a>, economista costarricense.<\/li>\n<li><a title=\"1951\" href=\"https:\/\/es.wikipedia.org\/wiki\/1951\">1951<\/a>: <a title=\"Dra\u017een Dalipagi\u0107\" href=\"https:\/\/es.wikipedia.org\/wiki\/Dra%C5%BEen_Dalipagi%C4%87\">Dra\u017een Dalipagi\u0107<\/a>, baloncestista serbio.<\/li>\n<li>1951: <a title=\"Vera Fischer\" href=\"https:\/\/es.wikipedia.org\/wiki\/Vera_Fischer\">Vera Fischer<\/a>, actriz brasile\u00f1a.<\/li>\n<li>1951: <a title=\"Ivars Godmanis\" href=\"https:\/\/es.wikipedia.org\/wiki\/Ivars_Godmanis\">Ivars Godmanis<\/a>, pol\u00edtico let\u00f3n.<\/li>\n<\/ul>\n<div class=\"thumb tright\" style=\"text-align: justify;\">\n<div class=\"thumbinner\"><a class=\"image\" href=\"https:\/\/commons.wikimedia.org\/wiki\/File:Kathryn_Bigelow_02.jpg\"><img loading=\"lazy\" decoding=\"async\" class=\"thumbimage\" src=\"https:\/\/upload.wikimedia.org\/wikipedia\/commons\/thumb\/3\/39\/Kathryn_Bigelow_02.jpg\/120px-Kathryn_Bigelow_02.jpg\" srcset=\"\/\/upload.wikimedia.org\/wikipedia\/commons\/thumb\/3\/39\/Kathryn_Bigelow_02.jpg\/180px-Kathryn_Bigelow_02.jpg 1.5x, \/\/upload.wikimedia.org\/wikipedia\/commons\/thumb\/3\/39\/Kathryn_Bigelow_02.jpg\/240px-Kathryn_Bigelow_02.jpg 2x\" alt=\"\" width=\"120\" height=\"92\" data-file-width=\"3108\" data-file-height=\"2376\" \/><\/a><\/p>\n<div class=\"thumbcaption\">\n<div class=\"magnify\">\u00a0<\/div>\n<p><a title=\"Kathryn Bigelow\" href=\"https:\/\/es.wikipedia.org\/wiki\/Kathryn_Bigelow\">Kathryn Bigelow<\/a>.<\/div>\n<\/div>\n<\/div>\n<ul style=\"text-align: justify;\">\n<li><a title=\"1952\" href=\"https:\/\/es.wikipedia.org\/wiki\/1952\">1952<\/a>: <a title=\"Kathryn Bigelow\" href=\"https:\/\/es.wikipedia.org\/wiki\/Kathryn_Bigelow\">Kathryn Bigelow<\/a>, cineasta estadounidense, primera mujer ganadora del <a title=\"Premios \u00d3scar\" href=\"https:\/\/es.wikipedia.org\/wiki\/Premios_%C3%93scar\">\u00d3scar<\/a> a <a class=\"mw-redirect\" title=\"Oscar al mejor director\" href=\"https:\/\/es.wikipedia.org\/wiki\/Oscar_al_mejor_director\">Mejor direcci\u00f3n<\/a>.<\/li>\n<li>1952: <a title=\"Luis Mayol\" href=\"https:\/\/es.wikipedia.org\/wiki\/Luis_Mayol\">Luis Mayol<\/a>, pol\u00edtico y empresario chileno.<\/li>\n<li>1952: <a title=\"Frank Quintero\" href=\"https:\/\/es.wikipedia.org\/wiki\/Frank_Quintero\">Frank Quintero<\/a>, m\u00fasico venezolano.<\/li>\n<li>1952: <a title=\"Daryl Stuermer\" href=\"https:\/\/es.wikipedia.org\/wiki\/Daryl_Stuermer\">Daryl Stuermer<\/a>, guitarrista estadounidense (<a title=\"Genesis\" href=\"https:\/\/es.wikipedia.org\/wiki\/Genesis\">Genesis<\/a>).<\/li>\n<li><a title=\"1953\" href=\"https:\/\/es.wikipedia.org\/wiki\/1953\">1953<\/a>: <a title=\"Jon Imanol Az\u00faa\" href=\"https:\/\/es.wikipedia.org\/wiki\/Jon_Imanol_Az%C3%BAa\">Jon Imanol Az\u00faa<\/a>, pol\u00edtico espa\u00f1ol.<\/li>\n<li>1953: <a title=\"Pamela Hayden\" href=\"https:\/\/es.wikipedia.org\/wiki\/Pamela_Hayden\">Pamela Hayden<\/a>, actriz estadounidense.<\/li>\n<li>1953: <a title=\"Carmen Mart\u00ednez Ten\" href=\"https:\/\/es.wikipedia.org\/wiki\/Carmen_Mart%C3%ADnez_Ten\">Carmen Mart\u00ednez Ten<\/a>, m\u00e9dico y pol\u00edtica espa\u00f1ola.<\/li>\n<li><a title=\"1954\" href=\"https:\/\/es.wikipedia.org\/wiki\/1954\">1954<\/a>: <a title=\"Carlos Escarr\u00e1\" href=\"https:\/\/es.wikipedia.org\/wiki\/Carlos_Escarr%C3%A1\">Carlos Escarr\u00e1<\/a>, pol\u00edtico venezolano (f. 2012).<\/li>\n<li>1954: <a title=\"Albert Forner\" href=\"https:\/\/es.wikipedia.org\/wiki\/Albert_Forner\">Albert Forner<\/a>, actor espa\u00f1ol.<\/li>\n<li>1954: <a title=\"Patricia McPherson\" href=\"https:\/\/es.wikipedia.org\/wiki\/Patricia_McPherson\">Patricia McPherson<\/a>, actriz estadounidense.<\/li>\n<\/ul>\n<div class=\"thumb tright\" style=\"text-align: justify;\">\n<div class=\"thumbinner\"><a class=\"image\" href=\"https:\/\/commons.wikimedia.org\/wiki\/File:Montes.jpg\"><img loading=\"lazy\" decoding=\"async\" class=\"thumbimage\" src=\"https:\/\/upload.wikimedia.org\/wikipedia\/commons\/thumb\/8\/83\/Montes.jpg\/120px-Montes.jpg\" srcset=\"\/\/upload.wikimedia.org\/wikipedia\/commons\/8\/83\/Montes.jpg 1.5x\" alt=\"\" width=\"120\" height=\"193\" data-file-width=\"168\" data-file-height=\"270\" \/><\/a><\/p>\n<div class=\"thumbcaption\">\n<div class=\"magnify\">\u00a0<\/div>\n<p><a title=\"Andr\u00e9s Montes\" href=\"https:\/\/es.wikipedia.org\/wiki\/Andr%C3%A9s_Montes\">Andr\u00e9s Montes<\/a>.<\/div>\n<\/div>\n<\/div>\n<ul style=\"text-align: justify;\">\n<li><a title=\"1955\" href=\"https:\/\/es.wikipedia.org\/wiki\/1955\">1955<\/a>: <a title=\"Andr\u00e9s Montes\" href=\"https:\/\/es.wikipedia.org\/wiki\/Andr%C3%A9s_Montes\">Andr\u00e9s Montes<\/a> periodista espa\u00f1ol (f. 2009).<\/li>\n<li>1955: <a title=\"Bill Nye\" href=\"https:\/\/es.wikipedia.org\/wiki\/Bill_Nye\">Bill Nye<\/a>, ingeniero y divulgador estadounidense.<\/li>\n<li>1956: <a title=\"Felipe Berr\u00edos\" href=\"https:\/\/es.wikipedia.org\/wiki\/Felipe_Berr%C3%ADos\">Felipe Berr\u00edos<\/a>, sacerdote y activista chileno.<\/li>\n<li>1956: <a title=\"William Fichtner\" href=\"https:\/\/es.wikipedia.org\/wiki\/William_Fichtner\">William Fichtner<\/a>, actor estadounidense.<\/li>\n<li>1956: <a title=\"Lionello Manfredonia\" href=\"https:\/\/es.wikipedia.org\/wiki\/Lionello_Manfredonia\">Lionello Manfredonia<\/a>, futbolista italiano.<\/li>\n<li><a title=\"1957\" href=\"https:\/\/es.wikipedia.org\/wiki\/1957\">1957<\/a>: <a title=\"Kenny Acheson\" href=\"https:\/\/es.wikipedia.org\/wiki\/Kenny_Acheson\">Kenny Acheson<\/a>, piloto brit\u00e1nico de F\u00f3rmula 1.<\/li>\n<\/ul>\n<div class=\"thumb tright\" style=\"text-align: justify;\">\n<div class=\"thumbinner\"><a class=\"image\" href=\"https:\/\/commons.wikimedia.org\/wiki\/File:Caroline_Kennedy.PNG\"><img loading=\"lazy\" decoding=\"async\" class=\"thumbimage\" src=\"https:\/\/upload.wikimedia.org\/wikipedia\/commons\/thumb\/d\/da\/Caroline_Kennedy.PNG\/120px-Caroline_Kennedy.PNG\" srcset=\"\/\/upload.wikimedia.org\/wikipedia\/commons\/thumb\/d\/da\/Caroline_Kennedy.PNG\/180px-Caroline_Kennedy.PNG 1.5x, \/\/upload.wikimedia.org\/wikipedia\/commons\/thumb\/d\/da\/Caroline_Kennedy.PNG\/240px-Caroline_Kennedy.PNG 2x\" alt=\"\" width=\"120\" height=\"165\" data-file-width=\"448\" data-file-height=\"615\" \/><\/a><\/p>\n<div class=\"thumbcaption\">\n<div class=\"magnify\">\u00a0<\/div>\n<p><a title=\"Caroline Kennedy\" href=\"https:\/\/es.wikipedia.org\/wiki\/Caroline_Kennedy\">Caroline Kennedy<\/a>.<\/div>\n<\/div>\n<\/div>\n<ul style=\"text-align: justify;\">\n<li>1957: <a title=\"Caroline Kennedy\" href=\"https:\/\/es.wikipedia.org\/wiki\/Caroline_Kennedy\">Caroline Kennedy<\/a>, periodista estadounidense.<\/li>\n<li>1957: <a title=\"Callie Khouri\" href=\"https:\/\/es.wikipedia.org\/wiki\/Callie_Khouri\">Callie Khouri<\/a>, cineasta estadounidense.<\/li>\n<li>1957: <a title=\"Miriam Lewin\" href=\"https:\/\/es.wikipedia.org\/wiki\/Miriam_Lewin\">Miriam Lewin<\/a>, periodista argentina.<\/li>\n<li>1957: <a title=\"Kevin O'Connell\" href=\"https:\/\/es.wikipedia.org\/wiki\/Kevin_O%27Connell\">Kevin O&#8217;Connell<\/a>, ingeniero de sonido estadounidense.<\/li>\n<li>1957: <a title=\"Satoru Sayama\" href=\"https:\/\/es.wikipedia.org\/wiki\/Satoru_Sayama\">Satoru Sayama<\/a>, luchador japon\u00e9s.<\/li>\n<li><a title=\"1958\" href=\"https:\/\/es.wikipedia.org\/wiki\/1958\">1958<\/a>: <a title=\"John Bumstead\" href=\"https:\/\/es.wikipedia.org\/wiki\/John_Bumstead\">John Bumstead<\/a>, futbolista brit\u00e1nico.<\/li>\n<li>1958: <a title=\"Pablo Granifo\" href=\"https:\/\/es.wikipedia.org\/wiki\/Pablo_Granifo\">Pablo Granifo<\/a>, banquero chileno.<\/li>\n<li>1958: <a title=\"Tetsuya Komuro\" href=\"https:\/\/es.wikipedia.org\/wiki\/Tetsuya_Komuro\">Tetsuya Komuro<\/a>, m\u00fasico japon\u00e9s.<\/li>\n<li>1958: <a title=\"Sergio Rubio R\u00edos\" href=\"https:\/\/es.wikipedia.org\/wiki\/Sergio_Rubio_R%C3%ADos\">Sergio Rubio R\u00edos<\/a>, futbolista mexicano.<\/li>\n<li><a title=\"1959\" href=\"https:\/\/es.wikipedia.org\/wiki\/1959\">1959<\/a>: <a title=\"Vikt\u00f3riya Mulova\" href=\"https:\/\/es.wikipedia.org\/wiki\/Vikt%C3%B3riya_Mulova\">Vikt\u00f3riya Mulova<\/a>, violinista rusa.<\/li>\n<li>1959: <a title=\"Jaime Vilamaj\u00f3\" href=\"https:\/\/es.wikipedia.org\/wiki\/Jaime_Vilamaj%C3%B3\">Jaime Vilamaj\u00f3<\/a>, ciclista espa\u00f1ol.<\/li>\n<li><a title=\"1960\" href=\"https:\/\/es.wikipedia.org\/wiki\/1960\">1960<\/a>: <a title=\"Eike Immel\" href=\"https:\/\/es.wikipedia.org\/wiki\/Eike_Immel\">Eike Immel<\/a>, futbolista alem\u00e1n.<\/li>\n<li>1960: <a title=\"Paulina Garc\u00eda\" href=\"https:\/\/es.wikipedia.org\/wiki\/Paulina_Garc%C3%ADa\">Paulina Garc\u00eda<\/a>, actriz y directora de cine chilena.<\/li>\n<li>1960: <a title=\"Tim Pawlenty\" href=\"https:\/\/es.wikipedia.org\/wiki\/Tim_Pawlenty\">Tim Pawlenty<\/a>, pol\u00edtico estadounidense.<\/li>\n<li>1960: <a title=\"Michael Rispoli\" href=\"https:\/\/es.wikipedia.org\/wiki\/Michael_Rispoli\">Michael Rispoli<\/a>, actor estadounidense.<\/li>\n<li>1960: <a title=\"Maria Schneider (m\u00fasico)\" href=\"https:\/\/es.wikipedia.org\/wiki\/Maria_Schneider_(m%C3%BAsico)\">Maria Schneider<\/a>, compositora estadounidense.<\/li>\n<\/ul>\n<div class=\"thumb tright\" style=\"text-align: justify;\">\n<div class=\"thumbinner\"><a class=\"image\" href=\"https:\/\/commons.wikimedia.org\/wiki\/File:Julija_tymoschenko_2002.jpg\"><img loading=\"lazy\" decoding=\"async\" class=\"thumbimage\" src=\"https:\/\/upload.wikimedia.org\/wikipedia\/commons\/thumb\/b\/bf\/Julija_tymoschenko_2002.jpg\/120px-Julija_tymoschenko_2002.jpg\" srcset=\"\/\/upload.wikimedia.org\/wikipedia\/commons\/thumb\/b\/bf\/Julija_tymoschenko_2002.jpg\/180px-Julija_tymoschenko_2002.jpg 1.5x, \/\/upload.wikimedia.org\/wikipedia\/commons\/thumb\/b\/bf\/Julija_tymoschenko_2002.jpg\/240px-Julija_tymoschenko_2002.jpg 2x\" alt=\"\" width=\"120\" height=\"160\" data-file-width=\"480\" data-file-height=\"640\" \/><\/a><\/p>\n<div class=\"thumbcaption\">\n<div class=\"magnify\">\u00a0<\/div>\n<p><a class=\"mw-redirect\" title=\"Yulia Tymoshenko\" href=\"https:\/\/es.wikipedia.org\/wiki\/Yulia_Tymoshenko\">Yulia Tymoshenko<\/a>.<\/div>\n<\/div>\n<\/div>\n<ul style=\"text-align: justify;\">\n<li>1960: <a class=\"mw-redirect\" title=\"Yulia Tymoshenko\" href=\"https:\/\/es.wikipedia.org\/wiki\/Yulia_Tymoshenko\">Yulia Tymoshenko<\/a>, pol\u00edtico ucraniana.<\/li>\n<li>1960: <a title=\"Vlado Yanevski\" href=\"https:\/\/es.wikipedia.org\/wiki\/Vlado_Yanevski\">Vlado Yanevski<\/a>, cantante macedonio.<\/li>\n<li><a title=\"1961\" href=\"https:\/\/es.wikipedia.org\/wiki\/1961\">1961<\/a>: <a title=\"Samantha Bond\" href=\"https:\/\/es.wikipedia.org\/wiki\/Samantha_Bond\">Samantha Bond<\/a>, actriz inglesa.<\/li>\n<li><a title=\"1962\" href=\"https:\/\/es.wikipedia.org\/wiki\/1962\">1962<\/a>: <a title=\"Charlie Benante\" href=\"https:\/\/es.wikipedia.org\/wiki\/Charlie_Benante\">Charlie Benante<\/a>, baterista estadounidense (<a title=\"Anthrax\" href=\"https:\/\/es.wikipedia.org\/wiki\/Anthrax\">Anthrax<\/a>).<\/li>\n<li>1962: <a title=\"Mike Bordin\" href=\"https:\/\/es.wikipedia.org\/wiki\/Mike_Bordin\">Mike Bordin<\/a>, baterista estadounidense (<a title=\"Faith No More\" href=\"https:\/\/es.wikipedia.org\/wiki\/Faith_No_More\">Faith No More<\/a>).<\/li>\n<li>1962: <a title=\"Guillermo Gaviria Correa\" href=\"https:\/\/es.wikipedia.org\/wiki\/Guillermo_Gaviria_Correa\">Guillermo Gaviria Correa<\/a>, pol\u00edtico colombiano (f. 2003).<\/li>\n<li>1962: <a title=\"Carlos Lozano\" href=\"https:\/\/es.wikipedia.org\/wiki\/Carlos_Lozano\">Carlos Lozano<\/a>, actor, modelo y presentador de televisi\u00f3n espa\u00f1ol.<\/li>\n<li>1962: <a title=\"Davey Boy Smith\" href=\"https:\/\/es.wikipedia.org\/wiki\/Davey_Boy_Smith\">Davey Boy Smith<\/a>, luchador profesional brit\u00e1nico.<\/li>\n<li><a title=\"1963\" href=\"https:\/\/es.wikipedia.org\/wiki\/1963\">1963<\/a>: <a title=\"Roy Barreras\" href=\"https:\/\/es.wikipedia.org\/wiki\/Roy_Barreras\">Roy Barreras<\/a>, m\u00e9dico y pol\u00edtico colombiano.<\/li>\n<li>1963: <a title=\"To\u00f1\u00edn Llorente\" href=\"https:\/\/es.wikipedia.org\/wiki\/To%C3%B1%C3%ADn_Llorente\">To\u00f1\u00edn Llorente<\/a>, jugador de baloncesto espa\u00f1ol.<\/li>\n<li>1963: <a title=\"Du\u00edlia de Mello\" href=\"https:\/\/es.wikipedia.org\/wiki\/Du%C3%ADlia_de_Mello\">Du\u00edlia de Mello<\/a>, astr\u00f3loga brasile\u00f1a.<\/li>\n<li>1963: <a title=\"Micky Molina\" href=\"https:\/\/es.wikipedia.org\/wiki\/Micky_Molina\">Micky Molina<\/a>, actor espa\u00f1ol.<\/li>\n<li>1963: <a title=\"Roland Nilsson\" href=\"https:\/\/es.wikipedia.org\/wiki\/Roland_Nilsson\">Roland Nilsson<\/a>, futbolista sueco.<\/li>\n<li>1963: <a title=\"Fisher Stevens\" href=\"https:\/\/es.wikipedia.org\/wiki\/Fisher_Stevens\">Fisher Stevens<\/a>, actor estadounidense.<\/li>\n<li><a title=\"1964\" href=\"https:\/\/es.wikipedia.org\/wiki\/1964\">1964<\/a>: <a title=\"Robin Givens\" href=\"https:\/\/es.wikipedia.org\/wiki\/Robin_Givens\">Robin Givens<\/a>, actriz estadounidense.<\/li>\n<\/ul>\n<div class=\"thumb tright\" style=\"text-align: justify;\">\n<div class=\"thumbinner\"><a class=\"image\" href=\"https:\/\/commons.wikimedia.org\/wiki\/File:Roberto_Mancini_-_Lech_-_Manchester_010.jpg\"><img loading=\"lazy\" decoding=\"async\" class=\"thumbimage\" src=\"https:\/\/upload.wikimedia.org\/wikipedia\/commons\/thumb\/1\/18\/Roberto_Mancini_-_Lech_-_Manchester_010.jpg\/120px-Roberto_Mancini_-_Lech_-_Manchester_010.jpg\" srcset=\"\/\/upload.wikimedia.org\/wikipedia\/commons\/thumb\/1\/18\/Roberto_Mancini_-_Lech_-_Manchester_010.jpg\/180px-Roberto_Mancini_-_Lech_-_Manchester_010.jpg 1.5x, \/\/upload.wikimedia.org\/wikipedia\/commons\/thumb\/1\/18\/Roberto_Mancini_-_Lech_-_Manchester_010.jpg\/240px-Roberto_Mancini_-_Lech_-_Manchester_010.jpg 2x\" alt=\"\" width=\"120\" height=\"104\" data-file-width=\"1317\" data-file-height=\"1144\" \/><\/a><\/p>\n<div class=\"thumbcaption\">\n<div class=\"magnify\">\u00a0<\/div>\n<p><a title=\"Roberto Mancini\" href=\"https:\/\/es.wikipedia.org\/wiki\/Roberto_Mancini\">Roberto Mancini<\/a>.<\/div>\n<\/div>\n<\/div>\n<ul style=\"text-align: justify;\">\n<li>1964: <a title=\"Roberto Mancini\" href=\"https:\/\/es.wikipedia.org\/wiki\/Roberto_Mancini\">Roberto Mancini<\/a>, futbolista y entrenador italiano.<\/li>\n<li>1964: <a title=\"Rub\u00e9n Mart\u00ednez N\u00fa\u00f1ez\" href=\"https:\/\/es.wikipedia.org\/wiki\/Rub%C3%A9n_Mart%C3%ADnez_N%C3%BA%C3%B1ez\">Rub\u00e9n Mart\u00ednez N\u00fa\u00f1ez<\/a>, futbolista y entrenador chileno.<\/li>\n<li>1964: <a title=\"Francisco Alejandro M\u00e9ndez\" href=\"https:\/\/es.wikipedia.org\/wiki\/Francisco_Alejandro_M%C3%A9ndez\">Francisco Alejandro M\u00e9ndez<\/a>, escritor guatemalteco.<\/li>\n<li>1964: <a title=\"David Rakoff\" href=\"https:\/\/es.wikipedia.org\/wiki\/David_Rakoff\">David Rakoff<\/a>, escritor, periodista y actor canadiense (f. 2012).<\/li>\n<li>1964: <a title=\"Adam Shankman\" href=\"https:\/\/es.wikipedia.org\/wiki\/Adam_Shankman\">Adam Shankman<\/a>, bailar\u00edn y core\u00f3grafo estadounidense.<\/li>\n<li><a title=\"1965\" href=\"https:\/\/es.wikipedia.org\/wiki\/1965\">1965<\/a>: <a title=\"Ismi Azis\" href=\"https:\/\/es.wikipedia.org\/wiki\/Ismi_Azis\">Ismi Azis<\/a>, cantante indonesia.<\/li>\n<li>1965: <a title=\"Richard Cheese\" href=\"https:\/\/es.wikipedia.org\/wiki\/Richard_Cheese\">Richard Cheese<\/a>, m\u00fasico y c\u00f3mico estadounidense.<\/li>\n<\/ul>\n<div class=\"thumb tright\" style=\"text-align: justify;\">\n<div class=\"thumbinner\"><a class=\"image\" href=\"https:\/\/commons.wikimedia.org\/wiki\/File:Rachida_dati.jpg\"><img loading=\"lazy\" decoding=\"async\" class=\"thumbimage\" src=\"https:\/\/upload.wikimedia.org\/wikipedia\/commons\/thumb\/0\/01\/Rachida_dati.jpg\/120px-Rachida_dati.jpg\" srcset=\"\/\/upload.wikimedia.org\/wikipedia\/commons\/thumb\/0\/01\/Rachida_dati.jpg\/180px-Rachida_dati.jpg 1.5x, \/\/upload.wikimedia.org\/wikipedia\/commons\/thumb\/0\/01\/Rachida_dati.jpg\/240px-Rachida_dati.jpg 2x\" alt=\"\" width=\"120\" height=\"179\" data-file-width=\"536\" data-file-height=\"800\" \/><\/a><\/p>\n<div class=\"thumbcaption\">\n<div class=\"magnify\">\u00a0<\/div>\n<p><a title=\"Rachida Dati\" href=\"https:\/\/es.wikipedia.org\/wiki\/Rachida_Dati\">Rachida Dati<\/a>.<\/div>\n<\/div>\n<\/div>\n<ul style=\"text-align: justify;\">\n<li>1965: <a title=\"Rachida Dati\" href=\"https:\/\/es.wikipedia.org\/wiki\/Rachida_Dati\">Rachida Dati<\/a>, pol\u00edtica francesa.<\/li>\n<li>1965: <a title=\"Ernesto Jochamowitz-Endesby\" href=\"https:\/\/es.wikipedia.org\/wiki\/Ernesto_Jochamowitz-Endesby\">Ernesto Jochamowitz-Endesby<\/a>, piloto de rallis peruano.<\/li>\n<li>1965: <a title=\"Raffaella Reggi\" href=\"https:\/\/es.wikipedia.org\/wiki\/Raffaella_Reggi\">Raffaella Reggi<\/a>, tenista italiana.<\/li>\n<li><a title=\"1966\" href=\"https:\/\/es.wikipedia.org\/wiki\/1966\">1966<\/a>: <a title=\"Dean Garrett\" href=\"https:\/\/es.wikipedia.org\/wiki\/Dean_Garrett\">Dean Garrett<\/a>, jugador de baloncesto estadounidense.<\/li>\n<li>1966: <a title=\"Vladimir Gudelj\" href=\"https:\/\/es.wikipedia.org\/wiki\/Vladimir_Gudelj\">Vladimir Gudelj<\/a>, futbolista bosnio.<\/li>\n<li><a title=\"1967\" href=\"https:\/\/es.wikipedia.org\/wiki\/1967\">1967<\/a>: <a title=\"Shane Embury\" href=\"https:\/\/es.wikipedia.org\/wiki\/Shane_Embury\">Shane Embury<\/a>, bajista brit\u00e1nico (<a title=\"Napalm Death\" href=\"https:\/\/es.wikipedia.org\/wiki\/Napalm_Death\">Napalm Death<\/a>).<\/li>\n<li>1967: <a title=\"Na Ying\" href=\"https:\/\/es.wikipedia.org\/wiki\/Na_Ying\">Na Ying<\/a>, cantante china.<\/li>\n<li><a title=\"1968\" href=\"https:\/\/es.wikipedia.org\/wiki\/1968\">1968<\/a>: <a title=\"Alejandro Chomski\" href=\"https:\/\/es.wikipedia.org\/wiki\/Alejandro_Chomski\">Alejandro Chomski<\/a>, cineasta argentino.<\/li>\n<li>1968: <a title=\"Stanis\u0142aw Gaw\u0142owski\" href=\"https:\/\/es.wikipedia.org\/wiki\/Stanis%C5%82aw_Gaw%C5%82owski\">Stanis\u0142aw Gaw\u0142owski<\/a>, pol\u00edtico polaco.<\/li>\n<li>1968: <a title=\"Michael Vartan\" href=\"https:\/\/es.wikipedia.org\/wiki\/Michael_Vartan\">Michael Vartan<\/a>, actor franc\u00e9s.<\/li>\n<li><a title=\"1969\" href=\"https:\/\/es.wikipedia.org\/wiki\/1969\">1969<\/a>: <a title=\"Herm\u00e1n Gaviria\" href=\"https:\/\/es.wikipedia.org\/wiki\/Herm%C3%A1n_Gaviria\">Herm\u00e1n Gaviria<\/a>, futbolista colombiano (f. 2002).<\/li>\n<li>1969: <a title=\"Chin Han\" href=\"https:\/\/es.wikipedia.org\/wiki\/Chin_Han\">Chin Han<\/a>, actor singapurense.<\/li>\n<li>1969: <a title=\"Myles Kennedy\" href=\"https:\/\/es.wikipedia.org\/wiki\/Myles_Kennedy\">Myles Kennedy<\/a>, cantante estadounidense (<a title=\"Alter Bridge\" href=\"https:\/\/es.wikipedia.org\/wiki\/Alter_Bridge\">Alter Bridge<\/a>, <a title=\"The Mayfield Four\" href=\"https:\/\/es.wikipedia.org\/wiki\/The_Mayfield_Four\">The Mayfield Four<\/a>, <a class=\"new\" title=\"Citizen Swing (a\u00fan no redactado)\" href=\"https:\/\/es.wikipedia.org\/w\/index.php?title=Citizen_Swing&amp;action=edit&amp;redlink=1\">Citizen Swing<\/a> y <a class=\"new\" title=\"Cosmic Dust (a\u00fan no redactado)\" href=\"https:\/\/es.wikipedia.org\/w\/index.php?title=Cosmic_Dust&amp;action=edit&amp;redlink=1\">Cosmic Dust<\/a>).<\/li>\n<li>1969: <a title=\"Natalia Mill\u00e1n\" href=\"https:\/\/es.wikipedia.org\/wiki\/Natalia_Mill%C3%A1n\">Natalia Mill\u00e1n<\/a>, actriz espa\u00f1ola.<\/li>\n<li><a title=\"1970\" href=\"https:\/\/es.wikipedia.org\/wiki\/1970\">1970<\/a>: <a title=\"Jorge C\u00e1rdenas\" href=\"https:\/\/es.wikipedia.org\/wiki\/Jorge_C%C3%A1rdenas\">Jorge C\u00e1rdenas<\/a>, actor y cantante colombiano.<\/li>\n<li>1970: <a title=\"Brooke Langton\" href=\"https:\/\/es.wikipedia.org\/wiki\/Brooke_Langton\">Brooke Langton<\/a>, actriz estadounidense.<\/li>\n<li>1970: <a title=\"Hermann Josis Mokalu\" href=\"https:\/\/es.wikipedia.org\/wiki\/Hermann_Josis_Mokalu\">Hermann Josis Mokalu<\/a>, cantante indonesio.<\/li>\n<li>1970: <a title=\"Jaime Riveros\" href=\"https:\/\/es.wikipedia.org\/wiki\/Jaime_Riveros\">Jaime Riveros<\/a>, futbolista chileno.<\/li>\n<li><a title=\"1971\" href=\"https:\/\/es.wikipedia.org\/wiki\/1971\">1971<\/a>: <a title=\"Alberto Agnesi\" href=\"https:\/\/es.wikipedia.org\/wiki\/Alberto_Agnesi\">Alberto Agnesi<\/a>, actor mexicano.<\/li>\n<\/ul>\n<div class=\"thumb tright\" style=\"text-align: justify;\">\n<div class=\"thumbinner\"><a class=\"image\" href=\"https:\/\/commons.wikimedia.org\/wiki\/File:Troy_Corser_(1000664546).jpg\"><img loading=\"lazy\" decoding=\"async\" class=\"thumbimage\" src=\"https:\/\/upload.wikimedia.org\/wikipedia\/commons\/thumb\/5\/59\/Troy_Corser_%281000664546%29.jpg\/120px-Troy_Corser_%281000664546%29.jpg\" srcset=\"\/\/upload.wikimedia.org\/wikipedia\/commons\/thumb\/5\/59\/Troy_Corser_%281000664546%29.jpg\/180px-Troy_Corser_%281000664546%29.jpg 1.5x, \/\/upload.wikimedia.org\/wikipedia\/commons\/thumb\/5\/59\/Troy_Corser_%281000664546%29.jpg\/240px-Troy_Corser_%281000664546%29.jpg 2x\" alt=\"\" width=\"120\" height=\"85\" data-file-width=\"1280\" data-file-height=\"910\" \/><\/a><\/p>\n<div class=\"thumbcaption\">\n<div class=\"magnify\">\u00a0<\/div>\n<p><a title=\"Troy Corser\" href=\"https:\/\/es.wikipedia.org\/wiki\/Troy_Corser\">Troy Corser<\/a>.<\/div>\n<\/div>\n<\/div>\n<ul style=\"text-align: justify;\">\n<li>1971: <a title=\"Troy Corser\" href=\"https:\/\/es.wikipedia.org\/wiki\/Troy_Corser\">Troy Corser<\/a>, piloto de motociclismo australiano.<\/li>\n<li>1971: <a title=\"Nick Van Exel\" href=\"https:\/\/es.wikipedia.org\/wiki\/Nick_Van_Exel\">Nick Van Exel<\/a>, baloncestista estadounidense.<\/li>\n<li>1971: <a title=\"Claude Meisch\" href=\"https:\/\/es.wikipedia.org\/wiki\/Claude_Meisch\">Claude Meisch<\/a>, pol\u00edtico luxemburgu\u00e9s.<\/li>\n<li>1971: <a title=\"Valeria Zalaquett\" href=\"https:\/\/es.wikipedia.org\/wiki\/Valeria_Zalaquett\">Valeria Zalaquett<\/a>, fot\u00f3grafa chilena.<\/li>\n<li><a title=\"1972\" href=\"https:\/\/es.wikipedia.org\/wiki\/1972\">1972<\/a>: <a title=\"\u00c0lex Brendem\u00fchl\" href=\"https:\/\/es.wikipedia.org\/wiki\/%C3%80lex_Brendem%C3%BChl\">\u00c0lex Brendem\u00fchl<\/a>, actor espa\u00f1ol.<\/li>\n<li>1972: <a title=\"Zoey Holloway\" href=\"https:\/\/es.wikipedia.org\/wiki\/Zoey_Holloway\">Zoey Holloway<\/a>, actriz porno estadounidense.<\/li>\n<\/ul>\n<div class=\"thumb tright\" style=\"text-align: justify;\">\n<div class=\"thumbinner\"><a class=\"image\" href=\"https:\/\/commons.wikimedia.org\/wiki\/File:Ivonne_Ortega_en_la_Vaqueria.JPG\"><img loading=\"lazy\" decoding=\"async\" class=\"thumbimage\" src=\"https:\/\/upload.wikimedia.org\/wikipedia\/commons\/thumb\/3\/35\/Ivonne_Ortega_en_la_Vaqueria.JPG\/120px-Ivonne_Ortega_en_la_Vaqueria.JPG\" srcset=\"\/\/upload.wikimedia.org\/wikipedia\/commons\/thumb\/3\/35\/Ivonne_Ortega_en_la_Vaqueria.JPG\/180px-Ivonne_Ortega_en_la_Vaqueria.JPG 1.5x, \/\/upload.wikimedia.org\/wikipedia\/commons\/thumb\/3\/35\/Ivonne_Ortega_en_la_Vaqueria.JPG\/240px-Ivonne_Ortega_en_la_Vaqueria.JPG 2x\" alt=\"\" width=\"120\" height=\"145\" data-file-width=\"2497\" data-file-height=\"3008\" \/><\/a><\/p>\n<div class=\"thumbcaption\">\n<div class=\"magnify\">\u00a0<\/div>\n<p><a title=\"Ivonne Ortega Pacheco\" href=\"https:\/\/es.wikipedia.org\/wiki\/Ivonne_Ortega_Pacheco\">Ivonne Ortega Pacheco<\/a>.<\/div>\n<\/div>\n<\/div>\n<ul style=\"text-align: justify;\">\n<li>1972: <a title=\"Ivonne Ortega Pacheco\" href=\"https:\/\/es.wikipedia.org\/wiki\/Ivonne_Ortega_Pacheco\">Ivonne Ortega Pacheco<\/a>, pol\u00edtica mexicana.<\/li>\n<li>1972: <a title=\"Youichi Ui\" href=\"https:\/\/es.wikipedia.org\/wiki\/Youichi_Ui\">Youichi Ui<\/a>, motocilista japon\u00e9s.<\/li>\n<li><a title=\"1973\" href=\"https:\/\/es.wikipedia.org\/wiki\/1973\">1973<\/a>: <a title=\"Sharlto Copley\" href=\"https:\/\/es.wikipedia.org\/wiki\/Sharlto_Copley\">Sharlto Copley<\/a>, actor y director sudafricano.<\/li>\n<li>1973: <a title=\"Twista\" href=\"https:\/\/es.wikipedia.org\/wiki\/Twista\">Twista<\/a>, rapero estadounidense.<\/li>\n<li>1973: <a title=\"Kike Vall\u00e9s\" href=\"https:\/\/es.wikipedia.org\/wiki\/Kike_Vall%C3%A9s\">Kike Vall\u00e9s<\/a>, presentador de televisi\u00f3n venezolano.<\/li>\n<li><a title=\"1974\" href=\"https:\/\/es.wikipedia.org\/wiki\/1974\">1974<\/a>: <a title=\"Kirk Acevedo\" href=\"https:\/\/es.wikipedia.org\/wiki\/Kirk_Acevedo\">Kirk Acevedo<\/a>, actor estadounidense.<\/li>\n<li>1974: <a title=\"Jennifer O\u2019Dell\" href=\"https:\/\/es.wikipedia.org\/wiki\/Jennifer_O%E2%80%99Dell\">Jennifer O\u2019Dell<\/a>, actriz estadounidense.<\/li>\n<li><a title=\"1975\" href=\"https:\/\/es.wikipedia.org\/wiki\/1975\">1975<\/a>: <a title=\"Mart\u00edn Gram\u00e1tica\" href=\"https:\/\/es.wikipedia.org\/wiki\/Mart%C3%ADn_Gram%C3%A1tica\">Mart\u00edn Gram\u00e1tica<\/a>, jugador argentino de f\u00fatbol americano.<\/li>\n<li>1975: <a title=\"Rodrigo Valenzuela\" href=\"https:\/\/es.wikipedia.org\/wiki\/Rodrigo_Valenzuela\">Rodrigo Valenzuela<\/a>, futbolista chileno.<\/li>\n<li><a title=\"1976\" href=\"https:\/\/es.wikipedia.org\/wiki\/1976\">1976<\/a>: <a title=\"M\u00e1ximo L\u00f3pez May\" href=\"https:\/\/es.wikipedia.org\/wiki\/M%C3%A1ximo_L%C3%B3pez_May\">M\u00e1ximo L\u00f3pez May<\/a>, chef argentino.<\/li>\n<li>1976: <a title=\"Vinci Montaner\" href=\"https:\/\/es.wikipedia.org\/wiki\/Vinci_Montaner\">Vinci Montaner<\/a>, cantante filipino.<\/li>\n<\/ul>\n<div class=\"thumb tright\" style=\"text-align: justify;\">\n<div class=\"thumbinner\"><a class=\"image\" href=\"https:\/\/commons.wikimedia.org\/wiki\/File:JaleelWhiteDec10.jpg\"><img loading=\"lazy\" decoding=\"async\" class=\"thumbimage\" src=\"https:\/\/upload.wikimedia.org\/wikipedia\/commons\/thumb\/6\/60\/JaleelWhiteDec10.jpg\/120px-JaleelWhiteDec10.jpg\" srcset=\"\/\/upload.wikimedia.org\/wikipedia\/commons\/thumb\/6\/60\/JaleelWhiteDec10.jpg\/180px-JaleelWhiteDec10.jpg 1.5x, \/\/upload.wikimedia.org\/wikipedia\/commons\/thumb\/6\/60\/JaleelWhiteDec10.jpg\/240px-JaleelWhiteDec10.jpg 2x\" alt=\"\" width=\"120\" height=\"155\" data-file-width=\"1251\" data-file-height=\"1618\" \/><\/a><\/p>\n<div class=\"thumbcaption\">\n<div class=\"magnify\">\u00a0<\/div>\n<p><a title=\"Jaleel White\" href=\"https:\/\/es.wikipedia.org\/wiki\/Jaleel_White\">Jaleel White<\/a>.<\/div>\n<\/div>\n<\/div>\n<ul style=\"text-align: justify;\">\n<li>1976: <a title=\"Jaleel White\" href=\"https:\/\/es.wikipedia.org\/wiki\/Jaleel_White\">Jaleel White<\/a>, actor estadounidense.<\/li>\n<li>1977: <a title=\"F\u00e1bio Costa\" href=\"https:\/\/es.wikipedia.org\/wiki\/F%C3%A1bio_Costa\">F\u00e1bio Costa<\/a>, futbolista brasile\u00f1o.<\/li>\n<li>1977: <a title=\"Tobias Gr\u00fcnenfelder\" href=\"https:\/\/es.wikipedia.org\/wiki\/Tobias_Gr%C3%BCnenfelder\">Tobias Gr\u00fcnenfelder<\/a>, esquiador suizo.<\/li>\n<li><a title=\"1978\" href=\"https:\/\/es.wikipedia.org\/wiki\/1978\">1978<\/a>: <a title=\"Manu Fullola\" href=\"https:\/\/es.wikipedia.org\/wiki\/Manu_Fullola\">Manu Fullola<\/a>, actor espa\u00f1ol.<\/li>\n<li>1978: <a title=\"Iv\u00e1n Guti\u00e9rrez\" href=\"https:\/\/es.wikipedia.org\/wiki\/Iv%C3%A1n_Guti%C3%A9rrez\">Iv\u00e1n Guti\u00e9rrez<\/a>, ciclista espa\u00f1ol.<\/li>\n<li>1978: <a title=\"MC HotDog\" href=\"https:\/\/es.wikipedia.org\/wiki\/MC_HotDog\">MC HotDog<\/a>, rapero taiwan\u00e9s.<\/li>\n<li>1978: <a title=\"Shy Love\" href=\"https:\/\/es.wikipedia.org\/wiki\/Shy_Love\">Shy Love<\/a>, actriz porno germano-estadounidense.<\/li>\n<li>1978: <a title=\"Jimmy Rollins\" href=\"https:\/\/es.wikipedia.org\/wiki\/Jimmy_Rollins\">Jimmy Rollins<\/a>, beisbolista estadounidense.<\/li>\n<li>1978: <a title=\"Radek \u0160t\u011bp\u00e1nek\" href=\"https:\/\/es.wikipedia.org\/wiki\/Radek_%C5%A0t%C4%9Bp%C3%A1nek\">Radek \u0160t\u011bp\u00e1nek<\/a>, tenista checo.<\/li>\n<li>1978: <a title=\"The Streets\" href=\"https:\/\/es.wikipedia.org\/wiki\/The_Streets\">The Streets<\/a>, rapero estadounidense.<\/li>\n<li>1978: <a title=\"Unax Ugalde\" href=\"https:\/\/es.wikipedia.org\/wiki\/Unax_Ugalde\">Unax Ugalde<\/a>, actor espa\u00f1ol.<\/li>\n<li>1978: <a title=\"Tim Yeung\" href=\"https:\/\/es.wikipedia.org\/wiki\/Tim_Yeung\">Tim Yeung<\/a>, baterista estadounidense (<a title=\"Vital Remains\" href=\"https:\/\/es.wikipedia.org\/wiki\/Vital_Remains\">Vital Remains<\/a>).<\/li>\n<li><a title=\"1979\" href=\"https:\/\/es.wikipedia.org\/wiki\/1979\">1979<\/a>: <a title=\"Sebasti\u00e1n Bl\u00e1zquez\" href=\"https:\/\/es.wikipedia.org\/wiki\/Sebasti%C3%A1n_Bl%C3%A1zquez\">Sebasti\u00e1n Bl\u00e1zquez<\/a>, futbolista argentino.<\/li>\n<li>1979: <a title=\"Liz Gallardo\" href=\"https:\/\/es.wikipedia.org\/wiki\/Liz_Gallardo\">Liz Gallardo<\/a>, actriz mexicana.<\/li>\n<\/ul>\n<div class=\"thumb tright\" style=\"text-align: justify;\">\n<div class=\"thumbinner\"><a class=\"image\" href=\"https:\/\/commons.wikimedia.org\/wiki\/File:Hilary_Hahn_2.jpg\"><img loading=\"lazy\" decoding=\"async\" class=\"thumbimage\" src=\"https:\/\/upload.wikimedia.org\/wikipedia\/commons\/thumb\/7\/76\/Hilary_Hahn_2.jpg\/120px-Hilary_Hahn_2.jpg\" srcset=\"\/\/upload.wikimedia.org\/wikipedia\/commons\/thumb\/7\/76\/Hilary_Hahn_2.jpg\/180px-Hilary_Hahn_2.jpg 1.5x, \/\/upload.wikimedia.org\/wikipedia\/commons\/thumb\/7\/76\/Hilary_Hahn_2.jpg\/240px-Hilary_Hahn_2.jpg 2x\" alt=\"\" width=\"120\" height=\"143\" data-file-width=\"489\" data-file-height=\"584\" \/><\/a><\/p>\n<div class=\"thumbcaption\">\n<div class=\"magnify\">\u00a0<\/div>\n<p><a title=\"Hilary Hahn\" href=\"https:\/\/es.wikipedia.org\/wiki\/Hilary_Hahn\">Hilary Hahn<\/a>.<\/div>\n<\/div>\n<\/div>\n<ul style=\"text-align: justify;\">\n<li>1979: <a title=\"Hilary Hahn\" href=\"https:\/\/es.wikipedia.org\/wiki\/Hilary_Hahn\">Hilary Hahn<\/a>, violinista estadounidense.<\/li>\n<li>1979: <a title=\"Brendan Haywood\" href=\"https:\/\/es.wikipedia.org\/wiki\/Brendan_Haywood\">Brendan Haywood<\/a>, jugador de baloncesto estadounidense.<\/li>\n<li>1979: <a title=\"Radoslav Kov\u00e1\u010d\" href=\"https:\/\/es.wikipedia.org\/wiki\/Radoslav_Kov%C3%A1%C4%8D\">Radoslav Kov\u00e1\u010d<\/a>, futbolista checo.<\/li>\n<li>1979: <a title=\"Eero Heinonen\" href=\"https:\/\/es.wikipedia.org\/wiki\/Eero_Heinonen\">Eero Heinonen<\/a>, bajista, compositor y cantante finland\u00e9s (<a title=\"The Rasmus\" href=\"https:\/\/es.wikipedia.org\/wiki\/The_Rasmus\">The Rasmus<\/a>).<\/li>\n<li>1979: <a title=\"Manuel Lombo\" href=\"https:\/\/es.wikipedia.org\/wiki\/Manuel_Lombo\">Manuel Lombo<\/a>, cantaor flamenco espa\u00f1ol.<\/li>\n<li>1979: <a title=\"Teemu Tainio\" href=\"https:\/\/es.wikipedia.org\/wiki\/Teemu_Tainio\">Teemu Tainio<\/a>, futbolista finland\u00e9s.<\/li>\n<li>1979: <a title=\"Aleksandar Vasoski\" href=\"https:\/\/es.wikipedia.org\/wiki\/Aleksandar_Vasoski\">Aleksandar Vasoski<\/a>, futbolista y entrenador macedonio.<\/li>\n<li><a title=\"1980\" href=\"https:\/\/es.wikipedia.org\/wiki\/1980\">1980<\/a>: <a title=\"Francesco Chicchi\" href=\"https:\/\/es.wikipedia.org\/wiki\/Francesco_Chicchi\">Francesco Chicchi<\/a>, ciclista italiano.<\/li>\n<li>1980: <a title=\"Vlad\u00edmir Mal\u00e1jov\" href=\"https:\/\/es.wikipedia.org\/wiki\/Vlad%C3%ADmir_Mal%C3%A1jov\">Vlad\u00edmir Mal\u00e1jov<\/a>, ajedrecista ruso.<\/li>\n<li>1980: <a title=\"Manda Ophuis\" href=\"https:\/\/es.wikipedia.org\/wiki\/Manda_Ophuis\">Manda Ophuis<\/a>, cantante holandesa.<\/li>\n<li><a title=\"1981\" href=\"https:\/\/es.wikipedia.org\/wiki\/1981\">1981<\/a>: <a title=\"Bruno Alves\" href=\"https:\/\/es.wikipedia.org\/wiki\/Bruno_Alves\">Bruno Alves<\/a>, futbolista portugu\u00e9s.<\/li>\n<li>1981: <a title=\"Uzziel Lozano\" href=\"https:\/\/es.wikipedia.org\/wiki\/Uzziel_Lozano\">Uzziel Lozano<\/a>, futbolista mexicano.<\/li>\n<li>1981: <a title=\"Franco Luciani\" href=\"https:\/\/es.wikipedia.org\/wiki\/Franco_Luciani\">Franco Luciani<\/a>, m\u00fasico argentino.<\/li>\n<li>1981: <a title=\"Matthew Taylor\" href=\"https:\/\/es.wikipedia.org\/wiki\/Matthew_Taylor\">Matthew Taylor<\/a>, futbolista brit\u00e1nico.<\/li>\n<li><a title=\"1982\" href=\"https:\/\/es.wikipedia.org\/wiki\/1982\">1982<\/a>: <a title=\"David Bellion\" href=\"https:\/\/es.wikipedia.org\/wiki\/David_Bellion\">David Bellion<\/a>, futbolista franc\u00e9s.<\/li>\n<\/ul>\n<div class=\"thumb tright\" style=\"text-align: justify;\">\n<div class=\"thumbinner\"><a class=\"image\" href=\"https:\/\/commons.wikimedia.org\/wiki\/File:Aleksandr_Kerzhakov.jpg\"><img loading=\"lazy\" decoding=\"async\" class=\"thumbimage\" src=\"https:\/\/upload.wikimedia.org\/wikipedia\/commons\/thumb\/a\/a4\/Aleksandr_Kerzhakov.jpg\/120px-Aleksandr_Kerzhakov.jpg\" srcset=\"\/\/upload.wikimedia.org\/wikipedia\/commons\/thumb\/a\/a4\/Aleksandr_Kerzhakov.jpg\/180px-Aleksandr_Kerzhakov.jpg 1.5x, \/\/upload.wikimedia.org\/wikipedia\/commons\/a\/a4\/Aleksandr_Kerzhakov.jpg 2x\" alt=\"\" width=\"120\" height=\"147\" data-file-width=\"200\" data-file-height=\"245\" \/><\/a><\/p>\n<div class=\"thumbcaption\">\n<div class=\"magnify\">\u00a0<\/div>\n<p><a title=\"Aleksandr Kerzhakov\" href=\"https:\/\/es.wikipedia.org\/wiki\/Aleksandr_Kerzhakov\">Aleksandr Kerzhakov<\/a>.<\/div>\n<\/div>\n<\/div>\n<ul style=\"text-align: justify;\">\n<li>1982: <a title=\"Aleksandr Kerzhakov\" href=\"https:\/\/es.wikipedia.org\/wiki\/Aleksandr_Kerzhakov\">Aleksandr Kerzhakov<\/a>, futbolista ruso.<\/li>\n<li><a title=\"1983\" href=\"https:\/\/es.wikipedia.org\/wiki\/1983\">1983<\/a>: <a title=\"Professor Green\" href=\"https:\/\/es.wikipedia.org\/wiki\/Professor_Green\">Professor Green<\/a>, rapero brit\u00e1nico.<\/li>\n<li>1983: <a title=\"Miguel \u00c1ngel Perera\" href=\"https:\/\/es.wikipedia.org\/wiki\/Miguel_%C3%81ngel_Perera\">Miguel \u00c1ngel Perera<\/a>, torero espa\u00f1ol.<\/li>\n<li><a title=\"1984\" href=\"https:\/\/es.wikipedia.org\/wiki\/1984\">1984<\/a>: <a title=\"Sanna Nielsen\" href=\"https:\/\/es.wikipedia.org\/wiki\/Sanna_Nielsen\">Sanna Nielsen<\/a>, cantante sueca.<\/li>\n<li>1984: <a title=\"Juan Jos\u00e9 Paredes\" href=\"https:\/\/es.wikipedia.org\/wiki\/Juan_Jos%C3%A9_Paredes\">Juan Jos\u00e9 Paredes<\/a>, futbolista guatemalteco.<\/li>\n<li><a title=\"1985\" href=\"https:\/\/es.wikipedia.org\/wiki\/1985\">1985<\/a>: <a title=\"Norman Kamaru\" href=\"https:\/\/es.wikipedia.org\/wiki\/Norman_Kamaru\">Norman Kamaru<\/a>, cantante indonesio.<\/li>\n<li>1985: <a title=\"Lauren C. Mayhew\" href=\"https:\/\/es.wikipedia.org\/wiki\/Lauren_C._Mayhew\">Lauren C. Mayhew<\/a>, actriz y cantante estadounidense.<\/li>\n<\/ul>\n<div class=\"thumb tright\" style=\"text-align: justify;\">\n<div class=\"thumbinner\"><a class=\"image\" href=\"https:\/\/commons.wikimedia.org\/wiki\/File:Alison_Pill_by_Gage_Skidmore.jpg\"><img loading=\"lazy\" decoding=\"async\" class=\"thumbimage\" src=\"https:\/\/upload.wikimedia.org\/wikipedia\/commons\/thumb\/7\/77\/Alison_Pill_by_Gage_Skidmore.jpg\/120px-Alison_Pill_by_Gage_Skidmore.jpg\" srcset=\"\/\/upload.wikimedia.org\/wikipedia\/commons\/thumb\/7\/77\/Alison_Pill_by_Gage_Skidmore.jpg\/180px-Alison_Pill_by_Gage_Skidmore.jpg 1.5x, \/\/upload.wikimedia.org\/wikipedia\/commons\/thumb\/7\/77\/Alison_Pill_by_Gage_Skidmore.jpg\/240px-Alison_Pill_by_Gage_Skidmore.jpg 2x\" alt=\"\" width=\"120\" height=\"134\" data-file-width=\"2392\" data-file-height=\"2672\" \/><\/a><\/p>\n<div class=\"thumbcaption\">\n<div class=\"magnify\">\u00a0<\/div>\n<p><a title=\"Alison Pill\" href=\"https:\/\/es.wikipedia.org\/wiki\/Alison_Pill\">Alison Pill<\/a>.<\/div>\n<\/div>\n<\/div>\n<ul style=\"text-align: justify;\">\n<li>1985: <a title=\"Alison Pill\" href=\"https:\/\/es.wikipedia.org\/wiki\/Alison_Pill\">Alison Pill<\/a>, actriz canadiense.<\/li>\n<li><a title=\"1986\" href=\"https:\/\/es.wikipedia.org\/wiki\/1986\">1986<\/a>: <a title=\"Diego Fainello\" href=\"https:\/\/es.wikipedia.org\/wiki\/Diego_Fainello\">Diego Fainello<\/a>, compositor italiano del dueto Sonohra.<\/li>\n<li>1986: <a title=\"Gabriel Hauche\" href=\"https:\/\/es.wikipedia.org\/wiki\/Gabriel_Hauche\">Gabriel Hauche<\/a>, futbolista argentino.<\/li>\n<li><a title=\"1987\" href=\"https:\/\/es.wikipedia.org\/wiki\/1987\">1987<\/a>: <a title=\"Andoni Erburu\" href=\"https:\/\/es.wikipedia.org\/wiki\/Andoni_Erburu\">Andoni Erburu<\/a>, actor espa\u00f1ol.<\/li>\n<li>1987: <a title=\"Santiago Giraldo\" href=\"https:\/\/es.wikipedia.org\/wiki\/Santiago_Giraldo\">Santiago Giraldo<\/a>, tenista colombiano.<\/li>\n<li>1987: <a title=\"Luigi Datome\" href=\"https:\/\/es.wikipedia.org\/wiki\/Luigi_Datome\">Luigi Datome<\/a>, jugador italiano de baloncesto.<\/li>\n<li><a title=\"1988\" href=\"https:\/\/es.wikipedia.org\/wiki\/1988\">1988<\/a>: <a title=\"Miroslav \u0160majda\" href=\"https:\/\/es.wikipedia.org\/wiki\/Miroslav_%C5%A0majda\">Miroslav \u0160majda<\/a>, cantante eslovaco.<\/li>\n<li><a title=\"1989\" href=\"https:\/\/es.wikipedia.org\/wiki\/1989\">1989<\/a>: <a title=\"Sercan Sararer\" href=\"https:\/\/es.wikipedia.org\/wiki\/Sercan_Sararer\">Sercan Sararer<\/a>, futbolista alem\u00e1n.<\/li>\n<li><a title=\"1990\" href=\"https:\/\/es.wikipedia.org\/wiki\/1990\">1990<\/a>: <a title=\"Josh Dubovie\" href=\"https:\/\/es.wikipedia.org\/wiki\/Josh_Dubovie\">Josh Dubovie<\/a>, cantante brit\u00e1nico.<\/li>\n<li>1990: <a title=\"Bisma Karisma\" href=\"https:\/\/es.wikipedia.org\/wiki\/Bisma_Karisma\">Bisma Karisma<\/a>, cantante indonesio.<\/li>\n<li>1990: <a title=\"Kelsey Martinovich\" href=\"https:\/\/es.wikipedia.org\/wiki\/Kelsey_Martinovich\">Kelsey Martinovich<\/a>, modelo australiano.<\/li>\n<li><a title=\"1991\" href=\"https:\/\/es.wikipedia.org\/wiki\/1991\">1991<\/a>: <a title=\"Chloe Bridges\" href=\"https:\/\/es.wikipedia.org\/wiki\/Chloe_Bridges\">Chloe Bridges<\/a>, actriz estadounidense.<\/li>\n<li>1991: <a title=\"Mar\u00eda del Pilar P\u00e9rez (actriz)\" href=\"https:\/\/es.wikipedia.org\/wiki\/Mar%C3%ADa_del_Pilar_P%C3%A9rez_(actriz)\">Mar\u00eda del Pilar P\u00e9rez<\/a>, actriz colombiana.<\/li>\n<li><a title=\"1992\" href=\"https:\/\/es.wikipedia.org\/wiki\/1992\">1992<\/a>: <a title=\"Alex Neuberger\" href=\"https:\/\/es.wikipedia.org\/wiki\/Alex_Neuberger\">Alex Neuberger<\/a>, actor estadounidense.<\/li>\n<li>1992: <a title=\"Anuel AA\" href=\"https:\/\/es.wikipedia.org\/wiki\/Anuel_AA\">Anuel AA<\/a>, cantante puertorrique\u00f1o.<\/li>\n<\/ul>\n<h2 style=\"text-align: justify;\"><span id=\"Fallecimientos\" class=\"mw-headline\">Fallecimientos<\/span><\/h2>\n<div class=\"thumb tright\" style=\"text-align: justify;\">\n<div class=\"thumbinner\"><a class=\"image\" href=\"https:\/\/commons.wikimedia.org\/wiki\/File:Quintus_Horatius_Flaccus.jpg\"><img loading=\"lazy\" decoding=\"async\" class=\"thumbimage\" src=\"https:\/\/upload.wikimedia.org\/wikipedia\/commons\/thumb\/9\/95\/Quintus_Horatius_Flaccus.jpg\/120px-Quintus_Horatius_Flaccus.jpg\" srcset=\"\/\/upload.wikimedia.org\/wikipedia\/commons\/thumb\/9\/95\/Quintus_Horatius_Flaccus.jpg\/180px-Quintus_Horatius_Flaccus.jpg 1.5x, \/\/upload.wikimedia.org\/wikipedia\/commons\/thumb\/9\/95\/Quintus_Horatius_Flaccus.jpg\/240px-Quintus_Horatius_Flaccus.jpg 2x\" alt=\"\" width=\"120\" height=\"238\" data-file-width=\"300\" data-file-height=\"594\" \/><\/a><\/p>\n<div class=\"thumbcaption\">\n<div class=\"magnify\">\u00a0<\/div>\n<p><a title=\"Horacio\" href=\"https:\/\/es.wikipedia.org\/wiki\/Horacio\">Horacio<\/a>.<\/div>\n<\/div>\n<\/div>\n<ul style=\"text-align: justify;\">\n<li><a title=\"8 a. C.\" href=\"https:\/\/es.wikipedia.org\/wiki\/8_a._C.\">8\u00a0a.\u00a0C.<\/a>: <a title=\"Horacio\" href=\"https:\/\/es.wikipedia.org\/wiki\/Horacio\">Horacio<\/a>, poeta romano (n. <a title=\"A\u00f1os 60 a. C.\" href=\"https:\/\/es.wikipedia.org\/wiki\/A%C3%B1os_60_a._C.\">65\u00a0a.\u00a0C.<\/a>) (n. 65\u00a0a.\u00a0C.).<\/li>\n<li><a title=\"395\" href=\"https:\/\/es.wikipedia.org\/wiki\/395\">395<\/a>: <a title=\"Rufino (prefecto)\" href=\"https:\/\/es.wikipedia.org\/wiki\/Rufino_(prefecto)\">Rufino<\/a>, prefecto romano (n. 335).<\/li>\n<li><a title=\"450\" href=\"https:\/\/es.wikipedia.org\/wiki\/450\">450<\/a>: <a title=\"Gala Placidia\" href=\"https:\/\/es.wikipedia.org\/wiki\/Gala_Placidia\">Gala Placidia<\/a>, hermana del emperador <a class=\"mw-redirect\" title=\"Teodosio I\" href=\"https:\/\/es.wikipedia.org\/wiki\/Teodosio_I\">Teodosio I<\/a> (n. 392).<\/li>\n<li><a title=\"511\" href=\"https:\/\/es.wikipedia.org\/wiki\/511\">511<\/a>: <a title=\"Clodoveo I\" href=\"https:\/\/es.wikipedia.org\/wiki\/Clodoveo_I\">Clodoveo I<\/a>, rey franco (n. 481).<\/li>\n<li><a title=\"602\" href=\"https:\/\/es.wikipedia.org\/wiki\/602\">602<\/a>: <a title=\"Mauricio (emperador)\" href=\"https:\/\/es.wikipedia.org\/wiki\/Mauricio_(emperador)\">Mauricio<\/a>, emperador romano (n. 539).<\/li>\n<li><a title=\"1252\" href=\"https:\/\/es.wikipedia.org\/wiki\/1252\">1252<\/a>: <a title=\"Blanca de Castilla\" href=\"https:\/\/es.wikipedia.org\/wiki\/Blanca_de_Castilla\">Blanca de Castilla<\/a>, esposa de <a title=\"Luis VIII de Francia\" href=\"https:\/\/es.wikipedia.org\/wiki\/Luis_VIII_de_Francia\">Luis VIII de Francia<\/a> (n. 1188).<\/li>\n<li><a title=\"1283\" href=\"https:\/\/es.wikipedia.org\/wiki\/1283\">1283<\/a>: <a title=\"Juan de Montfort\" href=\"https:\/\/es.wikipedia.org\/wiki\/Juan_de_Montfort\">Juan de Montfort<\/a>, se\u00f1or de <a title=\"Tor\u00f3n\" href=\"https:\/\/es.wikipedia.org\/wiki\/Tor%C3%B3n\">Tor\u00f3n<\/a> (n. 1240).<\/li>\n<li><a title=\"1308\" href=\"https:\/\/es.wikipedia.org\/wiki\/1308\">1308<\/a>: <a title=\"Ot\u00f3n IV de Brandeburgo\" href=\"https:\/\/es.wikipedia.org\/wiki\/Ot%C3%B3n_IV_de_Brandeburgo\">Ot\u00f3n IV de Brandeburgo<\/a>, Margrave de Brandeburgo (n. 1238).<\/li>\n<li><a title=\"1474\" href=\"https:\/\/es.wikipedia.org\/wiki\/1474\">1474<\/a>: <a title=\"Guillaume Dufay\" href=\"https:\/\/es.wikipedia.org\/wiki\/Guillaume_Dufay\">Guillaume Dufay<\/a>, compositor y m\u00fasico franco-flamenco (n. 1397).<\/li>\n<li><a title=\"1555\" href=\"https:\/\/es.wikipedia.org\/wiki\/1555\">1555<\/a>: <a title=\"Luis de Portugal\" href=\"https:\/\/es.wikipedia.org\/wiki\/Luis_de_Portugal\">Luis de Portugal<\/a>, infante de Portugal (n. 1506).<\/li>\n<li><a title=\"1570\" href=\"https:\/\/es.wikipedia.org\/wiki\/1570\">1570<\/a>: <a class=\"mw-redirect\" title=\"Jacopo Sansovino\" href=\"https:\/\/es.wikipedia.org\/wiki\/Jacopo_Sansovino\">Jacopo Sansovino<\/a>, escultor y arquitecto italiano (n. 1486).<\/li>\n<li><a title=\"1607\" href=\"https:\/\/es.wikipedia.org\/wiki\/1607\">1607<\/a>: <a title=\"Juan de Castellanos\" href=\"https:\/\/es.wikipedia.org\/wiki\/Juan_de_Castellanos\">Juan de Castellanos<\/a>, poeta, cronista y sacerdote espa\u00f1ol (n. 1522).<\/li>\n<li><a title=\"1644\" href=\"https:\/\/es.wikipedia.org\/wiki\/1644\">1644<\/a>: <a title=\"Francisco Pacheco\" href=\"https:\/\/es.wikipedia.org\/wiki\/Francisco_Pacheco\">Francisco Pacheco<\/a>, pintor espa\u00f1ol. (n. 1564).<\/li>\n<li><a title=\"1680\" href=\"https:\/\/es.wikipedia.org\/wiki\/1680\">1680<\/a>: <a title=\"Atanasio Kircher\" href=\"https:\/\/es.wikipedia.org\/wiki\/Atanasio_Kircher\">Atanasio Kircher<\/a>, erudito alem\u00e1n (n. 1601).<\/li>\n<li><a title=\"1728\" href=\"https:\/\/es.wikipedia.org\/wiki\/1728\">1728<\/a>: <a title=\"Sante Prunati\" href=\"https:\/\/es.wikipedia.org\/wiki\/Sante_Prunati\">Sante Prunati<\/a>, pintor italiano (n. 1652).<\/li>\n<li><a title=\"1749\" href=\"https:\/\/es.wikipedia.org\/wiki\/1749\">1749<\/a>: <a title=\"Gottfried Heinrich St\u00f6lzel\" href=\"https:\/\/es.wikipedia.org\/wiki\/Gottfried_Heinrich_St%C3%B6lzel\">Gottfried Heinrich St\u00f6lzel<\/a>, compositor alem\u00e1n (n. 1690).<\/li>\n<li><a title=\"1754\" href=\"https:\/\/es.wikipedia.org\/wiki\/1754\">1754<\/a>: <a title=\"Abraham de Moivre\" href=\"https:\/\/es.wikipedia.org\/wiki\/Abraham_de_Moivre\">Abraham de Moivre<\/a>, matem\u00e1tico brit\u00e1nico de origen franc\u00e9s (n. 1667).<\/li>\n<li><a title=\"1758\" href=\"https:\/\/es.wikipedia.org\/wiki\/1758\">1758<\/a>: <a title=\"Senesino\" href=\"https:\/\/es.wikipedia.org\/wiki\/Senesino\">Senesino<\/a>, castrati italiano (n. 1686).<\/li>\n<li><a title=\"1760\" href=\"https:\/\/es.wikipedia.org\/wiki\/1760\">1760<\/a>: <a title=\"Juan Antonio de Mendoza\" href=\"https:\/\/es.wikipedia.org\/wiki\/Juan_Antonio_de_Mendoza\">Juan Antonio de Mendoza<\/a>, militar espa\u00f1ol.<\/li>\n<li><a title=\"1762\" href=\"https:\/\/es.wikipedia.org\/wiki\/1762\">1762<\/a>: <a title=\"Pedro Miguel de la Cueva y Guzm\u00e1n\" href=\"https:\/\/es.wikipedia.org\/wiki\/Pedro_Miguel_de_la_Cueva_y_Guzm%C3%A1n\">Pedro Miguel de la Cueva y Guzm\u00e1n<\/a>, militar y arist\u00f3crata espa\u00f1ol (n. 1712).<\/li>\n<li><a title=\"1763\" href=\"https:\/\/es.wikipedia.org\/wiki\/1763\">1763<\/a>: <a title=\"Isabel de Borb\u00f3n-Parma\" href=\"https:\/\/es.wikipedia.org\/wiki\/Isabel_de_Borb%C3%B3n-Parma\">Isabel de Borb\u00f3n-Parma<\/a>, noble espa\u00f1ola (n. 1741).<\/li>\n<\/ul>\n<div class=\"thumb tright\" style=\"text-align: justify;\">\n<div class=\"thumbinner\"><a class=\"image\" href=\"https:\/\/commons.wikimedia.org\/wiki\/File:Gaspar_Melchor_de_Jovellanos_by_Goya_(1798).jpg\"><img loading=\"lazy\" decoding=\"async\" class=\"thumbimage\" src=\"https:\/\/upload.wikimedia.org\/wikipedia\/commons\/thumb\/0\/0a\/Gaspar_Melchor_de_Jovellanos_by_Goya_%281798%29.jpg\/120px-Gaspar_Melchor_de_Jovellanos_by_Goya_%281798%29.jpg\" srcset=\"\/\/upload.wikimedia.org\/wikipedia\/commons\/thumb\/0\/0a\/Gaspar_Melchor_de_Jovellanos_by_Goya_%281798%29.jpg\/180px-Gaspar_Melchor_de_Jovellanos_by_Goya_%281798%29.jpg 1.5x, \/\/upload.wikimedia.org\/wikipedia\/commons\/thumb\/0\/0a\/Gaspar_Melchor_de_Jovellanos_by_Goya_%281798%29.jpg\/240px-Gaspar_Melchor_de_Jovellanos_by_Goya_%281798%29.jpg 2x\" alt=\"\" width=\"120\" height=\"190\" data-file-width=\"1857\" data-file-height=\"2934\" \/><\/a><\/p>\n<div class=\"thumbcaption\">\n<div class=\"magnify\">\u00a0<\/div>\n<p><a title=\"Gaspar Melchor de Jovellanos\" href=\"https:\/\/es.wikipedia.org\/wiki\/Gaspar_Melchor_de_Jovellanos\">Gaspar Melchor de Jovellanos<\/a>.<\/div>\n<\/div>\n<\/div>\n<ul style=\"text-align: justify;\">\n<li><a title=\"1811\" href=\"https:\/\/es.wikipedia.org\/wiki\/1811\">1811<\/a>: <a title=\"Gaspar Melchor de Jovellanos\" href=\"https:\/\/es.wikipedia.org\/wiki\/Gaspar_Melchor_de_Jovellanos\">Gaspar Melchor de Jovellanos<\/a>, escritor espa\u00f1ol (n. 1744).<\/li>\n<li><a title=\"1831\" href=\"https:\/\/es.wikipedia.org\/wiki\/1831\">1831<\/a>: <a title=\"Juan Esteban Lozano de Torres\" href=\"https:\/\/es.wikipedia.org\/wiki\/Juan_Esteban_Lozano_de_Torres\">Juan Esteban Lozano de Torres<\/a>, pol\u00edtico espa\u00f1ol (n. 1779).<\/li>\n<li><a title=\"1833\" href=\"https:\/\/es.wikipedia.org\/wiki\/1833\">1833<\/a>: <a title=\"Philip Reinagle\" href=\"https:\/\/es.wikipedia.org\/wiki\/Philip_Reinagle\">Philip Reinagle<\/a>, pintor brit\u00e1nico (n. 1749).<\/li>\n<li><a title=\"1838\" href=\"https:\/\/es.wikipedia.org\/wiki\/1838\">1838<\/a>: <a title=\"Ignacio Labastida\" href=\"https:\/\/es.wikipedia.org\/wiki\/Ignacio_Labastida\">Ignacio Labastida<\/a>, militar mexicano (n. 1806).<\/li>\n<li><a title=\"1849\" href=\"https:\/\/es.wikipedia.org\/wiki\/1849\">1849<\/a>: <a title=\"Joaqu\u00edn Oliet Cruella\" href=\"https:\/\/es.wikipedia.org\/wiki\/Joaqu%C3%ADn_Oliet_Cruella\">Joaqu\u00edn Oliet Cruella<\/a>, pintor espa\u00f1ol (n. 1775).<\/li>\n<li><a title=\"1852\" href=\"https:\/\/es.wikipedia.org\/wiki\/1852\">1852<\/a>: <a title=\"Ada Lovelace\" href=\"https:\/\/es.wikipedia.org\/wiki\/Ada_Lovelace\">Ada Lovelace<\/a>, matem\u00e1tico brit\u00e1nico (n. 1815).<\/li>\n<li><a title=\"1857\" href=\"https:\/\/es.wikipedia.org\/wiki\/1857\">1857<\/a>: <a title=\"Juan Gualberto Gonz\u00e1lez Bravo\" href=\"https:\/\/es.wikipedia.org\/wiki\/Juan_Gualberto_Gonz%C3%A1lez_Bravo\">Juan Gualberto Gonz\u00e1lez Bravo<\/a>, m\u00fasico, escritor y pol\u00edtico espa\u00f1ol (n. 1777).<\/li>\n<li><a title=\"1869\" href=\"https:\/\/es.wikipedia.org\/wiki\/1869\">1869<\/a>: <a title=\"Jos\u00e9 Hilario L\u00f3pez\" href=\"https:\/\/es.wikipedia.org\/wiki\/Jos%C3%A9_Hilario_L%C3%B3pez\">Jos\u00e9 Hilario L\u00f3pez<\/a>, militar y pol\u00edtico colombiano (n. 1798).<\/li>\n<li><a title=\"1872\" href=\"https:\/\/es.wikipedia.org\/wiki\/1872\">1872<\/a>: <a title=\"Agust\u00edn Morales\" href=\"https:\/\/es.wikipedia.org\/wiki\/Agust%C3%ADn_Morales\">Agust\u00edn Morales<\/a>, presidente de Bolivia (n. 1808).<\/li>\n<li><a title=\"1873\" href=\"https:\/\/es.wikipedia.org\/wiki\/1873\">1873<\/a>: <a title=\"Auguste Arthur de la Rive\" href=\"https:\/\/es.wikipedia.org\/wiki\/Auguste_Arthur_de_la_Rive\">Auguste Arthur de la Rive<\/a>, f\u00edsico franc\u00e9s (n. 1801).<\/li>\n<li><a title=\"1875\" href=\"https:\/\/es.wikipedia.org\/wiki\/1875\">1875<\/a>: <a title=\"Richard Christopher Carrington\" href=\"https:\/\/es.wikipedia.org\/wiki\/Richard_Christopher_Carrington\">Richard Christopher Carrington<\/a>, astr\u00f3nomo brit\u00e1nico (n. 1826).<\/li>\n<li><a title=\"1879\" href=\"https:\/\/es.wikipedia.org\/wiki\/1879\">1879<\/a>: <a title=\"Janus Henricus Donker Curtius\" href=\"https:\/\/es.wikipedia.org\/wiki\/Janus_Henricus_Donker_Curtius\">Janus Henricus Donker Curtius<\/a>, comisionado holand\u00e9s (n. 1813).<\/li>\n<\/ul>\n<div class=\"thumb tright\" style=\"text-align: justify;\">\n<div class=\"thumbinner\"><a class=\"image\" href=\"https:\/\/commons.wikimedia.org\/wiki\/File:Eleuterio_Ramirez_Molina.jpg\"><img loading=\"lazy\" decoding=\"async\" class=\"thumbimage\" src=\"https:\/\/upload.wikimedia.org\/wikipedia\/commons\/thumb\/1\/1e\/Eleuterio_Ramirez_Molina.jpg\/120px-Eleuterio_Ramirez_Molina.jpg\" srcset=\"\/\/upload.wikimedia.org\/wikipedia\/commons\/thumb\/1\/1e\/Eleuterio_Ramirez_Molina.jpg\/180px-Eleuterio_Ramirez_Molina.jpg 1.5x, \/\/upload.wikimedia.org\/wikipedia\/commons\/thumb\/1\/1e\/Eleuterio_Ramirez_Molina.jpg\/240px-Eleuterio_Ramirez_Molina.jpg 2x\" alt=\"\" width=\"120\" height=\"150\" data-file-width=\"320\" data-file-height=\"400\" \/><\/a><\/p>\n<div class=\"thumbcaption\">\n<div class=\"magnify\">\u00a0<\/div>\n<p><a title=\"Eleuterio Ram\u00edrez\" href=\"https:\/\/es.wikipedia.org\/wiki\/Eleuterio_Ram%C3%ADrez\">Eleuterio Ram\u00edrez<\/a>.<\/div>\n<\/div>\n<\/div>\n<ul style=\"text-align: justify;\">\n<li>1879: <a title=\"Eleuterio Ram\u00edrez\" href=\"https:\/\/es.wikipedia.org\/wiki\/Eleuterio_Ram%C3%ADrez\">Eleuterio Ram\u00edrez<\/a>, militar chileno (n. 1836).<\/li>\n<li><a title=\"1881\" href=\"https:\/\/es.wikipedia.org\/wiki\/1881\">1881<\/a>: <a class=\"mw-redirect\" title=\"Theobald Boehm\" href=\"https:\/\/es.wikipedia.org\/wiki\/Theobald_Boehm\">Theobald Boehm<\/a>, lutier alem\u00e1n (n. 1794).<\/li>\n<li><a title=\"1884\" href=\"https:\/\/es.wikipedia.org\/wiki\/1884\">1884<\/a>: <a title=\"Fanny Elssler\" href=\"https:\/\/es.wikipedia.org\/wiki\/Fanny_Elssler\">Fanny Elssler<\/a>, bailarina austr\u00edaca (n. 1810).<\/li>\n<li><a title=\"1885\" href=\"https:\/\/es.wikipedia.org\/wiki\/1885\">1885<\/a>: <a title=\"Andrea Maffei\" href=\"https:\/\/es.wikipedia.org\/wiki\/Andrea_Maffei\">Andrea Maffei<\/a>, escritor brasile\u00f1o (n. 1798).<\/li>\n<li><a title=\"1886\" href=\"https:\/\/es.wikipedia.org\/wiki\/1886\">1886<\/a>: <a title=\"Juan de la Rosa Gonz\u00e1lez\" href=\"https:\/\/es.wikipedia.org\/wiki\/Juan_de_la_Rosa_Gonz%C3%A1lez\">Juan de la Rosa Gonz\u00e1lez<\/a>, escritor espa\u00f1ol (n. 1820).<\/li>\n<li><a title=\"1887\" href=\"https:\/\/es.wikipedia.org\/wiki\/1887\">1887<\/a>: <a title=\"August Fendler\" href=\"https:\/\/es.wikipedia.org\/wiki\/August_Fendler\">August Fendler<\/a>, bot\u00e1nico alem\u00e1n (n. 1813).<\/li>\n<li><a title=\"1893\" href=\"https:\/\/es.wikipedia.org\/wiki\/1893\">1893<\/a>: <a title=\"Stephen Wilcox\" href=\"https:\/\/es.wikipedia.org\/wiki\/Stephen_Wilcox\">Stephen Wilcox<\/a>, inventor estadounidense (n. 1830).<\/li>\n<\/ul>\n<div class=\"thumb tright\" style=\"text-align: justify;\">\n<div class=\"thumbinner\"><a class=\"image\" href=\"https:\/\/commons.wikimedia.org\/wiki\/File:ADumas_hijo_00.jpg\"><img loading=\"lazy\" decoding=\"async\" class=\"thumbimage\" src=\"https:\/\/upload.wikimedia.org\/wikipedia\/commons\/thumb\/4\/47\/ADumas_hijo_00.jpg\/120px-ADumas_hijo_00.jpg\" srcset=\"\/\/upload.wikimedia.org\/wikipedia\/commons\/thumb\/4\/47\/ADumas_hijo_00.jpg\/180px-ADumas_hijo_00.jpg 1.5x, \/\/upload.wikimedia.org\/wikipedia\/commons\/thumb\/4\/47\/ADumas_hijo_00.jpg\/240px-ADumas_hijo_00.jpg 2x\" alt=\"\" width=\"120\" height=\"133\" data-file-width=\"271\" data-file-height=\"300\" \/><\/a><\/p>\n<div class=\"thumbcaption\">\n<div class=\"magnify\">\u00a0<\/div>\n<p><a class=\"mw-redirect\" title=\"Alejandro Dumas (hijo)\" href=\"https:\/\/es.wikipedia.org\/wiki\/Alejandro_Dumas_(hijo)\">Alejandro Dumas (hijo)<\/a>.<\/div>\n<\/div>\n<\/div>\n<ul style=\"text-align: justify;\">\n<li><a title=\"1895\" href=\"https:\/\/es.wikipedia.org\/wiki\/1895\">1895<\/a>: <a title=\"Alexandre Dumas (hijo)\" href=\"https:\/\/es.wikipedia.org\/wiki\/Alexandre_Dumas_(hijo)\">Alexandre Dumas (hijo)<\/a>, escritor franc\u00e9s (n. 1824).<\/li>\n<li><a title=\"1897\" href=\"https:\/\/es.wikipedia.org\/wiki\/1897\">1897<\/a>: <a title=\"James Bateman\" href=\"https:\/\/es.wikipedia.org\/wiki\/James_Bateman\">James Bateman<\/a>, horticultor brit\u00e1nico (n. 1811).<\/li>\n<li><a title=\"1899\" href=\"https:\/\/es.wikipedia.org\/wiki\/1899\">1899<\/a>: <a title=\"Guido Gezelle\" href=\"https:\/\/es.wikipedia.org\/wiki\/Guido_Gezelle\">Guido Gezelle<\/a>, poeta belga (n. 1830).<\/li>\n<li><a title=\"1901\" href=\"https:\/\/es.wikipedia.org\/wiki\/1901\">1901<\/a>: <a title=\"Fr\u00e9d\u00e9ric Borgella\" href=\"https:\/\/es.wikipedia.org\/wiki\/Fr%C3%A9d%C3%A9ric_Borgella\">Fr\u00e9d\u00e9ric Borgella<\/a>, pintor franc\u00e9s (n. 1833).<\/li>\n<li><a title=\"1905\" href=\"https:\/\/es.wikipedia.org\/wiki\/1905\">1905<\/a>: <a title=\"Alberto Castillo Urbistondo\" href=\"https:\/\/es.wikipedia.org\/wiki\/Alberto_Castillo_Urbistondo\">Alberto Castillo Urbistondo<\/a>, pol\u00edtico chileno.<\/li>\n<li><a title=\"1908\" href=\"https:\/\/es.wikipedia.org\/wiki\/1908\">1908<\/a>: <a title=\"Knud Bergslien\" href=\"https:\/\/es.wikipedia.org\/wiki\/Knud_Bergslien\">Knud Bergslien<\/a>, pintor noruego (n. 1827).<\/li>\n<li>1908: <a title=\"Jean Albert Gaudry\" href=\"https:\/\/es.wikipedia.org\/wiki\/Jean_Albert_Gaudry\">Jean Albert Gaudry<\/a>, ge\u00f3grafo y paleont\u00f3logo franc\u00e9s (n. 1827).<\/li>\n<li><a title=\"1915\" href=\"https:\/\/es.wikipedia.org\/wiki\/1915\">1915<\/a>: <a title=\"Charles Ren\u00e9 Zeiller\" href=\"https:\/\/es.wikipedia.org\/wiki\/Charles_Ren%C3%A9_Zeiller\">Charles Ren\u00e9 Zeiller<\/a>, bot\u00e1nico franc\u00e9s (n. 1847).\n<div class=\"thumb tright\">\n<div class=\"thumbinner\"><a class=\"image\" href=\"https:\/\/commons.wikimedia.org\/wiki\/File:%C3%89mile_Verhaeren_by_Vallotton.jpg\"><img loading=\"lazy\" decoding=\"async\" class=\"thumbimage\" src=\"https:\/\/upload.wikimedia.org\/wikipedia\/commons\/thumb\/f\/fc\/%C3%89mile_Verhaeren_by_Vallotton.jpg\/120px-%C3%89mile_Verhaeren_by_Vallotton.jpg\" srcset=\"\/\/upload.wikimedia.org\/wikipedia\/commons\/thumb\/f\/fc\/%C3%89mile_Verhaeren_by_Vallotton.jpg\/180px-%C3%89mile_Verhaeren_by_Vallotton.jpg 1.5x, \/\/upload.wikimedia.org\/wikipedia\/commons\/thumb\/f\/fc\/%C3%89mile_Verhaeren_by_Vallotton.jpg\/240px-%C3%89mile_Verhaeren_by_Vallotton.jpg 2x\" alt=\"\" width=\"120\" height=\"122\" data-file-width=\"759\" data-file-height=\"773\" \/><\/a><\/p>\n<div class=\"thumbcaption\">\n<div class=\"magnify\">\u00a0<\/div>\n<p><a class=\"mw-redirect\" title=\"Emile Verhaeren\" href=\"https:\/\/es.wikipedia.org\/wiki\/Emile_Verhaeren\">Emile Verhaeren<\/a><\/div>\n<\/div>\n<\/div>\n<p>.<\/li>\n<li><a title=\"1916\" href=\"https:\/\/es.wikipedia.org\/wiki\/1916\">1916<\/a>: <a class=\"mw-redirect\" title=\"Emile Verhaeren\" href=\"https:\/\/es.wikipedia.org\/wiki\/Emile_Verhaeren\">Emile Verhaeren<\/a>, poeta belga (n. 1855).<\/li>\n<li><a title=\"1918\" href=\"https:\/\/es.wikipedia.org\/wiki\/1918\">1918<\/a>: <a title=\"Bohumil Kubi\u0161ta\" href=\"https:\/\/es.wikipedia.org\/wiki\/Bohumil_Kubi%C5%A1ta\">Bohumil Kubi\u0161ta<\/a>, pintor checo (n. 1884).<\/li>\n<li>1918: <a title=\"Auguste Louis Maurice Lev\u00eaque de Vilmorin\" href=\"https:\/\/es.wikipedia.org\/wiki\/Auguste_Louis_Maurice_Lev%C3%AAque_de_Vilmorin\">Auguste Louis Maurice Lev\u00eaque de Vilmorin<\/a>, bi\u00f3logo franc\u00e9s (n. 1849).<\/li>\n<li><a title=\"1919\" href=\"https:\/\/es.wikipedia.org\/wiki\/1919\">1919<\/a>: <a title=\"Manuel Espinosa Batista\" href=\"https:\/\/es.wikipedia.org\/wiki\/Manuel_Espinosa_Batista\">Manuel Espinosa Batista<\/a>, pol\u00edtico paname\u00f1o (n. 1857).<\/li>\n<li>1919: <a title=\"Jules Poisson\" href=\"https:\/\/es.wikipedia.org\/wiki\/Jules_Poisson\">Jules Poisson<\/a>, bot\u00e1nico franc\u00e9s (n. 1833).<\/li>\n<li><a title=\"1920\" href=\"https:\/\/es.wikipedia.org\/wiki\/1920\">1920<\/a>: <a title=\"Aquiles Gerste\" href=\"https:\/\/es.wikipedia.org\/wiki\/Aquiles_Gerste\">Aquiles Gerste<\/a>, sacerdote belga (n. 1854).<\/li>\n<li>1920: <a title=\"Alexius Meinong\" href=\"https:\/\/es.wikipedia.org\/wiki\/Alexius_Meinong\">Alexius Meinong<\/a>, fil\u00f3sofo austr\u00edaco (n. 1853).<\/li>\n<li><a title=\"1922\" href=\"https:\/\/es.wikipedia.org\/wiki\/1922\">1922<\/a>: <a title=\"Alice Meynell\" href=\"https:\/\/es.wikipedia.org\/wiki\/Alice_Meynell\">Alice Meynell<\/a>, escritora y editora brit\u00e1nica (n. 1847).<\/li>\n<li><a title=\"1925\" href=\"https:\/\/es.wikipedia.org\/wiki\/1925\">1925<\/a>: <a title=\"Magnus Enckell\" href=\"https:\/\/es.wikipedia.org\/wiki\/Magnus_Enckell\">Magnus Enckell<\/a>, pintor finland\u00e9s (n. 1870).<\/li>\n<li>1925: <a title=\"Roger de La Fresnaye\" href=\"https:\/\/es.wikipedia.org\/wiki\/Roger_de_La_Fresnaye\">Roger de La Fresnaye<\/a>, pintor franc\u00e9s (n. 1885).<\/li>\n<li><a title=\"1926\" href=\"https:\/\/es.wikipedia.org\/wiki\/1926\">1926<\/a>: <a title=\"Julio Moreno\" href=\"https:\/\/es.wikipedia.org\/wiki\/Julio_Moreno\">Julio Moreno<\/a>, pol\u00edtico argentino (n. 1866).<\/li>\n<li><a title=\"1929\" href=\"https:\/\/es.wikipedia.org\/wiki\/1929\">1929<\/a>: <a title=\"Domingo Cabred\" href=\"https:\/\/es.wikipedia.org\/wiki\/Domingo_Cabred\">Domingo Cabred<\/a>, m\u00e9dico y psiquiatra argentino (n. 1859).<\/li>\n<li><a title=\"1931\" href=\"https:\/\/es.wikipedia.org\/wiki\/1931\">1931<\/a>: <a title=\"David Bruce\" href=\"https:\/\/es.wikipedia.org\/wiki\/David_Bruce\">David Bruce<\/a>, m\u00e9dico australiano (n. 1855).<\/li>\n<li>1931: <a title=\"Joaqu\u00edn Llamb\u00edas\" href=\"https:\/\/es.wikipedia.org\/wiki\/Joaqu%C3%ADn_Llamb%C3%ADas\">Joaqu\u00edn Llamb\u00edas<\/a>, m\u00e9dico argentino (n. 1868).<\/li>\n<\/ul>\n<div class=\"thumb tright\" style=\"text-align: justify;\">\n<div class=\"thumbinner\"><a class=\"image\" href=\"https:\/\/commons.wikimedia.org\/wiki\/File:Lya_de_Putti_1927-1929_Alexander_Binder_1028-2.gif\"><img loading=\"lazy\" decoding=\"async\" class=\"thumbimage\" src=\"https:\/\/upload.wikimedia.org\/wikipedia\/commons\/thumb\/5\/56\/Lya_de_Putti_1927-1929_Alexander_Binder_1028-2.gif\/120px-Lya_de_Putti_1927-1929_Alexander_Binder_1028-2.gif\" srcset=\"\/\/upload.wikimedia.org\/wikipedia\/commons\/thumb\/5\/56\/Lya_de_Putti_1927-1929_Alexander_Binder_1028-2.gif\/180px-Lya_de_Putti_1927-1929_Alexander_Binder_1028-2.gif 1.5x, \/\/upload.wikimedia.org\/wikipedia\/commons\/thumb\/5\/56\/Lya_de_Putti_1927-1929_Alexander_Binder_1028-2.gif\/240px-Lya_de_Putti_1927-1929_Alexander_Binder_1028-2.gif 2x\" alt=\"\" width=\"120\" height=\"170\" data-file-width=\"332\" data-file-height=\"470\" \/><\/a><\/p>\n<div class=\"thumbcaption\">\n<div class=\"magnify\">\u00a0<\/div>\n<p><a title=\"Lya De Putti\" href=\"https:\/\/es.wikipedia.org\/wiki\/Lya_De_Putti\">Lya De Putti<\/a>.<\/div>\n<\/div>\n<\/div>\n<ul style=\"text-align: justify;\">\n<li>1931: <a title=\"Lya De Putti\" href=\"https:\/\/es.wikipedia.org\/wiki\/Lya_De_Putti\">Lya De Putti<\/a>, actriz h\u00fangara (n. 1899).<\/li>\n<li><a title=\"1933\" href=\"https:\/\/es.wikipedia.org\/wiki\/1933\">1933<\/a>: <a title=\"Carlos Meyer Bald\u00f3\" href=\"https:\/\/es.wikipedia.org\/wiki\/Carlos_Meyer_Bald%C3%B3\">Carlos Meyer Bald\u00f3<\/a>, aviador venezolano (n. 1895).<\/li>\n<li><a title=\"1934\" href=\"https:\/\/es.wikipedia.org\/wiki\/1934\">1934<\/a>: <a title=\"Baby Face Nelson\" href=\"https:\/\/es.wikipedia.org\/wiki\/Baby_Face_Nelson\">Baby Face Nelson<\/a>, criminal estadounidense (n. 1908).<\/li>\n<li><a title=\"1936\" href=\"https:\/\/es.wikipedia.org\/wiki\/1936\">1936<\/a>: <a title=\"\u00c1lvaro Alcal\u00e1 Galiano\" href=\"https:\/\/es.wikipedia.org\/wiki\/%C3%81lvaro_Alcal%C3%A1_Galiano\">\u00c1lvaro Alcal\u00e1 Galiano<\/a>, pintor espa\u00f1ol (n. 1873).<\/li>\n<li>1936: <a title=\"Edward Bach\" href=\"https:\/\/es.wikipedia.org\/wiki\/Edward_Bach\">Edward Bach<\/a>, m\u00e9dico brit\u00e1nico, creador de las <a title=\"Flores de Bach\" href=\"https:\/\/es.wikipedia.org\/wiki\/Flores_de_Bach\">flores de Bach<\/a> (n. 1886).<\/li>\n<li>1936: <a title=\"Basil Zaharoff\" href=\"https:\/\/es.wikipedia.org\/wiki\/Basil_Zaharoff\">Basil Zaharoff<\/a>, magnate griego (n. 1849).<\/li>\n<li><a title=\"1937\" href=\"https:\/\/es.wikipedia.org\/wiki\/1937\">1937<\/a>: <a title=\"Felix Hamrin\" href=\"https:\/\/es.wikipedia.org\/wiki\/Felix_Hamrin\">Felix Hamrin<\/a>, pol\u00edtico sueco (n. 1875).<\/li>\n<li><a title=\"1938\" href=\"https:\/\/es.wikipedia.org\/wiki\/1938\">1938<\/a>: <a title=\"Luis Otero Mujica\" href=\"https:\/\/es.wikipedia.org\/wiki\/Luis_Otero_Mujica\">Luis Otero Mujica<\/a>, militar chileno (n. 1879).<\/li>\n<li><a title=\"1939\" href=\"https:\/\/es.wikipedia.org\/wiki\/1939\">1939<\/a>: <a title=\"Juan Alejandro Borchex\" href=\"https:\/\/es.wikipedia.org\/wiki\/Juan_Alejandro_Borchex\">Juan Alejandro Borchex<\/a>, pol\u00edtico argentino (n. 1880).<\/li>\n<li><a title=\"1940\" href=\"https:\/\/es.wikipedia.org\/wiki\/1940\">1940<\/a>: <a title=\"Nicolae Iorga\" href=\"https:\/\/es.wikipedia.org\/wiki\/Nicolae_Iorga\">Nicolae Iorga<\/a>, escritor y pol\u00edtico rumano (n. 1871).<\/li>\n<li><a title=\"1942\" href=\"https:\/\/es.wikipedia.org\/wiki\/1942\">1942<\/a>: <a title=\"Hermann Harms\" href=\"https:\/\/es.wikipedia.org\/wiki\/Hermann_Harms\">Hermann Harms<\/a>, bot\u00e1nico alem\u00e1n (n. 1870).<\/li>\n<\/ul>\n<div class=\"thumb tright\" style=\"text-align: justify;\">\n<div class=\"thumbinner\"><a class=\"image\" href=\"https:\/\/commons.wikimedia.org\/wiki\/File:Ramon_Casas_-_MNAC-_Josep_Ma._Sert-_027248-D_006396.jpg\"><img loading=\"lazy\" decoding=\"async\" class=\"thumbimage\" src=\"https:\/\/upload.wikimedia.org\/wikipedia\/commons\/thumb\/e\/e6\/Ramon_Casas_-_MNAC-_Josep_Ma._Sert-_027248-D_006396.jpg\/120px-Ramon_Casas_-_MNAC-_Josep_Ma._Sert-_027248-D_006396.jpg\" srcset=\"\/\/upload.wikimedia.org\/wikipedia\/commons\/thumb\/e\/e6\/Ramon_Casas_-_MNAC-_Josep_Ma._Sert-_027248-D_006396.jpg\/180px-Ramon_Casas_-_MNAC-_Josep_Ma._Sert-_027248-D_006396.jpg 1.5x, \/\/upload.wikimedia.org\/wikipedia\/commons\/thumb\/e\/e6\/Ramon_Casas_-_MNAC-_Josep_Ma._Sert-_027248-D_006396.jpg\/240px-Ramon_Casas_-_MNAC-_Josep_Ma._Sert-_027248-D_006396.jpg 2x\" alt=\"\" width=\"120\" height=\"153\" data-file-width=\"2357\" data-file-height=\"3000\" \/><\/a><\/p>\n<div class=\"thumbcaption\">\n<div class=\"magnify\">\u00a0<\/div>\n<p><a class=\"mw-redirect\" title=\"Jos\u00e9 Mar\u00eda Sert\" href=\"https:\/\/es.wikipedia.org\/wiki\/Jos%C3%A9_Mar%C3%ADa_Sert\">Jos\u00e9 Mar\u00eda Sert<\/a>.<\/div>\n<\/div>\n<\/div>\n<ul style=\"text-align: justify;\">\n<li><a title=\"1945\" href=\"https:\/\/es.wikipedia.org\/wiki\/1945\">1945<\/a>: <a class=\"mw-redirect\" title=\"Jos\u00e9 Mar\u00eda Sert\" href=\"https:\/\/es.wikipedia.org\/wiki\/Jos%C3%A9_Mar%C3%ADa_Sert\">Jos\u00e9 Mar\u00eda Sert<\/a>, pintor espa\u00f1ol (n. 1874).<\/li>\n<li><a title=\"1946\" href=\"https:\/\/es.wikipedia.org\/wiki\/1946\">1946<\/a>: <a title=\"Georges Cirot\" href=\"https:\/\/es.wikipedia.org\/wiki\/Georges_Cirot\">Georges Cirot<\/a>, historiador franc\u00e9s (n. 1870).<\/li>\n<li><a title=\"1949\" href=\"https:\/\/es.wikipedia.org\/wiki\/1949\">1949<\/a>: <a title=\"Charles F. Haanel\" href=\"https:\/\/es.wikipedia.org\/wiki\/Charles_F._Haanel\">Charles F. Haanel<\/a>, escritor y magnate estadounidense (n. 1866).<\/li>\n<li><a title=\"1951\" href=\"https:\/\/es.wikipedia.org\/wiki\/1951\">1951<\/a>: <a title=\"Emanuel Walberg\" href=\"https:\/\/es.wikipedia.org\/wiki\/Emanuel_Walberg\">Emanuel Walberg<\/a>, historiador sueco (n. 1873).<\/li>\n<\/ul>\n<div class=\"thumb tright\" style=\"text-align: justify;\">\n<div class=\"thumbinner\"><a class=\"image\" href=\"https:\/\/commons.wikimedia.org\/wiki\/File:Portrait_of_Eugene_O%27Neill_2.png\"><img loading=\"lazy\" decoding=\"async\" class=\"thumbimage\" src=\"https:\/\/upload.wikimedia.org\/wikipedia\/commons\/thumb\/6\/6f\/Portrait_of_Eugene_O%27Neill_2.png\/120px-Portrait_of_Eugene_O%27Neill_2.png\" srcset=\"\/\/upload.wikimedia.org\/wikipedia\/commons\/thumb\/6\/6f\/Portrait_of_Eugene_O%27Neill_2.png\/180px-Portrait_of_Eugene_O%27Neill_2.png 1.5x, \/\/upload.wikimedia.org\/wikipedia\/commons\/thumb\/6\/6f\/Portrait_of_Eugene_O%27Neill_2.png\/240px-Portrait_of_Eugene_O%27Neill_2.png 2x\" alt=\"\" width=\"120\" height=\"170\" data-file-width=\"2676\" data-file-height=\"3785\" \/><\/a><\/p>\n<div class=\"thumbcaption\">\n<div class=\"magnify\">\u00a0<\/div>\n<p><a title=\"Eugene O'Neill\" href=\"https:\/\/es.wikipedia.org\/wiki\/Eugene_O%27Neill\">Eugene O&#8217;Neill<\/a>.<\/div>\n<\/div>\n<\/div>\n<ul style=\"text-align: justify;\">\n<li><a title=\"1953\" href=\"https:\/\/es.wikipedia.org\/wiki\/1953\">1953<\/a>: <a title=\"Eugene O'Neill\" href=\"https:\/\/es.wikipedia.org\/wiki\/Eugene_O%27Neill\">Eugene O&#8217;Neill<\/a>, dramaturgo estadounidense, <a title=\"Premio Nobel de Literatura\" href=\"https:\/\/es.wikipedia.org\/wiki\/Premio_Nobel_de_Literatura\">premio Nobel de Literatura<\/a> en <a title=\"1936\" href=\"https:\/\/es.wikipedia.org\/wiki\/1936\">1936<\/a> (n. 1888).<\/li>\n<li><a title=\"1955\" href=\"https:\/\/es.wikipedia.org\/wiki\/1955\">1955<\/a>: <a title=\"Lu\u00eds de Freitas Branco\" href=\"https:\/\/es.wikipedia.org\/wiki\/Lu%C3%ADs_de_Freitas_Branco\">Lu\u00eds de Freitas Branco<\/a>, compositor portugu\u00e9s (n. 1890).<\/li>\n<li>1955: <a title=\"Arthur Honegger\" href=\"https:\/\/es.wikipedia.org\/wiki\/Arthur_Honegger\">Arthur Honegger<\/a>, compositor suizo (n. 1892).<\/li>\n<li>1955: <a title=\"Emma Jung\" href=\"https:\/\/es.wikipedia.org\/wiki\/Emma_Jung\">Emma Jung<\/a>, analista y escritora suiza (n. 1882).<\/li>\n<li><a title=\"1956\" href=\"https:\/\/es.wikipedia.org\/wiki\/1956\">1956<\/a>: <a title=\"George Thomas Moore\" href=\"https:\/\/es.wikipedia.org\/wiki\/George_Thomas_Moore\">George Thomas Moore<\/a>, bot\u00e1nico estadounidense (n. 1871).<\/li>\n<li>1956: <a title=\"Demetrio Zorita Alonso\" href=\"https:\/\/es.wikipedia.org\/wiki\/Demetrio_Zorita_Alonso\">Demetrio Zorita Alonso<\/a>, militar y aviador espa\u00f1ol (n. 1917).<\/li>\n<li><a title=\"1966\" href=\"https:\/\/es.wikipedia.org\/wiki\/1966\">1966<\/a>: <a title=\"Roque Estrada Reynoso\" href=\"https:\/\/es.wikipedia.org\/wiki\/Roque_Estrada_Reynoso\">Roque Estrada Reynoso<\/a>, jurista y escritor mexicano (n. 1883).<\/li>\n<li><a title=\"1967\" href=\"https:\/\/es.wikipedia.org\/wiki\/1967\">1967<\/a>: <a title=\"L\u00e9on M'ba\" href=\"https:\/\/es.wikipedia.org\/wiki\/L%C3%A9on_M%27ba\">L\u00e9on M&#8217;ba<\/a>, pol\u00edtico gabon\u00e9s, 1\u00ba Presidente de Gab\u00f3n (n. 1902).<\/li>\n<li>1967: <a title=\"Jos\u00e9 Miranda Gonz\u00e1lez\" href=\"https:\/\/es.wikipedia.org\/wiki\/Jos%C3%A9_Miranda_Gonz%C3%A1lez\">Jos\u00e9 Miranda Gonz\u00e1lez<\/a>, historiador espa\u00f1ol (n. 1903).<\/li>\n<li>1967: <a title=\"H\u00e9ctor Panizza\" href=\"https:\/\/es.wikipedia.org\/wiki\/H%C3%A9ctor_Panizza\">H\u00e9ctor Panizza<\/a>, compositor y director de orquesta argentino (n. 1875).<\/li>\n<li><a title=\"1971\" href=\"https:\/\/es.wikipedia.org\/wiki\/1971\">1971<\/a>: <a title=\"Joe Guyon\" href=\"https:\/\/es.wikipedia.org\/wiki\/Joe_Guyon\">Joe Guyon<\/a>, jugador de f\u00fatbol americano estadounidense (n. 1892).<\/li>\n<li>1971: <a title=\"Francisco Javier S\u00e1nchez Cant\u00f3n\" href=\"https:\/\/es.wikipedia.org\/wiki\/Francisco_Javier_S%C3%A1nchez_Cant%C3%B3n\">Francisco Javier S\u00e1nchez Cant\u00f3n<\/a>, historiador de arte espa\u00f1ol (n. 1891).<\/li>\n<li>1971: <a title=\"Manuel Tello Baurraud\" href=\"https:\/\/es.wikipedia.org\/wiki\/Manuel_Tello_Baurraud\">Manuel Tello Baurraud<\/a>, pol\u00edtico mexicano (n. 1898).<\/li>\n<li><a title=\"1972\" href=\"https:\/\/es.wikipedia.org\/wiki\/1972\">1972<\/a>: <a title=\"Juan Segura de Lago\" href=\"https:\/\/es.wikipedia.org\/wiki\/Juan_Segura_de_Lago\">Juan Segura de Lago<\/a>, arquitecto espa\u00f1ol (n. 1911).<\/li>\n<\/ul>\n<div class=\"thumb tright\" style=\"text-align: justify;\">\n<div class=\"thumbinner\"><a class=\"image\" href=\"https:\/\/commons.wikimedia.org\/wiki\/File:Salarrue_joven.jpg\"><img loading=\"lazy\" decoding=\"async\" class=\"thumbimage\" src=\"https:\/\/upload.wikimedia.org\/wikipedia\/commons\/thumb\/4\/4a\/Salarrue_joven.jpg\/120px-Salarrue_joven.jpg\" srcset=\"\/\/upload.wikimedia.org\/wikipedia\/commons\/thumb\/4\/4a\/Salarrue_joven.jpg\/180px-Salarrue_joven.jpg 1.5x, \/\/upload.wikimedia.org\/wikipedia\/commons\/thumb\/4\/4a\/Salarrue_joven.jpg\/240px-Salarrue_joven.jpg 2x\" alt=\"\" width=\"120\" height=\"190\" data-file-width=\"253\" data-file-height=\"400\" \/><\/a><\/p>\n<div class=\"thumbcaption\">\n<div class=\"magnify\">\u00a0<\/div>\n<p><a class=\"mw-redirect\" title=\"Salarru\u00e9\" href=\"https:\/\/es.wikipedia.org\/wiki\/Salarru%C3%A9\">Salarru\u00e9<\/a>.<\/div>\n<\/div>\n<\/div>\n<ul style=\"text-align: justify;\">\n<li><a title=\"1975\" href=\"https:\/\/es.wikipedia.org\/wiki\/1975\">1975<\/a>: <a title=\"Salvador Salazar Arru\u00e9\" href=\"https:\/\/es.wikipedia.org\/wiki\/Salvador_Salazar_Arru%C3%A9\"><i>Salarru\u00e9<\/i><\/a> (Salvador Salazar Arru\u00e9), escritor y pintor salvadore\u00f1o (n. 1899).<\/li>\n<\/ul>\n<div class=\"thumb tright\" style=\"text-align: justify;\">\n<div class=\"thumbinner\"><a class=\"image\" href=\"https:\/\/commons.wikimedia.org\/wiki\/File:Harvey_Milk_in_1978_at_Mayor_Moscone%27s_Desk_crop.jpg\"><img loading=\"lazy\" decoding=\"async\" class=\"thumbimage\" src=\"https:\/\/upload.wikimedia.org\/wikipedia\/commons\/thumb\/9\/90\/Harvey_Milk_in_1978_at_Mayor_Moscone%27s_Desk_crop.jpg\/120px-Harvey_Milk_in_1978_at_Mayor_Moscone%27s_Desk_crop.jpg\" srcset=\"\/\/upload.wikimedia.org\/wikipedia\/commons\/thumb\/9\/90\/Harvey_Milk_in_1978_at_Mayor_Moscone%27s_Desk_crop.jpg\/180px-Harvey_Milk_in_1978_at_Mayor_Moscone%27s_Desk_crop.jpg 1.5x, \/\/upload.wikimedia.org\/wikipedia\/commons\/9\/90\/Harvey_Milk_in_1978_at_Mayor_Moscone%27s_Desk_crop.jpg 2x\" alt=\"\" width=\"120\" height=\"131\" data-file-width=\"230\" data-file-height=\"251\" \/><\/a><\/p>\n<div class=\"thumbcaption\">\n<div class=\"magnify\">\u00a0<\/div>\n<p><a title=\"Harvey Milk\" href=\"https:\/\/es.wikipedia.org\/wiki\/Harvey_Milk\">Harvey Milk<\/a>.<\/div>\n<\/div>\n<\/div>\n<ul style=\"text-align: justify;\">\n<li><a title=\"1978\" href=\"https:\/\/es.wikipedia.org\/wiki\/1978\">1978<\/a>: <a title=\"Harvey Milk\" href=\"https:\/\/es.wikipedia.org\/wiki\/Harvey_Milk\">Harvey Milk<\/a>, activista y pol\u00edtico estadounidense (n. 1930).<\/li>\n<li>1978: <a title=\"George Moscone\" href=\"https:\/\/es.wikipedia.org\/wiki\/George_Moscone\">George Moscone<\/a>, pol\u00edtico estadounidense (n. 1929).<\/li>\n<li><a title=\"1979\" href=\"https:\/\/es.wikipedia.org\/wiki\/1979\">1979<\/a>: <a title=\"Wendel Polich\" href=\"https:\/\/es.wikipedia.org\/wiki\/Wendel_Polich\">Wendel Polich<\/a>, astr\u00f3logo argentino (n. 1892).<\/li>\n<li><a title=\"1981\" href=\"https:\/\/es.wikipedia.org\/wiki\/1981\">1981<\/a>: <a title=\"Hermann Krumey\" href=\"https:\/\/es.wikipedia.org\/wiki\/Hermann_Krumey\">Hermann Krumey<\/a>, militar de la SS alem\u00e1n (n. 1905).<\/li>\n<li>1981: <a title=\"Lotte Lenya\" href=\"https:\/\/es.wikipedia.org\/wiki\/Lotte_Lenya\">Lotte Lenya<\/a>, actriz y cantante austr\u00edaca (n. 1898).<\/li>\n<li>1981: <a title=\"Wenceslao X. L\u00f3pez Mart\u00edn del C.\" href=\"https:\/\/es.wikipedia.org\/wiki\/Wenceslao_X._L%C3%B3pez_Mart%C3%ADn_del_C.\">Wenceslao L\u00f3pez Mart\u00edn del Campo<\/a>, investigador y catedr\u00e1tico mexicano (n. 1923).<\/li>\n<li><a title=\"1982\" href=\"https:\/\/es.wikipedia.org\/wiki\/1982\">1982<\/a>: <a title=\"Jos\u00e9 Esquivel Pren\" href=\"https:\/\/es.wikipedia.org\/wiki\/Jos%C3%A9_Esquivel_Pren\">Jos\u00e9 Esquivel Pren<\/a>, historiador y escritor mexicano (n. 1897).<\/li>\n<li>1982: <a title=\"Din\u00e1 Silveira de Queir\u00f3s\" href=\"https:\/\/es.wikipedia.org\/wiki\/Din%C3%A1_Silveira_de_Queir%C3%B3s\">Din\u00e1 Silveira de Queir\u00f3s<\/a>, escritora brasile\u00f1a (n. 1911).<\/li>\n<li><a title=\"1983\" href=\"https:\/\/es.wikipedia.org\/wiki\/1983\">1983<\/a>: <a title=\"Jorge Ibarg\u00fcengoitia\" href=\"https:\/\/es.wikipedia.org\/wiki\/Jorge_Ibarg%C3%BCengoitia\">Jorge Ibarg\u00fcengoitia<\/a>, escritor mexicano (n. 1928).<\/li>\n<li>1983: <a title=\"\u00c1ngel Rama\" href=\"https:\/\/es.wikipedia.org\/wiki\/%C3%81ngel_Rama\">\u00c1ngel Rama<\/a>, escritor uruguayo (n. 1926).<\/li>\n<li>1983: <a title=\"Rosa Sabater\" href=\"https:\/\/es.wikipedia.org\/wiki\/Rosa_Sabater\">Rosa Sabater<\/a>, pianista espa\u00f1ola (n. 1929).<\/li>\n<li>1983: <a title=\"Manuel Scorza\" href=\"https:\/\/es.wikipedia.org\/wiki\/Manuel_Scorza\">Manuel Scorza<\/a>, escritor peruano (n. 1928).<\/li>\n<li>1983: <a title=\"Marta Traba\" href=\"https:\/\/es.wikipedia.org\/wiki\/Marta_Traba\">Marta Traba<\/a>, historiadora de arte y escritora argentino-colombiana (n. 1930).<\/li>\n<li><a title=\"1984\" href=\"https:\/\/es.wikipedia.org\/wiki\/1984\">1984<\/a>: <a title=\"Sylvan Goldman\" href=\"https:\/\/es.wikipedia.org\/wiki\/Sylvan_Goldman\">Sylvan Goldman<\/a>, magnate estadounidense (n. 1898).<\/li>\n<li><a title=\"1985\" href=\"https:\/\/es.wikipedia.org\/wiki\/1985\">1985<\/a>: <a title=\"Fernand Braudel\" href=\"https:\/\/es.wikipedia.org\/wiki\/Fernand_Braudel\">Fernand Braudel<\/a>, historiador franc\u00e9s (n. 1902).<\/li>\n<li><a title=\"1986\" href=\"https:\/\/es.wikipedia.org\/wiki\/1986\">1986<\/a>: <a title=\"L. Harrison Matthews\" href=\"https:\/\/es.wikipedia.org\/wiki\/L._Harrison_Matthews\">L. Harrison Matthews<\/a>, zo\u00f3logo brit\u00e1nico (n. 1901).<\/li>\n<li><a title=\"1988\" href=\"https:\/\/es.wikipedia.org\/wiki\/1988\">1988<\/a>: <a title=\"Angela Aames\" href=\"https:\/\/es.wikipedia.org\/wiki\/Angela_Aames\">Angela Aames<\/a>, actriz estadounidense (n. 1956).<\/li>\n<li>1988: <a title=\"Carmen Carbonell\" href=\"https:\/\/es.wikipedia.org\/wiki\/Carmen_Carbonell\">Carmen Carbonell<\/a>, actriz espa\u00f1ola (n. 1900).<\/li>\n<\/ul>\n<div class=\"thumb tright\" style=\"text-align: justify;\">\n<div class=\"thumbinner\"><a class=\"image\" href=\"https:\/\/commons.wikimedia.org\/wiki\/File:John_Carradine_in_Blood_and_Sand_trailer.jpg\"><img loading=\"lazy\" decoding=\"async\" class=\"thumbimage\" src=\"https:\/\/upload.wikimedia.org\/wikipedia\/commons\/thumb\/1\/1d\/John_Carradine_in_Blood_and_Sand_trailer.jpg\/120px-John_Carradine_in_Blood_and_Sand_trailer.jpg\" srcset=\"\/\/upload.wikimedia.org\/wikipedia\/commons\/thumb\/1\/1d\/John_Carradine_in_Blood_and_Sand_trailer.jpg\/180px-John_Carradine_in_Blood_and_Sand_trailer.jpg 1.5x, \/\/upload.wikimedia.org\/wikipedia\/commons\/thumb\/1\/1d\/John_Carradine_in_Blood_and_Sand_trailer.jpg\/240px-John_Carradine_in_Blood_and_Sand_trailer.jpg 2x\" alt=\"\" width=\"120\" height=\"103\" data-file-width=\"367\" data-file-height=\"316\" \/><\/a><\/p>\n<div class=\"thumbcaption\">\n<div class=\"magnify\">\u00a0<\/div>\n<p><a title=\"John Carradine\" href=\"https:\/\/es.wikipedia.org\/wiki\/John_Carradine\">John Carradine<\/a>.<\/div>\n<\/div>\n<\/div>\n<ul style=\"text-align: justify;\">\n<li>1988: <a title=\"John Carradine\" href=\"https:\/\/es.wikipedia.org\/wiki\/John_Carradine\">John Carradine<\/a>, actor estadounidense (n. 1906).<\/li>\n<li><a title=\"1989\" href=\"https:\/\/es.wikipedia.org\/wiki\/1989\">1989<\/a>: <a title=\"Carlos Arias Navarro\" href=\"https:\/\/es.wikipedia.org\/wiki\/Carlos_Arias_Navarro\">Carlos Arias Navarro<\/a>, pol\u00edtico y gobernante espa\u00f1ol (n. 1908).<\/li>\n<li><a title=\"1990\" href=\"https:\/\/es.wikipedia.org\/wiki\/1990\">1990<\/a>: <a title=\"Raquel Se\u00f1oret\" href=\"https:\/\/es.wikipedia.org\/wiki\/Raquel_Se%C3%B1oret\">Raquel Se\u00f1oret<\/a>, poetisa chilena (n. 1922).<\/li>\n<li>1990: <a title=\"David White\" href=\"https:\/\/es.wikipedia.org\/wiki\/David_White\">David White<\/a>, actor estadounidense (n. 1916).<\/li>\n<li><a title=\"1991\" href=\"https:\/\/es.wikipedia.org\/wiki\/1991\">1991<\/a>: <a title=\"Vil\u00e9m Flusser\" href=\"https:\/\/es.wikipedia.org\/wiki\/Vil%C3%A9m_Flusser\">Vil\u00e9m Flusser<\/a>, escritor checo (n. 1920).<\/li>\n<li>1991: <a title=\"Harry Everett Smith\" href=\"https:\/\/es.wikipedia.org\/wiki\/Harry_Everett_Smith\">Harry Everett Smith<\/a>, artista estadounidense (n. 1923).<\/li>\n<li><a title=\"1992\" href=\"https:\/\/es.wikipedia.org\/wiki\/1992\">1992<\/a>: <a title=\"Daniel Santos\" href=\"https:\/\/es.wikipedia.org\/wiki\/Daniel_Santos\">Daniel Santos<\/a>, cantante puertorrique\u00f1o (n. 1916).<\/li>\n<li><a title=\"1993\" href=\"https:\/\/es.wikipedia.org\/wiki\/1993\">1993<\/a>: <a title=\"Guido Masetti\" href=\"https:\/\/es.wikipedia.org\/wiki\/Guido_Masetti\">Guido Masetti<\/a>, futbolista italiano (n. 1907).<\/li>\n<li>1993: <a class=\"mw-redirect\" title=\"Everett Claire Olson\" href=\"https:\/\/es.wikipedia.org\/wiki\/Everett_Claire_Olson\">Everett Claire Olson<\/a>, zo\u00f3logo, paleont\u00f3logo y ge\u00f3logo estadounidense (n. 1910).<\/li>\n<li><a title=\"1996\" href=\"https:\/\/es.wikipedia.org\/wiki\/1996\">1996<\/a>: <a title=\"Jack Penn\" href=\"https:\/\/es.wikipedia.org\/wiki\/Jack_Penn\">Jack Penn<\/a>, escritor, m\u00e9dico y escultor surafricano (n. 1909).<\/li>\n<li><a title=\"1997\" href=\"https:\/\/es.wikipedia.org\/wiki\/1997\">1997<\/a>: <a title=\"Eduardo Kingman\" href=\"https:\/\/es.wikipedia.org\/wiki\/Eduardo_Kingman\">Eduardo Kingman<\/a>, pintor ecuatoriano (n. 1913).<\/li>\n<li>1997: <a title=\"Malcolm Knowles\" href=\"https:\/\/es.wikipedia.org\/wiki\/Malcolm_Knowles\">Malcolm Knowles<\/a>, pedagogo estadounidense (n. 1913).<\/li>\n<li>1997: <a title=\"Buck Leonard\" href=\"https:\/\/es.wikipedia.org\/wiki\/Buck_Leonard\">Buck Leonard<\/a>, beisbolista estadounidense (n. 1907).<\/li>\n<li><a title=\"1998\" href=\"https:\/\/es.wikipedia.org\/wiki\/1998\">1998<\/a>: <a title=\"Gloria Fuertes\" href=\"https:\/\/es.wikipedia.org\/wiki\/Gloria_Fuertes\">Gloria Fuertes<\/a>, escritora espa\u00f1ola (n. 1917).<\/li>\n<li><a title=\"1999\" href=\"https:\/\/es.wikipedia.org\/wiki\/1999\">1999<\/a>: <a title=\"Arturo Fern\u00e1ndez Meyz\u00e1n\" href=\"https:\/\/es.wikipedia.org\/wiki\/Arturo_Fern%C3%A1ndez_Meyz%C3%A1n\">Arturo Fern\u00e1ndez Meyz\u00e1n<\/a>, futbolista peruano (n. 1906).<\/li>\n<li>1999: <a title=\"Yasuhiro Kojima\" href=\"https:\/\/es.wikipedia.org\/wiki\/Yasuhiro_Kojima\">Yasuhiro Kojima<\/a>, luchador japon\u00e9s (n. 1937).<\/li>\n<li>1999: <a title=\"Susanne Lorcia\" href=\"https:\/\/es.wikipedia.org\/wiki\/Susanne_Lorcia\">Susanne Lorcia<\/a>, bailarina francesa (n. 1902).<\/li>\n<li>1999: <a title=\"Alain Peyrefitte\" href=\"https:\/\/es.wikipedia.org\/wiki\/Alain_Peyrefitte\">Alain Peyrefitte<\/a>, pol\u00edtico franc\u00e9s (n. 1925).<\/li>\n<li><a title=\"2000\" href=\"https:\/\/es.wikipedia.org\/wiki\/2000\">2000<\/a>: <a title=\"L\u00edda Baarov\u00e1\" href=\"https:\/\/es.wikipedia.org\/wiki\/L%C3%ADda_Baarov%C3%A1\">L\u00edda Baarov\u00e1<\/a>, actriz checa (n. 1914).<\/li>\n<li>2000: <a title=\"Susana Rotker\" href=\"https:\/\/es.wikipedia.org\/wiki\/Susana_Rotker\">Susana Rotker<\/a>, escritora y periodista venezolana (n. 1954).<\/li>\n<li><a title=\"2001\" href=\"https:\/\/es.wikipedia.org\/wiki\/2001\">2001<\/a>: <a title=\"Nils-Aslak Valkeap\u00e4\u00e4\" href=\"https:\/\/es.wikipedia.org\/wiki\/Nils-Aslak_Valkeap%C3%A4%C3%A4\">Nils-Aslak Valkeap\u00e4\u00e4<\/a>, escritor finland\u00e9s (n. 1943).<\/li>\n<li><a title=\"2002\" href=\"https:\/\/es.wikipedia.org\/wiki\/2002\">2002<\/a>: <a title=\"Stanley Black\" href=\"https:\/\/es.wikipedia.org\/wiki\/Stanley_Black\">Stanley Black<\/a>, compositor y pianista brit\u00e1nico (n. 1913).<\/li>\n<li>2002: <a title=\"Eduardo Fern\u00e1ndez Meyz\u00e1n\" href=\"https:\/\/es.wikipedia.org\/wiki\/Eduardo_Fern%C3%A1ndez_Meyz%C3%A1n\">Eduardo Fern\u00e1ndez Meyz\u00e1n<\/a>, futbolista peruano (n. 1923).<\/li>\n<li>2002: <a title=\"Federico Jorge Klemm\" href=\"https:\/\/es.wikipedia.org\/wiki\/Federico_Jorge_Klemm\">Federico Jorge Klemm<\/a>, artista y cr\u00edtico argentino de origen checoslovaco (n. 1942).<\/li>\n<li>2002: <a title=\"Miguel Ramos Vargas\" href=\"https:\/\/es.wikipedia.org\/wiki\/Miguel_Ramos_Vargas\">Migueli<\/a>, futbolista espa\u00f1ol (n. 1942).<\/li>\n<li><a title=\"2004\" href=\"https:\/\/es.wikipedia.org\/wiki\/2004\">2004<\/a>: <a title=\"David Ratto\" href=\"https:\/\/es.wikipedia.org\/wiki\/David_Ratto\">David Ratto<\/a>, publicista argentino (n. 1934).<\/li>\n<\/ul>\n<div class=\"thumb tright\" style=\"text-align: justify;\">\n<div class=\"thumbinner\"><a class=\"image\" href=\"https:\/\/commons.wikimedia.org\/wiki\/File:Jos%C3%A9_Luis_ense%C3%B1ando_a_Alberto_Salinas.png\"><img loading=\"lazy\" decoding=\"async\" class=\"thumbimage\" src=\"https:\/\/upload.wikimedia.org\/wikipedia\/commons\/thumb\/d\/db\/Jos%C3%A9_Luis_ense%C3%B1ando_a_Alberto_Salinas.png\/120px-Jos%C3%A9_Luis_ense%C3%B1ando_a_Alberto_Salinas.png\" srcset=\"\/\/upload.wikimedia.org\/wikipedia\/commons\/thumb\/d\/db\/Jos%C3%A9_Luis_ense%C3%B1ando_a_Alberto_Salinas.png\/180px-Jos%C3%A9_Luis_ense%C3%B1ando_a_Alberto_Salinas.png 1.5x, \/\/upload.wikimedia.org\/wikipedia\/commons\/thumb\/d\/db\/Jos%C3%A9_Luis_ense%C3%B1ando_a_Alberto_Salinas.png\/240px-Jos%C3%A9_Luis_ense%C3%B1ando_a_Alberto_Salinas.png 2x\" alt=\"\" width=\"120\" height=\"158\" data-file-width=\"416\" data-file-height=\"547\" \/><\/a><\/p>\n<div class=\"thumbcaption\">\n<div class=\"magnify\">\u00a0<\/div>\n<p><a title=\"Alberto Salinas\" href=\"https:\/\/es.wikipedia.org\/wiki\/Alberto_Salinas\">Alberto Salinas<\/a>.<\/div>\n<\/div>\n<\/div>\n<ul style=\"text-align: justify;\">\n<li>2004: <a title=\"Alberto Salinas\" href=\"https:\/\/es.wikipedia.org\/wiki\/Alberto_Salinas\">Alberto Salinas<\/a>, dibujante de historietas argentino (n. 1932).<\/li>\n<li><a title=\"2005\" href=\"https:\/\/es.wikipedia.org\/wiki\/2005\">2005<\/a>: <a title=\"Jocelyn Brando\" href=\"https:\/\/es.wikipedia.org\/wiki\/Jocelyn_Brando\">Jocelyn Brando<\/a>, actriz estadounidense (n. 1919).<\/li>\n<li>2005: <a title=\"David Roger Given\" href=\"https:\/\/es.wikipedia.org\/wiki\/David_Roger_Given\">David Roger Given<\/a>, bot\u00e1nico brit\u00e1nico (n. 1943).<\/li>\n<li>2005: <a title=\"Joe Jones\" href=\"https:\/\/es.wikipedia.org\/wiki\/Joe_Jones\">Joe Jones<\/a>, m\u00fasico estadounidense de R&amp;B (n. 1926).<\/li>\n<li>2005: <a title=\"Menchu Quesada\" href=\"https:\/\/es.wikipedia.org\/wiki\/Menchu_Quesada\">Menchu Quesada<\/a>, actriz argentina (n. 1918).<\/li>\n<li><a title=\"2006\" href=\"https:\/\/es.wikipedia.org\/wiki\/2006\">2006<\/a>: <a class=\"mw-redirect\" title=\"Jece Valadao\" href=\"https:\/\/es.wikipedia.org\/wiki\/Jece_Valadao\">Jece Valadao<\/a>, actor brasile\u00f1o (n. 1930).<\/li>\n<li><a title=\"2007\" href=\"https:\/\/es.wikipedia.org\/wiki\/2007\">2007<\/a>: <a title=\"Paul Loustau\" href=\"https:\/\/es.wikipedia.org\/wiki\/Paul_Loustau\">Paul Loustau<\/a>, actor espa\u00f1ol (n. 1978).<\/li>\n<li>2007: <a title=\"Cecil Payne\" href=\"https:\/\/es.wikipedia.org\/wiki\/Cecil_Payne\">Cecil Payne<\/a>, saxofonista estadounidense (n. 1922).<\/li>\n<li>2007: <a title=\"Sean Taylor\" href=\"https:\/\/es.wikipedia.org\/wiki\/Sean_Taylor\">Sean Taylor<\/a>, jugador de f\u00fatbol americano estadounidense (n. 1983).<\/li>\n<li>2007: <a title=\"Jane Vance Rule\" href=\"https:\/\/es.wikipedia.org\/wiki\/Jane_Vance_Rule\">Jane Vance Rule<\/a>, escritor canadiense (n. 1931).<\/li>\n<li><a title=\"2008\" href=\"https:\/\/es.wikipedia.org\/wiki\/2008\">2008<\/a>: <a title=\"Pekka Pohjola\" href=\"https:\/\/es.wikipedia.org\/wiki\/Pekka_Pohjola\">Pekka Pohjola<\/a>, m\u00fasico finland\u00e9s (n. 1952).<\/li>\n<li>2008: <a title=\"Vishwanath Pratap Singh\" href=\"https:\/\/es.wikipedia.org\/wiki\/Vishwanath_Pratap_Singh\">V.P. Singh<\/a>, pol\u00edtico hind\u00fa (n. 1931).<\/li>\n<li><a title=\"2009\" href=\"https:\/\/es.wikipedia.org\/wiki\/2009\">2009<\/a>: <a title=\"Jos\u00e9 Vi\u00f1als\" href=\"https:\/\/es.wikipedia.org\/wiki\/Jos%C3%A9_Vi%C3%B1als\">Jos\u00e9 Vi\u00f1als<\/a>, escritor espa\u00f1ol (n. 1930).<\/li>\n<li><a title=\"2010\" href=\"https:\/\/es.wikipedia.org\/wiki\/2010\">2010<\/a>: <a title=\"Irvin Kershner\" href=\"https:\/\/es.wikipedia.org\/wiki\/Irvin_Kershner\">Irvin Kershner<\/a>, cineasta y actor estadounidense (n. 1923).<sup id=\"cite_ref-3\" class=\"reference\"><a href=\"https:\/\/es.wikipedia.org\/wiki\/27_de_noviembre#cite_note-3\">3<\/a><\/sup><\/li>\n<li><a title=\"2011\" href=\"https:\/\/es.wikipedia.org\/wiki\/2011\">2011<\/a>: <a title=\"Ken Russell\" href=\"https:\/\/es.wikipedia.org\/wiki\/Ken_Russell\">Ken Russell<\/a>, director de cine brit\u00e1nico (n. 1927).<\/li>\n<li>2011: <a title=\"Gary Speed\" href=\"https:\/\/es.wikipedia.org\/wiki\/Gary_Speed\">Gary Speed<\/a>, futbolista y entrenador brit\u00e1nico (n. 1969).<\/li>\n<li>2011: <a title=\"Eugenia Sacerdote de Lustig\" href=\"https:\/\/es.wikipedia.org\/wiki\/Eugenia_Sacerdote_de_Lustig\">Eugenia Sacerdote de Lustig<\/a>, m\u00e9dica italo-argentina (n. 1910).<\/li>\n<li>2000: Pedro Rivera<\/li>\n<\/ul>\n<h2 style=\"text-align: justify;\"><span id=\"Celebraciones\" class=\"mw-headline\">Celebraciones<\/span><\/h2>\n<ul style=\"text-align: justify;\">\n<li><a title=\"Espa\u00f1a\" href=\"https:\/\/es.wikipedia.org\/wiki\/Espa%C3%B1a\">Espa\u00f1a<\/a>: <a class=\"mw-redirect\" title=\"D\u00eda del Maestro\" href=\"https:\/\/es.wikipedia.org\/wiki\/D%C3%ADa_del_Maestro\">D\u00eda del Maestro<\/a> (en honor de san <a title=\"Jos\u00e9 de Calasanz\" href=\"https:\/\/es.wikipedia.org\/wiki\/Jos%C3%A9_de_Calasanz\">Jos\u00e9 de Calasanz<\/a>).<\/li>\n<\/ul>\n<h3 style=\"text-align: justify;\"><span id=\"Santoral_cat.C3.B3lico\" class=\"mw-headline\"><a title=\"Santoral cat\u00f3lico\" href=\"https:\/\/es.wikipedia.org\/wiki\/Santoral_cat%C3%B3lico\">Santoral cat\u00f3lico<\/a><\/span><\/h3>\n<ul>\n<li style=\"text-align: justify;\"><a class=\"mw-redirect\" title=\"Virgen Mar\u00eda\" href=\"https:\/\/es.wikipedia.org\/wiki\/Virgen_Mar%C3%ADa\">Nuestra Se\u00f1ora de la Medalla Milagrosa<\/a><\/li>\n<li style=\"text-align: justify;\"><a class=\"new\" title=\"San Acacio m\u00e1rtir (a\u00fan no redactado)\" href=\"https:\/\/es.wikipedia.org\/w\/index.php?title=San_Acacio_m%C3%A1rtir&amp;action=edit&amp;redlink=1\">San Acacio m\u00e1rtir<\/a>, <a class=\"new\" title=\"Acario de Noy\u00f3n (a\u00fan no redactado)\" href=\"https:\/\/es.wikipedia.org\/w\/index.php?title=Acario_de_Noy%C3%B3n&amp;action=edit&amp;redlink=1\">San Acario de Noy\u00f3n<\/a>, <a class=\"new\" title=\"Barla\u00e1n (m\u00e1rtir) (a\u00fan no redactado)\" href=\"https:\/\/es.wikipedia.org\/w\/index.php?title=Barla%C3%A1n_(m%C3%A1rtir)&amp;action=edit&amp;redlink=1\">San Barla\u00e1n m\u00e1rtir<\/a>, <a class=\"new\" title=\"San Basileo obispo (a\u00fan no redactado)\" href=\"https:\/\/es.wikipedia.org\/w\/index.php?title=San_Basileo_obispo&amp;action=edit&amp;redlink=1\">San Basileo obispo<\/a>, <a class=\"mw-redirect\" title=\"Facundo y Primitivo m\u00e1rtires\" href=\"https:\/\/es.wikipedia.org\/wiki\/Facundo_y_Primitivo_m%C3%A1rtires\">San Facundo<\/a>, <a class=\"new\" title=\"San Gulstano (a\u00fan no redactado)\" href=\"https:\/\/es.wikipedia.org\/w\/index.php?title=San_Gulstano&amp;action=edit&amp;redlink=1\">San Gulstano<\/a>, <a class=\"new\" title=\"San Hirenarco (a\u00fan no redactado)\" href=\"https:\/\/es.wikipedia.org\/w\/index.php?title=San_Hirenarco&amp;action=edit&amp;redlink=1\">San Hirenarco<\/a>, <a class=\"new\" title=\"San Jacobo Interciso (a\u00fan no redactado)\" href=\"https:\/\/es.wikipedia.org\/w\/index.php?title=San_Jacobo_Interciso&amp;action=edit&amp;redlink=1\">San Jacobo Interciso<\/a>, <a class=\"new\" title=\"San Laverio (a\u00fan no redactado)\" href=\"https:\/\/es.wikipedia.org\/w\/index.php?title=San_Laverio&amp;action=edit&amp;redlink=1\">San Laverio<\/a>, <a class=\"new\" title=\"M\u00e1ximo de Riez (a\u00fan no redactado)\" href=\"https:\/\/es.wikipedia.org\/w\/index.php?title=M%C3%A1ximo_de_Riez&amp;action=edit&amp;redlink=1\">San M\u00e1ximo de Riez<\/a>, <a class=\"mw-redirect\" title=\"Facundo y Primitivo m\u00e1rtires\" href=\"https:\/\/es.wikipedia.org\/wiki\/Facundo_y_Primitivo_m%C3%A1rtires\">San Primitivo<\/a>, <a class=\"mw-disambig\" title=\"San Saturnino\" href=\"https:\/\/es.wikipedia.org\/wiki\/San_Saturnino\">San Saturnino<\/a>, <a class=\"new\" title=\"San Sifrido de Carpentras (a\u00fan no redactado)\" href=\"https:\/\/es.wikipedia.org\/w\/index.php?title=San_Sifrido_de_Carpentras&amp;action=edit&amp;redlink=1\">San Sifrido de Carpentras<\/a>, <a class=\"new\" title=\"San Valeriano (a\u00fan no redactado)\" href=\"https:\/\/es.wikipedia.org\/w\/index.php?title=San_Valeriano&amp;action=edit&amp;redlink=1\">San Valeriano<\/a>, <a class=\"new\" title=\"San Virgilio de Salzburgo (a\u00fan no redactado)\" href=\"https:\/\/es.wikipedia.org\/w\/index.php?title=San_Virgilio_de_Salzburgo&amp;action=edit&amp;redlink=1\">San Virgilio de Salzburgo<\/a>, <a class=\"new\" title=\"Santa Bilhildis (a\u00fan no redactado)\" href=\"https:\/\/es.wikipedia.org\/w\/index.php?title=Santa_Bilhildis&amp;action=edit&amp;redlink=1\">Santa Bilhildis<\/a>, <a class=\"new\" title=\"San Eusicio (a\u00fan no redactado)\" href=\"https:\/\/es.wikipedia.org\/w\/index.php?title=San_Eusicio&amp;action=edit&amp;redlink=1\">San Eusicio<\/a>, <a class=\"new\" title=\"San Fergusto (a\u00fan no redactado)\" href=\"https:\/\/es.wikipedia.org\/w\/index.php?title=San_Fergusto&amp;action=edit&amp;redlink=1\">San Fergusto<\/a>, <a class=\"new\" title=\"San Francisco Antonio Fasani (a\u00fan no redactado)\" href=\"https:\/\/es.wikipedia.org\/w\/index.php?title=San_Francisco_Antonio_Fasani&amp;action=edit&amp;redlink=1\">San Francisco Antonio Fasani<\/a>, <a class=\"mw-disambig\" title=\"San Leonardo\" href=\"https:\/\/es.wikipedia.org\/wiki\/San_Leonardo\">San Leonardo<\/a>, <a class=\"new\" title=\"San Sime\u00f3n Metafraste (a\u00fan no redactado)\" href=\"https:\/\/es.wikipedia.org\/w\/index.php?title=San_Sime%C3%B3n_Metafraste&amp;action=edit&amp;redlink=1\">San Sime\u00f3n Metafraste<\/a>, <a title=\"Humilde de Bisignano\" href=\"https:\/\/es.wikipedia.org\/wiki\/Humilde_de_Bisignano\">San Humilde de Bisignano<\/a>.<\/li>\n<li style=\"text-align: justify;\">Beato <a class=\"new\" title=\"Bernardino de Fossa Amici (a\u00fan no redactado)\" href=\"https:\/\/es.wikipedia.org\/w\/index.php?title=Bernardino_de_Fossa_Amici&amp;action=edit&amp;redlink=1\">Bernardino de Fossa Amici<\/a>, Beato <a class=\"new\" title=\"Bronislao Kostowski (a\u00fan no redactado)\" href=\"https:\/\/es.wikipedia.org\/w\/index.php?title=Bronislao_Kostowski&amp;action=edit&amp;redlink=1\">Bronislao Kostowski<\/a>, Beata <a class=\"new\" title=\"Delfina de Gland\u00e9res (a\u00fan no redactado)\" href=\"https:\/\/es.wikipedia.org\/w\/index.php?title=Delfina_de_Gland%C3%A9res&amp;action=edit&amp;redlink=1\">Delfina de Gland\u00e9res<\/a>, Beato <a title=\"Ramon Llull\" href=\"https:\/\/es.wikipedia.org\/wiki\/Ramon_Llull\">Ramon Llull<\/a>, Beato <a class=\"new\" title=\"Tom\u00e1s Koteda Kiuni (a\u00fan no redactado)\" href=\"https:\/\/es.wikipedia.org\/w\/index.php?title=Tom%C3%A1s_Koteda_Kiuni&amp;action=edit&amp;redlink=1\">Tom\u00e1s Koteda Kiuni<\/a>y sus diez compa\u00f1eros m\u00e1rtires.<\/li>\n<\/ul>\n","protected":false},"excerpt":{"rendered":"<p>Es el 331.\u00ba (tricent\u00e9simo trig\u00e9simo primer) d\u00eda del a\u00f1o en el calendario gregoriano y el 332.\u00ba en los a\u00f1os bisiestos. Quedan 34\u00a0d\u00edas para finalizar el a\u00f1o.<\/p>\n","protected":false},"author":6,"featured_media":8788,"comment_status":"open","ping_status":"open","sticky":false,"template":"","format":"standard","meta":{"_acf_changed":false,"_monsterinsights_skip_tracking":false,"slim_seo":{"title":"Efem\u00e9rides 27 de Noviembre - Opini\u00f3n P\u00fablica","description":"Es el 331.\u00ba (tricent\u00e9simo trig\u00e9simo primer) d\u00eda del a\u00f1o en el calendario gregoriano y el 332.\u00ba en los a\u00f1os bisiestos. Quedan 34\u00a0d\u00edas para finalizar el a\u00f1o. Acon"},"footnotes":""},"categories":[27],"tags":[],"class_list":["post-8789","post","type-post","status-publish","format-standard","has-post-thumbnail","hentry","category-un-dia-como-hoy"],"acf":[],"_links":{"self":[{"href":"https:\/\/www.opinionpublica.tv\/portada\/wp-json\/wp\/v2\/posts\/8789","targetHints":{"allow":["GET"]}}],"collection":[{"href":"https:\/\/www.opinionpublica.tv\/portada\/wp-json\/wp\/v2\/posts"}],"about":[{"href":"https:\/\/www.opinionpublica.tv\/portada\/wp-json\/wp\/v2\/types\/post"}],"author":[{"embeddable":true,"href":"https:\/\/www.opinionpublica.tv\/portada\/wp-json\/wp\/v2\/users\/6"}],"replies":[{"embeddable":true,"href":"https:\/\/www.opinionpublica.tv\/portada\/wp-json\/wp\/v2\/comments?post=8789"}],"version-history":[{"count":0,"href":"https:\/\/www.opinionpublica.tv\/portada\/wp-json\/wp\/v2\/posts\/8789\/revisions"}],"wp:featuredmedia":[{"embeddable":true,"href":"https:\/\/www.opinionpublica.tv\/portada\/wp-json\/wp\/v2\/media\/8788"}],"wp:attachment":[{"href":"https:\/\/www.opinionpublica.tv\/portada\/wp-json\/wp\/v2\/media?parent=8789"}],"wp:term":[{"taxonomy":"category","embeddable":true,"href":"https:\/\/www.opinionpublica.tv\/portada\/wp-json\/wp\/v2\/categories?post=8789"},{"taxonomy":"post_tag","embeddable":true,"href":"https:\/\/www.opinionpublica.tv\/portada\/wp-json\/wp\/v2\/tags?post=8789"}],"curies":[{"name":"wp","href":"https:\/\/api.w.org\/{rel}","templated":true}]}}