{"id":8787,"date":"2016-11-26T07:00:00","date_gmt":"2016-11-26T06:00:00","guid":{"rendered":"https:\/\/www.opinionpublica.tv\/portada\/2016\/11\/26\/efemerides-26-de-noviembre\/"},"modified":"2016-11-26T07:00:00","modified_gmt":"2016-11-26T06:00:00","slug":"efemerides-26-de-noviembre","status":"publish","type":"post","link":"https:\/\/www.opinionpublica.tv\/portada\/efemerides-26-de-noviembre\/","title":{"rendered":"Efem\u00e9rides 26 de Noviembre"},"content":{"rendered":"<img fetchpriority=\"high\" decoding=\"async\" class=\" size-full wp-image-8786\" src=\"https:\/\/www.opinionpublica.tv\/portada\/wp-content\/uploads\/2016\/11\/cef2cf04d220dcbe0e742065d3e2374f.jpg\" alt=\"\" class=\"caption\" title=\"San Conrado de Parzham.\" width=\"200\" height=\"310\" srcset=\"https:\/\/www.opinionpublica.tv\/portada\/wp-content\/uploads\/2016\/11\/cef2cf04d220dcbe0e742065d3e2374f.jpg 200w, https:\/\/www.opinionpublica.tv\/portada\/wp-content\/uploads\/2016\/11\/cef2cf04d220dcbe0e742065d3e2374f-194x300.jpg 194w\" sizes=\"(max-width: 200px) 100vw, 200px\" \/>\n<p style=\"text-align: justify;\">Es el 330.\u00ba (tricent\u00e9simo trig\u00e9simo) d\u00eda del a\u00f1o en el calendario gregoriano y el 331.\u00ba en los a\u00f1os bisiestos. Quedan 35\u00a0d\u00edas para finalizar el a\u00f1o.<\/p>\n<p><!--more--><\/p>\n<h2 style=\"text-align: justify;\"><span id=\"Acontecimientos\" class=\"mw-headline\">Acontecimientos<\/span><\/h2>\n<ul style=\"text-align: justify;\">\n<li><a title=\"783\" href=\"https:\/\/es.wikipedia.org\/wiki\/783\">783<\/a>: en <a title=\"Espa\u00f1a\" href=\"https:\/\/es.wikipedia.org\/wiki\/Espa%C3%B1a\">Espa\u00f1a<\/a>, <a title=\"Adosinda\" href=\"https:\/\/es.wikipedia.org\/wiki\/Adosinda\">Adosinda<\/a> (<a title=\"Anexo:Monarcas de Asturias\" href=\"https:\/\/es.wikipedia.org\/wiki\/Anexo:Monarcas_de_Asturias\">reina de Asturias<\/a>) es internada en un monasterio para evitar que su sobrino <a title=\"Alfonso II de Asturias\" href=\"https:\/\/es.wikipedia.org\/wiki\/Alfonso_II_de_Asturias\">Alfonso<\/a> retomara el trono de Asturias arrebat\u00e1ndoselo a <a title=\"Mauregato de Asturias\" href=\"https:\/\/es.wikipedia.org\/wiki\/Mauregato_de_Asturias\">Mauregato<\/a>.<\/li>\n<li><a title=\"1033\" href=\"https:\/\/es.wikipedia.org\/wiki\/1033\">1033<\/a>: en <a title=\"Ramla\" href=\"https:\/\/es.wikipedia.org\/wiki\/Ramla\">Ramla<\/a> y <a class=\"mw-redirect\" title=\"Naplusa\" href=\"https:\/\/es.wikipedia.org\/wiki\/Naplusa\">Nabl\u00fas<\/a> (<a title=\"Territorios Palestinos\" href=\"https:\/\/es.wikipedia.org\/wiki\/Territorios_Palestinos\">Palestina<\/a>), un <a title=\"Anexo:Terremotos entre el siglo X y el XIX\" href=\"https:\/\/es.wikipedia.org\/wiki\/Anexo:Terremotos_entre_el_siglo_X_y_el_XIX\">terremoto<\/a> deja un saldo de 70.000\u00a0muertos. Tambi\u00e9n podr\u00eda haber sucedido durante el <a title=\"1034\" href=\"https:\/\/es.wikipedia.org\/wiki\/1034\">a\u00f1o siguiente<\/a>.<\/li>\n<li><a title=\"1560\" href=\"https:\/\/es.wikipedia.org\/wiki\/1560\">1560<\/a>: en el <a title=\"Virreinato del Per\u00fa\" href=\"https:\/\/es.wikipedia.org\/wiki\/Virreinato_del_Per%C3%BA\">Virreinato del Per\u00fa<\/a> comienza la feria y <a title=\"Romer\u00eda\" href=\"https:\/\/es.wikipedia.org\/wiki\/Romer%C3%ADa\">romer\u00eda<\/a> en honor de <a class=\"new\" title=\"Virgen de Guadalupe (Pacasmayo) (a\u00fan no redactado)\" href=\"https:\/\/es.wikipedia.org\/w\/index.php?title=Virgen_de_Guadalupe_(Pacasmayo)&amp;action=edit&amp;redlink=1\">Nuestra Se\u00f1ora de Guadalupe<\/a>.<\/li>\n<li><a title=\"1585\" href=\"https:\/\/es.wikipedia.org\/wiki\/1585\">1585<\/a>: llegan a la ciudad de <a class=\"mw-redirect\" title=\"Santiago del Estero (capital)\" href=\"https:\/\/es.wikipedia.org\/wiki\/Santiago_del_Estero_(capital)\">Santiago del Estero<\/a> (Misiones del <a title=\"Paraguay\" href=\"https:\/\/es.wikipedia.org\/wiki\/Paraguay\">Paraguay<\/a>) los dos primeros miembros de la <a title=\"Compa\u00f1\u00eda de Jes\u00fas\" href=\"https:\/\/es.wikipedia.org\/wiki\/Compa%C3%B1%C3%ADa_de_Jes%C3%BAs\">Compa\u00f1\u00eda de Jes\u00fas<\/a>.<\/li>\n<li><a title=\"1601\" href=\"https:\/\/es.wikipedia.org\/wiki\/1601\">1601<\/a>: en la regi\u00f3n de <a title=\"Zelanda\" href=\"https:\/\/es.wikipedia.org\/wiki\/Zelanda\">Zelanda<\/a> (<a title=\"Pa\u00edses Bajos\" href=\"https:\/\/es.wikipedia.org\/wiki\/Pa%C3%ADses_Bajos\">Pa\u00edses Bajos<\/a>), una inundaci\u00f3n hace desaparecer para siempre la aldea de Vremdijke (tambi\u00e9n Vroondijk, Vremdic, Frondic o Vrandic).<\/li>\n<li><a title=\"1812\" href=\"https:\/\/es.wikipedia.org\/wiki\/1812\">1812<\/a>: las tropas de <a class=\"mw-redirect\" title=\"Napole\u00f3n\" href=\"https:\/\/es.wikipedia.org\/wiki\/Napole%C3%B3n\">Napole\u00f3n<\/a>, en su retirada de la invasi\u00f3n de <a title=\"Rusia\" href=\"https:\/\/es.wikipedia.org\/wiki\/Rusia\">Rusia<\/a>, son alcanzadas y masacradas por los ej\u00e9rcitos rusos durante el <a title=\"Batalla del Ber\u00e9zina\" href=\"https:\/\/es.wikipedia.org\/wiki\/Batalla_del_Ber%C3%A9zina\">cruce del r\u00edo Berezina<\/a>.<\/li>\n<li><a title=\"1820\" href=\"https:\/\/es.wikipedia.org\/wiki\/1820\">1820<\/a>: en la ciudad de <a title=\"Trujillo (Venezuela)\" href=\"https:\/\/es.wikipedia.org\/wiki\/Trujillo_(Venezuela)\">Trujillo (Venezuela)<\/a>, el gobierno de la Rep\u00fablica de Gran Colombia y el reino de Espa\u00f1a firman el Tratado de Regularizaci\u00f3n de la Guerra, el cual pone fin a la \u00abGuerra a Muerte\u00bb entre patriotas y realistas. Este tratado es el precursor del Derecho Internacional Humanitario en Occidente. Su principal redactor es el <a class=\"mw-redirect\" title=\"Venezolano\" href=\"https:\/\/es.wikipedia.org\/wiki\/Venezolano\">venezolano<\/a> <a title=\"Antonio Jos\u00e9 de Sucre\" href=\"https:\/\/es.wikipedia.org\/wiki\/Antonio_Jos%C3%A9_de_Sucre\">Antonio Jos\u00e9 de Sucre<\/a>.<\/li>\n<li><a title=\"1838\" href=\"https:\/\/es.wikipedia.org\/wiki\/1838\">1838<\/a>: en <a title=\"Madrid\" href=\"https:\/\/es.wikipedia.org\/wiki\/Madrid\">Madrid<\/a> se promulga la <a class=\"new\" title=\"Ley de Instrucci\u00f3n Primaria (a\u00fan no redactado)\" href=\"https:\/\/es.wikipedia.org\/w\/index.php?title=Ley_de_Instrucci%C3%B3n_Primaria&amp;action=edit&amp;redlink=1\">Ley de Instrucci\u00f3n Primaria<\/a>.<\/li>\n<li><a title=\"1844\" href=\"https:\/\/es.wikipedia.org\/wiki\/1844\">1844<\/a>: en Espa\u00f1a, el general <a title=\"Ram\u00f3n Mar\u00eda Narv\u00e1ez\" href=\"https:\/\/es.wikipedia.org\/wiki\/Ram%C3%B3n_Mar%C3%ADa_Narv%C3%A1ez\">Ram\u00f3n Mar\u00eda Narv\u00e1ez<\/a> es designado por primera vez presidente del Consejo de Ministros.<\/li>\n<li><a title=\"1861\" href=\"https:\/\/es.wikipedia.org\/wiki\/1861\">1861<\/a>: <a title=\"Colombia\" href=\"https:\/\/es.wikipedia.org\/wiki\/Colombia\">Colombia<\/a> adopta su actual <a title=\"Anexo:Banderas de Colombia\" href=\"https:\/\/es.wikipedia.org\/wiki\/Anexo:Banderas_de_Colombia#Banderas_de_Colombia\">bandera<\/a>.<\/li>\n<li><a title=\"1865\" href=\"https:\/\/es.wikipedia.org\/wiki\/1865\">1865<\/a>: en Chile se libra el Combate Naval de <a title=\"Papudo\" href=\"https:\/\/es.wikipedia.org\/wiki\/Papudo\">Papudo<\/a>, en la <a title=\"Guerra hispano-sudamericana\" href=\"https:\/\/es.wikipedia.org\/wiki\/Guerra_hispano-sudamericana\">guerra hispano-sudamericana<\/a>. La <a title=\"Corbeta Esmeralda\" href=\"https:\/\/es.wikipedia.org\/wiki\/Corbeta_Esmeralda\">corbeta Esmeralda<\/a> (de <a title=\"Chile\" href=\"https:\/\/es.wikipedia.org\/wiki\/Chile\">Chile<\/a>, al mando del capit\u00e1n Juan Williams Rebolledo) derrota y captura a la <a class=\"new\" title=\"Goleta Virgen de la Covadonga (a\u00fan no redactado)\" href=\"https:\/\/es.wikipedia.org\/w\/index.php?title=Goleta_Virgen_de_la_Covadonga&amp;action=edit&amp;redlink=1\">goleta Virgen de la Covadonga<\/a> (de <a title=\"Espa\u00f1a\" href=\"https:\/\/es.wikipedia.org\/wiki\/Espa%C3%B1a\">Espa\u00f1a<\/a>).<\/li>\n<li><a title=\"1897\" href=\"https:\/\/es.wikipedia.org\/wiki\/1897\">1897<\/a>: <a title=\"Cuba\" href=\"https:\/\/es.wikipedia.org\/wiki\/Cuba\">Cuba<\/a> y <a title=\"Puerto Rico\" href=\"https:\/\/es.wikipedia.org\/wiki\/Puerto_Rico\">Puerto Rico<\/a> consiguen la autonom\u00eda.<\/li>\n<li><a title=\"1905\" href=\"https:\/\/es.wikipedia.org\/wiki\/1905\">1905<\/a>: en <a title=\"Rusia\" href=\"https:\/\/es.wikipedia.org\/wiki\/Rusia\">Rusia<\/a> se realiza una huelga ferroviaria de car\u00e1cter revolucionario.<\/li>\n<li><a title=\"1916\" href=\"https:\/\/es.wikipedia.org\/wiki\/1916\">1916<\/a>: el gobierno griego de <a title=\"Eleftherios Venizelos\" href=\"https:\/\/es.wikipedia.org\/wiki\/Eleftherios_Venizelos\">Eleftherios Venizelos<\/a> declara la guerra a <a title=\"Alemania\" href=\"https:\/\/es.wikipedia.org\/wiki\/Alemania\">Alemania<\/a>.<\/li>\n<li><a title=\"1917\" href=\"https:\/\/es.wikipedia.org\/wiki\/1917\">1917<\/a>: <a title=\"The Guardian\" href=\"https:\/\/es.wikipedia.org\/wiki\/The_Guardian\">The Manchester Guardian<\/a> publica el secreto <a title=\"Acuerdo Sykes-Picot\" href=\"https:\/\/es.wikipedia.org\/wiki\/Acuerdo_Sykes-Picot\">Acuerdo Sykes-Picot<\/a> entre el <a title=\"Reino Unido\" href=\"https:\/\/es.wikipedia.org\/wiki\/Reino_Unido\">Reino Unido<\/a> y <a title=\"Francia\" href=\"https:\/\/es.wikipedia.org\/wiki\/Francia\">Francia<\/a>.<\/li>\n<li><a title=\"1925\" href=\"https:\/\/es.wikipedia.org\/wiki\/1925\">1925<\/a>: en <a title=\"Costa Rica\" href=\"https:\/\/es.wikipedia.org\/wiki\/Costa_Rica\">Costa Rica<\/a> se funda el <a title=\"Club Sport M\u00e9xico\" href=\"https:\/\/es.wikipedia.org\/wiki\/Club_Sport_M%C3%A9xico\">Club Sport M\u00e9xico<\/a>, actualmente desaparecido.<\/li>\n<li><a title=\"1939\" href=\"https:\/\/es.wikipedia.org\/wiki\/1939\">1939<\/a>: la aldea sovi\u00e9tica de <a class=\"new\" title=\"Mainila (a\u00fan no redactado)\" href=\"https:\/\/es.wikipedia.org\/w\/index.php?title=Mainila&amp;action=edit&amp;redlink=1\">Mainila<\/a> (40\u00a0km al <a class=\"mw-redirect\" title=\"Noroeste\" href=\"https:\/\/es.wikipedia.org\/wiki\/Noroeste\">NO<\/a> de <a class=\"mw-redirect\" title=\"Leningrado\" href=\"https:\/\/es.wikipedia.org\/wiki\/Leningrado\">Leningrado<\/a>, y 120\u00a0km al <a class=\"mw-redirect\" title=\"Sudoeste\" href=\"https:\/\/es.wikipedia.org\/wiki\/Sudoeste\">SE<\/a> de la frontera con <a title=\"Finlandia\" href=\"https:\/\/es.wikipedia.org\/wiki\/Finlandia\">Finlandia<\/a>) es bombardeada por la artiller\u00eda <a title=\"Uni\u00f3n Sovi\u00e9tica\" href=\"https:\/\/es.wikipedia.org\/wiki\/Uni%C3%B3n_Sovi%C3%A9tica\">sovi\u00e9tica<\/a> (<a title=\"Incidente de Mainila\" href=\"https:\/\/es.wikipedia.org\/wiki\/Incidente_de_Mainila\">Incidente de Mainila<\/a>. La Uni\u00f3n Sovi\u00e9tica acusa de ello al ej\u00e9rcito finland\u00e9s, lo que sirvi\u00f3 de pretexto para iniciar la <a title=\"Guerra de Invierno\" href=\"https:\/\/es.wikipedia.org\/wiki\/Guerra_de_Invierno\">Guerra de Invierno<\/a>.<\/li>\n<li><a title=\"1940\" href=\"https:\/\/es.wikipedia.org\/wiki\/1940\">1940<\/a>: en la c\u00e1rcel de Jilava \u2015 una aldea a 10\u00a0km al sur de <a title=\"Bucarest\" href=\"https:\/\/es.wikipedia.org\/wiki\/Bucarest\">Bucarest<\/a> (Ruman\u00eda)\u2015 miembros de la <a title=\"Antisemitismo\" href=\"https:\/\/es.wikipedia.org\/wiki\/Antisemitismo\">antisemita<\/a> <a class=\"mw-redirect mw-disambig\" title=\"Guardia de Hierro\" href=\"https:\/\/es.wikipedia.org\/wiki\/Guardia_de_Hierro\">Guardia de Hierro<\/a>, en venganza por el anterior asesinato de sus dirigentes en 1938, asesinan a 64\u00a0presos. (<a title=\"Matanza de Jilava\" href=\"https:\/\/es.wikipedia.org\/wiki\/Matanza_de_Jilava\">Matanza de Jilava<\/a>).<\/li>\n<li><a title=\"1942\" href=\"https:\/\/es.wikipedia.org\/wiki\/1942\">1942<\/a>: en Estados Unidos se estrena la pel\u00edcula dram\u00e1tica de romance <a title=\"Casablanca (pel\u00edcula)\" href=\"https:\/\/es.wikipedia.org\/wiki\/Casablanca_(pel%C3%ADcula)\"><i>Casablanca<\/i><\/a>, protagonizada por <a title=\"Humphrey Bogart\" href=\"https:\/\/es.wikipedia.org\/wiki\/Humphrey_Bogart\">Humphrey Bogart<\/a> e <a title=\"Ingrid Bergman\" href=\"https:\/\/es.wikipedia.org\/wiki\/Ingrid_Bergman\">Ingrid Bergman<\/a>. Ser\u00e1 nominada a ocho premios \u00d3scar y ganar\u00e1 los de mejor pel\u00edcula, mejor director y mejor guion adaptado.<\/li>\n<li><a title=\"1944\" href=\"https:\/\/es.wikipedia.org\/wiki\/1944\">1944<\/a>: <a title=\"Club Atl\u00e9tico Boca Juniors\" href=\"https:\/\/es.wikipedia.org\/wiki\/Club_Atl%C3%A9tico_Boca_Juniors\">Boca<\/a> le gana <a title=\"Racing Club\" href=\"https:\/\/es.wikipedia.org\/wiki\/Racing_Club\">Racing Club<\/a> por 3-0 como local y se consagra campe\u00f3n de la <a class=\"mw-redirect\" title=\"Primera Divisi\u00f3n (Argentina)\" href=\"https:\/\/es.wikipedia.org\/wiki\/Primera_Divisi%C3%B3n_(Argentina)\">Primera Divisi\u00f3n (Argentina)<\/a> por sexta vez y es bicampe\u00f3n por segunda ocasi\u00f3n.<\/li>\n<li><a title=\"1950\" href=\"https:\/\/es.wikipedia.org\/wiki\/1950\">1950<\/a>: en Uruguay se celebran <a title=\"Elecciones generales de Uruguay de 1950\" href=\"https:\/\/es.wikipedia.org\/wiki\/Elecciones_generales_de_Uruguay_de_1950\">elecciones generales<\/a>. Vence la f\u00f3rmula <a title=\"Andr\u00e9s Mart\u00ednez Trueba\" href=\"https:\/\/es.wikipedia.org\/wiki\/Andr%C3%A9s_Mart%C3%ADnez_Trueba\">Andr\u00e9s Mart\u00ednez Trueba<\/a>&#8211;<a title=\"Alfeo Brum\" href=\"https:\/\/es.wikipedia.org\/wiki\/Alfeo_Brum\">Alfeo Brum<\/a>.<\/li>\n<li><a title=\"1951\" href=\"https:\/\/es.wikipedia.org\/wiki\/1951\">1951<\/a>: en <a title=\"Paraguay\" href=\"https:\/\/es.wikipedia.org\/wiki\/Paraguay\">Paraguay<\/a>, el gobierno pone fin al estado de guerra con Alemania Occidental, y se restablecen las relaciones diplom\u00e1ticas, comerciales y financieras.<\/li>\n<li><a title=\"1954\" href=\"https:\/\/es.wikipedia.org\/wiki\/1954\">1954<\/a>: en <a title=\"Tokio\" href=\"https:\/\/es.wikipedia.org\/wiki\/Tokio\">Tokio<\/a>, el boxeador <a title=\"Pascual P\u00e9rez\" href=\"https:\/\/es.wikipedia.org\/wiki\/Pascual_P%C3%A9rez\">Pascual P\u00e9rez<\/a> se consagra como el primer argentino campe\u00f3n del mundo al vencer a <a class=\"new\" title=\"Yoshio Shirai (a\u00fan no redactado)\" href=\"https:\/\/es.wikipedia.org\/w\/index.php?title=Yoshio_Shirai&amp;action=edit&amp;redlink=1\">Yoshio Shirai<\/a> por puntos, en decisi\u00f3n un\u00e1nime en un combate pautado a 15\u00a0rounds.<\/li>\n<li><a title=\"1961\" href=\"https:\/\/es.wikipedia.org\/wiki\/1961\">1961<\/a>: en Limones Cantero (finca Palmarito, barrio R\u00edo de Ay, <a class=\"mw-redirect\" title=\"Municipio de Trinidad\" href=\"https:\/\/es.wikipedia.org\/wiki\/Municipio_de_Trinidad\">municipio de Trinidad<\/a>), en la <a class=\"mw-redirect\" title=\"Provincia de Las Villas\" href=\"https:\/\/es.wikipedia.org\/wiki\/Provincia_de_Las_Villas\">provincia de Las Villas<\/a>, la banda de Julio Emilio Carretero Escajadillo, Pedro Gonz\u00e1lez S\u00e1nchez y Braulio Amador Quesada \u2015en el marco de los ataques terroristas organizados por la <a title=\"Agencia Central de Inteligencia\" href=\"https:\/\/es.wikipedia.org\/wiki\/Agencia_Central_de_Inteligencia\">CIA<\/a>\u00a0estadounidense\u2015 secuestran y asesinan al brigadista alfabetizador Manuel Ascunce Domenech (16), junto a su alumno, el campesino Pedro Lantigua Ortega (43).<sup id=\"cite_ref-1\" class=\"reference\"><a href=\"https:\/\/es.wikipedia.org\/wiki\/26_de_noviembre#cite_note-1\">1<\/a><\/sup><\/li>\n<li><a title=\"1965\" href=\"https:\/\/es.wikipedia.org\/wiki\/1965\">1965<\/a>: desde las instalaciones de <a class=\"new\" title=\"Hammaguira (a\u00fan no redactado)\" href=\"https:\/\/es.wikipedia.org\/w\/index.php?title=Hammaguira&amp;action=edit&amp;redlink=1\">Hammaguira<\/a> (en el <a class=\"mw-redirect\" title=\"Desierto del S\u00e1hara\" href=\"https:\/\/es.wikipedia.org\/wiki\/Desierto_del_S%C3%A1hara\">desierto del S\u00e1hara<\/a>), <a title=\"Francia\" href=\"https:\/\/es.wikipedia.org\/wiki\/Francia\">Francia<\/a> lanza un cohete <a title=\"Diamant (cohete)\" href=\"https:\/\/es.wikipedia.org\/wiki\/Diamant_(cohete)\">Diamant-A<\/a> con el <a title=\"Sat\u00e9lite artificial\" href=\"https:\/\/es.wikipedia.org\/wiki\/Sat%C3%A9lite_artificial\">sat\u00e9lite<\/a> <i><a title=\"Ast\u00e9rix (sat\u00e9lite)\" href=\"https:\/\/es.wikipedia.org\/wiki\/Ast%C3%A9rix_(sat%C3%A9lite)\">Ast\u00e9rix-1<\/a><\/i> (o A-1) a bordo, convirti\u00e9ndose en el primer pa\u00eds, tras las dos <a class=\"mw-redirect\" title=\"Superpotencia\" href=\"https:\/\/es.wikipedia.org\/wiki\/Superpotencia\">superpotencias<\/a>, en poner un sat\u00e9lite en \u00f3rbita.<\/li>\n<li><a title=\"1965\" href=\"https:\/\/es.wikipedia.org\/wiki\/1965\">1965<\/a>: en <a title=\"Ecuador\" href=\"https:\/\/es.wikipedia.org\/wiki\/Ecuador\">Ecuador<\/a>, la Junta Militar que reg\u00eda el pa\u00eds procede a declarar el 26 de noviembre de cada a\u00f1o como D\u00eda del Himno Nacional del Ecuador. El decreto se expidi\u00f3 el 24 de noviembre.<\/li>\n<li><a title=\"1970\" href=\"https:\/\/es.wikipedia.org\/wiki\/1970\">1970<\/a>: en la bah\u00eda Grand Cul-de-Sac, en la isla <a class=\"mw-redirect\" title=\"San Bartolom\u00e9 (Guadalupe)\" href=\"https:\/\/es.wikipedia.org\/wiki\/San_Bartolom%C3%A9_(Guadalupe)\">St. Barts<\/a> (San Bartolom\u00e9, <a class=\"mw-redirect\" title=\"Guadalupe (Caribe)\" href=\"https:\/\/es.wikipedia.org\/wiki\/Guadalupe_(Caribe)\">Guadalupe<\/a>) se registra el r\u00e9cord de ca\u00edda m\u00e1xima de lluvia en un solo minuto: 38\u00a0mm.<\/li>\n<li><a title=\"1981\" href=\"https:\/\/es.wikipedia.org\/wiki\/1981\">1981<\/a>: en <a title=\"Nueva Delhi\" href=\"https:\/\/es.wikipedia.org\/wiki\/Nueva_Delhi\">Nueva Delhi<\/a>, durante la asamblea de la <a class=\"mw-redirect\" title=\"Federaci\u00f3n para los Juegos Asi\u00e1ticos\" href=\"https:\/\/es.wikipedia.org\/wiki\/Federaci%C3%B3n_para_los_Juegos_Asi%C3%A1ticos\">Federaci\u00f3n para los Juegos Asi\u00e1ticos<\/a>, se decide la creaci\u00f3n del <a title=\"Consejo Ol\u00edmpico de Asia\" href=\"https:\/\/es.wikipedia.org\/wiki\/Consejo_Ol%C3%ADmpico_de_Asia\">Consejo Ol\u00edmpico de Asia<\/a>.<\/li>\n<li><a title=\"1989\" href=\"https:\/\/es.wikipedia.org\/wiki\/1989\">1989<\/a>: en <a title=\"Uruguay\" href=\"https:\/\/es.wikipedia.org\/wiki\/Uruguay\">Uruguay<\/a> se celebran <a title=\"Elecciones generales de Uruguay de 1989\" href=\"https:\/\/es.wikipedia.org\/wiki\/Elecciones_generales_de_Uruguay_de_1989\">elecciones generales<\/a>; resulta electo presidente <a title=\"Luis Alberto Lacalle\" href=\"https:\/\/es.wikipedia.org\/wiki\/Luis_Alberto_Lacalle\">Luis Alberto Lacalle<\/a>, y en Montevideo es electo intendente <a title=\"Tabar\u00e9 V\u00e1zquez\" href=\"https:\/\/es.wikipedia.org\/wiki\/Tabar%C3%A9_V%C3%A1zquez\">Tabar\u00e9 V\u00e1zquez<\/a>. Simult\u00e1neamente se realiza un <a title=\"Plebiscito de reforma jubilatoria en Uruguay en 1989\" href=\"https:\/\/es.wikipedia.org\/wiki\/Plebiscito_de_reforma_jubilatoria_en_Uruguay_en_1989\">plebiscito de reforma jubilatoria<\/a>, que resulta ampliamente aprobado por la ciudadan\u00eda.<\/li>\n<li><a title=\"1989\" href=\"https:\/\/es.wikipedia.org\/wiki\/1989\">1989<\/a>: en <a title=\"Honduras\" href=\"https:\/\/es.wikipedia.org\/wiki\/Honduras\">Honduras<\/a> se realizan las <a title=\"Elecciones generales de Honduras de 1989\" href=\"https:\/\/es.wikipedia.org\/wiki\/Elecciones_generales_de_Honduras_de_1989\">elecciones generales<\/a>; resulta electo presidente <a title=\"Rafael Leonardo Callejas\" href=\"https:\/\/es.wikipedia.org\/wiki\/Rafael_Leonardo_Callejas\">Rafael Leonardo Callejas<\/a>.<\/li>\n<li><a title=\"1991\" href=\"https:\/\/es.wikipedia.org\/wiki\/1991\">1991<\/a>: <a title=\"Michael Jackson\" href=\"https:\/\/es.wikipedia.org\/wiki\/Michael_Jackson\">Michael Jackson<\/a> lanza al mercado el \u00e1lbum <a title=\"Dangerous (\u00e1lbum)\" href=\"https:\/\/es.wikipedia.org\/wiki\/Dangerous_(%C3%A1lbum)\"><i>Dangerous<\/i><\/a>.<\/li>\n<li><a title=\"1991\" href=\"https:\/\/es.wikipedia.org\/wiki\/1991\">1991<\/a>: El cantante <a title=\"Puerto Rico\" href=\"https:\/\/es.wikipedia.org\/wiki\/Puerto_Rico\">puertorrique\u00f1o<\/a> <a title=\"Ricky Martin\" href=\"https:\/\/es.wikipedia.org\/wiki\/Ricky_Martin\">Ricky Martin<\/a>, lanza al mercado su <a class=\"mw-redirect\" title=\"\u00c1lbum musical\" href=\"https:\/\/es.wikipedia.org\/wiki\/%C3%81lbum_musical\">\u00e1lbum debut hom\u00f3nimo<\/a> como solista titulado <i><a title=\"Ricky Martin (\u00e1lbum de 1991)\" href=\"https:\/\/es.wikipedia.org\/wiki\/Ricky_Martin_(%C3%A1lbum_de_1991)\">Ricky Martin<\/a><\/i>, producido por Mariano P\u00e9rez.<\/li>\n<li><a title=\"1997\" href=\"https:\/\/es.wikipedia.org\/wiki\/1997\">1997<\/a>: en <a title=\"Espa\u00f1a\" href=\"https:\/\/es.wikipedia.org\/wiki\/Espa%C3%B1a\">Espa\u00f1a<\/a> se crea el Consejo Econ\u00f3mico y Social de Andaluc\u00eda.<\/li>\n<li><a title=\"2003\" href=\"https:\/\/es.wikipedia.org\/wiki\/2003\">2003<\/a>: el avi\u00f3n <a title=\"Concorde\" href=\"https:\/\/es.wikipedia.org\/wiki\/Concorde\">Concorde<\/a> realiza el \u00faltimo de sus vuelos.<\/li>\n<li><a title=\"2005\" href=\"https:\/\/es.wikipedia.org\/wiki\/2005\">2005<\/a>: en <a title=\"Espa\u00f1a\" href=\"https:\/\/es.wikipedia.org\/wiki\/Espa%C3%B1a\">Espa\u00f1a<\/a> se funda la organizaci\u00f3n juvenil ecologista <a class=\"new\" title=\"J\u00f3venes Verdes (a\u00fan no redactado)\" href=\"https:\/\/es.wikipedia.org\/w\/index.php?title=J%C3%B3venes_Verdes&amp;action=edit&amp;redlink=1\">J\u00f3venes Verdes<\/a>.<\/li>\n<li>2005: <a title=\"Bielorrusia\" href=\"https:\/\/es.wikipedia.org\/wiki\/Bielorrusia\">Bielorrusia<\/a> gana el <a class=\"mw-redirect\" title=\"Festival de Eurovisi\u00f3n Infantil 2005\" href=\"https:\/\/es.wikipedia.org\/wiki\/Festival_de_Eurovisi%C3%B3n_Infantil_2005\">Festival de Eurovisi\u00f3n Infantil<\/a>.<\/li>\n<li><a title=\"2006\" href=\"https:\/\/es.wikipedia.org\/wiki\/2006\">2006<\/a>: en <a title=\"Ecuador\" href=\"https:\/\/es.wikipedia.org\/wiki\/Ecuador\">Ecuador<\/a>, <a title=\"Rafael Correa\" href=\"https:\/\/es.wikipedia.org\/wiki\/Rafael_Correa\">Rafael Correa<\/a> es <a title=\"Elecciones presidenciales de Ecuador de 2006\" href=\"https:\/\/es.wikipedia.org\/wiki\/Elecciones_presidenciales_de_Ecuador_de_2006\">electo<\/a> <a class=\"mw-redirect\" title=\"Presidente de Ecuador\" href=\"https:\/\/es.wikipedia.org\/wiki\/Presidente_de_Ecuador\">presidente<\/a>.<\/li>\n<li><a title=\"2008\" href=\"https:\/\/es.wikipedia.org\/wiki\/2008\">2008<\/a>: en diferentes hoteles de lujo de la ciudad <a title=\"India\" href=\"https:\/\/es.wikipedia.org\/wiki\/India\">india<\/a> de <a title=\"Bombay\" href=\"https:\/\/es.wikipedia.org\/wiki\/Bombay\">Bombay<\/a>, en su mayor\u00eda centros jud\u00edos, se suceden una serie de <a title=\"Atentados de Bombay de 2008\" href=\"https:\/\/es.wikipedia.org\/wiki\/Atentados_de_Bombay_de_2008\">atentados con bombas<\/a>, con un balance cercano a los 200\u00a0muertos, entre ellos el rabino <a class=\"new\" title=\"Gavriel Holtzberg (a\u00fan no redactado)\" href=\"https:\/\/es.wikipedia.org\/w\/index.php?title=Gavriel_Holtzberg&amp;action=edit&amp;redlink=1\">Gavriel Holtzberg<\/a>.<\/li>\n<li><a title=\"2009\" href=\"https:\/\/es.wikipedia.org\/wiki\/2009\">2009<\/a>: doce peri\u00f3dicos <a title=\"Catalu\u00f1a\" href=\"https:\/\/es.wikipedia.org\/wiki\/Catalu%C3%B1a\">catalanes<\/a> publican de manera conjunta el editorial <i><a title=\"La dignidad de Catalu\u00f1a\" href=\"https:\/\/es.wikipedia.org\/wiki\/La_dignidad_de_Catalu%C3%B1a\">La dignidad de Catalu\u00f1a<\/a><\/i> defendiendo el <a class=\"mw-redirect\" title=\"Estatuto de autonom\u00eda de Catalu\u00f1a de 2006\" href=\"https:\/\/es.wikipedia.org\/wiki\/Estatuto_de_autonom%C3%ADa_de_Catalu%C3%B1a_de_2006\">Estatuto de autonom\u00eda de Catalu\u00f1a de 2006<\/a>, en proceso de revisi\u00f3n por el <a class=\"mw-redirect\" title=\"Tribunal Constitucional de Espa\u00f1a\" href=\"https:\/\/es.wikipedia.org\/wiki\/Tribunal_Constitucional_de_Espa%C3%B1a\">Tribunal Constitucional de Espa\u00f1a<\/a>.<\/li>\n<li><a title=\"2011\" href=\"https:\/\/es.wikipedia.org\/wiki\/2011\">2011<\/a>: la <a title=\"NASA\" href=\"https:\/\/es.wikipedia.org\/wiki\/NASA\">NASA<\/a> lanza la nave <a title=\"Curiosity\" href=\"https:\/\/es.wikipedia.org\/wiki\/Curiosity\">Curiosity<\/a>.<sup id=\"cite_ref-2\" class=\"reference\"><a href=\"https:\/\/es.wikipedia.org\/wiki\/26_de_noviembre#cite_note-2\">2<\/a><\/sup><\/li>\n<\/ul>\n<h2 style=\"text-align: justify;\"><span id=\"Nacimientos\" class=\"mw-headline\">Nacimientos<\/span><\/h2>\n<ul style=\"text-align: justify;\">\n<li><a title=\"1288\" href=\"https:\/\/es.wikipedia.org\/wiki\/1288\">1288<\/a>: <a class=\"mw-redirect\" title=\"Go-Daigo\" href=\"https:\/\/es.wikipedia.org\/wiki\/Go-Daigo\">Go-Daigo<\/a>, emperador japon\u00e9s.<\/li>\n<li><a title=\"1604\" href=\"https:\/\/es.wikipedia.org\/wiki\/1604\">1604<\/a>: <a title=\"Johannes Bach\" href=\"https:\/\/es.wikipedia.org\/wiki\/Johannes_Bach\">Johannes Bach<\/a>, compositor alem\u00e1n (f. 1673).<\/li>\n<li><a title=\"1607\" href=\"https:\/\/es.wikipedia.org\/wiki\/1607\">1607<\/a>: <a title=\"John Harvard\" href=\"https:\/\/es.wikipedia.org\/wiki\/John_Harvard\">John Harvard<\/a>, sacerdote brit\u00e1nico.<\/li>\n<li><a title=\"1678\" href=\"https:\/\/es.wikipedia.org\/wiki\/1678\">1678<\/a>: <a title=\"Jean-Jacques Dortous de Mairan\" href=\"https:\/\/es.wikipedia.org\/wiki\/Jean-Jacques_Dortous_de_Mairan\">Jean-Jacques Dortous de Mairan<\/a>, matem\u00e1tico, astr\u00f3nomo y geof\u00edsico franc\u00e9s.<\/li>\n<li><a title=\"1731\" href=\"https:\/\/es.wikipedia.org\/wiki\/1731\">1731<\/a>: <a title=\"William Cowper\" href=\"https:\/\/es.wikipedia.org\/wiki\/William_Cowper\">William Cowper<\/a>, poeta brit\u00e1nico.<\/li>\n<li><a title=\"1786\" href=\"https:\/\/es.wikipedia.org\/wiki\/1786\">1786<\/a>: <a title=\"Jos\u00e9 Mar\u00eda Queipo de Llano\" href=\"https:\/\/es.wikipedia.org\/wiki\/Jos%C3%A9_Mar%C3%ADa_Queipo_de_Llano\">Jos\u00e9 Mar\u00eda Queipo de Llano<\/a>, pol\u00edtico e historiador espa\u00f1ol, presidente entre 1835 y 1836 (f. 1843).<\/li>\n<li><a title=\"1799\" href=\"https:\/\/es.wikipedia.org\/wiki\/1799\">1799<\/a>: <a title=\"Mariano Jos\u00e9 de Escalada\" href=\"https:\/\/es.wikipedia.org\/wiki\/Mariano_Jos%C3%A9_de_Escalada\">Mariano Jos\u00e9 de Escalada<\/a>, obispo argentino (f. 1870).<\/li>\n<li><a title=\"1822\" href=\"https:\/\/es.wikipedia.org\/wiki\/1822\">1822<\/a>: <a title=\"Eduardo Benot\" href=\"https:\/\/es.wikipedia.org\/wiki\/Eduardo_Benot\">Eduardo Benot<\/a>, pol\u00edtico, escritor y matem\u00e1tico espa\u00f1ol.<\/li>\n<li><a title=\"1826\" href=\"https:\/\/es.wikipedia.org\/wiki\/1826\">1826<\/a>: <a class=\"mw-redirect\" title=\"Juan Pablo Rojas Paul\" href=\"https:\/\/es.wikipedia.org\/wiki\/Juan_Pablo_Rojas_Paul\">Juan Pablo Rojas Paul<\/a>, pol\u00edtico y presidente venezolano (f. 1905).<\/li>\n<li><a title=\"1837\" href=\"https:\/\/es.wikipedia.org\/wiki\/1837\">1837<\/a>: <a class=\"mw-redirect\" title=\"Tigran Chukhajyan\" href=\"https:\/\/es.wikipedia.org\/wiki\/Tigran_Chukhajyan\">Tigran Chujache\u00e1n<\/a>, compositor armenio (f. 1898).<\/li>\n<li><a title=\"1857\" href=\"https:\/\/es.wikipedia.org\/wiki\/1857\">1857<\/a>: <a title=\"Ferdinand de Saussure\" href=\"https:\/\/es.wikipedia.org\/wiki\/Ferdinand_de_Saussure\">Ferdinand de Saussure<\/a>, ling\u00fcista suizo.<\/li>\n<li><a title=\"1862\" href=\"https:\/\/es.wikipedia.org\/wiki\/1862\">1862<\/a>: <a class=\"mw-redirect\" title=\"Mark Aurel Stein\" href=\"https:\/\/es.wikipedia.org\/wiki\/Mark_Aurel_Stein\">Mark Aurel Stein<\/a>, arque\u00f3logo h\u00fangaro-brit\u00e1nico.<\/li>\n<li><a title=\"1864\" href=\"https:\/\/es.wikipedia.org\/wiki\/1864\">1864<\/a>: <a title=\"Auguste Charlois\" href=\"https:\/\/es.wikipedia.org\/wiki\/Auguste_Charlois\">Auguste Charlois<\/a>, astr\u00f3nomo franc\u00e9s.<\/li>\n<li><a title=\"1871\" href=\"https:\/\/es.wikipedia.org\/wiki\/1871\">1871<\/a>: <a title=\"Luigi Sturzo\" href=\"https:\/\/es.wikipedia.org\/wiki\/Luigi_Sturzo\">Luigi Sturzo<\/a>, sacerdote y pol\u00edtico italiano.<\/li>\n<li><a title=\"1876\" href=\"https:\/\/es.wikipedia.org\/wiki\/1876\">1876<\/a>: <a title=\"Willis Haviland Carrier\" href=\"https:\/\/es.wikipedia.org\/wiki\/Willis_Haviland_Carrier\">Willis Haviland Carrier<\/a>, ingeniero estadounidense.<\/li>\n<li><a title=\"1878\" href=\"https:\/\/es.wikipedia.org\/wiki\/1878\">1878<\/a>: <a class=\"mw-redirect\" title=\"Marshall Taylor\" href=\"https:\/\/es.wikipedia.org\/wiki\/Marshall_Taylor\">Marshall Taylor<\/a>, ciclista estadounidense.<\/li>\n<li><a title=\"1888\" href=\"https:\/\/es.wikipedia.org\/wiki\/1888\">1888<\/a>: <a title=\"Francisco Canaro\" href=\"https:\/\/es.wikipedia.org\/wiki\/Francisco_Canaro\">Francisco Canaro<\/a>, compositor, violinista y director de orquesta uruguayo (f. 1964).<\/li>\n<li><a title=\"1892\" href=\"https:\/\/es.wikipedia.org\/wiki\/1892\">1892<\/a>: <a title=\"Kai Nielsen\" href=\"https:\/\/es.wikipedia.org\/wiki\/Kai_Nielsen\">Kai Nielsen<\/a>, escultor dan\u00e9s.<\/li>\n<li>1892: <a title=\"Joe Guyon\" href=\"https:\/\/es.wikipedia.org\/wiki\/Joe_Guyon\">Joe Guyon<\/a>, jugador estadounidense de f\u00fatbol americano (f. 1971).<\/li>\n<li><a title=\"1894\" href=\"https:\/\/es.wikipedia.org\/wiki\/1894\">1894<\/a>: <a title=\"Norbert Wiener\" href=\"https:\/\/es.wikipedia.org\/wiki\/Norbert_Wiener\">Norbert Wiener<\/a>, matem\u00e1tico estadounidense.<\/li>\n<li><a title=\"1895\" href=\"https:\/\/es.wikipedia.org\/wiki\/1895\">1895<\/a>: <a class=\"mw-redirect\" title=\"William Griffith\" href=\"https:\/\/es.wikipedia.org\/wiki\/William_Griffith\">William Griffith<\/a>, \u00abBill Wilson\u00bb, activista estadounidense (f. 1971).<\/li>\n<li><a title=\"1897\" href=\"https:\/\/es.wikipedia.org\/wiki\/1897\">1897<\/a>: <a title=\"Luis Batlle Berres\" href=\"https:\/\/es.wikipedia.org\/wiki\/Luis_Batlle_Berres\">Luis Batlle Berres<\/a>, pol\u00edtico y presidente uruguayo (f. 1964).<\/li>\n<li>1897: <a title=\"Manuel A. Odr\u00eda\" href=\"https:\/\/es.wikipedia.org\/wiki\/Manuel_A._Odr%C3%ADa\">Manuel A. Odr\u00eda<\/a>, presidente peruano.<\/li>\n<li><a title=\"1898\" href=\"https:\/\/es.wikipedia.org\/wiki\/1898\">1898<\/a>: <a class=\"mw-redirect\" title=\"Karl Waldemar Ziegler\" href=\"https:\/\/es.wikipedia.org\/wiki\/Karl_Waldemar_Ziegler\">Karl Waldemar Ziegler<\/a>, qu\u00edmico alem\u00e1n, premio nobel de qu\u00edmica en 1963.<\/li>\n<li>1898: <a title=\"H\u00e9ctor Scarone\" href=\"https:\/\/es.wikipedia.org\/wiki\/H%C3%A9ctor_Scarone\">H\u00e9ctor Scarone<\/a>, futbolista uruguayo.<\/li>\n<li><a title=\"1899\" href=\"https:\/\/es.wikipedia.org\/wiki\/1899\">1899<\/a>: <a title=\"Miguel Rom\u00e1n Garrido\" href=\"https:\/\/es.wikipedia.org\/wiki\/Miguel_Rom%C3%A1n_Garrido\">Miguel Rom\u00e1n Garrido<\/a>, militar espa\u00f1ol.<\/li>\n<li><a title=\"1902\" href=\"https:\/\/es.wikipedia.org\/wiki\/1902\">1902<\/a>: <a title=\"Dick y Mac McDonald\" href=\"https:\/\/es.wikipedia.org\/wiki\/Dick_y_Mac_McDonald\">Maurice <i>Mac<\/i> McDonald<\/a>, empresario estadounidense (f. 1971).<\/li>\n<li>1902: <a title=\"Carolina \u00c1lvarez Prado\" href=\"https:\/\/es.wikipedia.org\/wiki\/Carolina_%C3%81lvarez_Prado\">Carolina \u00c1lvarez Prado<\/a>, pintora argentina (f. 1986).<\/li>\n<li><a title=\"1903\" href=\"https:\/\/es.wikipedia.org\/wiki\/1903\">1903<\/a>: <a title=\"Sebasti\u00e1n Piana\" href=\"https:\/\/es.wikipedia.org\/wiki\/Sebasti%C3%A1n_Piana\">Sebasti\u00e1n Piana<\/a>, m\u00fasico argentino de tango (f. 1994).<\/li>\n<li><a title=\"1905\" href=\"https:\/\/es.wikipedia.org\/wiki\/1905\">1905<\/a>: <a title=\"Bob Johnson\" href=\"https:\/\/es.wikipedia.org\/wiki\/Bob_Johnson\">Bob Johnson<\/a>, beisbolista estadounidense.<\/li>\n<li>1905: <a title=\"Emlyn Williams\" href=\"https:\/\/es.wikipedia.org\/wiki\/Emlyn_Williams\">Emlyn Williams<\/a>, actor y dramaturgo brit\u00e1nico (f. 1987).<\/li>\n<li><a title=\"1906\" href=\"https:\/\/es.wikipedia.org\/wiki\/1906\">1906<\/a>: <a title=\"Rodrigo Ur\u00eda Gonz\u00e1lez\" href=\"https:\/\/es.wikipedia.org\/wiki\/Rodrigo_Ur%C3%ADa_Gonz%C3%A1lez\">Rodrigo Ur\u00eda Gonz\u00e1lez<\/a>, abogado espa\u00f1ol.<\/li>\n<li><a title=\"1907\" href=\"https:\/\/es.wikipedia.org\/wiki\/1907\">1907<\/a>: <a title=\"Ruth Patrick\" href=\"https:\/\/es.wikipedia.org\/wiki\/Ruth_Patrick\">Ruth Patrick<\/a>, bot\u00e1nica estadounidense.<\/li>\n<li><a title=\"1908\" href=\"https:\/\/es.wikipedia.org\/wiki\/1908\">1908<\/a>: <a title=\"Charles Forte\" href=\"https:\/\/es.wikipedia.org\/wiki\/Charles_Forte\">Charles Forte<\/a>, empresario y magnate brit\u00e1nico.<\/li>\n<li>1908: <a class=\"new\" title=\"Lefty G\u00f3mez (a\u00fan no redactado)\" href=\"https:\/\/es.wikipedia.org\/w\/index.php?title=Lefty_G%C3%B3mez&amp;action=edit&amp;redlink=1\">Lefty G\u00f3mez<\/a>, beisbolista estadounidense.<\/li>\n<li><a title=\"1909\" href=\"https:\/\/es.wikipedia.org\/wiki\/1909\">1909<\/a>: <a title=\"Frances Dee\" href=\"https:\/\/es.wikipedia.org\/wiki\/Frances_Dee\">Frances Dee<\/a>, actriz estadounidense.<\/li>\n<li>1909: <a title=\"Eug\u00e8ne Ionesco\" href=\"https:\/\/es.wikipedia.org\/wiki\/Eug%C3%A8ne_Ionesco\">Eug\u00e8ne Ionesco<\/a>, dramaturgo rumano-franc\u00e9s.<\/li>\n<li><a title=\"1911\" href=\"https:\/\/es.wikipedia.org\/wiki\/1911\">1911<\/a>: <a title=\"Samuel Reshevsky\" href=\"https:\/\/es.wikipedia.org\/wiki\/Samuel_Reshevsky\">Samuel Reshevsky<\/a>, ajedrecista estadounidense de origen polaco.<\/li>\n<li><a title=\"1913\" href=\"https:\/\/es.wikipedia.org\/wiki\/1913\">1913<\/a>: <a class=\"mw-redirect\" title=\"Josep Antoni Coderch\" href=\"https:\/\/es.wikipedia.org\/wiki\/Josep_Antoni_Coderch\">Josep Antoni Coderch<\/a>, arquitecto espa\u00f1ol (f. 1984).<\/li>\n<li><a title=\"1915\" href=\"https:\/\/es.wikipedia.org\/wiki\/1915\">1915<\/a>: <a title=\"Earl Wild\" href=\"https:\/\/es.wikipedia.org\/wiki\/Earl_Wild\">Earl Wild<\/a>, pianista estadounidense (f. 2010).<\/li>\n<li><a title=\"1918\" href=\"https:\/\/es.wikipedia.org\/wiki\/1918\">1918<\/a>: <a title=\"Patricio Aylwin\" href=\"https:\/\/es.wikipedia.org\/wiki\/Patricio_Aylwin\">Patricio Aylwin<\/a>, pol\u00edtico chileno.<\/li>\n<li><a title=\"1919\" href=\"https:\/\/es.wikipedia.org\/wiki\/1919\">1919<\/a>: <a title=\"Frederik Pohl\" href=\"https:\/\/es.wikipedia.org\/wiki\/Frederik_Pohl\">Frederik Pohl<\/a>, escritor de ciencia ficci\u00f3n estadounidense (f. 2013).<\/li>\n<li>1919: <a title=\"Ryszard Kaczorowski\" href=\"https:\/\/es.wikipedia.org\/wiki\/Ryszard_Kaczorowski\">Ryszard Kaczorowski<\/a>, pol\u00edtico y estadista polaco (f. 2010).<\/li>\n<li><a title=\"1922\" href=\"https:\/\/es.wikipedia.org\/wiki\/1922\">1922<\/a>: <a title=\"Jos\u00e9 Mar\u00eda L\u00f3pez de Letona\" href=\"https:\/\/es.wikipedia.org\/wiki\/Jos%C3%A9_Mar%C3%ADa_L%C3%B3pez_de_Letona\">Jos\u00e9 Mar\u00eda L\u00f3pez de Letona<\/a>, pol\u00edtico e ingeniero espa\u00f1ol.<\/li>\n<li>1922: <a title=\"Charles M. Schulz\" href=\"https:\/\/es.wikipedia.org\/wiki\/Charles_M._Schulz\">Charles M. Schulz<\/a>, dibujante de c\u00f3mics estadounidense.<\/li>\n<li>1922: <a title=\"Carmen Vallejo\" href=\"https:\/\/es.wikipedia.org\/wiki\/Carmen_Vallejo\">Carmen Vallejo<\/a>, actriz y humorista argentina (f. 2013).<\/li>\n<li><a title=\"1925\" href=\"https:\/\/es.wikipedia.org\/wiki\/1925\">1925<\/a>: <a title=\"Gregorio \u00c1lvarez\" href=\"https:\/\/es.wikipedia.org\/wiki\/Gregorio_%C3%81lvarez\">Gregorio \u00c1lvarez<\/a>, general y dictador uruguayo.<\/li>\n<li><a title=\"1931\" href=\"https:\/\/es.wikipedia.org\/wiki\/1931\">1931<\/a>: <a title=\"Adolfo P\u00e9rez Esquivel\" href=\"https:\/\/es.wikipedia.org\/wiki\/Adolfo_P%C3%A9rez_Esquivel\">Adolfo P\u00e9rez Esquivel<\/a>, arquitecto, artista y pacifista argentino, premio nobel de la paz en 1980.<\/li>\n<li><a title=\"1932\" href=\"https:\/\/es.wikipedia.org\/wiki\/1932\">1932<\/a>: <a title=\"Diozel P\u00e9rez\" href=\"https:\/\/es.wikipedia.org\/wiki\/Diozel_P%C3%A9rez\">Diozel P\u00e9rez<\/a>, periodista chileno (f. 2012).<\/li>\n<li><a title=\"1933\" href=\"https:\/\/es.wikipedia.org\/wiki\/1933\">1933<\/a>: <a title=\"Robert Goulet\" href=\"https:\/\/es.wikipedia.org\/wiki\/Robert_Goulet\">Robert Goulet<\/a>, cantante y actor estadounidense.<\/li>\n<li><a title=\"1936\" href=\"https:\/\/es.wikipedia.org\/wiki\/1936\">1936<\/a>: <a class=\"mw-redirect\" title=\"Chachita (actriz)\" href=\"https:\/\/es.wikipedia.org\/wiki\/Chachita_(actriz)\">Evita Mu\u00f1oz, Chachita<\/a>, actriz mexicana (f. 2016).<\/li>\n<li><a title=\"1939\" href=\"https:\/\/es.wikipedia.org\/wiki\/1939\">1939<\/a>: <a title=\"Tina Turner\" href=\"https:\/\/es.wikipedia.org\/wiki\/Tina_Turner\">Tina Turner<\/a>, cantante estadounidense.<\/li>\n<li>1939: <a title=\"Abdullah Ahmad Badawi\" href=\"https:\/\/es.wikipedia.org\/wiki\/Abdullah_Ahmad_Badawi\">Abdullah Ahmad Badawi<\/a>, pol\u00edtico malayo.<\/li>\n<li><a title=\"1941\" href=\"https:\/\/es.wikipedia.org\/wiki\/1941\">1941<\/a>: <a title=\"Thomas Defler\" href=\"https:\/\/es.wikipedia.org\/wiki\/Thomas_Defler\">Thomas Defler<\/a>, primat\u00f3logo estadounidense.<\/li>\n<li><a title=\"1944\" href=\"https:\/\/es.wikipedia.org\/wiki\/1944\">1944<\/a>: <a title=\"Roberto Fontanarrosa\" href=\"https:\/\/es.wikipedia.org\/wiki\/Roberto_Fontanarrosa\">Roberto Fontanarrosa<\/a>, historietista argentino (f. 2007).<\/li>\n<li>1944: <a title=\"The Supremes\" href=\"https:\/\/es.wikipedia.org\/wiki\/The_Supremes\">Jean Terrell<\/a>, cantante estadounidense, de la banda The Supremes.<\/li>\n<li><a title=\"1945\" href=\"https:\/\/es.wikipedia.org\/wiki\/1945\">1945<\/a>: <a title=\"Daniel Davis\" href=\"https:\/\/es.wikipedia.org\/wiki\/Daniel_Davis\">Daniel Davis<\/a>, actor estadounidense.<\/li>\n<li>1945: <a title=\"Fleetwood Mac\" href=\"https:\/\/es.wikipedia.org\/wiki\/Fleetwood_Mac\">John McVie<\/a>, m\u00fasico brit\u00e1nico de la banda Fleetwood Mac.<\/li>\n<li><a title=\"1946\" href=\"https:\/\/es.wikipedia.org\/wiki\/1946\">1946<\/a>: <a title=\"Itamar Singer\" href=\"https:\/\/es.wikipedia.org\/wiki\/Itamar_Singer\">Itamar Singer<\/a>, escritor e historiador rumano-israel\u00ed (f. 2012).<\/li>\n<li><a title=\"1948\" href=\"https:\/\/es.wikipedia.org\/wiki\/1948\">1948<\/a>: <a title=\"Shlomo Artzi\" href=\"https:\/\/es.wikipedia.org\/wiki\/Shlomo_Artzi\">Shlomo Artzi<\/a>, cantante israel\u00ed.<\/li>\n<li>1948: <a title=\"Elizabeth Blackburn\" href=\"https:\/\/es.wikipedia.org\/wiki\/Elizabeth_Blackburn\">Elizabeth Blackburn<\/a>, bioqu\u00edmica australiana, premio nobel de medicina en 2009.<\/li>\n<li>1948: <a title=\"Kre\u0161imir \u0106osi\u0107\" href=\"https:\/\/es.wikipedia.org\/wiki\/Kre%C5%A1imir_%C4%86osi%C4%87\">Kre\u0161imir \u0106osi\u0107<\/a>, baloncestista croata.<\/li>\n<li><a title=\"1949\" href=\"https:\/\/es.wikipedia.org\/wiki\/1949\">1949<\/a>: <a title=\"Juan Acevedo Fern\u00e1ndez de Paredes\" href=\"https:\/\/es.wikipedia.org\/wiki\/Juan_Acevedo_Fern%C3%A1ndez_de_Paredes\">Juan Acevedo Fern\u00e1ndez de Paredes<\/a>, historietista peruano.<\/li>\n<li><a title=\"1951\" href=\"https:\/\/es.wikipedia.org\/wiki\/1951\">1951<\/a>: <a title=\"Ilona Staller\" href=\"https:\/\/es.wikipedia.org\/wiki\/Ilona_Staller\">Ilona Staller<\/a>, actriz y pol\u00edtica italiana.<\/li>\n<li><a title=\"1952\" href=\"https:\/\/es.wikipedia.org\/wiki\/1952\">1952<\/a>: <a title=\"Paco Flores\" href=\"https:\/\/es.wikipedia.org\/wiki\/Paco_Flores\">Paco Flores<\/a>, entrenador de f\u00fatbol espa\u00f1ol.<\/li>\n<li><a title=\"1956\" href=\"https:\/\/es.wikipedia.org\/wiki\/1956\">1956<\/a>: <a title=\"Dale Jarrett\" href=\"https:\/\/es.wikipedia.org\/wiki\/Dale_Jarrett\">Dale Jarrett<\/a>, piloto de F\u00f3rmula 1 estadounidense.<\/li>\n<li><a title=\"1959\" href=\"https:\/\/es.wikipedia.org\/wiki\/1959\">1959<\/a>: <a title=\"Aizpea Goenaga\" href=\"https:\/\/es.wikipedia.org\/wiki\/Aizpea_Goenaga\">Aizpea Goenaga<\/a>, actriz y directora de cine espa\u00f1ola.<\/li>\n<li><a title=\"1961\" href=\"https:\/\/es.wikipedia.org\/wiki\/1961\">1961<\/a>: <a class=\"mw-redirect\" title=\"Lisa Moretti\" href=\"https:\/\/es.wikipedia.org\/wiki\/Lisa_Moretti\">Lisa Moretti<\/a>, luchadora profesional estadounidense.<\/li>\n<li><a title=\"1963\" href=\"https:\/\/es.wikipedia.org\/wiki\/1963\">1963<\/a>: <a title=\"Lydia Bosch\" href=\"https:\/\/es.wikipedia.org\/wiki\/Lydia_Bosch\">Lydia Bosch<\/a>, actriz espa\u00f1ola.<\/li>\n<li>1963: <a title=\"Jos\u00e9 Luis Zalazar\" href=\"https:\/\/es.wikipedia.org\/wiki\/Jos%C3%A9_Luis_Zalazar\">Jos\u00e9 Luis Zalazar<\/a>, futbolista uruguayo.<\/li>\n<li><a title=\"1964\" href=\"https:\/\/es.wikipedia.org\/wiki\/1964\">1964<\/a>: <a title=\"In\u00e9s Est\u00e9vez\" href=\"https:\/\/es.wikipedia.org\/wiki\/In%C3%A9s_Est%C3%A9vez\">In\u00e9s Est\u00e9vez<\/a>, actriz argentina.<\/li>\n<li>1964: <a title=\"Vreni Schneider\" href=\"https:\/\/es.wikipedia.org\/wiki\/Vreni_Schneider\">Vreni Schneider<\/a>, esquiador suizo.<\/li>\n<li><a title=\"1965\" href=\"https:\/\/es.wikipedia.org\/wiki\/1965\">1965<\/a>: <a title=\"Javier Malosetti\" href=\"https:\/\/es.wikipedia.org\/wiki\/Javier_Malosetti\">Javier Malosetti<\/a>, m\u00fasico argentino.<\/li>\n<li><a title=\"1966\" href=\"https:\/\/es.wikipedia.org\/wiki\/1966\">1966<\/a>: <a title=\"Garcelle Beauvais\" href=\"https:\/\/es.wikipedia.org\/wiki\/Garcelle_Beauvais\">Garcelle Beauvais<\/a>, actriz haitiana.<\/li>\n<li><a title=\"1968\" href=\"https:\/\/es.wikipedia.org\/wiki\/1968\">1968<\/a>: <a title=\"Eugenia Mart\u00ednez de Irujo\" href=\"https:\/\/es.wikipedia.org\/wiki\/Eugenia_Mart%C3%ADnez_de_Irujo\">Eugenia Mart\u00ednez de Irujo<\/a>, arist\u00f3crata espa\u00f1ola.<\/li>\n<li><a title=\"1969\" href=\"https:\/\/es.wikipedia.org\/wiki\/1969\">1969<\/a>: <a title=\"Shawn Kemp\" href=\"https:\/\/es.wikipedia.org\/wiki\/Shawn_Kemp\">Shawn Kemp<\/a>, baloncestista estadounidense.<\/li>\n<li><a title=\"1972\" href=\"https:\/\/es.wikipedia.org\/wiki\/1972\">1972<\/a>: <a title=\"Emilio Buale\" href=\"https:\/\/es.wikipedia.org\/wiki\/Emilio_Buale\">Emilio Buale<\/a>, actor ecuatoguineano.<\/li>\n<li>1972: <a title=\"James Dashner\" href=\"https:\/\/es.wikipedia.org\/wiki\/James_Dashner\">James Dashner<\/a>, autor de la saga <i>The Maze Runner<\/i>.<\/li>\n<li>1972: <a title=\"Arjun Rampal\" href=\"https:\/\/es.wikipedia.org\/wiki\/Arjun_Rampal\">Arjun Rampal<\/a>, actor indio.<\/li>\n<li><a title=\"1973\" href=\"https:\/\/es.wikipedia.org\/wiki\/1973\">1973<\/a>: <a title=\"Peter Facinelli\" href=\"https:\/\/es.wikipedia.org\/wiki\/Peter_Facinelli\">Peter Facinelli<\/a>, actor estadounidense.<\/li>\n<li>1973: <a title=\"Paula V\u00e1zquez\" href=\"https:\/\/es.wikipedia.org\/wiki\/Paula_V%C3%A1zquez\">Paula V\u00e1zquez<\/a>, presentadora y actriz espa\u00f1ola.<\/li>\n<li><a title=\"1974\" href=\"https:\/\/es.wikipedia.org\/wiki\/1974\">1974<\/a>: <a title=\"Omar Chaparro\" href=\"https:\/\/es.wikipedia.org\/wiki\/Omar_Chaparro\">Omar Chaparro<\/a>, actor y cantante mexicano.<\/li>\n<li>1974: <a title=\"Jos\u00e9 Miguel Vi\u00f1uela\" href=\"https:\/\/es.wikipedia.org\/wiki\/Jos%C3%A9_Miguel_Vi%C3%B1uela\">Jos\u00e9 Miguel Vi\u00f1uela<\/a>, animador de televisi\u00f3n chileno<\/li>\n<li><a title=\"1975\" href=\"https:\/\/es.wikipedia.org\/wiki\/1975\">1975<\/a>: <a title=\"Gerardo Bedoya\" href=\"https:\/\/es.wikipedia.org\/wiki\/Gerardo_Bedoya\">Gerardo Bedoya<\/a>, futbolista colombiano.<\/li>\n<li><a title=\"1976\" href=\"https:\/\/es.wikipedia.org\/wiki\/1976\">1976<\/a>: <a title=\"Maven Huffman\" href=\"https:\/\/es.wikipedia.org\/wiki\/Maven_Huffman\">Maven Huffman<\/a>, luchador profesional estadounidense.<\/li>\n<li><a title=\"1977\" href=\"https:\/\/es.wikipedia.org\/wiki\/1977\">1977<\/a>: <a title=\"Ivan Basso\" href=\"https:\/\/es.wikipedia.org\/wiki\/Ivan_Basso\">Ivan Basso<\/a>, ciclista italiano.<\/li>\n<li><a title=\"1977\" href=\"https:\/\/es.wikipedia.org\/wiki\/1977\">1977<\/a>: <a class=\"new\" title=\"Matias Abel D (a\u00fan no redactado)\" href=\"https:\/\/es.wikipedia.org\/w\/index.php?title=Matias_Abel_D&amp;action=edit&amp;redlink=1\">Matias Abel D<\/a>, onanista argentino, conocido por su amor a los cajones de verdura vac\u00edos.<\/li>\n<li><a title=\"1978\" href=\"https:\/\/es.wikipedia.org\/wiki\/1978\">1978<\/a>: <a title=\"Matthew Taylor\" href=\"https:\/\/es.wikipedia.org\/wiki\/Matthew_Taylor\">Matthew Taylor<\/a>, bajista estadounidense, de la banda Motion City Soundtrack.<\/li>\n<li>1978: <a title=\"Jun Fukuyama\" href=\"https:\/\/es.wikipedia.org\/wiki\/Jun_Fukuyama\">Jun Fukuyama<\/a>, actor japon\u00e9s de voz.<\/li>\n<li><a title=\"1979\" href=\"https:\/\/es.wikipedia.org\/wiki\/1979\">1979<\/a>: <a title=\"Deborah Secco\" href=\"https:\/\/es.wikipedia.org\/wiki\/Deborah_Secco\">Deborah Secco<\/a>, actriz brasile\u00f1a.<\/li>\n<li><a title=\"1980\" href=\"https:\/\/es.wikipedia.org\/wiki\/1980\">1980<\/a>: <a title=\"Albert Monta\u00f1\u00e9s\" href=\"https:\/\/es.wikipedia.org\/wiki\/Albert_Monta%C3%B1%C3%A9s\">Albert Monta\u00f1\u00e9s<\/a>, tenista espa\u00f1ol.<\/li>\n<li>1980: <a title=\"Satoshi Ohno\" href=\"https:\/\/es.wikipedia.org\/wiki\/Satoshi_Ohno\">Satoshi Ohno<\/a>, cantante japon\u00e9s, de la banda Arashi.<\/li>\n<li><a title=\"1981\" href=\"https:\/\/es.wikipedia.org\/wiki\/1981\">1981<\/a>: <a title=\"Natasha Bedingfield\" href=\"https:\/\/es.wikipedia.org\/wiki\/Natasha_Bedingfield\">Natasha Bedingfield<\/a>, cantante brit\u00e1nica.<\/li>\n<li><a title=\"1984\" href=\"https:\/\/es.wikipedia.org\/wiki\/1984\">1984<\/a>: <a title=\"Antonio Puerta\" href=\"https:\/\/es.wikipedia.org\/wiki\/Antonio_Puerta\">Antonio Puerta<\/a>, futbolista espa\u00f1ol (f. 2007).<\/li>\n<li><a title=\"1986\" href=\"https:\/\/es.wikipedia.org\/wiki\/1986\">1986<\/a>: <a title=\"Trevor Morgan\" href=\"https:\/\/es.wikipedia.org\/wiki\/Trevor_Morgan\">Trevor Morgan<\/a>, actor estadounidense.<\/li>\n<li><a title=\"1988\" href=\"https:\/\/es.wikipedia.org\/wiki\/1988\">1988<\/a>: <a title=\"Yumi Kobayashi\" href=\"https:\/\/es.wikipedia.org\/wiki\/Yumi_Kobayashi\">Yumi Kobayashi<\/a>, modelo japonesa.<\/li>\n<li><a title=\"1990\" href=\"https:\/\/es.wikipedia.org\/wiki\/1990\">1990<\/a>: <a title=\"Rita Ora\" href=\"https:\/\/es.wikipedia.org\/wiki\/Rita_Ora\">Rita Ora<\/a>, cantante brit\u00e1nica de origen kosovar.<\/li>\n<li>1990: <a title=\"Danny Welbeck\" href=\"https:\/\/es.wikipedia.org\/wiki\/Danny_Welbeck\">Danny Welbeck<\/a>, futbolista brit\u00e1nico.<\/li>\n<li><a title=\"1993\" href=\"https:\/\/es.wikipedia.org\/wiki\/1993\">1993<\/a>: <a title=\"Benito Cerati\" href=\"https:\/\/es.wikipedia.org\/wiki\/Benito_Cerati\">Benito Cerati<\/a>, cantante y m\u00fasico chileno, hijo del guitarrista argentino Gustavo Cerati.<\/li>\n<\/ul>\n<h2 style=\"text-align: justify;\"><span id=\"Fallecimientos\" class=\"mw-headline\">Fallecimientos<\/span><\/h2>\n<ul style=\"text-align: justify;\">\n<li><a title=\"1504\" href=\"https:\/\/es.wikipedia.org\/wiki\/1504\">1504<\/a>: <a title=\"Isabel I de Castilla\" href=\"https:\/\/es.wikipedia.org\/wiki\/Isabel_I_de_Castilla\">Isabel La Cat\u00f3lica<\/a>, reina de Castilla.<\/li>\n<li><a title=\"1668\" href=\"https:\/\/es.wikipedia.org\/wiki\/1668\">1668<\/a>: <a title=\"Philippe Quinault\" href=\"https:\/\/es.wikipedia.org\/wiki\/Philippe_Quinault\">Philippe Quinault<\/a>, poeta franc\u00e9s.<\/li>\n<li><a title=\"1851\" href=\"https:\/\/es.wikipedia.org\/wiki\/1851\">1851<\/a>: <a class=\"mw-redirect\" title=\"Nicolas Jean de Dieu Soult\" href=\"https:\/\/es.wikipedia.org\/wiki\/Nicolas_Jean_de_Dieu_Soult\">Nicolas Jean de Dieu Soult<\/a>, militar y pol\u00edtico franc\u00e9s.<\/li>\n<li><a title=\"1855\" href=\"https:\/\/es.wikipedia.org\/wiki\/1855\">1855<\/a>: <a title=\"Adam Mickiewicz\" href=\"https:\/\/es.wikipedia.org\/wiki\/Adam_Mickiewicz\">Adam Mickiewicz<\/a>, poeta y patriota polaco.<\/li>\n<li><a title=\"1857\" href=\"https:\/\/es.wikipedia.org\/wiki\/1857\">1857<\/a>: <a title=\"Joseph von Eichendorff\" href=\"https:\/\/es.wikipedia.org\/wiki\/Joseph_von_Eichendorff\">Joseph von Eichendorff<\/a>, poeta alem\u00e1n.<\/li>\n<li><a title=\"1896\" href=\"https:\/\/es.wikipedia.org\/wiki\/1896\">1896<\/a>: <a title=\"Benjamin Apthorp Gould\" href=\"https:\/\/es.wikipedia.org\/wiki\/Benjamin_Apthorp_Gould\">Benjamin Apthorp Gould<\/a>, astr\u00f3nomo estadounidense.<\/li>\n<li><a title=\"1909\" href=\"https:\/\/es.wikipedia.org\/wiki\/1909\">1909<\/a>: <a class=\"mw-redirect\" title=\"Luis A. Mart\u00ednez\" href=\"https:\/\/es.wikipedia.org\/wiki\/Luis_A._Mart%C3%ADnez\">Luis A. Mart\u00ednez<\/a>, escritor y pol\u00edtico ecuatoriano (n. 1869).<\/li>\n<li><a title=\"1911\" href=\"https:\/\/es.wikipedia.org\/wiki\/1911\">1911<\/a>: <a title=\"Paul Lafargue\" href=\"https:\/\/es.wikipedia.org\/wiki\/Paul_Lafargue\">Paul Lafargue<\/a>, m\u00e9dico y pol\u00edtico franc\u00e9s.<\/li>\n<li><a title=\"1919\" href=\"https:\/\/es.wikipedia.org\/wiki\/1919\">1919<\/a>: <a title=\"Felipe \u00c1ngeles\" href=\"https:\/\/es.wikipedia.org\/wiki\/Felipe_%C3%81ngeles\">Felipe \u00c1ngeles<\/a>, general mexicano.<\/li>\n<li><a title=\"1926\" href=\"https:\/\/es.wikipedia.org\/wiki\/1926\">1926<\/a>: <a title=\"John Moses Browning\" href=\"https:\/\/es.wikipedia.org\/wiki\/John_Moses_Browning\">John Moses Browning<\/a>, inventor estadounidense.<\/li>\n<li><a title=\"1936\" href=\"https:\/\/es.wikipedia.org\/wiki\/1936\">1936<\/a>: <a title=\"Max Schreck\" href=\"https:\/\/es.wikipedia.org\/wiki\/Max_Schreck\">Max Schreck<\/a>, actor alem\u00e1n.<\/li>\n<li><a title=\"1937\" href=\"https:\/\/es.wikipedia.org\/wiki\/1937\">1937<\/a>: <a title=\"Alejandro Vega Matus\" href=\"https:\/\/es.wikipedia.org\/wiki\/Alejandro_Vega_Matus\">Alejandro Vega Matus<\/a>, compositor nicarag\u00fcense (n. 1875).<\/li>\n<li><a title=\"1943\" href=\"https:\/\/es.wikipedia.org\/wiki\/1943\">1943<\/a>: <a class=\"mw-redirect\" title=\"Juan Antonio Gimenez\" href=\"https:\/\/es.wikipedia.org\/wiki\/Juan_Antonio_Gimenez\">Juan Gim\u00e9nez<\/a>, historietista argentino.<\/li>\n<li><a title=\"1948\" href=\"https:\/\/es.wikipedia.org\/wiki\/1948\">1948<\/a>: <a class=\"mw-redirect\" title=\"Hans Moeser\" href=\"https:\/\/es.wikipedia.org\/wiki\/Hans_Moeser\">Hans M\u00f6ser<\/a>, oficial alem\u00e1n nazi de las SS (n. 1906).<\/li>\n<li><a title=\"1954\" href=\"https:\/\/es.wikipedia.org\/wiki\/1954\">1954<\/a>: <a title=\"Juan Gualberto Guevara\" href=\"https:\/\/es.wikipedia.org\/wiki\/Juan_Gualberto_Guevara\">Juan Gualberto Guevara<\/a>, obispo peruano (n. 1882).<\/li>\n<li><a title=\"1956\" href=\"https:\/\/es.wikipedia.org\/wiki\/1956\">1956<\/a>: <a title=\"Tommy Dorsey\" href=\"https:\/\/es.wikipedia.org\/wiki\/Tommy_Dorsey\">Tommy Dorsey<\/a>, trombonista estadounidense de jazz y director de big band.<\/li>\n<li><a title=\"1959\" href=\"https:\/\/es.wikipedia.org\/wiki\/1959\">1959<\/a>: <a title=\"Albert William Ket\u00e8lbey\" href=\"https:\/\/es.wikipedia.org\/wiki\/Albert_William_Ket%C3%A8lbey\">Albert William Ket\u00e8lbey<\/a>, compositor, director y pianista brit\u00e1nico.<\/li>\n<li><a title=\"1960\" href=\"https:\/\/es.wikipedia.org\/wiki\/1960\">1960<\/a>: <a title=\"Gilberto Alzate Avenda\u00f1o\" href=\"https:\/\/es.wikipedia.org\/wiki\/Gilberto_Alzate_Avenda%C3%B1o\">Gilberto Alzate Avenda\u00f1o<\/a>, abogado, periodista y pol\u00edtico colombiano.<\/li>\n<li><a title=\"1963\" href=\"https:\/\/es.wikipedia.org\/wiki\/1963\">1963<\/a>: <a title=\"Amelita Galli-Curci\" href=\"https:\/\/es.wikipedia.org\/wiki\/Amelita_Galli-Curci\">Amelita Galli-Curci<\/a>, soprano \u00edtalo-estadounidense.<\/li>\n<li><a title=\"1964\" href=\"https:\/\/es.wikipedia.org\/wiki\/1964\">1964<\/a>: <a title=\"Julio Sosa\" href=\"https:\/\/es.wikipedia.org\/wiki\/Julio_Sosa\">Julio Sosa<\/a>, cantante uruguayo (n. 1926).<\/li>\n<li><a title=\"1968\" href=\"https:\/\/es.wikipedia.org\/wiki\/1968\">1968<\/a>: <a title=\"Arnold Zweig\" href=\"https:\/\/es.wikipedia.org\/wiki\/Arnold_Zweig\">Arnold Zweig<\/a>, escritor alem\u00e1n.<\/li>\n<li><a title=\"1969\" href=\"https:\/\/es.wikipedia.org\/wiki\/1969\">1969<\/a>: <i><a title=\"La Ni\u00f1a de los Peines\" href=\"https:\/\/es.wikipedia.org\/wiki\/La_Ni%C3%B1a_de_los_Peines\">La Ni\u00f1a de los Peines<\/a><\/i>, cantaora flamenca espa\u00f1ola (n. 1890).<\/li>\n<li><a title=\"1980\" href=\"https:\/\/es.wikipedia.org\/wiki\/1980\">1980<\/a>: <a title=\"Rachel Roberts (actriz)\" href=\"https:\/\/es.wikipedia.org\/wiki\/Rachel_Roberts_(actriz)\">Rachel Roberts<\/a>, actriz brit\u00e1nica.<\/li>\n<li><a title=\"1981\" href=\"https:\/\/es.wikipedia.org\/wiki\/1981\">1981<\/a>: <a title=\"Regino Sainz de la Maza\" href=\"https:\/\/es.wikipedia.org\/wiki\/Regino_Sainz_de_la_Maza\">Regino Sainz de la Maza<\/a>, guitarrista espa\u00f1ol.<\/li>\n<li><a title=\"1985\" href=\"https:\/\/es.wikipedia.org\/wiki\/1985\">1985<\/a>: <a title=\"Pablo Serrano\" href=\"https:\/\/es.wikipedia.org\/wiki\/Pablo_Serrano\">Pablo Serrano<\/a>, escultor espa\u00f1ol.<\/li>\n<li><a title=\"1985\" href=\"https:\/\/es.wikipedia.org\/wiki\/1985\">1985<\/a>: <a title=\"Vivien Thomas\" href=\"https:\/\/es.wikipedia.org\/wiki\/Vivien_Thomas\">Vivien Thomas<\/a>, t\u00e9cnico quir\u00fargico afroamericano (n. 1910).<\/li>\n<li><a title=\"1986\" href=\"https:\/\/es.wikipedia.org\/wiki\/1986\">1986<\/a>: <a title=\"Sergio De Cecco\" href=\"https:\/\/es.wikipedia.org\/wiki\/Sergio_De_Cecco\">Sergio De Cecco<\/a>, periodista, actor, dramaturgo y guionista argentino (n. 1931).<\/li>\n<li><a title=\"1991\" href=\"https:\/\/es.wikipedia.org\/wiki\/1991\">1991<\/a>: <a title=\"Lawrence Ray Heckard\" href=\"https:\/\/es.wikipedia.org\/wiki\/Lawrence_Ray_Heckard\">Lawrence Ray Heckard<\/a>, bot\u00e1nico y genetista estadounidense (n. 1923).<\/li>\n<li><a title=\"1992\" href=\"https:\/\/es.wikipedia.org\/wiki\/1992\">1992<\/a>: <a title=\"Ramon Calsina Bar\u00f3\" href=\"https:\/\/es.wikipedia.org\/wiki\/Ramon_Calsina_Bar%C3%B3\">Ramon Calsina Bar\u00f3<\/a>, pintor y dibujante espa\u00f1ol (n. 1901).<\/li>\n<li>1992: <a title=\"N\u00e9stor Perlongher\" href=\"https:\/\/es.wikipedia.org\/wiki\/N%C3%A9stor_Perlongher\">N\u00e9stor Perlongher<\/a>, poeta y escritor argentino (n. 1949).<\/li>\n<li><a title=\"1994\" href=\"https:\/\/es.wikipedia.org\/wiki\/1994\">1994<\/a>: <a title=\"Arturo Rivera y Damas\" href=\"https:\/\/es.wikipedia.org\/wiki\/Arturo_Rivera_y_Damas\">Arturo Rivera y Damas<\/a>, eclesi\u00e1stico salvadore\u00f1o.<\/li>\n<li><a title=\"2002\" href=\"https:\/\/es.wikipedia.org\/wiki\/2002\">2002<\/a>: <a title=\"Polo Monta\u00f1ez\" href=\"https:\/\/es.wikipedia.org\/wiki\/Polo_Monta%C3%B1ez\">Polo Monta\u00f1ez<\/a>, cantautor cubano.<\/li>\n<li><a title=\"2003\" href=\"https:\/\/es.wikipedia.org\/wiki\/2003\">2003<\/a>: <a title=\"Soulja Slim\" href=\"https:\/\/es.wikipedia.org\/wiki\/Soulja_Slim\">Soulja Slim<\/a>, rapero estadounidense.<\/li>\n<li><a title=\"2005\" href=\"https:\/\/es.wikipedia.org\/wiki\/2005\">2005<\/a>: <a title=\"Mark Craney\" href=\"https:\/\/es.wikipedia.org\/wiki\/Mark_Craney\">Mark Craney<\/a>, baterista estadounidense, de la banda Jethro Tull.<\/li>\n<li><a title=\"2006\" href=\"https:\/\/es.wikipedia.org\/wiki\/2006\">2006<\/a>: <a title=\"Isaac G\u00e1lvez\" href=\"https:\/\/es.wikipedia.org\/wiki\/Isaac_G%C3%A1lvez\">Isaac G\u00e1lvez<\/a>, ciclista espa\u00f1ol.<\/li>\n<li>2006: <a title=\"Ra\u00fal Velasco\" href=\"https:\/\/es.wikipedia.org\/wiki\/Ra%C3%BAl_Velasco\">Ra\u00fal Velasco<\/a>, conductor de televisi\u00f3n mexicano.<\/li>\n<li><a title=\"2007\" href=\"https:\/\/es.wikipedia.org\/wiki\/2007\">2007<\/a>: <a title=\"Manuel Badenes\" href=\"https:\/\/es.wikipedia.org\/wiki\/Manuel_Badenes\">Manuel Badenes<\/a>, futbolista espa\u00f1ol (n. 1928).<\/li>\n<li><a title=\"2008\" href=\"https:\/\/es.wikipedia.org\/wiki\/2008\">2008<\/a>: Edna Parker, mujer estadounidense, considerada la persona m\u00e1s longeva del mundo desde el 13 de agosto de 2007 hasta su muerte (n. 1893).<\/li>\n<li><a title=\"2010\" href=\"https:\/\/es.wikipedia.org\/wiki\/2010\">2010<\/a>: <a title=\"Francisco Fern\u00e1ndez del Riego\" href=\"https:\/\/es.wikipedia.org\/wiki\/Francisco_Fern%C3%A1ndez_del_Riego\">Francisco Fern\u00e1ndez del Riego<\/a>, escritor y pol\u00edtico espa\u00f1ol (n. 1913).<sup id=\"cite_ref-3\" class=\"reference\"><a href=\"https:\/\/es.wikipedia.org\/wiki\/26_de_noviembre#cite_note-3\">3<\/a><\/sup><\/li>\n<li>2010: <a title=\"Merlina Licht\" href=\"https:\/\/es.wikipedia.org\/wiki\/Merlina_Licht\">Merlina Licht<\/a>, abogada y periodista argentina (n. 1968).<\/li>\n<li><a title=\"2011\" href=\"https:\/\/es.wikipedia.org\/wiki\/2011\">2011<\/a>: <a title=\"Odumegwu Ojukwu\" href=\"https:\/\/es.wikipedia.org\/wiki\/Odumegwu_Ojukwu\">Odumegwu Ojukwu<\/a>, gobernador nigeriano (n. 1933).<\/li>\n<li>2011: <a title=\"Ron Lyle\" href=\"https:\/\/es.wikipedia.org\/wiki\/Ron_Lyle\">Ron Lyle<\/a>, boxeador estadounidense (n. 1941).<\/li>\n<li>2013: <a title=\"Arik Einstein\" href=\"https:\/\/es.wikipedia.org\/wiki\/Arik_Einstein\">Arik Einstein<\/a>, cantante, compositor y actor israel\u00ed (n. 1939).<\/li>\n<li><a title=\"2014\" href=\"https:\/\/es.wikipedia.org\/wiki\/2014\">2014<\/a>: <a title=\"\u00c1ngel Tulio Zof\" href=\"https:\/\/es.wikipedia.org\/wiki\/%C3%81ngel_Tulio_Zof\">\u00c1ngel Tulio Zof<\/a>, futbolista y entrenador argentino (n. 1928).<\/li>\n<\/ul>\n<h2 style=\"text-align: justify;\"><span id=\"Celebraciones\" class=\"mw-headline\">Celebraciones<\/span><\/h2>\n<ul style=\"text-align: justify;\">\n<li>D\u00eda del Himno Nacional del Ecuador, <i><a title=\"Salve, oh patria\" href=\"https:\/\/es.wikipedia.org\/wiki\/Salve,_oh_patria\">Salve, oh patria<\/a><\/i>.<\/li>\n<li><a class=\"mw-redirect\" title=\"Guadalupe (Pacasmayo)\" href=\"https:\/\/es.wikipedia.org\/wiki\/Guadalupe_(Pacasmayo)\">Guadalupe (Pacasmayo)<\/a>: feria y romer\u00eda en honor a <a title=\"Nuestra Se\u00f1ora de Guadalupe (M\u00e9xico)\" href=\"https:\/\/es.wikipedia.org\/wiki\/Nuestra_Se%C3%B1ora_de_Guadalupe_(M%C3%A9xico)\">Nuestra Se\u00f1ora de Guadalupe<\/a><\/li>\n<li>D\u00eda del Qu\u00edmico (Argentina): En honor a Enrique Herrero Ducloux, primer egresado del doctorado en Qu\u00edmica de la Facultad de Ciencias Exactas, F\u00edsicas y Naturales de la Universidad de Buenos Aires.<\/li>\n<li>D\u00eda Nacional del Humorista en Argentina. En conmemoraci\u00f3n del natalicio del humorista gr\u00e1fico, Roberto \u2018el Negro\u2019 Fontanarrosa\u201d.<\/li>\n<\/ul>\n<h3 style=\"text-align: justify;\"><span id=\"Santoral_cat.C3.B3lico\" class=\"mw-headline\"><a title=\"Santoral cat\u00f3lico\" href=\"https:\/\/es.wikipedia.org\/wiki\/Santoral_cat%C3%B3lico\">Santoral cat\u00f3lico<\/a><\/span><\/h3>\n<ul>\n<li style=\"text-align: justify;\"><a class=\"new\" title=\"Delfina (beata) (a\u00fan no redactado)\" href=\"https:\/\/es.wikipedia.org\/w\/index.php?title=Delfina_(beata)&amp;action=edit&amp;redlink=1\">Beata Delfina<\/a>, <a title=\"Monja\" href=\"https:\/\/es.wikipedia.org\/wiki\/Monja\">monja<\/a>.<sup id=\"cite_ref-4\" class=\"reference\"><a href=\"https:\/\/es.wikipedia.org\/wiki\/26_de_noviembre#cite_note-4\">4<\/a><\/sup><\/li>\n<li style=\"text-align: justify;\">san <a class=\"new\" title=\"Didio (a\u00fan no redactado)\" href=\"https:\/\/es.wikipedia.org\/w\/index.php?title=Didio&amp;action=edit&amp;redlink=1\">Didio<\/a> m\u00e1rtir.<\/li>\n<li style=\"text-align: justify;\">san <a class=\"new\" title=\"Juan Berchams (a\u00fan no redactado)\" href=\"https:\/\/es.wikipedia.org\/w\/index.php?title=Juan_Berchams&amp;action=edit&amp;redlink=1\">Juan Berchams<\/a><\/li>\n<li style=\"text-align: justify;\">san <a title=\"Conrado de Parzham\" href=\"https:\/\/es.wikipedia.org\/wiki\/Conrado_de_Parzham\">Conrado<\/a><\/li>\n<\/ul>\n","protected":false},"excerpt":{"rendered":"<p>Es el 330.\u00ba (tricent\u00e9simo trig\u00e9simo) d\u00eda del a\u00f1o en el calendario gregoriano y el 331.\u00ba en los a\u00f1os bisiestos. Quedan 35\u00a0d\u00edas para finalizar el a\u00f1o.<\/p>\n","protected":false},"author":6,"featured_media":8786,"comment_status":"open","ping_status":"open","sticky":false,"template":"","format":"standard","meta":{"_acf_changed":false,"_monsterinsights_skip_tracking":false,"slim_seo":{"title":"Efem\u00e9rides 26 de Noviembre - Opini\u00f3n P\u00fablica","description":"Es el 330.\u00ba (tricent\u00e9simo trig\u00e9simo) d\u00eda del a\u00f1o en el calendario gregoriano y el 331.\u00ba en los a\u00f1os bisiestos. Quedan 35\u00a0d\u00edas para finalizar el a\u00f1o. Acontecimie"},"footnotes":""},"categories":[27],"tags":[],"class_list":["post-8787","post","type-post","status-publish","format-standard","has-post-thumbnail","hentry","category-un-dia-como-hoy"],"acf":[],"_links":{"self":[{"href":"https:\/\/www.opinionpublica.tv\/portada\/wp-json\/wp\/v2\/posts\/8787","targetHints":{"allow":["GET"]}}],"collection":[{"href":"https:\/\/www.opinionpublica.tv\/portada\/wp-json\/wp\/v2\/posts"}],"about":[{"href":"https:\/\/www.opinionpublica.tv\/portada\/wp-json\/wp\/v2\/types\/post"}],"author":[{"embeddable":true,"href":"https:\/\/www.opinionpublica.tv\/portada\/wp-json\/wp\/v2\/users\/6"}],"replies":[{"embeddable":true,"href":"https:\/\/www.opinionpublica.tv\/portada\/wp-json\/wp\/v2\/comments?post=8787"}],"version-history":[{"count":0,"href":"https:\/\/www.opinionpublica.tv\/portada\/wp-json\/wp\/v2\/posts\/8787\/revisions"}],"wp:featuredmedia":[{"embeddable":true,"href":"https:\/\/www.opinionpublica.tv\/portada\/wp-json\/wp\/v2\/media\/8786"}],"wp:attachment":[{"href":"https:\/\/www.opinionpublica.tv\/portada\/wp-json\/wp\/v2\/media?parent=8787"}],"wp:term":[{"taxonomy":"category","embeddable":true,"href":"https:\/\/www.opinionpublica.tv\/portada\/wp-json\/wp\/v2\/categories?post=8787"},{"taxonomy":"post_tag","embeddable":true,"href":"https:\/\/www.opinionpublica.tv\/portada\/wp-json\/wp\/v2\/tags?post=8787"}],"curies":[{"name":"wp","href":"https:\/\/api.w.org\/{rel}","templated":true}]}}