{"id":8784,"date":"2016-11-26T07:00:00","date_gmt":"2016-11-26T06:00:00","guid":{"rendered":"https:\/\/www.opinionpublica.tv\/portada\/2016\/11\/26\/corral-pide-a-ficosec-aclarar-uso-de-recursos-publicos\/"},"modified":"2016-11-26T07:00:00","modified_gmt":"2016-11-26T06:00:00","slug":"corral-pide-a-ficosec-aclarar-uso-de-recursos-publicos","status":"publish","type":"post","link":"https:\/\/www.opinionpublica.tv\/portada\/corral-pide-a-ficosec-aclarar-uso-de-recursos-publicos\/","title":{"rendered":"Corral pide a Ficosec aclarar uso de recursos p\u00fablicos"},"content":{"rendered":"<p><img fetchpriority=\"high\" decoding=\"async\" class=\" size-full wp-image-8783\" src=\"https:\/\/www.opinionpublica.tv\/portada\/wp-content\/uploads\/2016\/11\/9e2d99c8a6dc9b1b2bf858352bbe83ef.jpg\" alt=\"\" width=\"477\" height=\"308\" srcset=\"https:\/\/www.opinionpublica.tv\/portada\/wp-content\/uploads\/2016\/11\/9e2d99c8a6dc9b1b2bf858352bbe83ef.jpg 477w, https:\/\/www.opinionpublica.tv\/portada\/wp-content\/uploads\/2016\/11\/9e2d99c8a6dc9b1b2bf858352bbe83ef-300x194.jpg 300w\" sizes=\"(max-width: 477px) 100vw, 477px\" \/><br \/>\n<!--more--><\/p>\n<p style=\"text-align: justify;\">Los integrantes del Fideicomiso para la Competitividad y Seguridad Ciudadana (Ficosec) deben de rendir cuentas, manejarse con mucha escrupulosidad y aclarar cualquier se\u00f1alamiento sobre el uso de los recursos para que mantenga su nitidez y confianza, seg\u00fan declar\u00f3 el Gobernador de Chihuahua, Javier Corral Jurado.<\/p>\n<p style=\"text-align: justify;\">Durante una entrevista al t\u00e9rmino de la ceremonia de conmemoraci\u00f3n del D\u00eda Internacional de la Eliminaci\u00f3n de la Violencia Contra la Mujer, el mandatario estatal coment\u00f3 que no hay ning\u00fan se\u00f1alamiento u acusaci\u00f3n espec\u00edfico a Alejandra de la Vega, Secretaria de Innovaci\u00f3n y Desarrollo Econ\u00f3mico del Estado, sobre alg\u00fan manejo de recursos.<\/p>\n<p style=\"text-align: justify;\">\u201cAl contrario, si alguien ha aportado de su peculio es Alejandra de la Vega. Tambi\u00e9n debo decir que en modo alguno se han duplicado los papeles porque antes de incorporarse al gobierno ella renunci\u00f3 a su cargo directivo en Ficosec, por lo que no hay un conflicto de inter\u00e9s\u201d, afirm\u00f3.<\/p>\n<p style=\"text-align: justify;\">Reconoci\u00f3 que existe preocupaci\u00f3n sobre el manejo de los recursos que llegan al Fideicomiso, raz\u00f3n por la que ha insistido a los directivos en que haya rendici\u00f3n de cuentas p\u00fablicas, y que deber\u00e1 darse cumplimiento en su portal a todas las obligaciones se\u00f1aladas en la Ley General de Transparencia y Acceso a la Informaci\u00f3n P\u00fablica.<\/p>\n<p style=\"text-align: justify;\">Se\u00f1al\u00f3 que los directivos de Ficosec le han ofrecido transparentar todo lo que se refiere a manejo de recursos.<\/p>\n<p style=\"text-align: justify;\">Hizo hincapi\u00e9 en que aquello que pueda ser irregular ser\u00e1 objeto de auditor\u00eda, y en caso de comprobarse un manejo indebido de recursos ser\u00e1 obviamente sancionable, debido a su naturaleza como recurso p\u00fablico.<\/p>\n<p style=\"text-align: justify;\">Precis\u00f3 que hay programas muy valiosos que tiene este organismo de apoyo a otras organizaciones y la creaci\u00f3n del observatorio ciudadano. Es una labor muy importante que realiza Ficosec, de acompa\u00f1amiento a las autoridades, pero sobre todo de contrapeso a las mismas por un monitoreo permanente.<\/p>\n<p style=\"text-align: justify;\">Por \u00faltimo, el Jefe del Ejecutivo dijo que insistir\u00e1 para que se aclare cualquier se\u00f1alamiento para que un mecanismo como este mantenga su nitidez y confianza.<\/p>\n","protected":false},"excerpt":{"rendered":"","protected":false},"author":4,"featured_media":8783,"comment_status":"open","ping_status":"open","sticky":false,"template":"","format":"standard","meta":{"_acf_changed":false,"_monsterinsights_skip_tracking":false,"slim_seo":{"title":"Corral pide a Ficosec aclarar uso de recursos p\u00fablicos - Opini\u00f3n P\u00fablica","description":"Los integrantes del Fideicomiso para la Competitividad y Seguridad Ciudadana (Ficosec) deben de rendir cuentas, manejarse con mucha escrupulosidad y aclarar cua"},"footnotes":""},"categories":[4],"tags":[],"class_list":["post-8784","post","type-post","status-publish","format-standard","has-post-thumbnail","hentry","category-pulsopolitico"],"acf":[],"_links":{"self":[{"href":"https:\/\/www.opinionpublica.tv\/portada\/wp-json\/wp\/v2\/posts\/8784","targetHints":{"allow":["GET"]}}],"collection":[{"href":"https:\/\/www.opinionpublica.tv\/portada\/wp-json\/wp\/v2\/posts"}],"about":[{"href":"https:\/\/www.opinionpublica.tv\/portada\/wp-json\/wp\/v2\/types\/post"}],"author":[{"embeddable":true,"href":"https:\/\/www.opinionpublica.tv\/portada\/wp-json\/wp\/v2\/users\/4"}],"replies":[{"embeddable":true,"href":"https:\/\/www.opinionpublica.tv\/portada\/wp-json\/wp\/v2\/comments?post=8784"}],"version-history":[{"count":0,"href":"https:\/\/www.opinionpublica.tv\/portada\/wp-json\/wp\/v2\/posts\/8784\/revisions"}],"wp:featuredmedia":[{"embeddable":true,"href":"https:\/\/www.opinionpublica.tv\/portada\/wp-json\/wp\/v2\/media\/8783"}],"wp:attachment":[{"href":"https:\/\/www.opinionpublica.tv\/portada\/wp-json\/wp\/v2\/media?parent=8784"}],"wp:term":[{"taxonomy":"category","embeddable":true,"href":"https:\/\/www.opinionpublica.tv\/portada\/wp-json\/wp\/v2\/categories?post=8784"},{"taxonomy":"post_tag","embeddable":true,"href":"https:\/\/www.opinionpublica.tv\/portada\/wp-json\/wp\/v2\/tags?post=8784"}],"curies":[{"name":"wp","href":"https:\/\/api.w.org\/{rel}","templated":true}]}}