{"id":8782,"date":"2016-11-26T07:00:00","date_gmt":"2016-11-26T06:00:00","guid":{"rendered":"https:\/\/www.opinionpublica.tv\/portada\/2016\/11\/26\/fidel-castro-a-traves-del-tiempo\/"},"modified":"2016-11-26T07:00:00","modified_gmt":"2016-11-26T06:00:00","slug":"fidel-castro-a-traves-del-tiempo","status":"publish","type":"post","link":"https:\/\/www.opinionpublica.tv\/portada\/fidel-castro-a-traves-del-tiempo\/","title":{"rendered":"Fidel Castro a trav\u00e9s del tiempo"},"content":{"rendered":"<p><img fetchpriority=\"high\" decoding=\"async\" class=\" size-full wp-image-8766\" src=\"https:\/\/www.opinionpublica.tv\/portada\/wp-content\/uploads\/2016\/11\/089b3120f411b8fddd2ef2414d02d415.jpg\" alt=\"\" width=\"470\" height=\"282\" srcset=\"https:\/\/www.opinionpublica.tv\/portada\/wp-content\/uploads\/2016\/11\/089b3120f411b8fddd2ef2414d02d415.jpg 470w, https:\/\/www.opinionpublica.tv\/portada\/wp-content\/uploads\/2016\/11\/089b3120f411b8fddd2ef2414d02d415-300x180.jpg 300w\" sizes=\"(max-width: 470px) 100vw, 470px\" \/><br \/>\n<!--more--><\/p>\n<p><strong>Patria o muerte, venceremos.<\/strong><\/p>\n<p><img decoding=\"async\" class=\" size-full wp-image-8767\" src=\"https:\/\/www.opinionpublica.tv\/portada\/wp-content\/uploads\/2016\/11\/1569298.jpg\" width=\"665\" height=\"500\" srcset=\"https:\/\/www.opinionpublica.tv\/portada\/wp-content\/uploads\/2016\/11\/1569298.jpg 665w, https:\/\/www.opinionpublica.tv\/portada\/wp-content\/uploads\/2016\/11\/1569298-300x226.jpg 300w\" sizes=\"(max-width: 665px) 100vw, 665px\" \/><\/p>\n<p><strong>La propaganda no puede ser abandonada ni un minuto, porque es el alma de nuestra lucha.<\/strong><\/p>\n<p><img decoding=\"async\" class=\" size-full wp-image-8768\" src=\"https:\/\/www.opinionpublica.tv\/portada\/wp-content\/uploads\/2016\/11\/1569296.jpg\" width=\"665\" height=\"500\" srcset=\"https:\/\/www.opinionpublica.tv\/portada\/wp-content\/uploads\/2016\/11\/1569296.jpg 665w, https:\/\/www.opinionpublica.tv\/portada\/wp-content\/uploads\/2016\/11\/1569296-300x226.jpg 300w\" sizes=\"(max-width: 665px) 100vw, 665px\" \/><\/p>\n<p><strong>Sin dar un solo paso atr\u00e1s, ni para coger impulso.<\/strong><\/p>\n<p><img loading=\"lazy\" decoding=\"async\" class=\" size-full wp-image-8769\" src=\"https:\/\/www.opinionpublica.tv\/portada\/wp-content\/uploads\/2016\/11\/1569295.jpg\" width=\"665\" height=\"500\" srcset=\"https:\/\/www.opinionpublica.tv\/portada\/wp-content\/uploads\/2016\/11\/1569295.jpg 665w, https:\/\/www.opinionpublica.tv\/portada\/wp-content\/uploads\/2016\/11\/1569295-300x226.jpg 300w\" sizes=\"(max-width: 665px) 100vw, 665px\" \/><\/p>\n<p><strong>Dentro de la revoluci\u00f3n todo, contra la revoluci\u00f3n nada.<\/strong><\/p>\n<p><img loading=\"lazy\" decoding=\"async\" class=\" size-full wp-image-8770\" src=\"https:\/\/www.opinionpublica.tv\/portada\/wp-content\/uploads\/2016\/11\/1569293.jpg\" width=\"665\" height=\"500\" srcset=\"https:\/\/www.opinionpublica.tv\/portada\/wp-content\/uploads\/2016\/11\/1569293.jpg 665w, https:\/\/www.opinionpublica.tv\/portada\/wp-content\/uploads\/2016\/11\/1569293-300x226.jpg 300w\" sizes=\"(max-width: 665px) 100vw, 665px\" \/><\/p>\n<p><img loading=\"lazy\" decoding=\"async\" class=\" size-full wp-image-8771\" src=\"https:\/\/www.opinionpublica.tv\/portada\/wp-content\/uploads\/2016\/11\/1480139571_674437_1480146490_sumario_normal_recorte1.jpg\" width=\"1960\" height=\"1544\" srcset=\"https:\/\/www.opinionpublica.tv\/portada\/wp-content\/uploads\/2016\/11\/1480139571_674437_1480146490_sumario_normal_recorte1.jpg 1960w, https:\/\/www.opinionpublica.tv\/portada\/wp-content\/uploads\/2016\/11\/1480139571_674437_1480146490_sumario_normal_recorte1-300x236.jpg 300w, https:\/\/www.opinionpublica.tv\/portada\/wp-content\/uploads\/2016\/11\/1480139571_674437_1480146490_sumario_normal_recorte1-1024x807.jpg 1024w, https:\/\/www.opinionpublica.tv\/portada\/wp-content\/uploads\/2016\/11\/1480139571_674437_1480146490_sumario_normal_recorte1-768x605.jpg 768w, https:\/\/www.opinionpublica.tv\/portada\/wp-content\/uploads\/2016\/11\/1480139571_674437_1480146490_sumario_normal_recorte1-1536x1210.jpg 1536w\" sizes=\"(max-width: 1960px) 100vw, 1960px\" \/><\/p>\n<p><strong>En una fortaleza sitiada, toda disidencia es traici\u00f3n.<\/strong><\/p>\n<p><img loading=\"lazy\" decoding=\"async\" class=\" size-full wp-image-8772\" src=\"https:\/\/www.opinionpublica.tv\/portada\/wp-content\/uploads\/2016\/11\/1569275.jpg\" width=\"665\" height=\"500\" srcset=\"https:\/\/www.opinionpublica.tv\/portada\/wp-content\/uploads\/2016\/11\/1569275.jpg 665w, https:\/\/www.opinionpublica.tv\/portada\/wp-content\/uploads\/2016\/11\/1569275-300x226.jpg 300w\" sizes=\"(max-width: 665px) 100vw, 665px\" \/><\/p>\n<p><img loading=\"lazy\" decoding=\"async\" class=\" size-full wp-image-8773\" src=\"https:\/\/www.opinionpublica.tv\/portada\/wp-content\/uploads\/2016\/11\/1480139571_674437_1480146127_sumario_normal_recorte1.jpg\" width=\"1960\" height=\"1501\" srcset=\"https:\/\/www.opinionpublica.tv\/portada\/wp-content\/uploads\/2016\/11\/1480139571_674437_1480146127_sumario_normal_recorte1.jpg 1960w, https:\/\/www.opinionpublica.tv\/portada\/wp-content\/uploads\/2016\/11\/1480139571_674437_1480146127_sumario_normal_recorte1-300x230.jpg 300w, https:\/\/www.opinionpublica.tv\/portada\/wp-content\/uploads\/2016\/11\/1480139571_674437_1480146127_sumario_normal_recorte1-1024x784.jpg 1024w, https:\/\/www.opinionpublica.tv\/portada\/wp-content\/uploads\/2016\/11\/1480139571_674437_1480146127_sumario_normal_recorte1-768x588.jpg 768w, https:\/\/www.opinionpublica.tv\/portada\/wp-content\/uploads\/2016\/11\/1480139571_674437_1480146127_sumario_normal_recorte1-1536x1176.jpg 1536w\" sizes=\"(max-width: 1960px) 100vw, 1960px\" \/><\/p>\n<p><strong>Esta es la Revoluci\u00f3n socialista y democr\u00e1tica de los humildes, con los humildes y para los humildes.<\/strong><\/p>\n<p><img loading=\"lazy\" decoding=\"async\" class=\" size-full wp-image-8774\" src=\"https:\/\/www.opinionpublica.tv\/portada\/wp-content\/uploads\/2016\/11\/1569288.jpg\" width=\"665\" height=\"500\" srcset=\"https:\/\/www.opinionpublica.tv\/portada\/wp-content\/uploads\/2016\/11\/1569288.jpg 665w, https:\/\/www.opinionpublica.tv\/portada\/wp-content\/uploads\/2016\/11\/1569288-300x226.jpg 300w\" sizes=\"(max-width: 665px) 100vw, 665px\" \/><\/p>\n<p><strong>\u00bfVoy bien, Camilo?<\/strong><\/p>\n<p><img loading=\"lazy\" decoding=\"async\" class=\" size-full wp-image-8775\" src=\"https:\/\/www.opinionpublica.tv\/portada\/wp-content\/uploads\/2016\/11\/1569294.jpg\" width=\"665\" height=\"500\" srcset=\"https:\/\/www.opinionpublica.tv\/portada\/wp-content\/uploads\/2016\/11\/1569294.jpg 665w, https:\/\/www.opinionpublica.tv\/portada\/wp-content\/uploads\/2016\/11\/1569294-300x226.jpg 300w\" sizes=\"(max-width: 665px) 100vw, 665px\" \/><\/p>\n<p>\u00a0<img loading=\"lazy\" decoding=\"async\" class=\" size-full wp-image-8776\" src=\"https:\/\/www.opinionpublica.tv\/portada\/wp-content\/uploads\/2016\/11\/1480139571_674437_1480146808_sumario_normal_recorte1.jpg\" width=\"1960\" height=\"1210\" srcset=\"https:\/\/www.opinionpublica.tv\/portada\/wp-content\/uploads\/2016\/11\/1480139571_674437_1480146808_sumario_normal_recorte1.jpg 1960w, https:\/\/www.opinionpublica.tv\/portada\/wp-content\/uploads\/2016\/11\/1480139571_674437_1480146808_sumario_normal_recorte1-300x185.jpg 300w, https:\/\/www.opinionpublica.tv\/portada\/wp-content\/uploads\/2016\/11\/1480139571_674437_1480146808_sumario_normal_recorte1-1024x632.jpg 1024w, https:\/\/www.opinionpublica.tv\/portada\/wp-content\/uploads\/2016\/11\/1480139571_674437_1480146808_sumario_normal_recorte1-768x474.jpg 768w, https:\/\/www.opinionpublica.tv\/portada\/wp-content\/uploads\/2016\/11\/1480139571_674437_1480146808_sumario_normal_recorte1-1536x948.jpg 1536w\" sizes=\"(max-width: 1960px) 100vw, 1960px\" \/><\/p>\n<p><strong>Condenadme, no me importa, la Historia me absolver\u00e1.<\/strong><\/p>\n<p><img loading=\"lazy\" decoding=\"async\" class=\" size-full wp-image-8777\" src=\"https:\/\/www.opinionpublica.tv\/portada\/wp-content\/uploads\/2016\/11\/1569277.jpg\" width=\"665\" height=\"500\" srcset=\"https:\/\/www.opinionpublica.tv\/portada\/wp-content\/uploads\/2016\/11\/1569277.jpg 665w, https:\/\/www.opinionpublica.tv\/portada\/wp-content\/uploads\/2016\/11\/1569277-300x226.jpg 300w\" sizes=\"(max-width: 665px) 100vw, 665px\" \/><\/p>\n<p><strong>Fue estudiando el capitalismo que me volv\u00ed comunista.<\/strong><\/p>\n<p><img loading=\"lazy\" decoding=\"async\" class=\" size-full wp-image-8778\" src=\"https:\/\/www.opinionpublica.tv\/portada\/wp-content\/uploads\/2016\/11\/1569279.jpg\" width=\"665\" height=\"500\" srcset=\"https:\/\/www.opinionpublica.tv\/portada\/wp-content\/uploads\/2016\/11\/1569279.jpg 665w, https:\/\/www.opinionpublica.tv\/portada\/wp-content\/uploads\/2016\/11\/1569279-300x226.jpg 300w\" sizes=\"(max-width: 665px) 100vw, 665px\" \/><\/p>\n<p><strong>Ellos [EE UU] internacionalizaron el bloqueo, nosotros internacionalizamos la guerrilla.<\/strong><\/p>\n<p><strong><img loading=\"lazy\" decoding=\"async\" class=\" size-full wp-image-8779\" src=\"https:\/\/www.opinionpublica.tv\/portada\/wp-content\/uploads\/2016\/11\/1480139571_674437_1480168029_noticia_fotograma.jpg\" width=\"980\" height=\"552\" srcset=\"https:\/\/www.opinionpublica.tv\/portada\/wp-content\/uploads\/2016\/11\/1480139571_674437_1480168029_noticia_fotograma.jpg 980w, https:\/\/www.opinionpublica.tv\/portada\/wp-content\/uploads\/2016\/11\/1480139571_674437_1480168029_noticia_fotograma-300x169.jpg 300w, https:\/\/www.opinionpublica.tv\/portada\/wp-content\/uploads\/2016\/11\/1480139571_674437_1480168029_noticia_fotograma-768x433.jpg 768w\" sizes=\"(max-width: 980px) 100vw, 980px\" \/><\/strong><\/p>\n<p>\u00a0<\/p>\n<p><img loading=\"lazy\" decoding=\"async\" class=\" size-full wp-image-8780\" src=\"https:\/\/www.opinionpublica.tv\/portada\/wp-content\/uploads\/2016\/11\/1569278.jpg\" width=\"665\" height=\"500\" srcset=\"https:\/\/www.opinionpublica.tv\/portada\/wp-content\/uploads\/2016\/11\/1569278.jpg 665w, https:\/\/www.opinionpublica.tv\/portada\/wp-content\/uploads\/2016\/11\/1569278-300x226.jpg 300w\" sizes=\"(max-width: 665px) 100vw, 665px\" \/><\/p>\n<p><strong>Revoluci\u00f3n es cambiar todo lo que debe ser cambiado.<\/strong><\/p>\n<p><img loading=\"lazy\" decoding=\"async\" class=\" size-full wp-image-8781\" src=\"https:\/\/www.opinionpublica.tv\/portada\/wp-content\/uploads\/2016\/11\/1569276.jpg\" width=\"665\" height=\"500\" srcset=\"https:\/\/www.opinionpublica.tv\/portada\/wp-content\/uploads\/2016\/11\/1569276.jpg 665w, https:\/\/www.opinionpublica.tv\/portada\/wp-content\/uploads\/2016\/11\/1569276-300x226.jpg 300w\" sizes=\"(max-width: 665px) 100vw, 665px\" \/><\/p>\n<p><strong>Esta Revoluci\u00f3n puede destruirse, los que no pueden destruirla hoy son ellos [EE UU].<\/strong><\/p>\n<p>\u00a0<\/p>\n<p>\u00a0<\/p>\n<p>\u00a0<\/p>\n<p>\u00a0<\/p>\n","protected":false},"excerpt":{"rendered":"","protected":false},"author":6,"featured_media":8766,"comment_status":"open","ping_status":"open","sticky":false,"template":"","format":"standard","meta":{"_acf_changed":false,"_monsterinsights_skip_tracking":false,"slim_seo":{"title":"Fidel Castro a trav\u00e9s del tiempo - Opini\u00f3n P\u00fablica","description":"Patria o muerte, venceremos. La propaganda no puede ser abandonada ni un minuto, porque es el alma de nuestra lucha. Sin dar un solo paso atr\u00e1s, ni para coger i"},"footnotes":""},"categories":[15],"tags":[],"class_list":["post-8782","post","type-post","status-publish","format-standard","has-post-thumbnail","hentry","category-galerias"],"acf":[],"_links":{"self":[{"href":"https:\/\/www.opinionpublica.tv\/portada\/wp-json\/wp\/v2\/posts\/8782","targetHints":{"allow":["GET"]}}],"collection":[{"href":"https:\/\/www.opinionpublica.tv\/portada\/wp-json\/wp\/v2\/posts"}],"about":[{"href":"https:\/\/www.opinionpublica.tv\/portada\/wp-json\/wp\/v2\/types\/post"}],"author":[{"embeddable":true,"href":"https:\/\/www.opinionpublica.tv\/portada\/wp-json\/wp\/v2\/users\/6"}],"replies":[{"embeddable":true,"href":"https:\/\/www.opinionpublica.tv\/portada\/wp-json\/wp\/v2\/comments?post=8782"}],"version-history":[{"count":0,"href":"https:\/\/www.opinionpublica.tv\/portada\/wp-json\/wp\/v2\/posts\/8782\/revisions"}],"wp:featuredmedia":[{"embeddable":true,"href":"https:\/\/www.opinionpublica.tv\/portada\/wp-json\/wp\/v2\/media\/8766"}],"wp:attachment":[{"href":"https:\/\/www.opinionpublica.tv\/portada\/wp-json\/wp\/v2\/media?parent=8782"}],"wp:term":[{"taxonomy":"category","embeddable":true,"href":"https:\/\/www.opinionpublica.tv\/portada\/wp-json\/wp\/v2\/categories?post=8782"},{"taxonomy":"post_tag","embeddable":true,"href":"https:\/\/www.opinionpublica.tv\/portada\/wp-json\/wp\/v2\/tags?post=8782"}],"curies":[{"name":"wp","href":"https:\/\/api.w.org\/{rel}","templated":true}]}}