{"id":8763,"date":"2016-11-26T07:00:00","date_gmt":"2016-11-26T06:00:00","guid":{"rendered":"https:\/\/www.opinionpublica.tv\/portada\/2016\/11\/26\/evaluacion-de-la-violencia-en-juarez\/"},"modified":"2016-11-26T07:00:00","modified_gmt":"2016-11-26T06:00:00","slug":"evaluacion-de-la-violencia-en-juarez","status":"publish","type":"post","link":"https:\/\/www.opinionpublica.tv\/portada\/evaluacion-de-la-violencia-en-juarez\/","title":{"rendered":"Evaluaci\u00f3n de la violencia en Ju\u00e1rez"},"content":{"rendered":"<p style=\"text-align: justify;\">El tema de la seguridad p\u00fabica ha sido recurrente en Ciudad Ju\u00e1rez. Rompi\u00f3 los paradigmas cuando fue catalogada como la ciudad m\u00e1s violenta del mundo. Tambi\u00e9n logr\u00f3 salir del estigma de las 100 ciudades m\u00e1s violentas y de la noche a la ma\u00f1ana y a trav\u00e9s de un largo proceso donde todos los ciudadanos participamos en uni\u00f3n con los gobiernos de los tres niveles se logr\u00f3 lo que parec\u00eda imposible: mantener a Ciudad Ju\u00e1rez lejos de la atenci\u00f3n mundial por las muertes violentas que sacudieron y alcanzaron a todo el estado de Chihuahua y por supuesto a todo el pa\u00eds. La violencia no estaba s\u00f3lo focalizada en esta regi\u00f3n, era un problema nacional.<\/p>\n<p><!--more--><\/p>\n<p style=\"text-align: justify;\">\u00a0<\/p>\n<p style=\"text-align: justify;\">As\u00ed las cosas, acad\u00e9micos de la Universidad Aut\u00f3noma de Ciudad Ju\u00e1rez impactaron a la audiencia del aula magna de Rector\u00eda con la presentaci\u00f3n del informe titulado \u201cPercepci\u00f3n de la ciudadan\u00eda sobre el personal operativo de la Secretar\u00eda de la Seguridad P\u00fablica Municipal del municipio de Ju\u00e1rez\u201d. El diagn\u00f3stico de los investigadores Sergio Pacheco Gonz\u00e1lez y Jes\u00fas Alberto Rodr\u00edguez Alonso fue elaborado este a\u00f1o y se\u00f1ala tanto los aspectos positivos as\u00ed como las ventanas de oportunidad que se abren precisamente al inicio de las administraciones estatal y municipal.<\/p>\n<p style=\"text-align: justify;\">El principal objetivo de la investigaci\u00f3n es conocer la evoluci\u00f3n de la percepci\u00f3n sobre la violencia despu\u00e9s del impacto negativo que se gener\u00f3 desde al a\u00f1o del 2007 y hasta el 2010. Es decir, si la percepci\u00f3n de la disminuci\u00f3n de esta variable ex\u00f3gena a la vida cotidiana de los fronterizos permanencia en la mente ciudadana o\u00a0 si hab\u00eda cambios significativos. Debemos aclarar que una cosa es la percepci\u00f3n y otra la disminuci\u00f3n o aumento de una ola de violencia que se puede presentar en ciertos sectores de la localidad. Los resultados dejaron en claro que hay grandes diferencias de acuerdo a los sectores geogr\u00e1ficos donde se percibe a la violencia de manera diversa.<\/p>\n<p style=\"text-align: justify;\">Uno de los primeros problemas encontrados a trav\u00e9s de la toma de datos, manifestado por los propios ciudadanos fue el alumbrado p\u00fablico, es decir, en este hallazgo se evidencia que los ciudadanos tienen un tema diferente en la mente y que refieren a un problema directo de la administraci\u00f3n p\u00fablica municipal. El segundo tema en importancia en la percepci\u00f3n ciudadana es el \u201casalto y robo\u201d, es decir, algo que pega directamente en el sentir de los vecinos de las colonias y fraccionamientos, tema tambi\u00e9n que debe ser atendido en lo inmediato por el gobierno municipal.<\/p>\n<p style=\"text-align: justify;\">El tercer tema de importancia para los investigadores universitarios se refiere al tema de \u201cpavimentaci\u00f3n, baches y las calles\u201d. Curiosamente tambi\u00e9n es de inter\u00e9s y obligaci\u00f3n de las funciones que tienen los regidores de cada uno de los municipios del estado. En el caso concreto de Ju\u00e1rez, los resultados dan una oportunidad de inclusi\u00f3n al Alcalde Armando Cabada quien tom\u00f3 muy en serio el diagn\u00f3stico presentado y se comprometi\u00f3 a regresar dentro de un a\u00f1o para ver los avances en la materia. El reto es enorme, pues la evaluaci\u00f3n no favorece al estado que guarda la administraci\u00f3n municipal y claro, apenas inicia una gesti\u00f3n mocha de s\u00f3lo dos a\u00f1os y provocar el cambio de paradigma en poco tiempo, es una tarea de titanes.<\/p>\n<p style=\"text-align: justify;\">El cuarto aspecto se\u00f1alado como una prioridad se refiere a la \u201cseguridad y violencia\u201d. Si tomamos en cuenta en el imaginario colectivo, la violencia ya no es una inquietud de los ciudadanos. La percepci\u00f3n entonces cambia de paradigma y ello ayuda en la construcci\u00f3n de una ciudad en paz. Debemos recordar, la percepci\u00f3n es diferente a la situaci\u00f3n actual, a los hechos, pero importa mucho esta lectura que permite tener condiciones para recuperar la confianza en la sociedad y en sus instituciones.<\/p>\n<p style=\"text-align: justify;\">En fin, el tema de la investigaci\u00f3n, sus hallazgos y conclusiones deben tener muy contento al Rector de la UACJ, Ricardo Duarte, ya que tuvo casa llena y el aporte de sus cient\u00edficos sociales deja un buen sabor de boca, primero por una investigaci\u00f3n novedosa, que mejora sus metodolog\u00edas, que da un diagn\u00f3stico serio y muy confiable de c\u00f3mo los ciudadanos est\u00e1n evaluando el tema de la seguridad y violencia en el municipio de Ju\u00e1rez. A los investigadores nuestros respetos pues supieron presentar los datos obtenidos sin pisar callos (y si los pisaron, hasta las gracias les dieron) y claro con el aval del presidente municipal que se da cuenta del enorme reto que tiene en sus manos.<\/p>\n","protected":false},"excerpt":{"rendered":"<p>El tema de la seguridad p\u00fabica ha sido recurrente en Ciudad Ju\u00e1rez. Rompi\u00f3 los paradigmas cuando fue catalogada como la ciudad m\u00e1s violenta del mundo. Tambi\u00e9n logr\u00f3 salir del estigma de las 100 ciudades m\u00e1s violentas y de la noche a la ma\u00f1ana y a trav\u00e9s de un largo proceso donde todos los ciudadanos participamos [&hellip;]<\/p>\n","protected":false},"author":6,"featured_media":0,"comment_status":"open","ping_status":"open","sticky":false,"template":"","format":"standard","meta":{"_acf_changed":false,"_monsterinsights_skip_tracking":false,"slim_seo":{"title":"Evaluaci\u00f3n de la violencia en Ju\u00e1rez - Opini\u00f3n P\u00fablica","description":"El tema de la seguridad p\u00fabica ha sido recurrente en Ciudad Ju\u00e1rez. Rompi\u00f3 los paradigmas cuando fue catalogada como la ciudad m\u00e1s violenta del mundo. Tambi\u00e9n l"},"footnotes":""},"categories":[31],"tags":[],"class_list":["post-8763","post","type-post","status-publish","format-standard","hentry","category-galimatias"],"acf":[],"_links":{"self":[{"href":"https:\/\/www.opinionpublica.tv\/portada\/wp-json\/wp\/v2\/posts\/8763","targetHints":{"allow":["GET"]}}],"collection":[{"href":"https:\/\/www.opinionpublica.tv\/portada\/wp-json\/wp\/v2\/posts"}],"about":[{"href":"https:\/\/www.opinionpublica.tv\/portada\/wp-json\/wp\/v2\/types\/post"}],"author":[{"embeddable":true,"href":"https:\/\/www.opinionpublica.tv\/portada\/wp-json\/wp\/v2\/users\/6"}],"replies":[{"embeddable":true,"href":"https:\/\/www.opinionpublica.tv\/portada\/wp-json\/wp\/v2\/comments?post=8763"}],"version-history":[{"count":0,"href":"https:\/\/www.opinionpublica.tv\/portada\/wp-json\/wp\/v2\/posts\/8763\/revisions"}],"wp:attachment":[{"href":"https:\/\/www.opinionpublica.tv\/portada\/wp-json\/wp\/v2\/media?parent=8763"}],"wp:term":[{"taxonomy":"category","embeddable":true,"href":"https:\/\/www.opinionpublica.tv\/portada\/wp-json\/wp\/v2\/categories?post=8763"},{"taxonomy":"post_tag","embeddable":true,"href":"https:\/\/www.opinionpublica.tv\/portada\/wp-json\/wp\/v2\/tags?post=8763"}],"curies":[{"name":"wp","href":"https:\/\/api.w.org\/{rel}","templated":true}]}}