{"id":8762,"date":"2016-11-26T07:00:00","date_gmt":"2016-11-26T06:00:00","guid":{"rendered":"https:\/\/www.opinionpublica.tv\/portada\/2016\/11\/26\/detienen-en-juarez-a-el-aguila-lider-del-cartel-de-sinaloa\/"},"modified":"2016-11-26T07:00:00","modified_gmt":"2016-11-26T06:00:00","slug":"detienen-en-juarez-a-el-aguila-lider-del-cartel-de-sinaloa","status":"publish","type":"post","link":"https:\/\/www.opinionpublica.tv\/portada\/detienen-en-juarez-a-el-aguila-lider-del-cartel-de-sinaloa\/","title":{"rendered":"Detienen en Ju\u00e1rez a \u201cEl \u00c1guila\u201d, l\u00edder del C\u00e1rtel de Sinaloa"},"content":{"rendered":"<p><img fetchpriority=\"high\" decoding=\"async\" class=\" size-full wp-image-8761\" src=\"https:\/\/www.opinionpublica.tv\/portada\/wp-content\/uploads\/2016\/11\/54275c2f5b6ffd18c7bf4a515635e4c3.jpg\" alt=\"\" width=\"700\" height=\"379\" srcset=\"https:\/\/www.opinionpublica.tv\/portada\/wp-content\/uploads\/2016\/11\/54275c2f5b6ffd18c7bf4a515635e4c3.jpg 700w, https:\/\/www.opinionpublica.tv\/portada\/wp-content\/uploads\/2016\/11\/54275c2f5b6ffd18c7bf4a515635e4c3-300x162.jpg 300w\" sizes=\"(max-width: 700px) 100vw, 700px\" \/><br \/>\n<!--more--><\/p>\n<p style=\"text-align: justify;\">La Polic\u00eda Estatal Preventiva de Chihuahua inform\u00f3 este s\u00e1bado sobre la detenci\u00f3n de Rogelio H.F., mejor conocido como \u201cEl \u00c1guila\u201d, quien era se\u00f1alado por varias agencias de seguridad como l\u00edder del C\u00e1rtel de Sinaloa. \u201cEl \u00c1guila\u201d operaba tanto en Ciudad Ju\u00e1rez como en el Valle de la regi\u00f3n.<\/p>\n<p style=\"text-align: justify;\">La detenci\u00f3n tuvo lugar la noche del viernes, cuando el hombre viajaba a bordo de una camioneta marca con placas del estado de Durango, por la intersecci\u00f3n de las calles Sierra de Moncayo y Cordilleras Vienticas, en la colonia Finca Bonita.<\/p>\n<p style=\"text-align: justify;\">En la detenci\u00f3n, le fueron confiscadas varias cosas, entre ellas:<\/p>\n<ul>\n<li style=\"text-align: justify;\">4 envoltorios transparentes de la droga cristal<\/li>\n<li style=\"text-align: justify;\">1 arma de fuego tipo ametralladora de calibre .308 mil\u00edmetros<\/li>\n<li style=\"text-align: justify;\">1 caja con 20 cartuchos \u00fatiles de calibre .223 mil\u00edmetros<\/li>\n<\/ul>\n<p>El informe destac\u00f3 las labores de inteligencia que permitieron ubicar detener a este jefe criminal, que llevaba a su nombre varias carpetas de investigaci\u00f3n por los delitos de homicidio, secuestro y robo en el estado de Durango.<\/p>\n<p style=\"text-align: justify;\">\u201cEl \u00c1guila\u201d fue puesto a disposici\u00f3n del agente del Ministerio P\u00fablico correspondiente por los delitos de portaci\u00f3n ilegal de arma de fuego, cartuchos \u00fatiles y contra la salud.<\/p>\n<p style=\"text-align: justify;\">Por su parte, el Ministerio dar\u00e1 seguimiento a la investigaci\u00f3n del hombre. A su vez, el arma de fuego ser\u00e1 sometida a los estudios periciales de bal\u00edstica forense.<\/p>\n<p style=\"text-align: justify;\">\u00a0<\/p>\n<p style=\"text-align: justify;\">El presidente municipal de Ciudad Ju\u00e1rez, Armando Cabada, informo que agentes de la Polic\u00eda Municipal brindaron la informaci\u00f3n necesaria para la captura de \u201cEl \u00c1guila\u201d. Esto se debi\u00f3 gracias a la coordinaci\u00f3n entre los tres niveles de gobierno, que se han estado esforzando para lograr mantener la seguridad en esta frontera.<\/p>\n","protected":false},"excerpt":{"rendered":"","protected":false},"author":4,"featured_media":8761,"comment_status":"open","ping_status":"open","sticky":false,"template":"","format":"standard","meta":{"_acf_changed":false,"_monsterinsights_skip_tracking":false,"slim_seo":{"title":"Detienen en Ju\u00e1rez a \u201cEl \u00c1guila\u201d, l\u00edder del C\u00e1rtel de Sinaloa - Opini\u00f3n P\u00fablica","description":"La Polic\u00eda Estatal Preventiva de Chihuahua inform\u00f3 este s\u00e1bado sobre la detenci\u00f3n de Rogelio H.F., mejor conocido como \u201cEl \u00c1guila\u201d, quien era se\u00f1alado por varia"},"footnotes":""},"categories":[3],"tags":[],"class_list":["post-8762","post","type-post","status-publish","format-standard","has-post-thumbnail","hentry","category-principal"],"acf":[],"_links":{"self":[{"href":"https:\/\/www.opinionpublica.tv\/portada\/wp-json\/wp\/v2\/posts\/8762","targetHints":{"allow":["GET"]}}],"collection":[{"href":"https:\/\/www.opinionpublica.tv\/portada\/wp-json\/wp\/v2\/posts"}],"about":[{"href":"https:\/\/www.opinionpublica.tv\/portada\/wp-json\/wp\/v2\/types\/post"}],"author":[{"embeddable":true,"href":"https:\/\/www.opinionpublica.tv\/portada\/wp-json\/wp\/v2\/users\/4"}],"replies":[{"embeddable":true,"href":"https:\/\/www.opinionpublica.tv\/portada\/wp-json\/wp\/v2\/comments?post=8762"}],"version-history":[{"count":0,"href":"https:\/\/www.opinionpublica.tv\/portada\/wp-json\/wp\/v2\/posts\/8762\/revisions"}],"wp:featuredmedia":[{"embeddable":true,"href":"https:\/\/www.opinionpublica.tv\/portada\/wp-json\/wp\/v2\/media\/8761"}],"wp:attachment":[{"href":"https:\/\/www.opinionpublica.tv\/portada\/wp-json\/wp\/v2\/media?parent=8762"}],"wp:term":[{"taxonomy":"category","embeddable":true,"href":"https:\/\/www.opinionpublica.tv\/portada\/wp-json\/wp\/v2\/categories?post=8762"},{"taxonomy":"post_tag","embeddable":true,"href":"https:\/\/www.opinionpublica.tv\/portada\/wp-json\/wp\/v2\/tags?post=8762"}],"curies":[{"name":"wp","href":"https:\/\/api.w.org\/{rel}","templated":true}]}}