{"id":8760,"date":"2016-11-26T07:00:00","date_gmt":"2016-11-26T06:00:00","guid":{"rendered":"https:\/\/www.opinionpublica.tv\/portada\/2016\/11\/26\/registran-volcadura-de-trailer-en-la-juan-pablo-ii\/"},"modified":"2016-11-26T07:00:00","modified_gmt":"2016-11-26T06:00:00","slug":"registran-volcadura-de-trailer-en-la-juan-pablo-ii","status":"publish","type":"post","link":"https:\/\/www.opinionpublica.tv\/portada\/registran-volcadura-de-trailer-en-la-juan-pablo-ii\/","title":{"rendered":"Registran volcadura de tr\u00e1iler en la Juan Pablo II"},"content":{"rendered":"<p><img fetchpriority=\"high\" decoding=\"async\" class=\" size-full wp-image-8759\" src=\"https:\/\/www.opinionpublica.tv\/portada\/wp-content\/uploads\/2016\/11\/6e2167f1898ed30ca656173e3791297a.jpg\" alt=\"\" width=\"900\" height=\"672\" srcset=\"https:\/\/www.opinionpublica.tv\/portada\/wp-content\/uploads\/2016\/11\/6e2167f1898ed30ca656173e3791297a.jpg 900w, https:\/\/www.opinionpublica.tv\/portada\/wp-content\/uploads\/2016\/11\/6e2167f1898ed30ca656173e3791297a-300x224.jpg 300w, https:\/\/www.opinionpublica.tv\/portada\/wp-content\/uploads\/2016\/11\/6e2167f1898ed30ca656173e3791297a-768x573.jpg 768w\" sizes=\"(max-width: 900px) 100vw, 900px\" \/><br \/>\n<!--more--><\/p>\n<p style=\"text-align: justify;\">Este s\u00e1bado se registr\u00f3 la volcadura de un tr\u00e1iler pesado sobre Boulevard Juan Pablo II, casi a la altura de la calle Arizona. Seg\u00fan primeras versiones, la volcadura ocurri\u00f3 luego de que el chofer perdiera el control de la unidad.<\/p>\n<p style=\"text-align: justify;\">Tras varias maniobras intentando recuperar el control, el cami\u00f3n finalmente se volte\u00f3 sobre el camell\u00f3n ubicado a unos metros antes de la calle Arizona.<\/p>\n<p style=\"text-align: justify;\">El hombre de aproximadamente 30 a\u00f1os de edad, debi\u00f3 ser trasladado al Hospital General por param\u00e9dicos de la Cruz Roja a pesar de que sus lesiones fueron leves.<\/p>\n<p style=\"text-align: justify;\">Agentes de la Direcci\u00f3n de Tr\u00e1nsito Municipal tuvieron que acudir al lugar para desviar el tr\u00e1fico, debido a que la gr\u00faa necesaria para remover la unidad ocupo ocup\u00f3 todo el carril izquierdo, ocasionando congestionamiento vial.<\/p>\n","protected":false},"excerpt":{"rendered":"","protected":false},"author":4,"featured_media":8759,"comment_status":"open","ping_status":"open","sticky":false,"template":"","format":"standard","meta":{"_acf_changed":false,"_monsterinsights_skip_tracking":false,"slim_seo":{"title":"Registran volcadura de tr\u00e1iler en la Juan Pablo II - Opini\u00f3n P\u00fablica","description":"Este s\u00e1bado se registr\u00f3 la volcadura de un tr\u00e1iler pesado sobre Boulevard Juan Pablo II, casi a la altura de la calle Arizona. Seg\u00fan primeras versiones, la volc"},"footnotes":""},"categories":[5],"tags":[],"class_list":["post-8760","post","type-post","status-publish","format-standard","has-post-thumbnail","hentry","category-frontera"],"acf":[],"_links":{"self":[{"href":"https:\/\/www.opinionpublica.tv\/portada\/wp-json\/wp\/v2\/posts\/8760","targetHints":{"allow":["GET"]}}],"collection":[{"href":"https:\/\/www.opinionpublica.tv\/portada\/wp-json\/wp\/v2\/posts"}],"about":[{"href":"https:\/\/www.opinionpublica.tv\/portada\/wp-json\/wp\/v2\/types\/post"}],"author":[{"embeddable":true,"href":"https:\/\/www.opinionpublica.tv\/portada\/wp-json\/wp\/v2\/users\/4"}],"replies":[{"embeddable":true,"href":"https:\/\/www.opinionpublica.tv\/portada\/wp-json\/wp\/v2\/comments?post=8760"}],"version-history":[{"count":0,"href":"https:\/\/www.opinionpublica.tv\/portada\/wp-json\/wp\/v2\/posts\/8760\/revisions"}],"wp:featuredmedia":[{"embeddable":true,"href":"https:\/\/www.opinionpublica.tv\/portada\/wp-json\/wp\/v2\/media\/8759"}],"wp:attachment":[{"href":"https:\/\/www.opinionpublica.tv\/portada\/wp-json\/wp\/v2\/media?parent=8760"}],"wp:term":[{"taxonomy":"category","embeddable":true,"href":"https:\/\/www.opinionpublica.tv\/portada\/wp-json\/wp\/v2\/categories?post=8760"},{"taxonomy":"post_tag","embeddable":true,"href":"https:\/\/www.opinionpublica.tv\/portada\/wp-json\/wp\/v2\/tags?post=8760"}],"curies":[{"name":"wp","href":"https:\/\/api.w.org\/{rel}","templated":true}]}}