{"id":868,"date":"2016-07-25T06:00:00","date_gmt":"2016-07-25T04:00:00","guid":{"rendered":"https:\/\/www.opinionpublica.tv\/portada\/2016\/07\/25\/que-nadie-diga-que-eu-no-es-grandioso-michelle-obama\/"},"modified":"2016-07-25T06:00:00","modified_gmt":"2016-07-25T04:00:00","slug":"que-nadie-diga-que-eu-no-es-grandioso-michelle-obama","status":"publish","type":"post","link":"https:\/\/www.opinionpublica.tv\/portada\/que-nadie-diga-que-eu-no-es-grandioso-michelle-obama\/","title":{"rendered":"\u201cQue nadie diga que EU no es grandioso\u201d: Michelle Obama"},"content":{"rendered":"<p><img fetchpriority=\"high\" decoding=\"async\" class=\" size-full wp-image-867\" src=\"https:\/\/www.opinionpublica.tv\/portada\/wp-content\/uploads\/2016\/07\/59d925d75340d64d31d5ce71bf6ceaf4.jpg\" alt=\"\" width=\"667\" height=\"502\" srcset=\"https:\/\/www.opinionpublica.tv\/portada\/wp-content\/uploads\/2016\/07\/59d925d75340d64d31d5ce71bf6ceaf4.jpg 667w, https:\/\/www.opinionpublica.tv\/portada\/wp-content\/uploads\/2016\/07\/59d925d75340d64d31d5ce71bf6ceaf4-300x226.jpg 300w\" sizes=\"(max-width: 667px) 100vw, 667px\" \/><\/p>\n<p style=\"text-align: justify;\">Durante su discurso frente a los asistentes de la Convenci\u00f3n Nacional Dem\u00f3crata, iniciada hoy en Filadelfia, la primera dama de EU Michelle Obama pidi\u00f3 que \u00abno dejen que nadie les diga que Estados Unidos no es grandioso, porque somos el pa\u00eds m\u00e1s grandioso\u00bb.<\/p>\n<p style=\"text-align: justify;\">Michelle afirm\u00f3 que en las pr\u00f3ximas elecciones estar\u00e1 en juego determinar \u00abqui\u00e9n tendr\u00e1 el poder para dar forma\u00bb a las vidas de todos los estadunidenses.<\/p>\n<p style=\"text-align: justify;\">Destacando su apoyo a la candidata dem\u00f3crata Hillary Clinton, la primera dama subrayo emocionada que sus dos hijas \u00abdan por hecho\u00bb que una mujer puede ser la pr\u00f3xima presidenta de los Estados Unidos. Aseguro que Clinton es la \u00fanica que puede ser mandataria del pa\u00eds, pues \u00abnunca cedi\u00f3 ante ninguna presi\u00f3n\u00bb.<\/p>\n<p style=\"text-align: justify;\">\u201cEs la \u00fanica persona realmente calificada para desempe\u00f1arse como presidente de este pa\u00eds\u00bb, a\u00f1adi\u00f3. La primera dama llam\u00f3 a los votantes a salir y hacer lo que hicieron con su esposo hace cuatro a\u00f1os: \u00abvotar por el Partido Dem\u00f3crata\u00bb.<\/p>\n<p style=\"text-align: justify;\">\u00a0<\/p>\n<p style=\"text-align: justify;\">Durante su discurso agrego, posiblemente como respuesta al discurso del candidato republicano Donald Trump, que vive \u00bb en una casa construida por esclavos, y hoy veo a mis hijas, dos inteligentes chicas negras, jugar en su c\u00e9sped\u00bb.<\/p>\n<p style=\"text-align: justify;\">El presidente Barack Obama declaro, por medio de su cuenta en Twitter, sentirse orgulloso de su esposa. \u00abIncre\u00edble discurso de una incre\u00edble mujer. No puedo estar m\u00e1s orgulloso y nuestro pa\u00eds fue bendecido de tenerte como primera dama. Te amo, Michelle\u00bb, fue su mensaje.<\/p>\n","protected":false},"excerpt":{"rendered":"<p>Durante su discurso frente a los asistentes de la Convenci\u00f3n Nacional Dem\u00f3crata, iniciada hoy en Filadelfia, la primera dama de EU Michelle Obama pidi\u00f3 que \u00abno dejen que nadie les diga que Estados Unidos no es grandioso, porque somos el pa\u00eds m\u00e1s grandioso\u00bb. Michelle afirm\u00f3 que en las pr\u00f3ximas elecciones estar\u00e1 en juego determinar \u00abqui\u00e9n [&hellip;]<\/p>\n","protected":false},"author":4,"featured_media":867,"comment_status":"open","ping_status":"open","sticky":false,"template":"","format":"standard","meta":{"_acf_changed":false,"_monsterinsights_skip_tracking":false,"slim_seo":{"title":"\u201cQue nadie diga que EU no es grandioso\u201d: Michelle Obama - Opini\u00f3n P\u00fablica","description":"Durante su discurso frente a los asistentes de la Convenci\u00f3n Nacional Dem\u00f3crata, iniciada hoy en Filadelfia, la primera dama de EU Michelle Obama pidi\u00f3 que \"no"},"footnotes":""},"categories":[24],"tags":[],"class_list":["post-868","post","type-post","status-publish","format-standard","has-post-thumbnail","hentry","category-estados-unidos"],"acf":[],"_links":{"self":[{"href":"https:\/\/www.opinionpublica.tv\/portada\/wp-json\/wp\/v2\/posts\/868","targetHints":{"allow":["GET"]}}],"collection":[{"href":"https:\/\/www.opinionpublica.tv\/portada\/wp-json\/wp\/v2\/posts"}],"about":[{"href":"https:\/\/www.opinionpublica.tv\/portada\/wp-json\/wp\/v2\/types\/post"}],"author":[{"embeddable":true,"href":"https:\/\/www.opinionpublica.tv\/portada\/wp-json\/wp\/v2\/users\/4"}],"replies":[{"embeddable":true,"href":"https:\/\/www.opinionpublica.tv\/portada\/wp-json\/wp\/v2\/comments?post=868"}],"version-history":[{"count":0,"href":"https:\/\/www.opinionpublica.tv\/portada\/wp-json\/wp\/v2\/posts\/868\/revisions"}],"wp:featuredmedia":[{"embeddable":true,"href":"https:\/\/www.opinionpublica.tv\/portada\/wp-json\/wp\/v2\/media\/867"}],"wp:attachment":[{"href":"https:\/\/www.opinionpublica.tv\/portada\/wp-json\/wp\/v2\/media?parent=868"}],"wp:term":[{"taxonomy":"category","embeddable":true,"href":"https:\/\/www.opinionpublica.tv\/portada\/wp-json\/wp\/v2\/categories?post=868"},{"taxonomy":"post_tag","embeddable":true,"href":"https:\/\/www.opinionpublica.tv\/portada\/wp-json\/wp\/v2\/tags?post=868"}],"curies":[{"name":"wp","href":"https:\/\/api.w.org\/{rel}","templated":true}]}}