{"id":86502,"date":"2026-06-01T00:01:00","date_gmt":"2026-06-01T06:01:00","guid":{"rendered":"https:\/\/www.opinionpublica.tv\/portada\/?p=86502"},"modified":"2026-05-31T14:59:55","modified_gmt":"2026-05-31T20:59:55","slug":"efemerides-1-de-junio-un-dia-como-hoy-en-la-historia-2","status":"publish","type":"post","link":"https:\/\/www.opinionpublica.tv\/portada\/efemerides-1-de-junio-un-dia-como-hoy-en-la-historia-2\/","title":{"rendered":"Efem\u00e9rides 1 de junio | Un d\u00eda como hoy en la historia&#8230;"},"content":{"rendered":"\n<p class=\"wp-block-paragraph\"><em>Un d\u00eda 1 de junio como hoy, pero de 1988, los presidentes de Estados Unidos y la URSS, Ronald Reagan y Mijail Gorbachov, respectivamente, ratifican en Mosc\u00fa el tratado para la eliminaci\u00f3n de los misiles de alcance intermedio<\/em>.<\/p>\n\n\n\n<figure class=\"wp-block-image size-full\"><img fetchpriority=\"high\" decoding=\"async\" width=\"1024\" height=\"576\" src=\"https:\/\/www.opinionpublica.tv\/portada\/wp-content\/uploads\/2026\/05\/1988-los-presidentes-de-Estados-Unidos-y-la-URSS-Ronald-Reagan-y-Mijail-Gorbachov-respectivamente-ratifican-en-Moscu-el-tratado-para-la-eliminacion-de-los-misiles-de-alcance-intermedio.jpg\" alt=\"1988, los presidentes de estados unidos y la urss, ronald reagan y mijail gorbachov, respectivamente, ratifican en moscu\u0301 el tratado para la eliminacio\u0301n de los misiles de alcance intermedio\" class=\"wp-image-86503\" srcset=\"https:\/\/www.opinionpublica.tv\/portada\/wp-content\/uploads\/2026\/05\/1988-los-presidentes-de-Estados-Unidos-y-la-URSS-Ronald-Reagan-y-Mijail-Gorbachov-respectivamente-ratifican-en-Moscu-el-tratado-para-la-eliminacion-de-los-misiles-de-alcance-intermedio.jpg 1024w, https:\/\/www.opinionpublica.tv\/portada\/wp-content\/uploads\/2026\/05\/1988-los-presidentes-de-Estados-Unidos-y-la-URSS-Ronald-Reagan-y-Mijail-Gorbachov-respectivamente-ratifican-en-Moscu-el-tratado-para-la-eliminacion-de-los-misiles-de-alcance-intermedio-300x169.jpg 300w, https:\/\/www.opinionpublica.tv\/portada\/wp-content\/uploads\/2026\/05\/1988-los-presidentes-de-Estados-Unidos-y-la-URSS-Ronald-Reagan-y-Mijail-Gorbachov-respectivamente-ratifican-en-Moscu-el-tratado-para-la-eliminacion-de-los-misiles-de-alcance-intermedio-768x432.jpg 768w\" sizes=\"(max-width: 1024px) 100vw, 1024px\" \/><\/figure>\n\n\n\n<p class=\"wp-block-paragraph\"><strong>Otras efem\u00e9rides<\/strong><\/p>\n\n\n\n<p class=\"wp-block-paragraph\">1533.- Fundaci\u00f3n de la ciudad de Cartagena de Indias, en la actual Colombia.<\/p>\n\n\n\n<p class=\"wp-block-paragraph\">1837.- Firma del Tratado de Tafna, que pone fin a la guerra de Francia con Abd el-Kader en el norte de \u00c1frica.<\/p>\n\n\n\n<p class=\"wp-block-paragraph\">1874.- Disoluci\u00f3n de la Compa\u00f1\u00eda Brit\u00e1nica de las Indias Orientales.<\/p>\n\n\n\n<p class=\"wp-block-paragraph\">1888.- Se inaugura en Barcelona el primer monumento erigido a Col\u00f3n en Espa\u00f1a.<\/p>\n\n\n\n<p class=\"wp-block-paragraph\">1921.- Se produce la masacre racista de Tulsa (Oklahoma), uno de los mayores episodios de violencia racial de la historia de Estados Unidos.<\/p>\n\n\n\n<p class=\"wp-block-paragraph\">1946.- El dictador rumano Ion Antonescu, aliado de los nazis, es detenido y fusilado en Bucarest como criminal de guerra.<\/p>\n\n\n\n<p class=\"wp-block-paragraph\">1967.- Lanzamiento en el Reino Unido del \u00e1lbum de los Beatles: Sgt Pepper&#8217;s Lonely Hearts Club Band y al d\u00eda siguiente en Estados Unidos.<\/p>\n\n\n\n<p class=\"wp-block-paragraph\">1980.- La CNN (Cable News Network), el canal de televisi\u00f3n fundado por Ted Turner, inicia su emisi\u00f3n en EE.UU.<\/p>\n\n\n\n<p class=\"wp-block-paragraph\">1983.- Villa El Salvador, fundada el 11 de mayo de 1971, adquiere la categor\u00eda de distrito lime\u00f1o el 1 de junio de 1983 a trav\u00e9s de la Ley n\u00ba 23695. En 1987 fue galardonado con el premio Pr\u00edncipe de Asturias de la Concordia, por su organizaci\u00f3n vecinal en defensa de los derechos humanos durante el conflicto armado interno de Per\u00fa.<\/p>\n\n\n\n<p class=\"wp-block-paragraph\">1984.- Jos\u00e9 Napole\u00f3n Duarte toma posesi\u00f3n de la presidencia de El Salvador.<\/p>\n\n\n\n<p class=\"wp-block-paragraph\">1987.- Rashid Karami, primer ministro liban\u00e9s, muere asesinado al explotar una bomba en el helic\u00f3ptero que le trasladaba.<\/p>\n\n\n\n<p class=\"wp-block-paragraph\">1989.- Alfredo Cristiani jura su cargo como presidente de El Salvador y hace una oferta de paz que incluye el di\u00e1logo con la guerrilla del FMLN.<\/p>\n\n\n\n<p class=\"wp-block-paragraph\">1990.- Los presidentes de EE.UU. y la URSS, George Bush y Mijail Gorbachov, respectivamente, firman en Washington un documento sobre la reducci\u00f3n de armas estrat\u00e9gicas START, que prev\u00e9 eliminar un 30 % los arsenales nucleares.<\/p>\n\n\n\n<p class=\"wp-block-paragraph\">1993.- Jorge Serrano El\u00edas renuncia a la presidencia de Guatemala una semana despu\u00e9s de dirigir un \u00abautogolpe\u00bb y tras retirarle su apoyo las Fuerzas Armadas.<\/p>\n\n\n\n<p class=\"wp-block-paragraph\">1998.- Se funda el Banco Central Europeo.<\/p>\n\n\n\n<p class=\"wp-block-paragraph\">2001.- Magnicidio en Nepal: el pr\u00edncipe heredero Dipendra asesina a sus padres, el rey Birendra y la reina Aiswarya, y a otros seis miembros de la familia real y despu\u00e9s se suicida.<\/p>\n\n\n\n<p class=\"wp-block-paragraph\">2001.- Una veintena de personas mueren en un atentado en una discoteca de Tel Aviv, perpetrado por un suicida palestino de la Yihad Isl\u00e1mica.<\/p>\n\n\n\n<p class=\"wp-block-paragraph\">2002.- Mueren 26 campesinos de Santiago Xochiltepec (M\u00e9xico) al ser tiroteados por vecinos de San Pedro el Alto, en el estado de Oaxaca, debido a un conflicto de tierras.<\/p>\n\n\n\n<p class=\"wp-block-paragraph\">2004.- El\u00edas Saca, de la ARENA, toma posesi\u00f3n como presidente de El Salvador.<\/p>\n\n\n\n<p class=\"wp-block-paragraph\">2009.- Fallecen las 228 personas que viajaban en el Airbus A-330 de Air France que se precipit\u00f3 en el Atl\u00e1ntico cuando volaba de R\u00edo de Janeiro a Par\u00eds.<\/p>\n\n\n\n<p class=\"wp-block-paragraph\">2009.- General Motors se declara en quiebra, la mayor registrada en la industria de EE.UU, con una deuda de 172.812 millones de d\u00f3lares.<\/p>\n\n\n\n<p class=\"wp-block-paragraph\">2009.- El canadiense Leonard Cohen es galardonado con el Premio Pr\u00edncipe de Asturias de las Letras.<\/p>\n\n\n\n<p class=\"wp-block-paragraph\">2011.- Honduras vuelve a la Organizaci\u00f3n de Estados Americanos.<\/p>\n\n\n\n<p class=\"wp-block-paragraph\">2014.- Salvador S\u00e1nchez Cer\u00e9n se convierte en el primer excomandante guerrillero en asumir el cargo de presidente de El Salvador.<\/p>\n\n\n\n<p class=\"wp-block-paragraph\">2015.- M\u00e1s de 400 desaparecidos al naufragar un barco en el r\u00edo Yangtz\u00e9, en China.<\/p>\n\n\n\n<p class=\"wp-block-paragraph\">2015.- Un doble atentado del Estado Isl\u00e1mico deja m\u00e1s de 80 muertos en las ciudades iraqu\u00edes de Faluya y Biyi.<\/p>\n\n\n\n<p class=\"wp-block-paragraph\">2016.- Hugh Herr, creador de pr\u00f3tesis bi\u00f3nicas, es galardonado con el Premio Princesa de Asturias de Investigaci\u00f3n Cient\u00edfica y T\u00e9cnica.<\/p>\n\n\n\n<p class=\"wp-block-paragraph\">2016.- Se inaugura en Suiza el t\u00fanel de San Gotardo, el m\u00e1s largo del mundo.<\/p>\n\n\n\n<p class=\"wp-block-paragraph\">2017.- El Parlamento cubano aprueba el encaje de la empresa privada dentro del nuevo modelo socialista.<\/p>\n\n\n\n<p class=\"wp-block-paragraph\">2017.- El presidente de EE.UU., Donald Trump, retira a su pa\u00eds del Acuerdo clim\u00e1tico de Par\u00eds.<\/p>\n\n\n\n<p class=\"wp-block-paragraph\">2018.- La Justicia de Venezuela ordena la excarcelaci\u00f3n de 39 opositores, reclamados como \u00abpresos pol\u00edticos\u00bb por diversas ONG del pa\u00eds y de la oposici\u00f3n.<\/p>\n\n\n\n<p class=\"wp-block-paragraph\">2019.- Carlota Casiraghi se casa en M\u00f3naco con el productor de cine Dimitri Rassam.<\/p>\n\n\n\n<p class=\"wp-block-paragraph\">2021.- El papa Francisco incluye el delito de pederastia en el C\u00f3digo de Derecho Can\u00f3nico.<\/p>\n\n\n\n<p class=\"wp-block-paragraph\">2021.- La Organizaci\u00f3n Mundial de la Salud aprueba el uso de la vacuna china de Sinovac.<\/p>\n\n\n\n<p class=\"wp-block-paragraph\">2022.- El actor Johnny Depp gana el medi\u00e1tico juicio por difamaci\u00f3n contra Amber Heard.<\/p>\n\n\n\n<p class=\"wp-block-paragraph\">2022.- Dinamarca aprueba unirse a la defensa com\u00fan de la Uni\u00f3n Europea (UE) en un hist\u00f3rico referendo en respuesta a la incursi\u00f3n rusa en Ucrania.<\/p>\n\n\n\n<p class=\"wp-block-paragraph\">2022.- El presidente de Chile, Gabriel Boric, anuncia las esperadas reformas tributarias, de pensiones y de reducci\u00f3n de la jornada laboral, entre otras.<\/p>\n\n\n\n<p class=\"wp-block-paragraph\">2022.- Fallece el narcotraficante colombiano Gilberto Rodr\u00edguez Orejuela, a los 83 a\u00f1os, en una prisi\u00f3n de EE.UU. donde cumpl\u00eda una condena de 30 a\u00f1os.<\/p>\n\n\n\n<p class=\"wp-block-paragraph\">2023.- El Par\u00eds Saint-Germain (PSG) anuncia la salida del club del delantero argentino Leo Messi, tras dos temporadas en la capital francesa.<\/p>\n\n\n\n<p class=\"wp-block-paragraph\"><strong>Nacimientos<\/strong><\/p>\n\n\n\n<p class=\"wp-block-paragraph\">1796.- Sadi Carnot, cient\u00edfico franc\u00e9s que estableci\u00f3 las bases fundamentales de la Termodin\u00e1mica.<\/p>\n\n\n\n<p class=\"wp-block-paragraph\">1851.- Isaac Peral, inventor espa\u00f1ol del submarino.<\/p>\n\n\n\n<p class=\"wp-block-paragraph\">1893.- Eduardo Trong\u00e9, escritor dram\u00e1tico argentino.<\/p>\n\n\n\n<p class=\"wp-block-paragraph\">1926.- Marilyn Monroe, actriz estadounidense.<\/p>\n\n\n\n<p class=\"wp-block-paragraph\">1935.- Norman Foster, arquitecto brit\u00e1nico.<\/p>\n\n\n\n<p class=\"wp-block-paragraph\">1937.- Morgan Freeman, actor norteamericano.<\/p>\n\n\n\n<p class=\"wp-block-paragraph\">1941.- Toyo Ito, arquitecto y dise\u00f1ador japon\u00e9s.<\/p>\n\n\n\n<p class=\"wp-block-paragraph\">1946.- Brian Cox, actor brit\u00e1nico.<\/p>\n\n\n\n<p class=\"wp-block-paragraph\">1947.- Ron Wood, brit\u00e1nico miembro de los Rolling Stone.<\/p>\n\n\n\n<p class=\"wp-block-paragraph\">1963.- Luis Leonardo Almagro, pol\u00edtico uruguayo.<\/p>\n\n\n\n<p class=\"wp-block-paragraph\">1973.- Heidi Klum, modelo alemana.<\/p>\n\n\n\n<p class=\"wp-block-paragraph\">1986.- Dayana Mendoza, modelo y actriz venezolana<\/p>\n\n\n\n<p class=\"wp-block-paragraph\">1996.- Tom Holland, actor brit\u00e1nico.<\/p>\n\n\n\n<p class=\"wp-block-paragraph\"><strong>Defunciones<\/strong><\/p>\n\n\n\n<p class=\"wp-block-paragraph\">1943.- Leslie Howard, actor brit\u00e1nico.<\/p>\n\n\n\n<p class=\"wp-block-paragraph\">1997.- Georgos Livanos, armador griego y uno de los diez hombres m\u00e1s ricos del mundo.<\/p>\n\n\n\n<p class=\"wp-block-paragraph\">2006.- Roc\u00edo Jurado, cantante espa\u00f1ola.<\/p>\n\n\n\n<p class=\"wp-block-paragraph\">2007.- Juan Jos\u00e9 Gurrola, dramaturgo y director de cine mexicano.<\/p>\n\n\n\n<p class=\"wp-block-paragraph\">2008.- Yves Saint-Laurent, dise\u00f1ador franc\u00e9s.<\/p>\n\n\n\n<p class=\"wp-block-paragraph\">2014.- Antonio Rada, futbolista colombiano.<\/p>\n\n\n\n<p class=\"wp-block-paragraph\">2017.- C\u00e9sar Young N\u00fa\u00f1ez, poeta paname\u00f1o.<\/p>\n\n\n\n<p class=\"wp-block-paragraph\">2018.- Jose\u00edto Mateo, cantante dominicano conocido como \u00abel rey del merengue\u00bb.<\/p>\n\n\n\n<p class=\"wp-block-paragraph\">2020.- Joey Image, baterista estadounidense.<\/p>\n\n\n\n<p class=\"wp-block-paragraph\">2021.- Amadeo III de Saboya-Aosta, arist\u00f3crata italiano.<\/p>\n\n\n\n<p class=\"wp-block-paragraph\">2021.- Rom\u00e1n Hern\u00e1ndez Onna, ajedrecista cubano.<\/p>\n\n\n\n<p class=\"wp-block-paragraph\">2021.- Hichem Djait, historiador tunecino.<\/p>\n\n\n\n<p class=\"wp-block-paragraph\">2022.- Jorge Zuloaga \u00abEl Topolino\u00bb, humorista, actor, periodista y guionista colombiano.<\/p>\n\n\n\n<p class=\"wp-block-paragraph\">2023.- Cynthia Weil, compositora estadounidense.<\/p>\n","protected":false},"excerpt":{"rendered":"<p>Un d\u00eda 1 de junio como hoy, pero de 1988, los presidentes de Estados Unidos y la URSS, Ronald Reagan y Mijail Gorbachov, respectivamente, ratifican en Mosc\u00fa el tratado para la eliminaci\u00f3n de los misiles de alcance intermedio. Otras efem\u00e9rides 1533.- Fundaci\u00f3n de la ciudad de Cartagena de Indias, en la actual Colombia. 1837.- Firma [&hellip;]<\/p>\n","protected":false},"author":6,"featured_media":86503,"comment_status":"closed","ping_status":"closed","sticky":false,"template":"","format":"standard","meta":{"_acf_changed":false,"_monsterinsights_skip_tracking":false,"slim_seo":{"title":"Efem\u00e9rides 1 de junio | Un d\u00eda como hoy en la historia... - Opini\u00f3n P\u00fablica","description":"Un d\u00eda 1 de junio como hoy, pero de 1988, los presidentes de Estados Unidos y la URSS, Ronald Reagan y Mijail Gorbachov, respectivamente, ratifican en Mosc\u00fa el"},"footnotes":""},"categories":[27],"tags":[3570,3571,3572,3381],"class_list":["post-86502","post","type-post","status-publish","format-standard","has-post-thumbnail","hentry","category-un-dia-como-hoy","tag-efemerides-1-de-junio","tag-mijail-gorbachov","tag-misiles","tag-ronald-reagan"],"acf":[],"_links":{"self":[{"href":"https:\/\/www.opinionpublica.tv\/portada\/wp-json\/wp\/v2\/posts\/86502","targetHints":{"allow":["GET"]}}],"collection":[{"href":"https:\/\/www.opinionpublica.tv\/portada\/wp-json\/wp\/v2\/posts"}],"about":[{"href":"https:\/\/www.opinionpublica.tv\/portada\/wp-json\/wp\/v2\/types\/post"}],"author":[{"embeddable":true,"href":"https:\/\/www.opinionpublica.tv\/portada\/wp-json\/wp\/v2\/users\/6"}],"replies":[{"embeddable":true,"href":"https:\/\/www.opinionpublica.tv\/portada\/wp-json\/wp\/v2\/comments?post=86502"}],"version-history":[{"count":1,"href":"https:\/\/www.opinionpublica.tv\/portada\/wp-json\/wp\/v2\/posts\/86502\/revisions"}],"predecessor-version":[{"id":86504,"href":"https:\/\/www.opinionpublica.tv\/portada\/wp-json\/wp\/v2\/posts\/86502\/revisions\/86504"}],"wp:featuredmedia":[{"embeddable":true,"href":"https:\/\/www.opinionpublica.tv\/portada\/wp-json\/wp\/v2\/media\/86503"}],"wp:attachment":[{"href":"https:\/\/www.opinionpublica.tv\/portada\/wp-json\/wp\/v2\/media?parent=86502"}],"wp:term":[{"taxonomy":"category","embeddable":true,"href":"https:\/\/www.opinionpublica.tv\/portada\/wp-json\/wp\/v2\/categories?post=86502"},{"taxonomy":"post_tag","embeddable":true,"href":"https:\/\/www.opinionpublica.tv\/portada\/wp-json\/wp\/v2\/tags?post=86502"}],"curies":[{"name":"wp","href":"https:\/\/api.w.org\/{rel}","templated":true}]}}