{"id":86434,"date":"2026-05-31T00:01:00","date_gmt":"2026-05-31T06:01:00","guid":{"rendered":"https:\/\/www.opinionpublica.tv\/portada\/?p=86434"},"modified":"2026-05-30T17:53:48","modified_gmt":"2026-05-30T23:53:48","slug":"efemerides-31-de-mayo-un-dia-como-hoy-en-la-historia-2","status":"publish","type":"post","link":"https:\/\/www.opinionpublica.tv\/portada\/efemerides-31-de-mayo-un-dia-como-hoy-en-la-historia-2\/","title":{"rendered":"Efem\u00e9rides 31 de mayo | Un d\u00eda como hoy en la historia&#8230;"},"content":{"rendered":"\n<p class=\"wp-block-paragraph\"><em>Un d\u00eda 31 de mayo como hoy, pero de 2003, la compa\u00f1\u00eda Air France pone fin a 27 a\u00f1os de explotaci\u00f3n comercial de sus cinco aviones supers\u00f3nicos &#8216;Concorde&#8217; con su \u00faltimo vuelo entre Nueva York y Par\u00eds<\/em>.<\/p>\n\n\n\n<figure class=\"wp-block-image size-large\"><img fetchpriority=\"high\" decoding=\"async\" width=\"1024\" height=\"731\" src=\"https:\/\/www.opinionpublica.tv\/portada\/wp-content\/uploads\/2026\/05\/2003-la-compania-Air-France-pone-fin-a-27-anos-de-explotacion-comercial-de-sus-cinco-aviones-supersonicos-Concorde--1024x731.avif\" alt=\"2003, la compan\u0303i\u0301a air france pone fin a 27 an\u0303os de explotacio\u0301n comercial de sus cinco aviones superso\u0301nicos 'concorde'\" class=\"wp-image-86435\" srcset=\"https:\/\/www.opinionpublica.tv\/portada\/wp-content\/uploads\/2026\/05\/2003-la-compania-Air-France-pone-fin-a-27-anos-de-explotacion-comercial-de-sus-cinco-aviones-supersonicos-Concorde--1024x731.avif 1024w, https:\/\/www.opinionpublica.tv\/portada\/wp-content\/uploads\/2026\/05\/2003-la-compania-Air-France-pone-fin-a-27-anos-de-explotacion-comercial-de-sus-cinco-aviones-supersonicos-Concorde--300x214.avif 300w, https:\/\/www.opinionpublica.tv\/portada\/wp-content\/uploads\/2026\/05\/2003-la-compania-Air-France-pone-fin-a-27-anos-de-explotacion-comercial-de-sus-cinco-aviones-supersonicos-Concorde--768x549.avif 768w, https:\/\/www.opinionpublica.tv\/portada\/wp-content\/uploads\/2026\/05\/2003-la-compania-Air-France-pone-fin-a-27-anos-de-explotacion-comercial-de-sus-cinco-aviones-supersonicos-Concorde--1536x1097.avif 1536w, https:\/\/www.opinionpublica.tv\/portada\/wp-content\/uploads\/2026\/05\/2003-la-compania-Air-France-pone-fin-a-27-anos-de-explotacion-comercial-de-sus-cinco-aviones-supersonicos-Concorde-.avif 1960w\" sizes=\"(max-width: 1024px) 100vw, 1024px\" \/><\/figure>\n\n\n\n<p class=\"wp-block-paragraph\"><strong>Otras efem\u00e9rides<\/strong><\/p>\n\n\n\n<p class=\"wp-block-paragraph\">1820.- Suprimida definitivamente la Inquisici\u00f3n en M\u00e9xico.<\/p>\n\n\n\n<p class=\"wp-block-paragraph\">1878.- Naufraga la fragata acorazada alemana \u00abGrosser-Kurfurst\u00bb al colisionar con el Konig Wilhelm en las costas inglesas y perecen 269 de sus tripulantes.<\/p>\n\n\n\n<p class=\"wp-block-paragraph\">1906.- Boda en Madrid del rey Alfonso XIII con la princesa Victoria Eugenia de Battenberg. El anarquista Mateo Morral arroj\u00f3 una bomba al paso de la comitiva real en la calle Mayor, que no alcanz\u00f3 a los reyes pero caus\u00f3 la muerte a 30 personas.<\/p>\n\n\n\n<p class=\"wp-block-paragraph\">1910.- Las provincias de El Cabo, Transvaal, Natal y el Estado libre de Orange se unen para formar la Uni\u00f3n Sudafricana, integrada en la Commonwealth.<\/p>\n\n\n\n<p class=\"wp-block-paragraph\">1911.- Botadura del Titanic en los astilleros de Harland and Wolff en la isla de Queen (Belfast).<\/p>\n\n\n\n<p class=\"wp-block-paragraph\">1921.- Comienza la masacre racial de Tulsa, Oklahoma, cuando la mayor\u00eda blanca arras\u00f3 el barrio negro conocido como Greenwood.<\/p>\n\n\n\n<p class=\"wp-block-paragraph\">1935.- Un terremoto destruye la ciudad paquistan\u00ed de Quetta y provoca la muerte de m\u00e1s de 56 mil personas.<\/p>\n\n\n\n<p class=\"wp-block-paragraph\">1950.- Se crea en Argentina la Comisi\u00f3n Nacional de Energ\u00eda At\u00f3mica.<\/p>\n\n\n\n<p class=\"wp-block-paragraph\">1961.- La Uni\u00f3n Sudafricana se proclama como Rep\u00fablica de Sud\u00e1frica y abandona la Commonwealth.<\/p>\n\n\n\n<p class=\"wp-block-paragraph\">1962.- El ex coronel de las SS Adolfo Eichman, secuestrado en Argentina por agentes israel\u00edes, es ejecutado en Tel Aviv por cr\u00edmenes contra los jud\u00edos.<\/p>\n\n\n\n<p class=\"wp-block-paragraph\">1966.- Monjes budistas se queman en Saig\u00f3n como protesta contra r\u00e9gimen militar de Vietnam del Sur.<\/p>\n\n\n\n<p class=\"wp-block-paragraph\">1970.- Mueren 75 mil personas a causa de un terremoto de una magnitud de 7,9 en el departamento andino de Ancash, en Per\u00fa.<\/p>\n\n\n\n<p class=\"wp-block-paragraph\">1974.- Se aprueba la resoluci\u00f3n 350 del Consejo de Seguridad de la ONU por la que Siria e Israel pactan la retirada de sus fuerzas de los altos del Gol\u00e1n.<\/p>\n\n\n\n<p class=\"wp-block-paragraph\">1985.- Al menos 88 personas mueren a causa de varios tornados en la regi\u00f3n de los Grandes Lagos, en la frontera entre EEUU y Canad\u00e1.<\/p>\n\n\n\n<p class=\"wp-block-paragraph\">2010.- Israel causa 10 muertos y 30 heridos al atacar en aguas internacionales a la &#8216;Flota de la Libertad&#8217;, formada por seis barcos con ayuda humanitaria para los palestinos de la franja de Gaza.<\/p>\n\n\n\n<p class=\"wp-block-paragraph\">2017.- Mueren 90 personas en un atentado en Kabul (Afganist\u00e1n) con un cami\u00f3n cargado de explosivos.<\/p>\n\n\n\n<p class=\"wp-block-paragraph\">2019.- Un empleado municipal de Virginia Beach (EE.UU.) mata a doce personas.<\/p>\n\n\n\n<p class=\"wp-block-paragraph\">2021.- China permite tener un tercer hijo tras descender la natalidad por cuarto a\u00f1o consecutivo.<\/p>\n\n\n\n<p class=\"wp-block-paragraph\">2021.- Liberan al artista opositor cubano Otero Alc\u00e1ntara tras un mes en el hospital.<\/p>\n\n\n\n<p class=\"wp-block-paragraph\">2022.- El Parlamento cierra la Academia Nicarag\u00fcense de la Lengua con el apoyo de 75 diputados sandinistas y sus aliados de un total de 91 parlamentarios.<\/p>\n\n\n\n<p class=\"wp-block-paragraph\">2022.- El \u00e9xodo de refugiados ucranianos alcanza los 6,8 millones de refugiados, seg\u00fan la ONU, a los que se sumar\u00edan otros 8 millones de desplazados dentro del pa\u00eds por el conflicto armado.<\/p>\n\n\n\n<p class=\"wp-block-paragraph\"><strong>Nacimientos<\/strong><\/p>\n\n\n\n<p class=\"wp-block-paragraph\">1910.- Luis Rosales, poeta espa\u00f1ol.<\/p>\n\n\n\n<p class=\"wp-block-paragraph\">1930.- Clint Eastwood, actor y director de cine estadounidense.<\/p>\n\n\n\n<p class=\"wp-block-paragraph\">1930.- Juan Genov\u00e9s, pintor espa\u00f1ol.<\/p>\n\n\n\n<p class=\"wp-block-paragraph\">1948.- Enrique Lynch, fil\u00f3sofo y escritor espa\u00f1ol nacido en Argentina.<\/p>\n\n\n\n<p class=\"wp-block-paragraph\">1965.- Brooke Shields, actriz estadounidense.<\/p>\n\n\n\n<p class=\"wp-block-paragraph\">1976.- Colin Farrell, actor irland\u00e9s.<\/p>\n\n\n\n<p class=\"wp-block-paragraph\">1989.- Pablo Albor\u00e1n, cantante y compositor espa\u00f1ol.<\/p>\n\n\n\n<p class=\"wp-block-paragraph\"><strong>Defunciones<\/strong><\/p>\n\n\n\n<p class=\"wp-block-paragraph\">1594.- Jacobo Robusti, &#8216;Tintoretto&#8217;, pintor veneciano.<\/p>\n\n\n\n<p class=\"wp-block-paragraph\">1809.- Joseph Haydn, compositor austriaco.<\/p>\n\n\n\n<p class=\"wp-block-paragraph\">1983.- Jack Dempsey, el &#8216;martillo del ring&#8217;, boxeador estadounidense.<\/p>\n\n\n\n<p class=\"wp-block-paragraph\">2000.- Ernesto Antonio Puente &#8216;Tito Puente&#8217;, percusionista estadounidense de origen puertorrique\u00f1o.<\/p>\n\n\n\n<p class=\"wp-block-paragraph\">2010.- Brian Duffy, fot\u00f3grafo brit\u00e1nico.<\/p>\n\n\n\n<p class=\"wp-block-paragraph\">2017.- Jiri Belohlavek, m\u00fasico checo.<\/p>\n\n\n\n<p class=\"wp-block-paragraph\">2020.- Christo Vladimirov Javacheff, conocido como Christo, artista conceptual b\u00falgaro.<\/p>\n\n\n\n<p class=\"wp-block-paragraph\">2022.- Dave Smith, ingeniero y m\u00fasico estadounidense.<\/p>\n\n\n\n<p class=\"wp-block-paragraph\">2023.- Joaqu\u00edn Amador, guitarrista flamenco espa\u00f1ol.<\/p>\n","protected":false},"excerpt":{"rendered":"<p>Un d\u00eda 31 de mayo como hoy, pero de 2003, la compa\u00f1\u00eda Air France pone fin a 27 a\u00f1os de explotaci\u00f3n comercial de sus cinco aviones supers\u00f3nicos &#8216;Concorde&#8217; con su \u00faltimo vuelo entre Nueva York y Par\u00eds. Otras efem\u00e9rides 1820.- Suprimida definitivamente la Inquisici\u00f3n en M\u00e9xico. 1878.- Naufraga la fragata acorazada alemana \u00abGrosser-Kurfurst\u00bb al colisionar [&hellip;]<\/p>\n","protected":false},"author":6,"featured_media":86435,"comment_status":"closed","ping_status":"closed","sticky":false,"template":"","format":"standard","meta":{"_acf_changed":false,"_monsterinsights_skip_tracking":false,"slim_seo":{"title":"Efem\u00e9rides 31 de mayo | Un d\u00eda como hoy en la historia... - Opini\u00f3n P\u00fablica","description":"Un d\u00eda 31 de mayo como hoy, pero de 2003, la compa\u00f1\u00eda Air France pone fin a 27 a\u00f1os de explotaci\u00f3n comercial de sus cinco aviones supers\u00f3nicos 'Concorde' con su"},"footnotes":""},"categories":[27],"tags":[1296,3561],"class_list":["post-86434","post","type-post","status-publish","format-standard","has-post-thumbnail","hentry","category-un-dia-como-hoy","tag-avion-concorde","tag-efemerides-31-de-mayo"],"acf":[],"_links":{"self":[{"href":"https:\/\/www.opinionpublica.tv\/portada\/wp-json\/wp\/v2\/posts\/86434","targetHints":{"allow":["GET"]}}],"collection":[{"href":"https:\/\/www.opinionpublica.tv\/portada\/wp-json\/wp\/v2\/posts"}],"about":[{"href":"https:\/\/www.opinionpublica.tv\/portada\/wp-json\/wp\/v2\/types\/post"}],"author":[{"embeddable":true,"href":"https:\/\/www.opinionpublica.tv\/portada\/wp-json\/wp\/v2\/users\/6"}],"replies":[{"embeddable":true,"href":"https:\/\/www.opinionpublica.tv\/portada\/wp-json\/wp\/v2\/comments?post=86434"}],"version-history":[{"count":1,"href":"https:\/\/www.opinionpublica.tv\/portada\/wp-json\/wp\/v2\/posts\/86434\/revisions"}],"predecessor-version":[{"id":86436,"href":"https:\/\/www.opinionpublica.tv\/portada\/wp-json\/wp\/v2\/posts\/86434\/revisions\/86436"}],"wp:featuredmedia":[{"embeddable":true,"href":"https:\/\/www.opinionpublica.tv\/portada\/wp-json\/wp\/v2\/media\/86435"}],"wp:attachment":[{"href":"https:\/\/www.opinionpublica.tv\/portada\/wp-json\/wp\/v2\/media?parent=86434"}],"wp:term":[{"taxonomy":"category","embeddable":true,"href":"https:\/\/www.opinionpublica.tv\/portada\/wp-json\/wp\/v2\/categories?post=86434"},{"taxonomy":"post_tag","embeddable":true,"href":"https:\/\/www.opinionpublica.tv\/portada\/wp-json\/wp\/v2\/tags?post=86434"}],"curies":[{"name":"wp","href":"https:\/\/api.w.org\/{rel}","templated":true}]}}