{"id":86199,"date":"2026-05-27T13:19:31","date_gmt":"2026-05-27T19:19:31","guid":{"rendered":"https:\/\/www.opinionpublica.tv\/portada\/?p=86199"},"modified":"2026-05-27T13:22:59","modified_gmt":"2026-05-27T19:22:59","slug":"me-quieren-inculpar-con-un-caso-fabricado-maru-campos-asiste-a-fgr-en-cdmx-y-pan-anuncia-resistencia-civil","status":"publish","type":"post","link":"https:\/\/www.opinionpublica.tv\/portada\/me-quieren-inculpar-con-un-caso-fabricado-maru-campos-asiste-a-fgr-en-cdmx-y-pan-anuncia-resistencia-civil\/","title":{"rendered":"\u00abMe quieren inculpar con un caso fabricado\u00bb: Maru Campos asiste a FGR en CDMX; PAN anuncia resistencia civil"},"content":{"rendered":"\n<figure class=\"wp-block-image size-large\"><img fetchpriority=\"high\" decoding=\"async\" width=\"1024\" height=\"682\" src=\"https:\/\/www.opinionpublica.tv\/portada\/wp-content\/uploads\/2026\/05\/22Me-quieren-inculpar-con-un-caso-fabricado22-Maru-Campos-asiste-a-FGR-en-CDMX-PAN-anuncia-resistencia-civil-1024x682.jpeg\" alt=\"%22me quieren inculpar con un caso fabricado%22 maru campos asiste a fgr en cdmx; pan anuncia resistencia civil\" class=\"wp-image-86204\" srcset=\"https:\/\/www.opinionpublica.tv\/portada\/wp-content\/uploads\/2026\/05\/22Me-quieren-inculpar-con-un-caso-fabricado22-Maru-Campos-asiste-a-FGR-en-CDMX-PAN-anuncia-resistencia-civil-1024x682.jpeg 1024w, https:\/\/www.opinionpublica.tv\/portada\/wp-content\/uploads\/2026\/05\/22Me-quieren-inculpar-con-un-caso-fabricado22-Maru-Campos-asiste-a-FGR-en-CDMX-PAN-anuncia-resistencia-civil-300x200.jpeg 300w, https:\/\/www.opinionpublica.tv\/portada\/wp-content\/uploads\/2026\/05\/22Me-quieren-inculpar-con-un-caso-fabricado22-Maru-Campos-asiste-a-FGR-en-CDMX-PAN-anuncia-resistencia-civil-768x512.jpeg 768w, https:\/\/www.opinionpublica.tv\/portada\/wp-content\/uploads\/2026\/05\/22Me-quieren-inculpar-con-un-caso-fabricado22-Maru-Campos-asiste-a-FGR-en-CDMX-PAN-anuncia-resistencia-civil-1536x1023.jpeg 1536w, https:\/\/www.opinionpublica.tv\/portada\/wp-content\/uploads\/2026\/05\/22Me-quieren-inculpar-con-un-caso-fabricado22-Maru-Campos-asiste-a-FGR-en-CDMX-PAN-anuncia-resistencia-civil.jpeg 1600w\" sizes=\"(max-width: 1024px) 100vw, 1024px\" \/><\/figure>\n\n\n\n<p class=\"wp-block-paragraph\"><em>Ciudad de M\u00e9xico<\/em>.- La gobernadora de Chihuahua, Mar\u00eda Eugenia Campos, acudi\u00f3 a la delegaci\u00f3n de la Fiscal\u00eda General de la Rep\u00fablica (FGR) en la Ciudad de M\u00e9xico a entregar por escrito su declaraci\u00f3n, requerida por las autoridades federales, en relaci\u00f3n a la presencia de dos agentes de la CIA durante la destrucci\u00f3n de un narco-laboratorio en la entidad.<\/p>\n\n\n\n<p class=\"wp-block-paragraph\">Si bien, al gozar de fuero, la mandataria estatal no estaba obligada a asistir personalmente, decidi\u00f3, como ella lo dijo, \u201cdar la cara\u201d y presentar su testimonio, acompa\u00f1ada de su abogado, Roberto Gil Zuarth y de los de los liderazgos del PAN por los hechos registrados en la Sierra Tarahumara.<\/p>\n\n\n\n<p class=\"wp-block-paragraph\">\u201cYo salgo a dar la cara porque tengo la dignidad para hacerlo: yo hice mi trabajo, defend\u00ed a las familias, y mi gobierno ha colaborado, sin reservas, con la Fiscal\u00eda General de la Rep\u00fablica.<\/p>\n\n\n\n<p class=\"wp-block-paragraph\">\u201cY hay que decirlo con toda claridad: se me cita bajo la simulaci\u00f3n de ser una testigo, pero con la burda finalidad de fabricarme un caso y convertirme en inculpada\u201d, dijo a la salida de las instalaciones del Ministerio P\u00fablico Federal.<\/p>\n\n\n\n<p class=\"wp-block-paragraph\">En su mensaje, Campos Galv\u00e1n dijo que se le acusa por las autoridades federales de dar resultados como gobernadora, combatir el crimen, mediante operativos contra la fabricaci\u00f3n y de drogas y dar resultados a los chihuahuenses.<\/p>\n\n\n\n<p class=\"wp-block-paragraph\">\u201cMientras a una gobernadora que s\u00ed da resultados la persiguen con todo el peso del aparato del Estado, a los funcionarios de Sinaloa acusados de nexos con el narcotr\u00e1fico por autoridades extranjeras que ya piden su extradici\u00f3n, les dan impunidad absoluta\u201d, lament\u00f3 la gobernadora.<\/p>\n\n\n\n<p class=\"wp-block-paragraph\">Dijo que no se va a dejar amedrentar y que continuar\u00e1 trabajando por el bien de las familias de Chihuahua y del pa\u00eds, realizando su trabajo y enfrentando a quienes lamentan que se haya destruido un redituable negocio de drogas sint\u00e9ticas en aquella entidad.<\/p>\n\n\n\n<p class=\"wp-block-paragraph\">\u201cHoy no hablo por m\u00ed, hablo por M\u00e9xico. Hoy persiguen a la gobernadora de un Estado que nunca se ha callado ante las injusticias; y todos, todos tenemos que levantar la voz, porque si callamos, despu\u00e9s vendr\u00e1n por ustedes\u201d, indic\u00f3 Maru Campos, en medio de una ovaci\u00f3n generalizada de los panistas.<\/p>\n\n\n\n<figure class=\"wp-block-image size-large\"><img decoding=\"async\" width=\"1024\" height=\"631\" src=\"https:\/\/www.opinionpublica.tv\/portada\/wp-content\/uploads\/2026\/05\/22Me-quieren-inculpar-con-un-caso-fabricado22-Maru-Campos-asiste-a-FGR-en-CDMX-PAN-anuncia-resistencia-civil2-1024x631.avif\" alt=\"%22me quieren inculpar con un caso fabricado%22 maru campos asiste a fgr en cdmx; pan anuncia resistencia civil2\" class=\"wp-image-86205\" srcset=\"https:\/\/www.opinionpublica.tv\/portada\/wp-content\/uploads\/2026\/05\/22Me-quieren-inculpar-con-un-caso-fabricado22-Maru-Campos-asiste-a-FGR-en-CDMX-PAN-anuncia-resistencia-civil2-1024x631.avif 1024w, https:\/\/www.opinionpublica.tv\/portada\/wp-content\/uploads\/2026\/05\/22Me-quieren-inculpar-con-un-caso-fabricado22-Maru-Campos-asiste-a-FGR-en-CDMX-PAN-anuncia-resistencia-civil2-300x185.avif 300w, https:\/\/www.opinionpublica.tv\/portada\/wp-content\/uploads\/2026\/05\/22Me-quieren-inculpar-con-un-caso-fabricado22-Maru-Campos-asiste-a-FGR-en-CDMX-PAN-anuncia-resistencia-civil2-768x474.avif 768w, https:\/\/www.opinionpublica.tv\/portada\/wp-content\/uploads\/2026\/05\/22Me-quieren-inculpar-con-un-caso-fabricado22-Maru-Campos-asiste-a-FGR-en-CDMX-PAN-anuncia-resistencia-civil2.avif 1080w\" sizes=\"(max-width: 1024px) 100vw, 1024px\" \/><\/figure>\n\n\n\n<p class=\"wp-block-paragraph\">En el escrito dirigido a Julio C\u00e9sar Jaimes Carmona, agente del Ministerio P\u00fablico de la Federaci\u00f3n, Campos Galv\u00e1n, apunta que ella en calidad de testigo no est\u00e1 obligada a declarar \u201cpor hechos por los que se le pueda fincar responsabilidad penal\u201d.<\/p>\n\n\n\n<p class=\"wp-block-paragraph\">Por su parte, el l\u00edder de Acci\u00f3n Nacional, Jorge Romero, inform\u00f3 que en el escrito presentado por la gobernadora se asienta claramente que la mandataria estatal no estaba obligada a presentarse a la citaci\u00f3n por contar con fuero constitucional.<\/p>\n\n\n\n<p class=\"wp-block-paragraph\">\u201cEl oficio de respuesta dice, en resumen, que el citatorio es inv\u00e1lido, pues se convoca en calidad de testigo a una gobernadora en funciones a la que ni siquiera tienen porque molestar\u201d, precis\u00f3 el dirigente panista.<\/p>\n\n\n\n<p class=\"wp-block-paragraph\">Romero Herrera, se\u00f1al\u00f3 que el PAN saldr\u00e1 a las calles a defender a la gobernadora Maru Campos, y de ser necesario realizar\u00e1 actos de resistencia civil.<\/p>\n\n\n\n<p class=\"wp-block-paragraph\"><em>Con informaci\u00f3n de Exc\u00e9lsior<\/em>.<\/p>\n","protected":false},"excerpt":{"rendered":"<p>Ciudad de M\u00e9xico.- La gobernadora de Chihuahua, Mar\u00eda Eugenia Campos, acudi\u00f3 a la delegaci\u00f3n de la Fiscal\u00eda General de la Rep\u00fablica (FGR) en la Ciudad de M\u00e9xico a entregar por escrito su declaraci\u00f3n, requerida por las autoridades federales, en relaci\u00f3n a la presencia de dos agentes de la CIA durante la destrucci\u00f3n de un narco-laboratorio [&hellip;]<\/p>\n","protected":false},"author":6,"featured_media":86204,"comment_status":"closed","ping_status":"closed","sticky":false,"template":"","format":"standard","meta":{"_acf_changed":false,"_monsterinsights_skip_tracking":false,"slim_seo":{"title":"\"Me quieren inculpar con un caso fabricado\": Maru Campos asiste a FGR en CDMX; PAN anuncia resistencia civil - Opini\u00f3n P\u00fablica","description":"Ciudad de M\u00e9xico .- La gobernadora de Chihuahua, Mar\u00eda Eugenia Campos, acudi\u00f3 a la delegaci\u00f3n de la Fiscal\u00eda General de la Rep\u00fablica (FGR) en la Ciudad de M\u00e9xic"},"footnotes":""},"categories":[3],"tags":[1231,3204,496,199,3195],"class_list":["post-86199","post","type-post","status-publish","format-standard","has-post-thumbnail","hentry","category-principal","tag-cdmx","tag-cia-en-chihuahua","tag-fgr","tag-maru-campos","tag-narco-laboratorio-municipio-de-morelos"],"acf":[],"_links":{"self":[{"href":"https:\/\/www.opinionpublica.tv\/portada\/wp-json\/wp\/v2\/posts\/86199","targetHints":{"allow":["GET"]}}],"collection":[{"href":"https:\/\/www.opinionpublica.tv\/portada\/wp-json\/wp\/v2\/posts"}],"about":[{"href":"https:\/\/www.opinionpublica.tv\/portada\/wp-json\/wp\/v2\/types\/post"}],"author":[{"embeddable":true,"href":"https:\/\/www.opinionpublica.tv\/portada\/wp-json\/wp\/v2\/users\/6"}],"replies":[{"embeddable":true,"href":"https:\/\/www.opinionpublica.tv\/portada\/wp-json\/wp\/v2\/comments?post=86199"}],"version-history":[{"count":4,"href":"https:\/\/www.opinionpublica.tv\/portada\/wp-json\/wp\/v2\/posts\/86199\/revisions"}],"predecessor-version":[{"id":86206,"href":"https:\/\/www.opinionpublica.tv\/portada\/wp-json\/wp\/v2\/posts\/86199\/revisions\/86206"}],"wp:featuredmedia":[{"embeddable":true,"href":"https:\/\/www.opinionpublica.tv\/portada\/wp-json\/wp\/v2\/media\/86204"}],"wp:attachment":[{"href":"https:\/\/www.opinionpublica.tv\/portada\/wp-json\/wp\/v2\/media?parent=86199"}],"wp:term":[{"taxonomy":"category","embeddable":true,"href":"https:\/\/www.opinionpublica.tv\/portada\/wp-json\/wp\/v2\/categories?post=86199"},{"taxonomy":"post_tag","embeddable":true,"href":"https:\/\/www.opinionpublica.tv\/portada\/wp-json\/wp\/v2\/tags?post=86199"}],"curies":[{"name":"wp","href":"https:\/\/api.w.org\/{rel}","templated":true}]}}