{"id":86041,"date":"2026-05-25T14:23:28","date_gmt":"2026-05-25T20:23:28","guid":{"rendered":"https:\/\/www.opinionpublica.tv\/portada\/?p=86041"},"modified":"2026-05-25T14:24:10","modified_gmt":"2026-05-25T20:24:10","slug":"exhorta-seguridad-vial-a-conducir-con-precaucion-ante-presencia-de-lluvia-en-juarez","status":"publish","type":"post","link":"https:\/\/www.opinionpublica.tv\/portada\/exhorta-seguridad-vial-a-conducir-con-precaucion-ante-presencia-de-lluvia-en-juarez\/","title":{"rendered":"Exhorta Seguridad Vial a conducir con precauci\u00f3n ante presencia de lluvia en Ju\u00e1rez"},"content":{"rendered":"\n<figure class=\"wp-block-image size-large\"><img fetchpriority=\"high\" decoding=\"async\" width=\"1024\" height=\"682\" src=\"https:\/\/www.opinionpublica.tv\/portada\/wp-content\/uploads\/2026\/05\/Exhorta-Seguridad-Vial-a-conducir-con-precaucion-ante-presencia-de-lluvia-en-Juarez-1024x682.jpeg\" alt=\"Exhorta seguridad vial a conducir con precaucio\u0301n ante presencia de lluvia en jua\u0301rez\" class=\"wp-image-86043\" srcset=\"https:\/\/www.opinionpublica.tv\/portada\/wp-content\/uploads\/2026\/05\/Exhorta-Seguridad-Vial-a-conducir-con-precaucion-ante-presencia-de-lluvia-en-Juarez-1024x682.jpeg 1024w, https:\/\/www.opinionpublica.tv\/portada\/wp-content\/uploads\/2026\/05\/Exhorta-Seguridad-Vial-a-conducir-con-precaucion-ante-presencia-de-lluvia-en-Juarez-300x200.jpeg 300w, https:\/\/www.opinionpublica.tv\/portada\/wp-content\/uploads\/2026\/05\/Exhorta-Seguridad-Vial-a-conducir-con-precaucion-ante-presencia-de-lluvia-en-Juarez-768x512.jpeg 768w, https:\/\/www.opinionpublica.tv\/portada\/wp-content\/uploads\/2026\/05\/Exhorta-Seguridad-Vial-a-conducir-con-precaucion-ante-presencia-de-lluvia-en-Juarez-1536x1023.jpeg 1536w, https:\/\/www.opinionpublica.tv\/portada\/wp-content\/uploads\/2026\/05\/Exhorta-Seguridad-Vial-a-conducir-con-precaucion-ante-presencia-de-lluvia-en-Juarez.jpeg 1600w\" sizes=\"(max-width: 1024px) 100vw, 1024px\" \/><\/figure>\n\n\n\n<p class=\"wp-block-paragraph\"><em>Ciudad Ju\u00e1rez, Chih<\/em>.- Ante la lluvia que se ha registrado en los diversos sectores de la ciudad, la Coordinaci\u00f3n General de Seguridad Vial exhorta a la ciudadan\u00eda a extremar precauciones al transitar por la v\u00eda p\u00fablica y emite las siguientes recomendaciones para evitar accidentes.<\/p>\n\n\n\n<p class=\"wp-block-paragraph\">A los conductores:<\/p>\n\n\n\n<p class=\"wp-block-paragraph\">&#8211; Manejar con cortes\u00eda y respeto a los dem\u00e1s usuarios de la v\u00eda<\/p>\n\n\n\n<p class=\"wp-block-paragraph\">-Encender las luces en caso de poca visibilidad<\/p>\n\n\n\n<p class=\"wp-block-paragraph\">&#8211; Prestar atenci\u00f3n al camino y evitar distracciones<\/p>\n\n\n\n<p class=\"wp-block-paragraph\">&#8211; Mantener una distancia considerable entre veh\u00edculos<\/p>\n\n\n\n<p class=\"wp-block-paragraph\">&#8211; Utilizar el cintur\u00f3n de seguridad<\/p>\n\n\n\n<p class=\"wp-block-paragraph\">&#8211; Frenar con anticipaci\u00f3n para evitar derrapes o choques por alcance<\/p>\n\n\n\n<p class=\"wp-block-paragraph\">&#8211; Realizar alto total en caso de encontrar sem\u00e1foros apagados<\/p>\n\n\n\n<p class=\"wp-block-paragraph\">&#8211; Atender en todo momento las indicaciones de los oficiales de Vialidad<\/p>\n\n\n\n<p class=\"wp-block-paragraph\">A los peatones:<\/p>\n\n\n\n<p class=\"wp-block-paragraph\">&#8211; Observar a ambos lados antes de cruzar la calle<\/p>\n\n\n\n<p class=\"wp-block-paragraph\">&#8211; Utilizar esquinas, cruces y puentes peatonales<\/p>\n\n\n\n<p class=\"wp-block-paragraph\">&#8211; Evitar cruzar entre veh\u00edculos<\/p>\n\n\n\n<p class=\"wp-block-paragraph\">&#8211; Seguir las indicaciones de los agentes de vialidad<\/p>\n\n\n\n<p class=\"wp-block-paragraph\">En caso de requerir el apoyo de las unidades y gr\u00faas de Auxilio Vial, se puede solicitar directamente al 656-825-3560.<\/p>\n","protected":false},"excerpt":{"rendered":"<p>Ciudad Ju\u00e1rez, Chih.- Ante la lluvia que se ha registrado en los diversos sectores de la ciudad, la Coordinaci\u00f3n General de Seguridad Vial exhorta a la ciudadan\u00eda a extremar precauciones al transitar por la v\u00eda p\u00fablica y emite las siguientes recomendaciones para evitar accidentes. A los conductores: &#8211; Manejar con cortes\u00eda y respeto a los [&hellip;]<\/p>\n","protected":false},"author":6,"featured_media":86043,"comment_status":"closed","ping_status":"closed","sticky":false,"template":"","format":"standard","meta":{"_acf_changed":false,"_monsterinsights_skip_tracking":false,"slim_seo":{"title":"Exhorta Seguridad Vial a conducir con precauci\u00f3n ante presencia de lluvia en Ju\u00e1rez - Opini\u00f3n P\u00fablica","description":"Ciudad Ju\u00e1rez, Chih .- Ante la lluvia que se ha registrado en los diversos sectores de la ciudad, la Coordinaci\u00f3n General de Seguridad Vial exhorta a la ciudada"},"footnotes":""},"categories":[41],"tags":[1017,608,1016,1624,1041],"class_list":["post-86041","post","type-post","status-publish","format-standard","has-post-thumbnail","hentry","category-juarez","tag-alerta-preventiva","tag-ciudad-juarez","tag-lluvias","tag-precauciones","tag-seguridad-vial"],"acf":[],"_links":{"self":[{"href":"https:\/\/www.opinionpublica.tv\/portada\/wp-json\/wp\/v2\/posts\/86041","targetHints":{"allow":["GET"]}}],"collection":[{"href":"https:\/\/www.opinionpublica.tv\/portada\/wp-json\/wp\/v2\/posts"}],"about":[{"href":"https:\/\/www.opinionpublica.tv\/portada\/wp-json\/wp\/v2\/types\/post"}],"author":[{"embeddable":true,"href":"https:\/\/www.opinionpublica.tv\/portada\/wp-json\/wp\/v2\/users\/6"}],"replies":[{"embeddable":true,"href":"https:\/\/www.opinionpublica.tv\/portada\/wp-json\/wp\/v2\/comments?post=86041"}],"version-history":[{"count":2,"href":"https:\/\/www.opinionpublica.tv\/portada\/wp-json\/wp\/v2\/posts\/86041\/revisions"}],"predecessor-version":[{"id":86044,"href":"https:\/\/www.opinionpublica.tv\/portada\/wp-json\/wp\/v2\/posts\/86041\/revisions\/86044"}],"wp:featuredmedia":[{"embeddable":true,"href":"https:\/\/www.opinionpublica.tv\/portada\/wp-json\/wp\/v2\/media\/86043"}],"wp:attachment":[{"href":"https:\/\/www.opinionpublica.tv\/portada\/wp-json\/wp\/v2\/media?parent=86041"}],"wp:term":[{"taxonomy":"category","embeddable":true,"href":"https:\/\/www.opinionpublica.tv\/portada\/wp-json\/wp\/v2\/categories?post=86041"},{"taxonomy":"post_tag","embeddable":true,"href":"https:\/\/www.opinionpublica.tv\/portada\/wp-json\/wp\/v2\/tags?post=86041"}],"curies":[{"name":"wp","href":"https:\/\/api.w.org\/{rel}","templated":true}]}}