{"id":85923,"date":"2026-05-24T00:01:00","date_gmt":"2026-05-24T06:01:00","guid":{"rendered":"https:\/\/www.opinionpublica.tv\/portada\/?p=85923"},"modified":"2026-05-23T21:48:38","modified_gmt":"2026-05-24T03:48:38","slug":"efemerides-24-de-mayo-un-dia-como-hoy-en-la-historia-2","status":"publish","type":"post","link":"https:\/\/www.opinionpublica.tv\/portada\/efemerides-24-de-mayo-un-dia-como-hoy-en-la-historia-2\/","title":{"rendered":"Efem\u00e9rides 24 de mayo | Un d\u00eda como hoy en la historia&#8230;"},"content":{"rendered":"\n<p class=\"wp-block-paragraph\"><em>Un d\u00eda 24 de mayo como hoy, pero de 2002, el presidente estadounidense, George W. Bush, y el presidente ruso, Vlad\u00edmir Putin, firman en Mosc\u00fa el Tratado sobre Reducciones Ofensivas Estrat\u00e9gicas, para facilitar la destrucci\u00f3n o almacenamiento de dos tercios de las cabezas nucleares<\/em>.<\/p>\n\n\n\n<figure class=\"wp-block-image size-large\"><img fetchpriority=\"high\" decoding=\"async\" width=\"1024\" height=\"455\" src=\"https:\/\/www.opinionpublica.tv\/portada\/wp-content\/uploads\/2026\/05\/2002-el-presidente-estadounidense-George-W.-Bush-y-el-presidente-ruso-Vladimir-Putin-firman-en-Moscu-el-Tratado-sobre-Reducciones-Ofensivas-Estrategicas-1024x455.jpg\" alt=\"2002, el presidente estadounidense, george w. bush, y el presidente ruso, vladi\u0301mir putin, firman en moscu\u0301 el tratado sobre reducciones ofensivas estrate\u0301gicas\" class=\"wp-image-85924\" srcset=\"https:\/\/www.opinionpublica.tv\/portada\/wp-content\/uploads\/2026\/05\/2002-el-presidente-estadounidense-George-W.-Bush-y-el-presidente-ruso-Vladimir-Putin-firman-en-Moscu-el-Tratado-sobre-Reducciones-Ofensivas-Estrategicas-1024x455.jpg 1024w, https:\/\/www.opinionpublica.tv\/portada\/wp-content\/uploads\/2026\/05\/2002-el-presidente-estadounidense-George-W.-Bush-y-el-presidente-ruso-Vladimir-Putin-firman-en-Moscu-el-Tratado-sobre-Reducciones-Ofensivas-Estrategicas-300x133.jpg 300w, https:\/\/www.opinionpublica.tv\/portada\/wp-content\/uploads\/2026\/05\/2002-el-presidente-estadounidense-George-W.-Bush-y-el-presidente-ruso-Vladimir-Putin-firman-en-Moscu-el-Tratado-sobre-Reducciones-Ofensivas-Estrategicas-768x342.jpg 768w, https:\/\/www.opinionpublica.tv\/portada\/wp-content\/uploads\/2026\/05\/2002-el-presidente-estadounidense-George-W.-Bush-y-el-presidente-ruso-Vladimir-Putin-firman-en-Moscu-el-Tratado-sobre-Reducciones-Ofensivas-Estrategicas.jpg 1104w\" sizes=\"(max-width: 1024px) 100vw, 1024px\" \/><\/figure>\n\n\n\n<p class=\"wp-block-paragraph\"><strong>Otras efem\u00e9rides<\/strong><\/p>\n\n\n\n<p class=\"wp-block-paragraph\">1778.- Francia declara la guerra a Inglaterra, tras ganar Benjam\u00edn Franklin la causa de las colonias norteamericanas.<\/p>\n\n\n\n<p class=\"wp-block-paragraph\">1819.- Zarpa de Nueva York el buque \u00abSavannah\u00bb, primer barco de vapor que atraviesa el Atl\u00e1ntico norte.<\/p>\n\n\n\n<p class=\"wp-block-paragraph\">1822.- El mariscal Antonio Jos\u00e9 de Sucre vence a los espa\u00f1oles en la batalla de Pichincha, con lo que Ecuador obtiene la independencia y se incorpora a la Gran Colombia, que ya comprend\u00eda Venezuela y Nueva Granada.<\/p>\n\n\n\n<p class=\"wp-block-paragraph\">1839.- Argentina y Gran Breta\u00f1a firman en Buenos Aires un tratado para la abolici\u00f3n total del tr\u00e1fico de esclavos.<\/p>\n\n\n\n<p class=\"wp-block-paragraph\">1844.- Morse emite el primer mensaje telegr\u00e1fico desde el Capitolio de Washington a la ciudad de Baltimore.<\/p>\n\n\n\n<p class=\"wp-block-paragraph\">1866.- Batalla de Tuyuy\u00fa, de la guerra entre la alianza formada por Brasil, Argentina y Uruguay contra Paraguay, que dej\u00f3 en el campo cerca de 16.000 hombres, entre muertos y heridos graves.<\/p>\n\n\n\n<p class=\"wp-block-paragraph\">1883.- Inauguraci\u00f3n oficial del puente de Brooklyn, en Nueva York, primero construido con cables de acero, de John y Washington Roebling.<\/p>\n\n\n\n<p class=\"wp-block-paragraph\">1926.- La erupci\u00f3n del volc\u00e1n Tokachi (Jap\u00f3n) causa la muerte a m\u00e1s de dos mil personas y graves da\u00f1os materiales.<\/p>\n\n\n\n<p class=\"wp-block-paragraph\">1926.- Los aviadores argentinos Duggan y Olivero inician el vuelo Nueva York-Buenos Aires.<\/p>\n\n\n\n<p class=\"wp-block-paragraph\">1934.- Se firma en R\u00edo de Janeiro el acuerdo de paz que puso fin al conflicto armado entre Colombia y Per\u00fa iniciado en febrero del a\u00f1o anterior por desacuerdos en los l\u00edmites fronterizos.<\/p>\n\n\n\n<p class=\"wp-block-paragraph\">1940.- Un terremoto destruye gran parte del puerto peruano de El Callao y afecta tambi\u00e9n a Lima.<\/p>\n\n\n\n<p class=\"wp-block-paragraph\">1941.- Segunda Guerra Mundial: El acorazado alem\u00e1n \u00abBismarck\u00bb hunde al brit\u00e1nico \u00abHood\u00bb.<\/p>\n\n\n\n<p class=\"wp-block-paragraph\">1964.- Mueren 320 personas y otras 800 resultan heridas en Lima tras los incidentes ocurridos por la anulaci\u00f3n de un gol a Per\u00fa durante el encuentro de f\u00fatbol con la selecci\u00f3n Argentina.<\/p>\n\n\n\n<p class=\"wp-block-paragraph\">1965.- El Reino Unido adopta el sistema m\u00e9trico decimal.<\/p>\n\n\n\n<p class=\"wp-block-paragraph\">1981.- Muere en accidente de aviaci\u00f3n el presidente de Ecuador, Jaime Rold\u00f3s Aguilera.<\/p>\n\n\n\n<p class=\"wp-block-paragraph\">1985.- Un cicl\u00f3n causa la muerte de 40 mil personas en Bangladesh y decenas de miles de desaparecidos.<\/p>\n\n\n\n<p class=\"wp-block-paragraph\">1989.- El Parlamento Europeo aprueba la directiva sobre la televisi\u00f3n sin fronteras.<\/p>\n\n\n\n<p class=\"wp-block-paragraph\">1993.- Eritrea declara su independencia y se convierte en el quincuag\u00e9simo segundo Estado libre de \u00c1frica.<\/p>\n\n\n\n<p class=\"wp-block-paragraph\">1995.- Hist\u00f3rico primer encuentro en Washington del ministro brit\u00e1nico para Irlanda del Norte, Patrick Mayhew, y el l\u00edder del Sinn Fein -brazo pol\u00edtico del IRA-, Gerry Adams.<\/p>\n\n\n\n<p class=\"wp-block-paragraph\">2000.- Israel culmina la retirada de sus tropas del sur del L\u00edbano tras 22 a\u00f1os de ocupaci\u00f3n.<\/p>\n\n\n\n<p class=\"wp-block-paragraph\">2010.- La abogada de origen indio Kamla Persad-Bissessar gana las elecciones y se convierte en la primera mujer en ocupar el cargo de Primer Ministro de Trinidad y Tobago.<\/p>\n\n\n\n<p class=\"wp-block-paragraph\">2013.- El ex presidente guatemalteco Alfonso Portillo es extraditado a EEUU para ser juzgado.<\/p>\n\n\n\n<p class=\"wp-block-paragraph\">2014.- Jacob Zuma es investido presidente de Sud\u00e1frica.<\/p>\n\n\n\n<p class=\"wp-block-paragraph\">2014.- Las rep\u00fablicas populares de Donetsk y Lugansk se unifican bajo el nombre de Novoross\u00eda (Nueva Rusia).<\/p>\n\n\n\n<p class=\"wp-block-paragraph\">2015.- Andrzej Duda gana las elecciones presidenciales en Polonia.<\/p>\n\n\n\n<p class=\"wp-block-paragraph\">2017.- La Corte Suprema de Taiw\u00e1n respalda el matrimonio homosexual, lo que convertir\u00e1 a la isla en el primer lugar de Asia en permitirlo.<\/p>\n\n\n\n<p class=\"wp-block-paragraph\">2017.- Len\u00edn Moreno jura el cargo como presidente de Ecuador para el per\u00edodo 2017-2021.<\/p>\n\n\n\n<p class=\"wp-block-paragraph\">2019.- La primera ministra brit\u00e1nica, Theresa May, anuncia su dimisi\u00f3n, que har\u00e1 efectiva el 7 de junio.<\/p>\n\n\n\n<p class=\"wp-block-paragraph\">2019.- Al menos 29 personas fallecen y otras 19 resultan heridas durante un mot\u00edn carcelario en el estado venezolano de Portuguesa.<\/p>\n\n\n\n<p class=\"wp-block-paragraph\">2020.- Benjam\u00edn Netanyahu, primer ministro israel\u00ed, se sienta en el banquillo por delitos de corrupci\u00f3n.<\/p>\n\n\n\n<p class=\"wp-block-paragraph\">2021.- La Uni\u00f3n Europea cierra el espacio a\u00e9reo con Bielorrusia tras el arresto del periodista Rom\u00e1n Protasevich.<\/p>\n\n\n\n<p class=\"wp-block-paragraph\">2021.- Mueren 16 personas en un atentado de la banda terrorista Sendero Luminoso en la provincia de Satipo, en la selva central de Per\u00fa.<\/p>\n\n\n\n<p class=\"wp-block-paragraph\">2022.- Mueren 14 ni\u00f1os, un profesor y el agresor en un tiroteo en el colegio de primaria de la localidad de Uvalde (Texas, EE.UU.).<\/p>\n\n\n\n<p class=\"wp-block-paragraph\">2022.- Una operaci\u00f3n para capturar narcos deja 21 muertos en una favela de R\u00edo de Janeiro, en Brasil.<\/p>\n\n\n\n<p class=\"wp-block-paragraph\">2023.- Cient\u00edficos suizos y franceses logran que un parapl\u00e9jico vuelva a caminar mediante la primera conexi\u00f3n o interfaz hombre-m\u00e1quina entrenada con inteligencia artificial.<\/p>\n\n\n\n<p class=\"wp-block-paragraph\"><strong>Nacimientos<\/strong><\/p>\n\n\n\n<p class=\"wp-block-paragraph\">1686.- Daniel Gabriel Fahrenheit, f\u00edsico alem\u00e1n.<\/p>\n\n\n\n<p class=\"wp-block-paragraph\">1743.- Jean-Paul Marat, dirigente de la Revoluci\u00f3n Francesa.<\/p>\n\n\n\n<p class=\"wp-block-paragraph\">1819.- Victoria I, reina de Inglaterra y emperatriz de la India.<\/p>\n\n\n\n<p class=\"wp-block-paragraph\">1928.- Jacobo Zabludovsky, periodista mexicano.<\/p>\n\n\n\n<p class=\"wp-block-paragraph\">1941.- Bob Dylan, cantautor estadounidense.<\/p>\n\n\n\n<p class=\"wp-block-paragraph\">1949.- Ricardo Franco, director espa\u00f1ol de cine.<\/p>\n\n\n\n<p class=\"wp-block-paragraph\">1965.- John Christopher Reilly, actor estadounidense.<\/p>\n\n\n\n<p class=\"wp-block-paragraph\"><strong>Defunciones<\/strong><\/p>\n\n\n\n<p class=\"wp-block-paragraph\">1543.- Nicolaus Cop\u00e9rnico, astr\u00f3nomo polaco.<\/p>\n\n\n\n<p class=\"wp-block-paragraph\">1919.- Amado Nervo, poeta y diplom\u00e1tico mexicano.<\/p>\n\n\n\n<p class=\"wp-block-paragraph\">1995.- Harold Wilson, pol\u00edtico brit\u00e1nico.<\/p>\n\n\n\n<p class=\"wp-block-paragraph\">1996.- Alexander Langsdorf, f\u00edsico EEUU y uno de los \u00abpadres\u00bb de la bomba at\u00f3mica.<\/p>\n\n\n\n<p class=\"wp-block-paragraph\">2008.- Dick Martin, c\u00f3mico estadounidense.<\/p>\n\n\n\n<p class=\"wp-block-paragraph\">2016.- Oswaldo Reynoso, escritor peruano.<\/p>\n\n\n\n<p class=\"wp-block-paragraph\">2017.- Alexandr Burdonski, director de teatro ruso y nieto del dictador I\u00f3sif Stalin.<\/p>\n\n\n\n<p class=\"wp-block-paragraph\">2017.- Jacinto Gimbernard Pellerano, m\u00fasico y escritor dominicano.<\/p>\n\n\n\n<p class=\"wp-block-paragraph\">2019.- Murray Gell-Mann, f\u00edsico estadounidense descubridor de la part\u00edcula quark.<\/p>\n\n\n\n<p class=\"wp-block-paragraph\">2020.- Jimmhy Cobb, baterista de jazz estadounidense.<\/p>\n\n\n\n<p class=\"wp-block-paragraph\">2021.- Samuel E. Wright, cantante estadounidense.<\/p>\n\n\n\n<p class=\"wp-block-paragraph\">2022.- B\u00e1rbara Allende Gil de Biedma, \u00abOuka Leele\u00bb, fot\u00f3grafa y pintora espa\u00f1ola.<\/p>\n\n\n\n<p class=\"wp-block-paragraph\">2023.- Tina Turner, cantante estadounidense.<\/p>\n\n\n\n<p class=\"wp-block-paragraph\">2023.- Bill Lee, m\u00fasico estadounidense.<\/p>\n\n\n\n<p class=\"wp-block-paragraph\">2023.- George Maharis, actor estadounidense.<\/p>\n","protected":false},"excerpt":{"rendered":"<p>Un d\u00eda 24 de mayo como hoy, pero de 2002, el presidente estadounidense, George W. Bush, y el presidente ruso, Vlad\u00edmir Putin, firman en Mosc\u00fa el Tratado sobre Reducciones Ofensivas Estrat\u00e9gicas, para facilitar la destrucci\u00f3n o almacenamiento de dos tercios de las cabezas nucleares. Otras efem\u00e9rides 1778.- Francia declara la guerra a Inglaterra, tras ganar [&hellip;]<\/p>\n","protected":false},"author":6,"featured_media":85924,"comment_status":"closed","ping_status":"closed","sticky":false,"template":"","format":"standard","meta":{"_acf_changed":false,"_monsterinsights_skip_tracking":false,"slim_seo":{"title":"Efem\u00e9rides 24 de mayo | Un d\u00eda como hoy en la historia... - Opini\u00f3n P\u00fablica","description":"Un d\u00eda 24 de mayo como hoy, pero de 2002, el presidente estadounidense, George W. Bush, y el presidente ruso, Vlad\u00edmir Putin, firman en Mosc\u00fa el Tratado sobre R"},"footnotes":""},"categories":[27],"tags":[3502,3383,477],"class_list":["post-85923","post","type-post","status-publish","format-standard","has-post-thumbnail","hentry","category-un-dia-como-hoy","tag-efemerides-24-de-mayo","tag-george-w-bush","tag-vladimir-putin"],"acf":[],"_links":{"self":[{"href":"https:\/\/www.opinionpublica.tv\/portada\/wp-json\/wp\/v2\/posts\/85923","targetHints":{"allow":["GET"]}}],"collection":[{"href":"https:\/\/www.opinionpublica.tv\/portada\/wp-json\/wp\/v2\/posts"}],"about":[{"href":"https:\/\/www.opinionpublica.tv\/portada\/wp-json\/wp\/v2\/types\/post"}],"author":[{"embeddable":true,"href":"https:\/\/www.opinionpublica.tv\/portada\/wp-json\/wp\/v2\/users\/6"}],"replies":[{"embeddable":true,"href":"https:\/\/www.opinionpublica.tv\/portada\/wp-json\/wp\/v2\/comments?post=85923"}],"version-history":[{"count":2,"href":"https:\/\/www.opinionpublica.tv\/portada\/wp-json\/wp\/v2\/posts\/85923\/revisions"}],"predecessor-version":[{"id":85928,"href":"https:\/\/www.opinionpublica.tv\/portada\/wp-json\/wp\/v2\/posts\/85923\/revisions\/85928"}],"wp:featuredmedia":[{"embeddable":true,"href":"https:\/\/www.opinionpublica.tv\/portada\/wp-json\/wp\/v2\/media\/85924"}],"wp:attachment":[{"href":"https:\/\/www.opinionpublica.tv\/portada\/wp-json\/wp\/v2\/media?parent=85923"}],"wp:term":[{"taxonomy":"category","embeddable":true,"href":"https:\/\/www.opinionpublica.tv\/portada\/wp-json\/wp\/v2\/categories?post=85923"},{"taxonomy":"post_tag","embeddable":true,"href":"https:\/\/www.opinionpublica.tv\/portada\/wp-json\/wp\/v2\/tags?post=85923"}],"curies":[{"name":"wp","href":"https:\/\/api.w.org\/{rel}","templated":true}]}}