{"id":85844,"date":"2026-05-24T00:01:00","date_gmt":"2026-05-24T06:01:00","guid":{"rendered":"https:\/\/www.opinionpublica.tv\/portada\/?p=85844"},"modified":"2026-05-22T17:47:41","modified_gmt":"2026-05-22T23:47:41","slug":"acaparo-morena-la-cobertura-en-medios-a-nivel-nacional-con-40-durante-abril","status":"publish","type":"post","link":"https:\/\/www.opinionpublica.tv\/portada\/acaparo-morena-la-cobertura-en-medios-a-nivel-nacional-con-40-durante-abril\/","title":{"rendered":"Acapar\u00f3 Morena la cobertura en medios a nivel nacional durante abril con el 40%"},"content":{"rendered":"\n<figure class=\"wp-block-image size-large\"><img fetchpriority=\"high\" decoding=\"async\" width=\"1024\" height=\"633\" src=\"https:\/\/www.opinionpublica.tv\/portada\/wp-content\/uploads\/2026\/05\/Acaparo-Morena-la-cobertura-en-medios-a-nivel-nacional-durante-abril-con-el-40-1024x633.avif\" alt=\"Acaparo\u0301 morena la cobertura en medios a nivel nacional durante abril con el 40%\" class=\"wp-image-85848\" srcset=\"https:\/\/www.opinionpublica.tv\/portada\/wp-content\/uploads\/2026\/05\/Acaparo-Morena-la-cobertura-en-medios-a-nivel-nacional-durante-abril-con-el-40-1024x633.avif 1024w, https:\/\/www.opinionpublica.tv\/portada\/wp-content\/uploads\/2026\/05\/Acaparo-Morena-la-cobertura-en-medios-a-nivel-nacional-durante-abril-con-el-40-300x185.avif 300w, https:\/\/www.opinionpublica.tv\/portada\/wp-content\/uploads\/2026\/05\/Acaparo-Morena-la-cobertura-en-medios-a-nivel-nacional-durante-abril-con-el-40-768x474.avif 768w, https:\/\/www.opinionpublica.tv\/portada\/wp-content\/uploads\/2026\/05\/Acaparo-Morena-la-cobertura-en-medios-a-nivel-nacional-durante-abril-con-el-40.avif 1078w\" sizes=\"(max-width: 1024px) 100vw, 1024px\" \/><\/figure>\n\n\n\n<p class=\"wp-block-paragraph\">En abril de 2026, Morena concentr\u00f3 40% de toda la cobertura medi\u00e1tica nacional relacionada con partidos pol\u00edticos. Ninguna otra fuerza pol\u00edtica se acerc\u00f3 siquiera a ese nivel de exposici\u00f3n: el PAN registr\u00f3 23% de la cobertura; Movimiento Ciudadano, 17%; PRI, 12%; PT, 6%, y el PVEM, apenas 2%.<\/p>\n\n\n\n<p class=\"wp-block-paragraph\">Los datos de ARMA reflejan un sistema pol\u00edtico cuya conversaci\u00f3n p\u00fablica gira alrededor de Morena. Hoy, en M\u00e9xico, incluso cuando la oposici\u00f3n intenta posicionarse, buena parte de la discusi\u00f3n termina inevitablemente vinculada al partido gobernante.<\/p>\n\n\n\n<p class=\"wp-block-paragraph\">ARMA partidos pol\u00edticos comenzar\u00e1 a publicarse mensualmente en el peri\u00f3dico El Universal, con el objetivo de medir y analizar c\u00f3mo se construye la reputaci\u00f3n medi\u00e1tica de los principales partidos pol\u00edticos del pa\u00eds.<\/p>\n\n\n\n<p class=\"wp-block-paragraph\">La centralidad medi\u00e1tica de Morena tuvo varios detonantes durante abril. Destac\u00f3 el relevo en la presidencia del partido y el nuevo protagonismo de Ariadna Montiel y Citlalli Hern\u00e1ndez dentro del movimiento, as\u00ed como el costo pol\u00edtico derivado del caso Rocha Moya, que se convirti\u00f3 en el segundo tema m\u00e1s medi\u00e1tico relacionado con Morena durante el mes.<\/p>\n\n\n\n<p class=\"wp-block-paragraph\">A ello se sum\u00f3 el impacto pol\u00edtico del rompimiento de la alianza en San Luis Potos\u00ed, uno de los episodios m\u00e1s relevantes de abril por las implicaciones que podr\u00eda tener rumbo a 2027.<\/p>\n\n\n\n<p class=\"wp-block-paragraph\">La centralidad medi\u00e1tica tambi\u00e9n tiene costos. Morena no s\u00f3lo concentr\u00f3 la conversaci\u00f3n p\u00fablica nacional, sino tambi\u00e9n el mayor nivel de desgaste reputacional entre todos los partidos analizados: 47% de su cobertura fue negativa, mientras que \u00fanicamente 27% fue positiva y 26% neutral.<\/p>\n\n\n\n<p class=\"wp-block-paragraph\">El PAN registr\u00f3 43% de cobertura positiva, 36% neutral y 21% negativa. Sin embargo, m\u00e1s de la mitad de su cobertura \u201451%\u2014 estuvo relacionada con Morena, Claudia Sheinbaum o temas asociados al oficialismo.<\/p>\n\n\n\n<p class=\"wp-block-paragraph\">Entre los temas con mayor impacto destacaron cuestionamientos sobre seguridad, el caso Rocha Moya, acusaciones de uso pol\u00edtico de programas sociales y tensiones relacionadas con gobernabilidad e instituciones electorales.<\/p>\n\n\n\n<p class=\"wp-block-paragraph\">Las figuras panistas con mayor presencia medi\u00e1tica fueron Jorge Romero, Ricardo Anaya y Alessandra Rojo de la Vega.<\/p>\n\n\n\n<p class=\"wp-block-paragraph\">Jorge Romero y Ricardo Anaya encabezaron buena parte de la narrativa opositora contra Morena, mientras que Alessandra Rojo de la Vega elev\u00f3 significativamente su exposici\u00f3n medi\u00e1tica a partir de la confrontaci\u00f3n pol\u00edtica que mantiene con sectores del oficialismo.<\/p>\n\n\n\n<p class=\"wp-block-paragraph\">Movimiento Ciudadano registr\u00f3 apenas 3% de cobertura negativa, mientras que 38% result\u00f3 positiva y 59% neutral. A diferencia del PAN y el PRI, MC mantuvo una narrativa menos confrontativa y m\u00e1s enfocada en posicionarse como alternativa pol\u00edtica.<\/p>\n\n\n\n<p class=\"wp-block-paragraph\">El Partido Verde vivi\u00f3 uno de los momentos pol\u00edticamente m\u00e1s delicados del mes con el rompimiento de la alianza en San Luis Potos\u00ed. Aunque decidi\u00f3 competir s\u00f3lo en lo local, Manuel Velasco insisti\u00f3 p\u00fablicamente en que la alianza nacional con Morena contin\u00faa firme. Paralelamente, comenzaron a perfilarse nombres rumbo a futuras gubernaturas, entre ellos Ra\u00fal Bola\u00f1os (Oaxaca), Jes\u00fas Sesma (CDMX) y Ruth Gonz\u00e1lez (SLP), entre otros perfiles que comienzan a construir liderazgos regionales propios.<\/p>\n\n\n\n<p class=\"wp-block-paragraph\">En el caso del PT, destac\u00f3 la ofensiva pol\u00edtica contra la gobernadora de Chihuahua, Maru Campos, un tema que impuls\u00f3 buena parte de su conversaci\u00f3n medi\u00e1tica durante abril.<\/p>\n\n\n\n<p class=\"wp-block-paragraph\">El partido tambi\u00e9n mantuvo presencia alrededor de las discusiones sobre alianzas rumbo a 2027 y la configuraci\u00f3n interna de la coalici\u00f3n gobernante.<\/p>\n\n\n\n<p class=\"wp-block-paragraph\">El PRI registr\u00f3 35% de cobertura negativa frente a 31% positiva y 34% neutral. Contin\u00faa enfrentando dificultades para construir una narrativa competitiva frente a Morena y ante el crecimiento medi\u00e1tico de Movimiento Ciudadano.<\/p>\n\n\n\n<p class=\"wp-block-paragraph\">Los datos de abril muestran un sistema pol\u00edtico cada vez m\u00e1s concentrado alrededor de Morena. El oficialismo domina la conversaci\u00f3n p\u00fablica nacional, mientras el resto de las fuerzas pol\u00edticas contin\u00faa reaccionando, confrontando o posicion\u00e1ndose frente a \u00e9l.<\/p>\n\n\n\n<p class=\"wp-block-paragraph\"><em>Con informaci\u00f3n de El Universal<\/em>.<\/p>\n","protected":false},"excerpt":{"rendered":"<p>En abril de 2026, Morena concentr\u00f3 40% de toda la cobertura medi\u00e1tica nacional relacionada con partidos pol\u00edticos. Ninguna otra fuerza pol\u00edtica se acerc\u00f3 siquiera a ese nivel de exposici\u00f3n: el PAN registr\u00f3 23% de la cobertura; Movimiento Ciudadano, 17%; PRI, 12%; PT, 6%, y el PVEM, apenas 2%. Los datos de ARMA reflejan un sistema [&hellip;]<\/p>\n","protected":false},"author":6,"featured_media":85848,"comment_status":"closed","ping_status":"closed","sticky":false,"template":"","format":"standard","meta":{"_acf_changed":false,"_monsterinsights_skip_tracking":false,"slim_seo":{"title":"Acapar\u00f3 Morena la cobertura en medios a nivel nacional durante abril con el 40% - Opini\u00f3n P\u00fablica","description":"En abril de 2026, Morena concentr\u00f3 40% de toda la cobertura medi\u00e1tica nacional relacionada con partidos pol\u00edticos. Ninguna otra fuerza pol\u00edtica se acerc\u00f3 siquie"},"footnotes":""},"categories":[4],"tags":[3484,85],"class_list":["post-85844","post","type-post","status-publish","format-standard","has-post-thumbnail","hentry","category-pulsopolitico","tag-cobertura-mediatica","tag-morena"],"acf":[],"_links":{"self":[{"href":"https:\/\/www.opinionpublica.tv\/portada\/wp-json\/wp\/v2\/posts\/85844","targetHints":{"allow":["GET"]}}],"collection":[{"href":"https:\/\/www.opinionpublica.tv\/portada\/wp-json\/wp\/v2\/posts"}],"about":[{"href":"https:\/\/www.opinionpublica.tv\/portada\/wp-json\/wp\/v2\/types\/post"}],"author":[{"embeddable":true,"href":"https:\/\/www.opinionpublica.tv\/portada\/wp-json\/wp\/v2\/users\/6"}],"replies":[{"embeddable":true,"href":"https:\/\/www.opinionpublica.tv\/portada\/wp-json\/wp\/v2\/comments?post=85844"}],"version-history":[{"count":3,"href":"https:\/\/www.opinionpublica.tv\/portada\/wp-json\/wp\/v2\/posts\/85844\/revisions"}],"predecessor-version":[{"id":85849,"href":"https:\/\/www.opinionpublica.tv\/portada\/wp-json\/wp\/v2\/posts\/85844\/revisions\/85849"}],"wp:featuredmedia":[{"embeddable":true,"href":"https:\/\/www.opinionpublica.tv\/portada\/wp-json\/wp\/v2\/media\/85848"}],"wp:attachment":[{"href":"https:\/\/www.opinionpublica.tv\/portada\/wp-json\/wp\/v2\/media?parent=85844"}],"wp:term":[{"taxonomy":"category","embeddable":true,"href":"https:\/\/www.opinionpublica.tv\/portada\/wp-json\/wp\/v2\/categories?post=85844"},{"taxonomy":"post_tag","embeddable":true,"href":"https:\/\/www.opinionpublica.tv\/portada\/wp-json\/wp\/v2\/tags?post=85844"}],"curies":[{"name":"wp","href":"https:\/\/api.w.org\/{rel}","templated":true}]}}