{"id":85824,"date":"2026-05-23T00:01:00","date_gmt":"2026-05-23T06:01:00","guid":{"rendered":"https:\/\/www.opinionpublica.tv\/portada\/?p=85824"},"modified":"2026-05-22T13:47:55","modified_gmt":"2026-05-22T19:47:55","slug":"el-libro-de-la-semana-la-maletita-azul-autora-maria-de-lourdes-victoria","status":"publish","type":"post","link":"https:\/\/www.opinionpublica.tv\/portada\/el-libro-de-la-semana-la-maletita-azul-autora-maria-de-lourdes-victoria\/","title":{"rendered":"El libro de la semana: La Maletita Azul | Autora: Mar\u00eda de Lourdes Victoria"},"content":{"rendered":"\n<figure class=\"wp-block-image size-large\"><img fetchpriority=\"high\" decoding=\"async\" width=\"668\" height=\"1024\" src=\"https:\/\/www.opinionpublica.tv\/portada\/wp-content\/uploads\/2026\/05\/El-libro-de-la-semana-La-Maletita-Azul-Autora-Maria-de-Lourdes-Victoria-668x1024.jpg\" alt=\"El libro de la semana la maletita azul | autora mari\u0301a de lourdes victoria\" class=\"wp-image-85826\" srcset=\"https:\/\/www.opinionpublica.tv\/portada\/wp-content\/uploads\/2026\/05\/El-libro-de-la-semana-La-Maletita-Azul-Autora-Maria-de-Lourdes-Victoria-668x1024.jpg 668w, https:\/\/www.opinionpublica.tv\/portada\/wp-content\/uploads\/2026\/05\/El-libro-de-la-semana-La-Maletita-Azul-Autora-Maria-de-Lourdes-Victoria-196x300.jpg 196w, https:\/\/www.opinionpublica.tv\/portada\/wp-content\/uploads\/2026\/05\/El-libro-de-la-semana-La-Maletita-Azul-Autora-Maria-de-Lourdes-Victoria-768x1178.jpg 768w, https:\/\/www.opinionpublica.tv\/portada\/wp-content\/uploads\/2026\/05\/El-libro-de-la-semana-La-Maletita-Azul-Autora-Maria-de-Lourdes-Victoria.jpg 978w\" sizes=\"(max-width: 668px) 100vw, 668px\" \/><\/figure>\n\n\n\n<p class=\"wp-block-paragraph\">Un adi\u00f3s forzado. Un amor inquebrantable. Un destino marcado por la guerra. Barcelona, 1937. En medio del caos de la Guerra Civil Espa\u00f1ola, Pere Roda toma una decisi\u00f3n que lo perseguir\u00e1 toda la vida: env\u00eda a sus tres hijas a M\u00e9xico convencido de que as\u00ed las salvar\u00e1 del hambre y la guerra. Pere oculta su decisi\u00f3n a Celia, la madre de las ni\u00f1as, sabiendo que ella preferir\u00eda cualquier cosa antes de apartarse de ellas.<\/p>\n\n\n\n<p class=\"wp-block-paragraph\">Las tres hermanas viajan junto con m\u00e1s de quinientos ni\u00f1os refugiados hacia el otro lado del oc\u00e9ano, donde enfrentar\u00e1n los crueles desaf\u00edos del exilio: la separaci\u00f3n de los padres, la p\u00e9rdida de la identidad y el miedo constante de no saber qu\u00e9 les deparar\u00e1 el futuro.<\/p>\n\n\n\n<p class=\"wp-block-paragraph\">Mientras la distancia entre la familia crece y el tiempo avanza, Pere desaparece por completo de la vida de Celia, y ella, sin conocer la verdad, comienza la b\u00fasqueda incansable de sus hijas, temiendo siempre lo peor: que hayan perecido v\u00edctimas de los bombardeos y la guerra.<\/p>\n\n\n\n<p class=\"wp-block-paragraph\">La maletita azul es una historia conmovedora sobre la fuerza inquebrantable del amor entre una madre y sus hijas y sobre c\u00f3mo este lazo puede desafiar el tiempo, la distancia y los horrores de la guerra.<\/p>\n","protected":false},"excerpt":{"rendered":"<p>Un adi\u00f3s forzado. Un amor inquebrantable. Un destino marcado por la guerra. Barcelona, 1937. En medio del caos de la Guerra Civil Espa\u00f1ola, Pere Roda toma una decisi\u00f3n que lo perseguir\u00e1 toda la vida: env\u00eda a sus tres hijas a M\u00e9xico convencido de que as\u00ed las salvar\u00e1 del hambre y la guerra. Pere oculta su [&hellip;]<\/p>\n","protected":false},"author":6,"featured_media":85826,"comment_status":"closed","ping_status":"closed","sticky":false,"template":"","format":"standard","meta":{"_acf_changed":false,"_monsterinsights_skip_tracking":false,"slim_seo":{"title":"El libro de la semana: La Maletita Azul | Autora: Mar\u00eda de Lourdes Victoria - Opini\u00f3n P\u00fablica","description":"Un adi\u00f3s forzado. Un amor inquebrantable. Un destino marcado por la guerra. Barcelona, 1937. En medio del caos de la Guerra Civil Espa\u00f1ola, Pere Roda toma una d"},"footnotes":""},"categories":[1007],"tags":[3481,507,1115,3482],"class_list":["post-85824","post","type-post","status-publish","format-standard","has-post-thumbnail","hentry","category-el-libro-de-la-semana","tag-la-maletita-azul","tag-lectura","tag-libro-de-la-semana","tag-maria-de-lourdes-victoria"],"acf":[],"_links":{"self":[{"href":"https:\/\/www.opinionpublica.tv\/portada\/wp-json\/wp\/v2\/posts\/85824","targetHints":{"allow":["GET"]}}],"collection":[{"href":"https:\/\/www.opinionpublica.tv\/portada\/wp-json\/wp\/v2\/posts"}],"about":[{"href":"https:\/\/www.opinionpublica.tv\/portada\/wp-json\/wp\/v2\/types\/post"}],"author":[{"embeddable":true,"href":"https:\/\/www.opinionpublica.tv\/portada\/wp-json\/wp\/v2\/users\/6"}],"replies":[{"embeddable":true,"href":"https:\/\/www.opinionpublica.tv\/portada\/wp-json\/wp\/v2\/comments?post=85824"}],"version-history":[{"count":2,"href":"https:\/\/www.opinionpublica.tv\/portada\/wp-json\/wp\/v2\/posts\/85824\/revisions"}],"predecessor-version":[{"id":85827,"href":"https:\/\/www.opinionpublica.tv\/portada\/wp-json\/wp\/v2\/posts\/85824\/revisions\/85827"}],"wp:featuredmedia":[{"embeddable":true,"href":"https:\/\/www.opinionpublica.tv\/portada\/wp-json\/wp\/v2\/media\/85826"}],"wp:attachment":[{"href":"https:\/\/www.opinionpublica.tv\/portada\/wp-json\/wp\/v2\/media?parent=85824"}],"wp:term":[{"taxonomy":"category","embeddable":true,"href":"https:\/\/www.opinionpublica.tv\/portada\/wp-json\/wp\/v2\/categories?post=85824"},{"taxonomy":"post_tag","embeddable":true,"href":"https:\/\/www.opinionpublica.tv\/portada\/wp-json\/wp\/v2\/tags?post=85824"}],"curies":[{"name":"wp","href":"https:\/\/api.w.org\/{rel}","templated":true}]}}