{"id":8572,"date":"2016-11-23T07:00:00","date_gmt":"2016-11-23T06:00:00","guid":{"rendered":"https:\/\/www.opinionpublica.tv\/portada\/2016\/11\/23\/denuncian-irregularidades-por-180-mdp-en-chihuahua-capital\/"},"modified":"2016-11-23T07:00:00","modified_gmt":"2016-11-23T06:00:00","slug":"denuncian-irregularidades-por-180-mdp-en-chihuahua-capital","status":"publish","type":"post","link":"https:\/\/www.opinionpublica.tv\/portada\/denuncian-irregularidades-por-180-mdp-en-chihuahua-capital\/","title":{"rendered":"Denuncian irregularidades por 180 mdp en Chihuahua capital"},"content":{"rendered":"<p><img fetchpriority=\"high\" decoding=\"async\" class=\" size-full wp-image-8571\" src=\"https:\/\/www.opinionpublica.tv\/portada\/wp-content\/uploads\/2016\/11\/76a362b0e635f2bd7b84d5e7290d087b.jpg\" alt=\"\" width=\"700\" height=\"400\" srcset=\"https:\/\/www.opinionpublica.tv\/portada\/wp-content\/uploads\/2016\/11\/76a362b0e635f2bd7b84d5e7290d087b.jpg 700w, https:\/\/www.opinionpublica.tv\/portada\/wp-content\/uploads\/2016\/11\/76a362b0e635f2bd7b84d5e7290d087b-300x171.jpg 300w\" sizes=\"(max-width: 700px) 100vw, 700px\" \/><br \/>\n<!--more--><\/p>\n<p style=\"text-align: justify;\">El secretario del Ayuntamiento de la Ciudad de Chihuahua, C\u00e9sar J\u00e1uregui, denunci\u00f3 este mi\u00e9rcoles irregularidades por 180 millones de pesos cometidas por la pasada administraci\u00f3n municipal.<\/p>\n<p style=\"text-align: justify;\">Se\u00f1al\u00f3 que se encontraron fraudes muy espec\u00edficos en los que fue tomado dinero directamente. Estos fueron detectaron luego de las primeras revisiones a los resultados de la administraci\u00f3n de Javier Garfio.<\/p>\n<p style=\"text-align: justify;\">A su vez, se detect\u00f3 el desv\u00edo de 12.7 millones de pesos, que debieron haberse destinado a seguros m\u00e9dicos y pensiones de los empleados. Estos recursos nunca llegaron a ninguno de los fondos.<\/p>\n<p style=\"text-align: justify;\">Estas son algunas de las irregularidades que se han encontrado durante el primer mes y medio de la administraci\u00f3n de Maru Campos Galv\u00e1n.<\/p>\n<p style=\"text-align: justify;\">Las autoridades municipales aseguraron que notificaran a la Fiscal\u00eda General del Estado sobre esta situaci\u00f3n, a fin de que sean aplicadas las sanciones correspondientes.<\/p>\n","protected":false},"excerpt":{"rendered":"","protected":false},"author":4,"featured_media":8571,"comment_status":"open","ping_status":"open","sticky":false,"template":"","format":"standard","meta":{"_acf_changed":false,"_monsterinsights_skip_tracking":false,"slim_seo":{"title":"Denuncian irregularidades por 180 mdp en Chihuahua capital - Opini\u00f3n P\u00fablica","description":"El secretario del Ayuntamiento de la Ciudad de Chihuahua, C\u00e9sar J\u00e1uregui, denunci\u00f3 este mi\u00e9rcoles irregularidades por 180 millones de pesos cometidas por la pas"},"footnotes":""},"categories":[4],"tags":[],"class_list":["post-8572","post","type-post","status-publish","format-standard","has-post-thumbnail","hentry","category-pulsopolitico"],"acf":[],"_links":{"self":[{"href":"https:\/\/www.opinionpublica.tv\/portada\/wp-json\/wp\/v2\/posts\/8572","targetHints":{"allow":["GET"]}}],"collection":[{"href":"https:\/\/www.opinionpublica.tv\/portada\/wp-json\/wp\/v2\/posts"}],"about":[{"href":"https:\/\/www.opinionpublica.tv\/portada\/wp-json\/wp\/v2\/types\/post"}],"author":[{"embeddable":true,"href":"https:\/\/www.opinionpublica.tv\/portada\/wp-json\/wp\/v2\/users\/4"}],"replies":[{"embeddable":true,"href":"https:\/\/www.opinionpublica.tv\/portada\/wp-json\/wp\/v2\/comments?post=8572"}],"version-history":[{"count":0,"href":"https:\/\/www.opinionpublica.tv\/portada\/wp-json\/wp\/v2\/posts\/8572\/revisions"}],"wp:featuredmedia":[{"embeddable":true,"href":"https:\/\/www.opinionpublica.tv\/portada\/wp-json\/wp\/v2\/media\/8571"}],"wp:attachment":[{"href":"https:\/\/www.opinionpublica.tv\/portada\/wp-json\/wp\/v2\/media?parent=8572"}],"wp:term":[{"taxonomy":"category","embeddable":true,"href":"https:\/\/www.opinionpublica.tv\/portada\/wp-json\/wp\/v2\/categories?post=8572"},{"taxonomy":"post_tag","embeddable":true,"href":"https:\/\/www.opinionpublica.tv\/portada\/wp-json\/wp\/v2\/tags?post=8572"}],"curies":[{"name":"wp","href":"https:\/\/api.w.org\/{rel}","templated":true}]}}