{"id":8568,"date":"2016-11-23T07:00:00","date_gmt":"2016-11-23T06:00:00","guid":{"rendered":"https:\/\/www.opinionpublica.tv\/portada\/2016\/11\/23\/las-cuentas-de-los-muertos-de-calderon-pena\/"},"modified":"2016-11-23T07:00:00","modified_gmt":"2016-11-23T06:00:00","slug":"las-cuentas-de-los-muertos-de-calderon-pena","status":"publish","type":"post","link":"https:\/\/www.opinionpublica.tv\/portada\/las-cuentas-de-los-muertos-de-calderon-pena\/","title":{"rendered":"Las cuentas de los muertos de Calder\u00f3n-Pe\u00f1a"},"content":{"rendered":"<p style=\"text-align: justify;\">Algunos denunciamos la guerra de Calder\u00f3n desde que comenz\u00f3, hace diez a\u00f1os. Pensamos que le minti\u00f3 a la sociedad mexicana, sobre todo en dos aspectos. El primero fue que M\u00e9xico se convert\u00eda de manera vertiginosa en un pa\u00eds consumidor de drogas, y que era preciso detener esa marcha. Nada m\u00e1s falso entonces y hoy.<\/p>\n<p><!--more--><\/p>\n<p style=\"text-align: justify;\">El segundo fue la violencia: seg\u00fan Calder\u00f3n, M\u00e9xico enfrentaba una espiral de violencia incontenible; hab\u00eda que declarar la guerra al narco para acabar con ella. Otra mentira. Fue la guerra de Calder\u00f3n la que ocasion\u00f3 la violencia, no al rev\u00e9s.<\/p>\n<p style=\"text-align: justify;\">Por eso el ejercicio que a petici\u00f3n m\u00eda realiz\u00f3 Rafael Chduran, doctorante de ciencias pol\u00edticas en la Universidad de Nueva York, con datos del Inegi desde 2007 hasta hoy, resulta de gran inter\u00e9s. Muchos hemos hablado de los muertos de Calder\u00f3n (y ahora de Pe\u00f1a Nieto), culp\u00e1ndolos de los fallecimientos en M\u00e9xico durante los \u00faltimos diez a\u00f1os, pero sin sacar muy bien las cuentas. Procur\u00e9 construir un esquema sencillo, simplista quiz\u00e1, de cu\u00e1ntas muertes mexicanas se deben a las pol\u00edticas antidrogas, antic\u00e1rteles, anti crimen organizado, puestas en pr\u00e1ctica por Calder\u00f3n-Pe\u00f1a, y cu\u00e1ntas a factores inerciales.<\/p>\n<p style=\"text-align: justify;\">En ausencia de esas pol\u00edticas, \u00bfqu\u00e9 hubiera sucedido? \u00bfQu\u00e9 resultados ofrece el ejercicio contra factual?<\/p>\n<p style=\"text-align: justify;\">Supongamos que en 2007 se hubiera detenido la tendencia descendente del n\u00famero de homicidios dolosos por 100 mil habitantes al a\u00f1o. Como se sabe, en 2004 y durante los primeros meses de 2007, M\u00e9xico alcanz\u00f3 la cifra m\u00e1s baja desde que se contabilizan los decesos de esa manera, llegando a 8.8 defunciones de esta naturaleza por 100 mil habitantes. Como se sabe tambi\u00e9n, el total ven\u00eda disminuyendo desde principios de los a\u00f1os noventa.<\/p>\n<p style=\"text-align: justify;\">Supongamos asimismo que sin la guerra de Calder\u00f3n-Pe\u00f1a ya no hubiera seguido bajando la tasa, pero tampoco se habr\u00eda elevado. Podemos deducir que la diferencia entre los hipot\u00e9ticos homicidios dolosos proyectando la misma tasa de principios de 2007 a los siguientes diez a\u00f1os, y los que realmente sucedieron, es el costo en vidas mexicanas de la guerra. Son los muertos de Calder\u00f3n-Pe\u00f1a.<\/p>\n<p style=\"text-align: justify;\">Para 2016 el Inegi s\u00f3lo ofrece datos del primer trimestre; simplemente los multiplicamos por cuatro para obtener el total para todo el a\u00f1o (probablemente se subestime as\u00ed la cifra final, ya que a lo largo de este a\u00f1o la violencia se ha disparado). Utilizamos datos del Inegi y no del Secretariado Ejecutivo del Sistema Nacional de Seguridad P\u00fablica porque las series son m\u00e1s antiguas, y m\u00e1s confiables.<\/p>\n<p style=\"text-align: justify;\">El gobierno evidentemente manipula los n\u00fameros del SESNSP. Si mantenemos la tasa al mismo nivel de principios de 2007, la diferencia entre los homicidios que observamos y los que no hubieran existido es de 105 mil 281. Si recurrimos al promedio de homicidios dolosos de toda la administraci\u00f3n de Fox, la proyecci\u00f3n da 104 mil 984 homicidios. Por \u00faltimo, si las tasas hubieran seguido descendiendo durante los siguientes a\u00f1os al mismo ritmo que antes (-3.2 por ciento al a\u00f1o), el total alcanzar\u00eda aproximadamente 115 mil muertos.<\/p>\n<p style=\"text-align: justify;\">El rango entonces var\u00eda en unos diez mil homicidios, pero seguramente cuando dispongamos de los datos definitivos de 2016 y no una extrapolaci\u00f3n, se reducir\u00e1. Podremos cerrar el c\u00e1lculo en unos 110 mil homicidios dolosos durante los seis a\u00f1os de Calder\u00f3n y los cuatro de Pe\u00f1a, por encima del n\u00famero hipot\u00e9tico sin guerra. Ese fue su costo.<\/p>\n<p style=\"text-align: justify;\">Para tener una idea: el doble de los muertos norteamericanos en la Guerra de Vietnam, entre 1965 y 1972.<\/p>\n","protected":false},"excerpt":{"rendered":"<p>Algunos denunciamos la guerra de Calder\u00f3n desde que comenz\u00f3, hace diez a\u00f1os. Pensamos que le minti\u00f3 a la sociedad mexicana, sobre todo en dos aspectos. El primero fue que M\u00e9xico se convert\u00eda de manera vertiginosa en un pa\u00eds consumidor de drogas, y que era preciso detener esa marcha. Nada m\u00e1s falso entonces y hoy.<\/p>\n","protected":false},"author":6,"featured_media":0,"comment_status":"open","ping_status":"open","sticky":false,"template":"","format":"standard","meta":{"_acf_changed":false,"_monsterinsights_skip_tracking":false,"slim_seo":{"title":"Las cuentas de los muertos de Calder\u00f3n-Pe\u00f1a - Opini\u00f3n P\u00fablica","description":"Algunos denunciamos la guerra de Calder\u00f3n desde que comenz\u00f3, hace diez a\u00f1os. Pensamos que le minti\u00f3 a la sociedad mexicana, sobre todo en dos aspectos. El prime"},"footnotes":""},"categories":[18],"tags":[],"class_list":["post-8568","post","type-post","status-publish","format-standard","hentry","category-castaneda-opina"],"acf":[],"_links":{"self":[{"href":"https:\/\/www.opinionpublica.tv\/portada\/wp-json\/wp\/v2\/posts\/8568","targetHints":{"allow":["GET"]}}],"collection":[{"href":"https:\/\/www.opinionpublica.tv\/portada\/wp-json\/wp\/v2\/posts"}],"about":[{"href":"https:\/\/www.opinionpublica.tv\/portada\/wp-json\/wp\/v2\/types\/post"}],"author":[{"embeddable":true,"href":"https:\/\/www.opinionpublica.tv\/portada\/wp-json\/wp\/v2\/users\/6"}],"replies":[{"embeddable":true,"href":"https:\/\/www.opinionpublica.tv\/portada\/wp-json\/wp\/v2\/comments?post=8568"}],"version-history":[{"count":0,"href":"https:\/\/www.opinionpublica.tv\/portada\/wp-json\/wp\/v2\/posts\/8568\/revisions"}],"wp:attachment":[{"href":"https:\/\/www.opinionpublica.tv\/portada\/wp-json\/wp\/v2\/media?parent=8568"}],"wp:term":[{"taxonomy":"category","embeddable":true,"href":"https:\/\/www.opinionpublica.tv\/portada\/wp-json\/wp\/v2\/categories?post=8568"},{"taxonomy":"post_tag","embeddable":true,"href":"https:\/\/www.opinionpublica.tv\/portada\/wp-json\/wp\/v2\/tags?post=8568"}],"curies":[{"name":"wp","href":"https:\/\/api.w.org\/{rel}","templated":true}]}}