{"id":8565,"date":"2016-11-23T07:00:00","date_gmt":"2016-11-23T06:00:00","guid":{"rendered":"https:\/\/www.opinionpublica.tv\/portada\/2016\/11\/23\/baja-el-precio-de-la-gasolina-premium-en-la-frontera\/"},"modified":"2016-11-23T07:00:00","modified_gmt":"2016-11-23T06:00:00","slug":"baja-el-precio-de-la-gasolina-premium-en-la-frontera","status":"publish","type":"post","link":"https:\/\/www.opinionpublica.tv\/portada\/baja-el-precio-de-la-gasolina-premium-en-la-frontera\/","title":{"rendered":"Baja el precio de la gasolina premium en la frontera"},"content":{"rendered":"<p><img fetchpriority=\"high\" decoding=\"async\" class=\" size-full wp-image-8564\" src=\"https:\/\/www.opinionpublica.tv\/portada\/wp-content\/uploads\/2016\/11\/12982409b78ba03b43979952f41e9630-scaled.jpg\" alt=\"\" width=\"2560\" height=\"1707\" srcset=\"https:\/\/www.opinionpublica.tv\/portada\/wp-content\/uploads\/2016\/11\/12982409b78ba03b43979952f41e9630-scaled.jpg 2560w, https:\/\/www.opinionpublica.tv\/portada\/wp-content\/uploads\/2016\/11\/12982409b78ba03b43979952f41e9630-300x200.jpg 300w, https:\/\/www.opinionpublica.tv\/portada\/wp-content\/uploads\/2016\/11\/12982409b78ba03b43979952f41e9630-1024x683.jpg 1024w, https:\/\/www.opinionpublica.tv\/portada\/wp-content\/uploads\/2016\/11\/12982409b78ba03b43979952f41e9630-768x512.jpg 768w, https:\/\/www.opinionpublica.tv\/portada\/wp-content\/uploads\/2016\/11\/12982409b78ba03b43979952f41e9630-1536x1024.jpg 1536w, https:\/\/www.opinionpublica.tv\/portada\/wp-content\/uploads\/2016\/11\/12982409b78ba03b43979952f41e9630-2048x1365.jpg 2048w\" sizes=\"(max-width: 2560px) 100vw, 2560px\" \/><br \/>\n<!--more--><\/p>\n<p style=\"text-align: justify;\">La Secretar\u00eda de Hacienda en el Diario Oficial de la Federaci\u00f3n, dio a conocer que a partir de este mi\u00e9rcoles el precio de la gasolina Premium tendr\u00e1 una disminuci\u00f3n considerable.<\/p>\n<p style=\"text-align: justify;\">El combustible Premium, pasar\u00e1 de los 13.24 pesos por litro a 12.81, lo que significa una baja de 43 centavos.<\/p>\n<p style=\"text-align: justify;\">La gasolina Magna permanecer\u00e1 una semana m\u00e1s en 10.76 pesos por litro.<\/p>\n<p style=\"text-align: justify;\">La homologaci\u00f3n de precio pretende evitar que los consumidores crucen la frontera para comprar gasolina y dejen su dinero en Estados Unidos al comprar otras cosas all\u00e1.<\/p>\n","protected":false},"excerpt":{"rendered":"","protected":false},"author":1,"featured_media":8564,"comment_status":"open","ping_status":"open","sticky":false,"template":"","format":"standard","meta":{"_acf_changed":false,"_monsterinsights_skip_tracking":false,"slim_seo":{"title":"Baja el precio de la gasolina premium en la frontera - Opini\u00f3n P\u00fablica","description":"La Secretar\u00eda de Hacienda en el Diario Oficial de la Federaci\u00f3n, dio a conocer que a partir de este mi\u00e9rcoles el precio de la gasolina Premium tendr\u00e1 una dismin"},"footnotes":""},"categories":[5],"tags":[],"class_list":["post-8565","post","type-post","status-publish","format-standard","has-post-thumbnail","hentry","category-frontera"],"acf":[],"_links":{"self":[{"href":"https:\/\/www.opinionpublica.tv\/portada\/wp-json\/wp\/v2\/posts\/8565","targetHints":{"allow":["GET"]}}],"collection":[{"href":"https:\/\/www.opinionpublica.tv\/portada\/wp-json\/wp\/v2\/posts"}],"about":[{"href":"https:\/\/www.opinionpublica.tv\/portada\/wp-json\/wp\/v2\/types\/post"}],"author":[{"embeddable":true,"href":"https:\/\/www.opinionpublica.tv\/portada\/wp-json\/wp\/v2\/users\/1"}],"replies":[{"embeddable":true,"href":"https:\/\/www.opinionpublica.tv\/portada\/wp-json\/wp\/v2\/comments?post=8565"}],"version-history":[{"count":0,"href":"https:\/\/www.opinionpublica.tv\/portada\/wp-json\/wp\/v2\/posts\/8565\/revisions"}],"wp:featuredmedia":[{"embeddable":true,"href":"https:\/\/www.opinionpublica.tv\/portada\/wp-json\/wp\/v2\/media\/8564"}],"wp:attachment":[{"href":"https:\/\/www.opinionpublica.tv\/portada\/wp-json\/wp\/v2\/media?parent=8565"}],"wp:term":[{"taxonomy":"category","embeddable":true,"href":"https:\/\/www.opinionpublica.tv\/portada\/wp-json\/wp\/v2\/categories?post=8565"},{"taxonomy":"post_tag","embeddable":true,"href":"https:\/\/www.opinionpublica.tv\/portada\/wp-json\/wp\/v2\/tags?post=8565"}],"curies":[{"name":"wp","href":"https:\/\/api.w.org\/{rel}","templated":true}]}}