{"id":8563,"date":"2016-11-23T07:00:00","date_gmt":"2016-11-23T06:00:00","guid":{"rendered":"https:\/\/www.opinionpublica.tv\/portada\/2016\/11\/23\/fotos-bailarinas-en-mexico\/"},"modified":"2016-11-23T07:00:00","modified_gmt":"2016-11-23T06:00:00","slug":"fotos-bailarinas-en-mexico","status":"publish","type":"post","link":"https:\/\/www.opinionpublica.tv\/portada\/fotos-bailarinas-en-mexico\/","title":{"rendered":"Fotos: Bailarinas en M\u00e9xico"},"content":{"rendered":"<p><img fetchpriority=\"high\" decoding=\"async\" class=\" size-full wp-image-8547\" src=\"https:\/\/www.opinionpublica.tv\/portada\/wp-content\/uploads\/2016\/11\/cba2911ca1c40028fa90545f6470ee1a.jpg\" alt=\"\" width=\"550\" height=\"779\" srcset=\"https:\/\/www.opinionpublica.tv\/portada\/wp-content\/uploads\/2016\/11\/cba2911ca1c40028fa90545f6470ee1a.jpg 550w, https:\/\/www.opinionpublica.tv\/portada\/wp-content\/uploads\/2016\/11\/cba2911ca1c40028fa90545f6470ee1a-212x300.jpg 212w\" sizes=\"(max-width: 550px) 100vw, 550px\" \/><br \/>\n<!--more--><\/p>\n<p style=\"text-align: justify;\">Para mostrar una de las caras m\u00e1s hermosas de M\u00e9xico, el artista Omar Robles contacto a varios bailarines locales y los fotograf\u00edo en lugares de la emblem\u00e1tica ciudad<\/p>\n<p style=\"text-align: justify;\">\u00a0\u201cColores vibrantes y atrevidos por todos lados, reflejando los personajes de las personas que llaman hogar a \u00e9sta ciudad,\u201d record\u00f3 el fot\u00f3grafo.<\/p>\n<p style=\"text-align: justify;\"><img decoding=\"async\" class=\" size-full wp-image-8548\" src=\"https:\/\/www.opinionpublica.tv\/portada\/wp-content\/uploads\/2016\/11\/urbanballetdancersmexicocityomarrobles21jpgimgo.jpg\" width=\"550\" height=\"762\" srcset=\"https:\/\/www.opinionpublica.tv\/portada\/wp-content\/uploads\/2016\/11\/urbanballetdancersmexicocityomarrobles21jpgimgo.jpg 550w, https:\/\/www.opinionpublica.tv\/portada\/wp-content\/uploads\/2016\/11\/urbanballetdancersmexicocityomarrobles21jpgimgo-217x300.jpg 217w\" sizes=\"(max-width: 550px) 100vw, 550px\" \/><img decoding=\"async\" class=\" size-full wp-image-8549\" src=\"https:\/\/www.opinionpublica.tv\/portada\/wp-content\/uploads\/2016\/11\/urbanballetdancersmexicocityomarrobles26jpgimgo.jpg\" width=\"550\" height=\"779\" srcset=\"https:\/\/www.opinionpublica.tv\/portada\/wp-content\/uploads\/2016\/11\/urbanballetdancersmexicocityomarrobles26jpgimgo.jpg 550w, https:\/\/www.opinionpublica.tv\/portada\/wp-content\/uploads\/2016\/11\/urbanballetdancersmexicocityomarrobles26jpgimgo-212x300.jpg 212w\" sizes=\"(max-width: 550px) 100vw, 550px\" \/><img loading=\"lazy\" decoding=\"async\" class=\" size-full wp-image-8550\" src=\"https:\/\/www.opinionpublica.tv\/portada\/wp-content\/uploads\/2016\/11\/urbanballetdancersmexicocityomarrobles20jpgimgo.jpg\" width=\"550\" height=\"754\" srcset=\"https:\/\/www.opinionpublica.tv\/portada\/wp-content\/uploads\/2016\/11\/urbanballetdancersmexicocityomarrobles20jpgimgo.jpg 550w, https:\/\/www.opinionpublica.tv\/portada\/wp-content\/uploads\/2016\/11\/urbanballetdancersmexicocityomarrobles20jpgimgo-219x300.jpg 219w\" sizes=\"(max-width: 550px) 100vw, 550px\" \/><img loading=\"lazy\" decoding=\"async\" class=\" size-full wp-image-8551\" src=\"https:\/\/www.opinionpublica.tv\/portada\/wp-content\/uploads\/2016\/11\/urbanballetdancersmexicocityomarrobles19jpgimgo.jpg\" width=\"550\" height=\"770\" srcset=\"https:\/\/www.opinionpublica.tv\/portada\/wp-content\/uploads\/2016\/11\/urbanballetdancersmexicocityomarrobles19jpgimgo.jpg 550w, https:\/\/www.opinionpublica.tv\/portada\/wp-content\/uploads\/2016\/11\/urbanballetdancersmexicocityomarrobles19jpgimgo-214x300.jpg 214w\" sizes=\"(max-width: 550px) 100vw, 550px\" \/><img loading=\"lazy\" decoding=\"async\" class=\" size-full wp-image-8552\" src=\"https:\/\/www.opinionpublica.tv\/portada\/wp-content\/uploads\/2016\/11\/urbanballetdancersmexicocityomarrobles18jpgimgo.jpg\" width=\"550\" height=\"366\" srcset=\"https:\/\/www.opinionpublica.tv\/portada\/wp-content\/uploads\/2016\/11\/urbanballetdancersmexicocityomarrobles18jpgimgo.jpg 550w, https:\/\/www.opinionpublica.tv\/portada\/wp-content\/uploads\/2016\/11\/urbanballetdancersmexicocityomarrobles18jpgimgo-300x200.jpg 300w\" sizes=\"(max-width: 550px) 100vw, 550px\" \/><img loading=\"lazy\" decoding=\"async\" class=\" size-full wp-image-8553\" src=\"https:\/\/www.opinionpublica.tv\/portada\/wp-content\/uploads\/2016\/11\/urbanballetdancersmexicocityomarrobles15jpgimgo.jpg\" width=\"550\" height=\"754\" srcset=\"https:\/\/www.opinionpublica.tv\/portada\/wp-content\/uploads\/2016\/11\/urbanballetdancersmexicocityomarrobles15jpgimgo.jpg 550w, https:\/\/www.opinionpublica.tv\/portada\/wp-content\/uploads\/2016\/11\/urbanballetdancersmexicocityomarrobles15jpgimgo-219x300.jpg 219w\" sizes=\"(max-width: 550px) 100vw, 550px\" \/><img loading=\"lazy\" decoding=\"async\" class=\" size-full wp-image-8554\" src=\"https:\/\/www.opinionpublica.tv\/portada\/wp-content\/uploads\/2016\/11\/urbanballetdancersmexicocityomarrobles14jpgimgo.jpg\" width=\"550\" height=\"746\" srcset=\"https:\/\/www.opinionpublica.tv\/portada\/wp-content\/uploads\/2016\/11\/urbanballetdancersmexicocityomarrobles14jpgimgo.jpg 550w, https:\/\/www.opinionpublica.tv\/portada\/wp-content\/uploads\/2016\/11\/urbanballetdancersmexicocityomarrobles14jpgimgo-221x300.jpg 221w\" sizes=\"(max-width: 550px) 100vw, 550px\" \/><img loading=\"lazy\" decoding=\"async\" class=\" size-full wp-image-8555\" src=\"https:\/\/www.opinionpublica.tv\/portada\/wp-content\/uploads\/2016\/11\/urbanballetdancersmexicocityomarrobles13jpgimgo.jpg\" width=\"550\" height=\"366\" srcset=\"https:\/\/www.opinionpublica.tv\/portada\/wp-content\/uploads\/2016\/11\/urbanballetdancersmexicocityomarrobles13jpgimgo.jpg 550w, https:\/\/www.opinionpublica.tv\/portada\/wp-content\/uploads\/2016\/11\/urbanballetdancersmexicocityomarrobles13jpgimgo-300x200.jpg 300w\" sizes=\"(max-width: 550px) 100vw, 550px\" \/><img loading=\"lazy\" decoding=\"async\" class=\" size-full wp-image-8556\" src=\"https:\/\/www.opinionpublica.tv\/portada\/wp-content\/uploads\/2016\/11\/urbanballetdancersmexicocityomarrobles16jpgimgo.jpg\" width=\"550\" height=\"366\" srcset=\"https:\/\/www.opinionpublica.tv\/portada\/wp-content\/uploads\/2016\/11\/urbanballetdancersmexicocityomarrobles16jpgimgo.jpg 550w, https:\/\/www.opinionpublica.tv\/portada\/wp-content\/uploads\/2016\/11\/urbanballetdancersmexicocityomarrobles16jpgimgo-300x200.jpg 300w\" sizes=\"(max-width: 550px) 100vw, 550px\" \/><img loading=\"lazy\" decoding=\"async\" class=\" size-full wp-image-8557\" src=\"https:\/\/www.opinionpublica.tv\/portada\/wp-content\/uploads\/2016\/11\/urbanballetdancersmexicocityomarrobles12jpgimgo.jpg\" width=\"550\" height=\"754\" srcset=\"https:\/\/www.opinionpublica.tv\/portada\/wp-content\/uploads\/2016\/11\/urbanballetdancersmexicocityomarrobles12jpgimgo.jpg 550w, https:\/\/www.opinionpublica.tv\/portada\/wp-content\/uploads\/2016\/11\/urbanballetdancersmexicocityomarrobles12jpgimgo-219x300.jpg 219w\" sizes=\"(max-width: 550px) 100vw, 550px\" \/><img loading=\"lazy\" decoding=\"async\" class=\" size-full wp-image-8558\" src=\"https:\/\/www.opinionpublica.tv\/portada\/wp-content\/uploads\/2016\/11\/urbanballetdancersmexicocityomarrobles5jpgimgo.jpg\" width=\"550\" height=\"754\" srcset=\"https:\/\/www.opinionpublica.tv\/portada\/wp-content\/uploads\/2016\/11\/urbanballetdancersmexicocityomarrobles5jpgimgo.jpg 550w, https:\/\/www.opinionpublica.tv\/portada\/wp-content\/uploads\/2016\/11\/urbanballetdancersmexicocityomarrobles5jpgimgo-219x300.jpg 219w\" sizes=\"(max-width: 550px) 100vw, 550px\" \/><img loading=\"lazy\" decoding=\"async\" class=\" size-full wp-image-8559\" src=\"https:\/\/www.opinionpublica.tv\/portada\/wp-content\/uploads\/2016\/11\/urbanballetdancersmexicocityomarrobles2jpgimgo.jpg\" width=\"550\" height=\"825\" srcset=\"https:\/\/www.opinionpublica.tv\/portada\/wp-content\/uploads\/2016\/11\/urbanballetdancersmexicocityomarrobles2jpgimgo.jpg 550w, https:\/\/www.opinionpublica.tv\/portada\/wp-content\/uploads\/2016\/11\/urbanballetdancersmexicocityomarrobles2jpgimgo-200x300.jpg 200w\" sizes=\"(max-width: 550px) 100vw, 550px\" \/><img loading=\"lazy\" decoding=\"async\" class=\" size-full wp-image-8560\" src=\"https:\/\/www.opinionpublica.tv\/portada\/wp-content\/uploads\/2016\/11\/urbanballetdancersmexicocityomarrobles6jpgimgo.jpg\" width=\"550\" height=\"754\" srcset=\"https:\/\/www.opinionpublica.tv\/portada\/wp-content\/uploads\/2016\/11\/urbanballetdancersmexicocityomarrobles6jpgimgo.jpg 550w, https:\/\/www.opinionpublica.tv\/portada\/wp-content\/uploads\/2016\/11\/urbanballetdancersmexicocityomarrobles6jpgimgo-219x300.jpg 219w\" sizes=\"(max-width: 550px) 100vw, 550px\" \/><img loading=\"lazy\" decoding=\"async\" class=\" size-full wp-image-8561\" src=\"https:\/\/www.opinionpublica.tv\/portada\/wp-content\/uploads\/2016\/11\/urbanballetdancersmexicocityomarrobles1jpgimgo.jpg\" width=\"550\" height=\"754\" srcset=\"https:\/\/www.opinionpublica.tv\/portada\/wp-content\/uploads\/2016\/11\/urbanballetdancersmexicocityomarrobles1jpgimgo.jpg 550w, https:\/\/www.opinionpublica.tv\/portada\/wp-content\/uploads\/2016\/11\/urbanballetdancersmexicocityomarrobles1jpgimgo-219x300.jpg 219w\" sizes=\"(max-width: 550px) 100vw, 550px\" \/><img loading=\"lazy\" decoding=\"async\" class=\" size-full wp-image-8562\" src=\"https:\/\/www.opinionpublica.tv\/portada\/wp-content\/uploads\/2016\/11\/urbanballetdancersmexicocityomarrobles9jpgimgo.jpg\" width=\"550\" height=\"754\" srcset=\"https:\/\/www.opinionpublica.tv\/portada\/wp-content\/uploads\/2016\/11\/urbanballetdancersmexicocityomarrobles9jpgimgo.jpg 550w, https:\/\/www.opinionpublica.tv\/portada\/wp-content\/uploads\/2016\/11\/urbanballetdancersmexicocityomarrobles9jpgimgo-219x300.jpg 219w\" sizes=\"(max-width: 550px) 100vw, 550px\" \/><\/p>\n","protected":false},"excerpt":{"rendered":"","protected":false},"author":1,"featured_media":8547,"comment_status":"open","ping_status":"open","sticky":false,"template":"","format":"standard","meta":{"_acf_changed":false,"_monsterinsights_skip_tracking":false,"slim_seo":{"title":"Fotos: Bailarinas en M\u00e9xico - Opini\u00f3n P\u00fablica","description":"Para mostrar una de las caras m\u00e1s hermosas de M\u00e9xico, el artista Omar Robles contacto a varios bailarines locales y los fotograf\u00edo en lugares de la emblem\u00e1tica"},"footnotes":""},"categories":[15],"tags":[],"class_list":["post-8563","post","type-post","status-publish","format-standard","has-post-thumbnail","hentry","category-galerias"],"acf":[],"_links":{"self":[{"href":"https:\/\/www.opinionpublica.tv\/portada\/wp-json\/wp\/v2\/posts\/8563","targetHints":{"allow":["GET"]}}],"collection":[{"href":"https:\/\/www.opinionpublica.tv\/portada\/wp-json\/wp\/v2\/posts"}],"about":[{"href":"https:\/\/www.opinionpublica.tv\/portada\/wp-json\/wp\/v2\/types\/post"}],"author":[{"embeddable":true,"href":"https:\/\/www.opinionpublica.tv\/portada\/wp-json\/wp\/v2\/users\/1"}],"replies":[{"embeddable":true,"href":"https:\/\/www.opinionpublica.tv\/portada\/wp-json\/wp\/v2\/comments?post=8563"}],"version-history":[{"count":0,"href":"https:\/\/www.opinionpublica.tv\/portada\/wp-json\/wp\/v2\/posts\/8563\/revisions"}],"wp:featuredmedia":[{"embeddable":true,"href":"https:\/\/www.opinionpublica.tv\/portada\/wp-json\/wp\/v2\/media\/8547"}],"wp:attachment":[{"href":"https:\/\/www.opinionpublica.tv\/portada\/wp-json\/wp\/v2\/media?parent=8563"}],"wp:term":[{"taxonomy":"category","embeddable":true,"href":"https:\/\/www.opinionpublica.tv\/portada\/wp-json\/wp\/v2\/categories?post=8563"},{"taxonomy":"post_tag","embeddable":true,"href":"https:\/\/www.opinionpublica.tv\/portada\/wp-json\/wp\/v2\/tags?post=8563"}],"curies":[{"name":"wp","href":"https:\/\/api.w.org\/{rel}","templated":true}]}}