{"id":85406,"date":"2026-05-17T00:01:00","date_gmt":"2026-05-17T06:01:00","guid":{"rendered":"https:\/\/www.opinionpublica.tv\/portada\/?p=85406"},"modified":"2026-05-16T18:58:23","modified_gmt":"2026-05-17T00:58:23","slug":"efemerides-17-de-mayo-un-dia-como-hoy-en-la-historia","status":"publish","type":"post","link":"https:\/\/www.opinionpublica.tv\/portada\/efemerides-17-de-mayo-un-dia-como-hoy-en-la-historia\/","title":{"rendered":"Efem\u00e9rides 17 de mayo | Un d\u00eda como hoy en la historia&#8230;"},"content":{"rendered":"\n<p class=\"wp-block-paragraph\"><em>Un d\u00eda 17 de mayo como hoy, pero de 2019, Sony y Microsoft anuncian una alianza para desarrollar videojuegos en internet, sector en el que competir\u00e1n con los colosos Google y Apple<\/em>.<\/p>\n\n\n\n<figure class=\"wp-block-image size-full\"><img fetchpriority=\"high\" decoding=\"async\" width=\"583\" height=\"400\" src=\"https:\/\/www.opinionpublica.tv\/portada\/wp-content\/uploads\/2026\/05\/2019-Sony-y-Microsoft-anuncian-una-alianza-para-desarrollar-videojuegos-en-internet.webp\" alt=\"2019, sony y microsoft anuncian una alianza para desarrollar videojuegos en internet\" class=\"wp-image-85407\" srcset=\"https:\/\/www.opinionpublica.tv\/portada\/wp-content\/uploads\/2026\/05\/2019-Sony-y-Microsoft-anuncian-una-alianza-para-desarrollar-videojuegos-en-internet.webp 583w, https:\/\/www.opinionpublica.tv\/portada\/wp-content\/uploads\/2026\/05\/2019-Sony-y-Microsoft-anuncian-una-alianza-para-desarrollar-videojuegos-en-internet-300x206.webp 300w\" sizes=\"(max-width: 583px) 100vw, 583px\" \/><\/figure>\n\n\n\n<p class=\"wp-block-paragraph\"><strong>Otras efem\u00e9rides<\/strong><\/p>\n\n\n\n<p class=\"wp-block-paragraph\">1814.- Noruega se independiza de Dinamarca.<\/p>\n\n\n\n<p class=\"wp-block-paragraph\">1861.- En Inglaterra se funda la Caja Postal de Ahorros, primera entidad de ese tipo en el mundo.<\/p>\n\n\n\n<p class=\"wp-block-paragraph\">1863.- La ciudad de Puebla (M\u00e9xico) se rinde a las tropas francesas de Maximiliano I, tras dos meses de heroica resistencia en los que sufri\u00f3 ocho asaltos.<\/p>\n\n\n\n<p class=\"wp-block-paragraph\">1865.- Se firma en Par\u00eds un convenio por el que se establece la Uni\u00f3n Internacional de Telegraf\u00eda.<\/p>\n\n\n\n<p class=\"wp-block-paragraph\">1928.- Inaugurado el servicio telef\u00f3nico entre Espa\u00f1a y Portugal.<\/p>\n\n\n\n<p class=\"wp-block-paragraph\">1936.- Golpe de Estado en Bolivia protagonizado por David Toro, que derroca a su presidente, Luis Tejada Sorzano.<\/p>\n\n\n\n<p class=\"wp-block-paragraph\">1943.- II Guerra Mundial: la RAF, fuerza a\u00e9rea brit\u00e1nica, bombardea el coraz\u00f3n industrial de Alemania al destruir tres presas en el valle del Ruhr.<\/p>\n\n\n\n<p class=\"wp-block-paragraph\">1946.- El dictador rumano mariscal Ion Antonescu es condenado a muerte por atacar a la URSS como aliado de Hitler.<\/p>\n\n\n\n<p class=\"wp-block-paragraph\">1959.- El Gobierno de Fidel Castro promulga la Ley de Reforma Agraria en Cuba.<\/p>\n\n\n\n<p class=\"wp-block-paragraph\">1973.- El Comit\u00e9 Senatorial de Watergate comienza sus audiencias televisadas a nivel nacional.<\/p>\n\n\n\n<p class=\"wp-block-paragraph\">1980.- Primer atentado del grupo terrorista peruano Sendero Luminoso: un comando ataca un local en la localidad de Chuschi (regi\u00f3n de Ayacucho) que albergaba urnas y papeletas electorales.<\/p>\n\n\n\n<p class=\"wp-block-paragraph\">1990.- La Organizaci\u00f3n Mundial de la Salud (OMS) suprime la homosexualidad de la lista de enfermedades mentales.<\/p>\n\n\n\n<p class=\"wp-block-paragraph\">1992.- El papa Juan Pablo II beatifica a Josemar\u00eda Escriv\u00e1, fundador del Opus Dei.<\/p>\n\n\n\n<p class=\"wp-block-paragraph\">1993.- El Camino de Santiago es declarado patrimonio cultural europeo por los ministros de Cultura de la UE.<\/p>\n\n\n\n<p class=\"wp-block-paragraph\">1994.- Se celebran las primeras elecciones democr\u00e1ticas en Malawi.<\/p>\n\n\n\n<p class=\"wp-block-paragraph\">1997.- Laurent Kabila se autoproclama jefe de Estado y rebautiza Zaire como Rep\u00fablica Democr\u00e1tica del Congo.<\/p>\n\n\n\n<p class=\"wp-block-paragraph\">2000.- Los cient\u00edficos Luc Montagnier y Robert Gallo son galardonados con el Premio Pr\u00edncipe de Asturias de Investigaci\u00f3n Cient\u00edfica y T\u00e9cnica por el aislamiento del virus del SIDA.<\/p>\n\n\n\n<p class=\"wp-block-paragraph\">2004.- Al menos 104 reclusos mueren, en la c\u00e1rcel de San Pedro Sula, en Honduras, a causa de un incendio.<\/p>\n\n\n\n<p class=\"wp-block-paragraph\">2005.- El anticastrista Luis Posada Carriles es detenido en Miami, acusado por Venezuela y Cuba de ser un terrorista internacional.<\/p>\n\n\n\n<p class=\"wp-block-paragraph\">2005- El Parlamento boliviano promulga la pol\u00e9mica Ley de Hidrocarburos, calificada de \u00abconfiscatoria\u00bb por algunas compa\u00f1\u00edas.<\/p>\n\n\n\n<p class=\"wp-block-paragraph\">2006.- El cineasta espa\u00f1ol Pedro Almod\u00f3var gana el Premio Pr\u00edncipe de Asturias de las Artes.<\/p>\n\n\n\n<p class=\"wp-block-paragraph\">2007.- Paul Wolfowitz anuncia su dimisi\u00f3n -efectiva el 30 de junio- como presidente del Banco Mundial por un esc\u00e1ndalo de favoritismo hacia su novia y empleada del organismo.<\/p>\n\n\n\n<p class=\"wp-block-paragraph\">2007.- El espa\u00f1ol Javier Solana recibe en Aquisgr\u00e1n (Alemania) el Premio Carlomagno del europe\u00edsmo.<\/p>\n\n\n\n<p class=\"wp-block-paragraph\">2011.- La reina Isabel II de Inglaterra visita Irlanda en la primera visita de un monarca brit\u00e1nico desde la independencia del pa\u00eds.<\/p>\n\n\n\n<p class=\"wp-block-paragraph\">2019.- Taiw\u00e1n se convierte en el primer pa\u00eds de Asia en legalizar el matrimonio gay.<\/p>\n\n\n\n<p class=\"wp-block-paragraph\">2019.- El presidente de EEUU, Donald Trump, confirma el fin de los aranceles al acero y aluminio de M\u00e9xico y Canad\u00e1.<\/p>\n\n\n\n<p class=\"wp-block-paragraph\">2020.- Acusado de corrupci\u00f3n, Benjamin Netanyahu asume su quinto mandato como primer ministro de Israel.<\/p>\n\n\n\n<p class=\"wp-block-paragraph\"><strong>Nacimientos<\/strong><\/p>\n\n\n\n<p class=\"wp-block-paragraph\">1886.- Alfonso de Borb\u00f3n y Habsburgo-Lorena, Alfonso XIII, rey de Espa\u00f1a.<\/p>\n\n\n\n<p class=\"wp-block-paragraph\">1936.- Dennis Hopper, cineasta estadounidense.<\/p>\n\n\n\n<p class=\"wp-block-paragraph\">1961.- Enya, cantante irlandesa.<\/p>\n\n\n\n<p class=\"wp-block-paragraph\">1971.- M\u00e1xima Zorreguieta, reina consorte de Holanda (esposa del rey Guillermo Alejandro de Holanda), de origen argentino.<\/p>\n\n\n\n<p class=\"wp-block-paragraph\"><strong>Defunciones<\/strong><\/p>\n\n\n\n<p class=\"wp-block-paragraph\">1510.- Alessandro Botticelli, pintor italiano.<\/p>\n\n\n\n<p class=\"wp-block-paragraph\">1727.- Catalina I de Rusia, esposa de Pedro I el Grande.<\/p>\n\n\n\n<p class=\"wp-block-paragraph\">1838.- Charles-Maurice de Talleyrand-P\u00e9rigord, pol\u00edtico y diplom\u00e1tico franc\u00e9s.<\/p>\n\n\n\n<p class=\"wp-block-paragraph\">1987.- Karl Gunnar Myrdal, economista sueco.<\/p>\n\n\n\n<p class=\"wp-block-paragraph\">2002.- Ladislao Kubala, futbolista y entrenador h\u00fangaro, nacionalizado espa\u00f1ol.<\/p>\n\n\n\n<p class=\"wp-block-paragraph\">2004.- Tony Randall, actor estadounidense.<\/p>\n\n\n\n<p class=\"wp-block-paragraph\">2009.- Mario Benedetti, escritor uruguayo.<\/p>\n\n\n\n<p class=\"wp-block-paragraph\">2012.- Donna Summer, cantante estadounidense.<\/p>\n\n\n\n<p class=\"wp-block-paragraph\">2013.- Jorge Rafael Videla, exdictador argentino.<\/p>\n\n\n\n<p class=\"wp-block-paragraph\">2022.- Vangelis, compositor griego.<\/p>\n","protected":false},"excerpt":{"rendered":"<p>Un d\u00eda 17 de mayo como hoy, pero de 2019, Sony y Microsoft anuncian una alianza para desarrollar videojuegos en internet, sector en el que competir\u00e1n con los colosos Google y Apple. Otras efem\u00e9rides 1814.- Noruega se independiza de Dinamarca. 1861.- En Inglaterra se funda la Caja Postal de Ahorros, primera entidad de ese tipo [&hellip;]<\/p>\n","protected":false},"author":6,"featured_media":85407,"comment_status":"closed","ping_status":"closed","sticky":false,"template":"","format":"standard","meta":{"_acf_changed":false,"_monsterinsights_skip_tracking":false,"slim_seo":{"title":"Efem\u00e9rides 17 de mayo | Un d\u00eda como hoy en la historia... - Opini\u00f3n P\u00fablica","description":"Un d\u00eda 17 de mayo como hoy, pero de 2019, Sony y Microsoft anuncian una alianza para desarrollar videojuegos en internet, sector en el que competir\u00e1n con los co"},"footnotes":""},"categories":[27],"tags":[3416,266,675],"class_list":["post-85406","post","type-post","status-publish","format-standard","has-post-thumbnail","hentry","category-un-dia-como-hoy","tag-efemerides-17-de-mayo","tag-microsoft","tag-sony"],"acf":[],"_links":{"self":[{"href":"https:\/\/www.opinionpublica.tv\/portada\/wp-json\/wp\/v2\/posts\/85406","targetHints":{"allow":["GET"]}}],"collection":[{"href":"https:\/\/www.opinionpublica.tv\/portada\/wp-json\/wp\/v2\/posts"}],"about":[{"href":"https:\/\/www.opinionpublica.tv\/portada\/wp-json\/wp\/v2\/types\/post"}],"author":[{"embeddable":true,"href":"https:\/\/www.opinionpublica.tv\/portada\/wp-json\/wp\/v2\/users\/6"}],"replies":[{"embeddable":true,"href":"https:\/\/www.opinionpublica.tv\/portada\/wp-json\/wp\/v2\/comments?post=85406"}],"version-history":[{"count":1,"href":"https:\/\/www.opinionpublica.tv\/portada\/wp-json\/wp\/v2\/posts\/85406\/revisions"}],"predecessor-version":[{"id":85408,"href":"https:\/\/www.opinionpublica.tv\/portada\/wp-json\/wp\/v2\/posts\/85406\/revisions\/85408"}],"wp:featuredmedia":[{"embeddable":true,"href":"https:\/\/www.opinionpublica.tv\/portada\/wp-json\/wp\/v2\/media\/85407"}],"wp:attachment":[{"href":"https:\/\/www.opinionpublica.tv\/portada\/wp-json\/wp\/v2\/media?parent=85406"}],"wp:term":[{"taxonomy":"category","embeddable":true,"href":"https:\/\/www.opinionpublica.tv\/portada\/wp-json\/wp\/v2\/categories?post=85406"},{"taxonomy":"post_tag","embeddable":true,"href":"https:\/\/www.opinionpublica.tv\/portada\/wp-json\/wp\/v2\/tags?post=85406"}],"curies":[{"name":"wp","href":"https:\/\/api.w.org\/{rel}","templated":true}]}}