{"id":8530,"date":"2016-11-23T07:00:00","date_gmt":"2016-11-23T06:00:00","guid":{"rendered":"https:\/\/www.opinionpublica.tv\/portada\/2016\/11\/23\/disenan-una-membrana-inspirada-en-el-pelo-del-oso-polar\/"},"modified":"2016-11-23T07:00:00","modified_gmt":"2016-11-23T06:00:00","slug":"disenan-una-membrana-inspirada-en-el-pelo-del-oso-polar","status":"publish","type":"post","link":"https:\/\/www.opinionpublica.tv\/portada\/disenan-una-membrana-inspirada-en-el-pelo-del-oso-polar\/","title":{"rendered":"Dise\u00f1an una membrana inspirada en el pelo del oso polar"},"content":{"rendered":"<p><img fetchpriority=\"high\" decoding=\"async\" class=\" size-full wp-image-8529\" src=\"https:\/\/www.opinionpublica.tv\/portada\/wp-content\/uploads\/2016\/11\/62d0bdde00d52cb168fab43a32bac0ee.jpg\" alt=\"\" width=\"543\" height=\"380\" srcset=\"https:\/\/www.opinionpublica.tv\/portada\/wp-content\/uploads\/2016\/11\/62d0bdde00d52cb168fab43a32bac0ee.jpg 543w, https:\/\/www.opinionpublica.tv\/portada\/wp-content\/uploads\/2016\/11\/62d0bdde00d52cb168fab43a32bac0ee-300x210.jpg 300w\" sizes=\"(max-width: 543px) 100vw, 543px\" \/><br \/>\n<!--more--><\/p>\n<p style=\"text-align: justify;\">La naturaleza es una fuente de inspiraci\u00f3n para el desarrollo de nuevos materiales. El pelo del oso polar, con el que el mam\u00edfero consigue el aislamiento t\u00e9rmico necesario, ha resultado ser \u00fatil a un equipo internacional de investigadores para desarrollar una nueva membrana nanoestructurada.<\/p>\n<p style=\"text-align: justify;\">\u201cNos hemos inspirado en la estructura perfilada a nivel microsc\u00f3pico del pelo del animal que encierra aire dentro de cada fibra aport\u00e1ndole un gran poder aislante t\u00e9rmico\u201d, explica Mohamed Khayet, director del departamento de F\u00edsica Aplicada I de la Universidad Complutense de Madrid (UCM) y autor principal de la investigaci\u00f3n.<\/p>\n<p style=\"text-align: justify;\">La principal caracter\u00edstica de la membrana es su baja conductividad t\u00e9rmica, a lo que hay que sumar una alta porosidad y rugosidad superficial. Adem\u00e1s, repele el agua lo que la convierte en una buena herramienta para la desalaci\u00f3n de agua con alto contenido en sales o salmueras.<\/p>\n<p style=\"text-align: justify;\">\u201cAl llegar hasta pr\u00e1cticamente el punto de saturaci\u00f3n de sales en agua, con esta membrana es posible obtener, con una alta eficiencia t\u00e9rmica, agua no solamente potable sino pura, algo muy demando por la industria\u201d, afirma Khayet, que tambi\u00e9n es director del grupo de investigaci\u00f3n Membranas y Energ\u00edas Renovables.<\/p>\n<p style=\"text-align: justify;\">Junto a la desalaci\u00f3n, esta red de nanofibras es capaz de concentrar aguas contaminadas con productos radiactivos y recuperar productos de gran valor para el sector farmac\u00e9utico, alimentario, textil y metal\u00fargico, como son prote\u00ednas, compuestos arom\u00e1ticos presentes en zumos, polifenoles antioxidantes, tintes o metales pesados.<\/p>\n<p style=\"text-align: justify;\">La membrana nanofibrosa, que ha sido patentada por la UCM, se aplica en una tecnolog\u00eda de inter\u00e9s creciente llamada destilaci\u00f3n en membrana, que consiste en la evaporaci\u00f3n del agua a un lado del poro y la posterior condensaci\u00f3n del vapor producido en el otro lado.<\/p>\n<p style=\"text-align: justify;\">\u201cEn el mercado todav\u00eda no existe ninguna empresa que se dedique a la venta de membranas dise\u00f1adas espec\u00edficamente para esta tecnolog\u00eda\u201d, se\u00f1ala el cient\u00edfico.<\/p>\n<p style=\"text-align: justify;\">Para conseguirla, los cient\u00edficos han empleado el proceso de electrohilatura aplicando un alto voltaje del orden de unas decenas de kilovoltios.<\/p>\n<p style=\"text-align: justify;\">En la investigaci\u00f3n, publicada en Journal of Materials Chemistry A, tambi\u00e9n participan la Universidad Donghua (China) y el instituto IMDEA Agua (Madrid).<\/p>\n<p style=\"text-align: justify;\">(Fuente: Universidad Complutense de Madrid)<\/p>\n","protected":false},"excerpt":{"rendered":"","protected":false},"author":1,"featured_media":8529,"comment_status":"open","ping_status":"open","sticky":false,"template":"","format":"standard","meta":{"_acf_changed":false,"_monsterinsights_skip_tracking":false,"slim_seo":{"title":"Dise\u00f1an una membrana inspirada en el pelo del oso polar - Opini\u00f3n P\u00fablica","description":"La naturaleza es una fuente de inspiraci\u00f3n para el desarrollo de nuevos materiales. El pelo del oso polar, con el que el mam\u00edfero consigue el aislamiento t\u00e9rmic"},"footnotes":""},"categories":[22],"tags":[],"class_list":["post-8530","post","type-post","status-publish","format-standard","has-post-thumbnail","hentry","category-ciencia-y-tecnologia"],"acf":[],"_links":{"self":[{"href":"https:\/\/www.opinionpublica.tv\/portada\/wp-json\/wp\/v2\/posts\/8530","targetHints":{"allow":["GET"]}}],"collection":[{"href":"https:\/\/www.opinionpublica.tv\/portada\/wp-json\/wp\/v2\/posts"}],"about":[{"href":"https:\/\/www.opinionpublica.tv\/portada\/wp-json\/wp\/v2\/types\/post"}],"author":[{"embeddable":true,"href":"https:\/\/www.opinionpublica.tv\/portada\/wp-json\/wp\/v2\/users\/1"}],"replies":[{"embeddable":true,"href":"https:\/\/www.opinionpublica.tv\/portada\/wp-json\/wp\/v2\/comments?post=8530"}],"version-history":[{"count":0,"href":"https:\/\/www.opinionpublica.tv\/portada\/wp-json\/wp\/v2\/posts\/8530\/revisions"}],"wp:featuredmedia":[{"embeddable":true,"href":"https:\/\/www.opinionpublica.tv\/portada\/wp-json\/wp\/v2\/media\/8529"}],"wp:attachment":[{"href":"https:\/\/www.opinionpublica.tv\/portada\/wp-json\/wp\/v2\/media?parent=8530"}],"wp:term":[{"taxonomy":"category","embeddable":true,"href":"https:\/\/www.opinionpublica.tv\/portada\/wp-json\/wp\/v2\/categories?post=8530"},{"taxonomy":"post_tag","embeddable":true,"href":"https:\/\/www.opinionpublica.tv\/portada\/wp-json\/wp\/v2\/tags?post=8530"}],"curies":[{"name":"wp","href":"https:\/\/api.w.org\/{rel}","templated":true}]}}