{"id":8522,"date":"2016-11-23T07:00:00","date_gmt":"2016-11-23T06:00:00","guid":{"rendered":"https:\/\/www.opinionpublica.tv\/portada\/2016\/11\/23\/video-el-papa-asegura-que-el-analfabetismo-atenta-contra-la-dignidad\/"},"modified":"2016-11-23T07:00:00","modified_gmt":"2016-11-23T06:00:00","slug":"video-el-papa-asegura-que-el-analfabetismo-atenta-contra-la-dignidad","status":"publish","type":"post","link":"https:\/\/www.opinionpublica.tv\/portada\/video-el-papa-asegura-que-el-analfabetismo-atenta-contra-la-dignidad\/","title":{"rendered":"Video: El papa asegura que el analfabetismo atenta contra la dignidad"},"content":{"rendered":"<p><img fetchpriority=\"high\" decoding=\"async\" class=\" size-full wp-image-8521\" src=\"https:\/\/www.opinionpublica.tv\/portada\/wp-content\/uploads\/2016\/11\/4b71cdb3caba699a33758253b7c6c795.jpg\" alt=\"\" width=\"501\" height=\"309\" srcset=\"https:\/\/www.opinionpublica.tv\/portada\/wp-content\/uploads\/2016\/11\/4b71cdb3caba699a33758253b7c6c795.jpg 501w, https:\/\/www.opinionpublica.tv\/portada\/wp-content\/uploads\/2016\/11\/4b71cdb3caba699a33758253b7c6c795-300x185.jpg 300w\" sizes=\"(max-width: 501px) 100vw, 501px\" \/><br \/>\n<!--more--><\/p>\n<p style=\"text-align: justify;\">El papa Francisco asegur\u00f3 hoy que \u00abla falta de instrucci\u00f3n es una grave injusticia que atenta contra la dignidad de las personas\u00bb, durante su catequesis en la audiencia general celebrada en el aula Pablo VI del Vaticano.<\/p>\n<div class=\"k2_video\"><iframe title=\"El papa asegura que el analfabetismo atenta contra la dignidad\" width=\"800\" height=\"450\" src=\"https:\/\/www.youtube.com\/embed\/e7XPB_duZ_M?feature=oembed\" frameborder=\"0\" allow=\"accelerometer; autoplay; clipboard-write; encrypted-media; gyroscope; picture-in-picture; web-share\" referrerpolicy=\"strict-origin-when-cross-origin\" allowfullscreen><\/iframe>\n<\/div>\n","protected":false},"excerpt":{"rendered":"","protected":false},"author":1,"featured_media":8521,"comment_status":"open","ping_status":"open","sticky":false,"template":"","format":"standard","meta":{"_acf_changed":false,"_monsterinsights_skip_tracking":false,"slim_seo":{"title":"Video: El papa asegura que el analfabetismo atenta contra la dignidad - Opini\u00f3n P\u00fablica","description":"El papa Francisco asegur\u00f3 hoy que \"la falta de instrucci\u00f3n es una grave injusticia que atenta contra la dignidad de las personas\", durante su catequesis en la a"},"footnotes":""},"categories":[8],"tags":[],"class_list":["post-8522","post","type-post","status-publish","format-standard","has-post-thumbnail","hentry","category-videos"],"acf":[],"_links":{"self":[{"href":"https:\/\/www.opinionpublica.tv\/portada\/wp-json\/wp\/v2\/posts\/8522","targetHints":{"allow":["GET"]}}],"collection":[{"href":"https:\/\/www.opinionpublica.tv\/portada\/wp-json\/wp\/v2\/posts"}],"about":[{"href":"https:\/\/www.opinionpublica.tv\/portada\/wp-json\/wp\/v2\/types\/post"}],"author":[{"embeddable":true,"href":"https:\/\/www.opinionpublica.tv\/portada\/wp-json\/wp\/v2\/users\/1"}],"replies":[{"embeddable":true,"href":"https:\/\/www.opinionpublica.tv\/portada\/wp-json\/wp\/v2\/comments?post=8522"}],"version-history":[{"count":0,"href":"https:\/\/www.opinionpublica.tv\/portada\/wp-json\/wp\/v2\/posts\/8522\/revisions"}],"wp:featuredmedia":[{"embeddable":true,"href":"https:\/\/www.opinionpublica.tv\/portada\/wp-json\/wp\/v2\/media\/8521"}],"wp:attachment":[{"href":"https:\/\/www.opinionpublica.tv\/portada\/wp-json\/wp\/v2\/media?parent=8522"}],"wp:term":[{"taxonomy":"category","embeddable":true,"href":"https:\/\/www.opinionpublica.tv\/portada\/wp-json\/wp\/v2\/categories?post=8522"},{"taxonomy":"post_tag","embeddable":true,"href":"https:\/\/www.opinionpublica.tv\/portada\/wp-json\/wp\/v2\/tags?post=8522"}],"curies":[{"name":"wp","href":"https:\/\/api.w.org\/{rel}","templated":true}]}}