{"id":8520,"date":"2016-11-23T07:00:00","date_gmt":"2016-11-23T06:00:00","guid":{"rendered":"https:\/\/www.opinionpublica.tv\/portada\/2016\/11\/23\/video-el-reino-unido-anuncia-menos-crecimiento\/"},"modified":"2016-11-23T07:00:00","modified_gmt":"2016-11-23T06:00:00","slug":"video-el-reino-unido-anuncia-menos-crecimiento","status":"publish","type":"post","link":"https:\/\/www.opinionpublica.tv\/portada\/video-el-reino-unido-anuncia-menos-crecimiento\/","title":{"rendered":"Video: El Reino Unido anuncia menos crecimiento"},"content":{"rendered":"<p><img fetchpriority=\"high\" decoding=\"async\" class=\" size-full wp-image-8519\" src=\"https:\/\/www.opinionpublica.tv\/portada\/wp-content\/uploads\/2016\/11\/c273c5fb975e334edc4be420b46b3e6a.jpg\" alt=\"\" width=\"512\" height=\"326\" srcset=\"https:\/\/www.opinionpublica.tv\/portada\/wp-content\/uploads\/2016\/11\/c273c5fb975e334edc4be420b46b3e6a.jpg 512w, https:\/\/www.opinionpublica.tv\/portada\/wp-content\/uploads\/2016\/11\/c273c5fb975e334edc4be420b46b3e6a-300x191.jpg 300w\" sizes=\"(max-width: 512px) 100vw, 512px\" \/><br \/>\n<!--more--><\/p>\n<p style=\"text-align: justify;\">El Reino Unido renuncia a sanear sus cuentas p\u00fablicas y revisa a la baja sus previsiones de crecimiento por el \u00abbrexit\u00bb.<\/p>\n<p>Resistir, este es el objetivo del ministro de Econom\u00eda brit\u00e1nico, \u00abPhilip Hammond\u00bb<\/p>\n<div class=\"k2_video\"><iframe title=\"El Reino Unido anuncia menos crecimiento, m\u00e1s inflaci\u00f3n y m\u00e1s deuda para resistir al\u2026 - economy\" width=\"800\" height=\"450\" src=\"https:\/\/www.youtube.com\/embed\/-6e_ssx0lUU?feature=oembed\" frameborder=\"0\" allow=\"accelerometer; autoplay; clipboard-write; encrypted-media; gyroscope; picture-in-picture; web-share\" referrerpolicy=\"strict-origin-when-cross-origin\" allowfullscreen><\/iframe>\n<\/div>\n","protected":false},"excerpt":{"rendered":"","protected":false},"author":1,"featured_media":8519,"comment_status":"open","ping_status":"open","sticky":false,"template":"","format":"standard","meta":{"_acf_changed":false,"_monsterinsights_skip_tracking":false,"slim_seo":{"title":"Video: El Reino Unido anuncia menos crecimiento - Opini\u00f3n P\u00fablica","description":"El Reino Unido renuncia a sanear sus cuentas p\u00fablicas y revisa a la baja sus previsiones de crecimiento por el \"brexit\". Resistir, este es el objetivo del minis"},"footnotes":""},"categories":[13],"tags":[],"class_list":["post-8520","post","type-post","status-publish","format-standard","has-post-thumbnail","hentry","category-videos-destacados-contenido"],"acf":[],"_links":{"self":[{"href":"https:\/\/www.opinionpublica.tv\/portada\/wp-json\/wp\/v2\/posts\/8520","targetHints":{"allow":["GET"]}}],"collection":[{"href":"https:\/\/www.opinionpublica.tv\/portada\/wp-json\/wp\/v2\/posts"}],"about":[{"href":"https:\/\/www.opinionpublica.tv\/portada\/wp-json\/wp\/v2\/types\/post"}],"author":[{"embeddable":true,"href":"https:\/\/www.opinionpublica.tv\/portada\/wp-json\/wp\/v2\/users\/1"}],"replies":[{"embeddable":true,"href":"https:\/\/www.opinionpublica.tv\/portada\/wp-json\/wp\/v2\/comments?post=8520"}],"version-history":[{"count":0,"href":"https:\/\/www.opinionpublica.tv\/portada\/wp-json\/wp\/v2\/posts\/8520\/revisions"}],"wp:featuredmedia":[{"embeddable":true,"href":"https:\/\/www.opinionpublica.tv\/portada\/wp-json\/wp\/v2\/media\/8519"}],"wp:attachment":[{"href":"https:\/\/www.opinionpublica.tv\/portada\/wp-json\/wp\/v2\/media?parent=8520"}],"wp:term":[{"taxonomy":"category","embeddable":true,"href":"https:\/\/www.opinionpublica.tv\/portada\/wp-json\/wp\/v2\/categories?post=8520"},{"taxonomy":"post_tag","embeddable":true,"href":"https:\/\/www.opinionpublica.tv\/portada\/wp-json\/wp\/v2\/tags?post=8520"}],"curies":[{"name":"wp","href":"https:\/\/api.w.org\/{rel}","templated":true}]}}