{"id":85197,"date":"2026-05-13T00:01:00","date_gmt":"2026-05-13T06:01:00","guid":{"rendered":"https:\/\/www.opinionpublica.tv\/portada\/?p=85197"},"modified":"2026-05-12T18:39:06","modified_gmt":"2026-05-13T00:39:06","slug":"instruye-seguridad-vial-a-automovilistas-y-motociclistas-con-cursos-especializados","status":"publish","type":"post","link":"https:\/\/www.opinionpublica.tv\/portada\/instruye-seguridad-vial-a-automovilistas-y-motociclistas-con-cursos-especializados\/","title":{"rendered":"Instruyen a automovilistas y motociclistas con cursos especializados en Ju\u00e1rez"},"content":{"rendered":"\n<figure class=\"wp-block-image size-large\"><img fetchpriority=\"high\" decoding=\"async\" width=\"1024\" height=\"683\" src=\"https:\/\/www.opinionpublica.tv\/portada\/wp-content\/uploads\/2026\/05\/Instruyen-a-automovilistas-y-motociclistas-con-cursos-especializados-en-Juarez-1024x683.jpeg\" alt=\"Instruyen a automovilistas y motociclistas con cursos especializados en jua\u0301rez\" class=\"wp-image-85200\" srcset=\"https:\/\/www.opinionpublica.tv\/portada\/wp-content\/uploads\/2026\/05\/Instruyen-a-automovilistas-y-motociclistas-con-cursos-especializados-en-Juarez-1024x683.jpeg 1024w, https:\/\/www.opinionpublica.tv\/portada\/wp-content\/uploads\/2026\/05\/Instruyen-a-automovilistas-y-motociclistas-con-cursos-especializados-en-Juarez-300x200.jpeg 300w, https:\/\/www.opinionpublica.tv\/portada\/wp-content\/uploads\/2026\/05\/Instruyen-a-automovilistas-y-motociclistas-con-cursos-especializados-en-Juarez-768x512.jpeg 768w, https:\/\/www.opinionpublica.tv\/portada\/wp-content\/uploads\/2026\/05\/Instruyen-a-automovilistas-y-motociclistas-con-cursos-especializados-en-Juarez.jpeg 1296w\" sizes=\"(max-width: 1024px) 100vw, 1024px\" \/><\/figure>\n\n\n\n<p class=\"wp-block-paragraph\"><em>Ciudad Ju\u00e1rez, Chih<\/em>.- La Coordinaci\u00f3n General de Seguridad Vial contin\u00faa fortaleciendo las acciones de prevenci\u00f3n y concientizaci\u00f3n dirigidas a motociclistas, con el objetivo de promover una conducci\u00f3n responsable y reducir riesgos en la v\u00eda p\u00fablica.<\/p>\n\n\n\n<p class=\"wp-block-paragraph\">Desde diciembre de 2025 a la fecha, personal de esta dependencia municipal ha impartido 44 cursos especializados para motociclistas, beneficiando a 349 personas, quienes han recibido orientaci\u00f3n sobre manejo defensivo, prevenci\u00f3n de accidentes y responsabilidad vial.<\/p>\n\n\n\n<p class=\"wp-block-paragraph\">Aunado a ello, el \u00e1rea de Educaci\u00f3n Vial realiza volanteos en diversos sectores de la ciudad, con el fin de dar mayor difusi\u00f3n al mensaje y sobre todo, concientizar a los guiadores en general sobre la importancia de una conducci\u00f3n correcta, responsable y sin distractores.<\/p>\n\n\n\n<p class=\"wp-block-paragraph\">Seguridad Vial exhorta tanto a conductores como a motociclistas a respetar el Reglamento de Vialidad y Tr\u00e1nsito, utilizar el equipo de protecci\u00f3n adecuado, evitar distracciones y conducir con precauci\u00f3n, a fin de salvaguardar la integridad de todas las personas que transitan por la ciudad.<\/p>\n","protected":false},"excerpt":{"rendered":"<p>Ciudad Ju\u00e1rez, Chih.- La Coordinaci\u00f3n General de Seguridad Vial contin\u00faa fortaleciendo las acciones de prevenci\u00f3n y concientizaci\u00f3n dirigidas a motociclistas, con el objetivo de promover una conducci\u00f3n responsable y reducir riesgos en la v\u00eda p\u00fablica. Desde diciembre de 2025 a la fecha, personal de esta dependencia municipal ha impartido 44 cursos especializados para motociclistas, beneficiando [&hellip;]<\/p>\n","protected":false},"author":6,"featured_media":85200,"comment_status":"closed","ping_status":"closed","sticky":false,"template":"","format":"standard","meta":{"_acf_changed":false,"_monsterinsights_skip_tracking":false,"slim_seo":{"title":"Instruyen a automovilistas y motociclistas con cursos especializados en Ju\u00e1rez - Opini\u00f3n P\u00fablica","description":"Ciudad Ju\u00e1rez, Chih .- La Coordinaci\u00f3n General de Seguridad Vial contin\u00faa fortaleciendo las acciones de prevenci\u00f3n y concientizaci\u00f3n dirigidas a motociclistas,"},"footnotes":""},"categories":[41],"tags":[608,1041],"class_list":["post-85197","post","type-post","status-publish","format-standard","has-post-thumbnail","hentry","category-juarez","tag-ciudad-juarez","tag-seguridad-vial"],"acf":[],"_links":{"self":[{"href":"https:\/\/www.opinionpublica.tv\/portada\/wp-json\/wp\/v2\/posts\/85197","targetHints":{"allow":["GET"]}}],"collection":[{"href":"https:\/\/www.opinionpublica.tv\/portada\/wp-json\/wp\/v2\/posts"}],"about":[{"href":"https:\/\/www.opinionpublica.tv\/portada\/wp-json\/wp\/v2\/types\/post"}],"author":[{"embeddable":true,"href":"https:\/\/www.opinionpublica.tv\/portada\/wp-json\/wp\/v2\/users\/6"}],"replies":[{"embeddable":true,"href":"https:\/\/www.opinionpublica.tv\/portada\/wp-json\/wp\/v2\/comments?post=85197"}],"version-history":[{"count":3,"href":"https:\/\/www.opinionpublica.tv\/portada\/wp-json\/wp\/v2\/posts\/85197\/revisions"}],"predecessor-version":[{"id":85202,"href":"https:\/\/www.opinionpublica.tv\/portada\/wp-json\/wp\/v2\/posts\/85197\/revisions\/85202"}],"wp:featuredmedia":[{"embeddable":true,"href":"https:\/\/www.opinionpublica.tv\/portada\/wp-json\/wp\/v2\/media\/85200"}],"wp:attachment":[{"href":"https:\/\/www.opinionpublica.tv\/portada\/wp-json\/wp\/v2\/media?parent=85197"}],"wp:term":[{"taxonomy":"category","embeddable":true,"href":"https:\/\/www.opinionpublica.tv\/portada\/wp-json\/wp\/v2\/categories?post=85197"},{"taxonomy":"post_tag","embeddable":true,"href":"https:\/\/www.opinionpublica.tv\/portada\/wp-json\/wp\/v2\/tags?post=85197"}],"curies":[{"name":"wp","href":"https:\/\/api.w.org\/{rel}","templated":true}]}}