{"id":85192,"date":"2026-05-13T00:01:00","date_gmt":"2026-05-13T06:01:00","guid":{"rendered":"https:\/\/www.opinionpublica.tv\/portada\/?p=85192"},"modified":"2026-05-12T18:34:34","modified_gmt":"2026-05-13T00:34:34","slug":"anuncian-juarez-en-la-juarez-2026-esperan-lleno-total-para-el-festival-del-5-de-mayo","status":"publish","type":"post","link":"https:\/\/www.opinionpublica.tv\/portada\/anuncian-juarez-en-la-juarez-2026-esperan-lleno-total-para-el-festival-del-5-de-mayo\/","title":{"rendered":"Anuncian \u00abJu\u00e1rez en La Ju\u00e1rez 2026\u00bb, esperan lleno total este s\u00e1bado 16 de mayo"},"content":{"rendered":"\n<figure class=\"wp-block-image size-large\"><img fetchpriority=\"high\" decoding=\"async\" width=\"1024\" height=\"683\" src=\"https:\/\/www.opinionpublica.tv\/portada\/wp-content\/uploads\/2026\/05\/Anuncian-22Juarez-en-La-Juarez-202622-esperan-lleno-total-este-sabado-16-de-mayo-1024x683.jpeg\" alt=\"Anuncian %22jua\u0301rez en la jua\u0301rez 2026%22, esperan lleno total este sa\u0301bado 16 de mayo\" class=\"wp-image-85195\" srcset=\"https:\/\/www.opinionpublica.tv\/portada\/wp-content\/uploads\/2026\/05\/Anuncian-22Juarez-en-La-Juarez-202622-esperan-lleno-total-este-sabado-16-de-mayo-1024x683.jpeg 1024w, https:\/\/www.opinionpublica.tv\/portada\/wp-content\/uploads\/2026\/05\/Anuncian-22Juarez-en-La-Juarez-202622-esperan-lleno-total-este-sabado-16-de-mayo-300x200.jpeg 300w, https:\/\/www.opinionpublica.tv\/portada\/wp-content\/uploads\/2026\/05\/Anuncian-22Juarez-en-La-Juarez-202622-esperan-lleno-total-este-sabado-16-de-mayo-768x512.jpeg 768w, https:\/\/www.opinionpublica.tv\/portada\/wp-content\/uploads\/2026\/05\/Anuncian-22Juarez-en-La-Juarez-202622-esperan-lleno-total-este-sabado-16-de-mayo.jpeg 1280w\" sizes=\"(max-width: 1024px) 100vw, 1024px\" \/><\/figure>\n\n\n\n<p class=\"wp-block-paragraph\"><em>Ciudad Ju\u00e1rez, Chih<\/em>.- El Gobierno Municipal, a trav\u00e9s de la Direcci\u00f3n General de Desarrollo Econ\u00f3mico, present\u00f3 oficialmente el festival \u201cJu\u00e1rez en La Ju\u00e1rez 2026\u201d, evento que se llevar\u00e1 a cabo el s\u00e1bado 16 de mayo sobre la emblem\u00e1tica avenida Ju\u00e1rez, con m\u00fasica en vivo, comida, ambiente familiar y una importante participaci\u00f3n de negocios locales.<\/p>\n\n\n\n<p class=\"wp-block-paragraph\">La directora de Desarrollo Econ\u00f3mico, Tania Maldonado Gardu\u00f1o, inform\u00f3 que el evento comenzar\u00e1 a las 3:00 de la tarde y se extender\u00e1 hasta la 1:00 de la ma\u00f1ana, buscando reunir tanto a familias juarenses como a visitantes provenientes de El Paso, Texas.<\/p>\n\n\n\n<p class=\"wp-block-paragraph\">La funcionaria destac\u00f3 que los festivales realizados anteriormente sobre la avenida Ju\u00e1rez han sido un \u00e9xito rotundo, por lo que esperan nuevamente una gran asistencia.<\/p>\n\n\n\n<p class=\"wp-block-paragraph\">\u201cNos espera otra fiesta en La Ju\u00e1rez\u201d, expres\u00f3 Maldonado, quien explic\u00f3 que el evento fue programado para el fin de semana de quincena, con el objetivo de incentivar la convivencia y el consumo en restaurantes, bares y comercios del sector.<\/p>\n\n\n\n<p class=\"wp-block-paragraph\">En representaci\u00f3n de los empresarios de la avenida Ju\u00e1rez particip\u00f3 \u00c1ngel Ram\u00edrez, del restaurante La Santa, quien reiter\u00f3 el compromiso del sector comercial para mantener este tipo de actividades que fortalecen la econom\u00eda local y atraen turismo al Centro Hist\u00f3rico de la ciudad.<\/p>\n\n\n\n<p class=\"wp-block-paragraph\">El festival contar\u00e1 con tres escenarios musicales, uno en La Santa, otro en la calle Col\u00f3n y en la Tlaxcala, donde se presentar\u00e1n artistas y agrupaciones como DJ Spock, Marian Rock Band, Elegancia Prohibida, Blue Rose, Los Exponentes, Yareli \u201cLa Voz Brav\u00eda\u201d, Tavo Vargas, Cocktail y Lalo Mix, entre otros.<\/p>\n\n\n\n<p class=\"wp-block-paragraph\">Adem\u00e1s de los espect\u00e1culos musicales, el evento incluir\u00e1 food trucks, comida t\u00edpica, bebidas y actividades para toda la familia, con la participaci\u00f3n de negocios como La Santa, La Chucher\u00eda, Kentucky Bar y Taquito Mexicano.<\/p>\n\n\n\n<p class=\"wp-block-paragraph\">Tania Maldonado agradeci\u00f3 tambi\u00e9n el respaldo de dependencias municipales como Protecci\u00f3n Civil, la Coordinaci\u00f3n de Seguridad Vial, la Secretar\u00eda de Seguridad P\u00fablica Municipal y Servicios P\u00fablicos, quienes participar\u00e1n en la log\u00edstica y seguridad del evento.<\/p>\n\n\n\n<p class=\"wp-block-paragraph\">La funcionaria record\u00f3 que el festival del a\u00f1o pasado por el 5 de mayo fue uno de los eventos con mayor asistencia del a\u00f1o, mientras que durante el reciente Spring Break en la avenida Ju\u00e1rez se registr\u00f3 una afluencia superior a las 15 mil personas.<\/p>\n\n\n\n<p class=\"wp-block-paragraph\">\u201cYo creo que esta vez no va a ser la excepci\u00f3n y probablemente se rebase ese n\u00famero\u201d, coment\u00f3.<\/p>\n\n\n\n<p class=\"wp-block-paragraph\">El Gobierno Municipal reiter\u00f3 la invitaci\u00f3n a la ciudadan\u00eda para acudir al festival y disfrutar de una noche de m\u00fasica, gastronom\u00eda y convivencia en el coraz\u00f3n de Ciudad Ju\u00e1rez.<\/p>\n","protected":false},"excerpt":{"rendered":"<p>Ciudad Ju\u00e1rez, Chih.- El Gobierno Municipal, a trav\u00e9s de la Direcci\u00f3n General de Desarrollo Econ\u00f3mico, present\u00f3 oficialmente el festival \u201cJu\u00e1rez en La Ju\u00e1rez 2026\u201d, evento que se llevar\u00e1 a cabo el s\u00e1bado 16 de mayo sobre la emblem\u00e1tica avenida Ju\u00e1rez, con m\u00fasica en vivo, comida, ambiente familiar y una importante participaci\u00f3n de negocios locales. La [&hellip;]<\/p>\n","protected":false},"author":6,"featured_media":85195,"comment_status":"closed","ping_status":"closed","sticky":false,"template":"","format":"standard","meta":{"_acf_changed":false,"_monsterinsights_skip_tracking":false,"slim_seo":{"title":"Anuncian \"Ju\u00e1rez en La Ju\u00e1rez 2026\", esperan lleno total este s\u00e1bado 16 de mayo - Opini\u00f3n P\u00fablica","description":"Ciudad Ju\u00e1rez, Chih .- El Gobierno Municipal, a trav\u00e9s de la Direcci\u00f3n General de Desarrollo Econ\u00f3mico, present\u00f3 oficialmente el festival \u201cJu\u00e1rez en La Ju\u00e1rez 2"},"footnotes":""},"categories":[41],"tags":[608,1241],"class_list":["post-85192","post","type-post","status-publish","format-standard","has-post-thumbnail","hentry","category-juarez","tag-ciudad-juarez","tag-desarrollo-economico"],"acf":[],"_links":{"self":[{"href":"https:\/\/www.opinionpublica.tv\/portada\/wp-json\/wp\/v2\/posts\/85192","targetHints":{"allow":["GET"]}}],"collection":[{"href":"https:\/\/www.opinionpublica.tv\/portada\/wp-json\/wp\/v2\/posts"}],"about":[{"href":"https:\/\/www.opinionpublica.tv\/portada\/wp-json\/wp\/v2\/types\/post"}],"author":[{"embeddable":true,"href":"https:\/\/www.opinionpublica.tv\/portada\/wp-json\/wp\/v2\/users\/6"}],"replies":[{"embeddable":true,"href":"https:\/\/www.opinionpublica.tv\/portada\/wp-json\/wp\/v2\/comments?post=85192"}],"version-history":[{"count":3,"href":"https:\/\/www.opinionpublica.tv\/portada\/wp-json\/wp\/v2\/posts\/85192\/revisions"}],"predecessor-version":[{"id":85196,"href":"https:\/\/www.opinionpublica.tv\/portada\/wp-json\/wp\/v2\/posts\/85192\/revisions\/85196"}],"wp:featuredmedia":[{"embeddable":true,"href":"https:\/\/www.opinionpublica.tv\/portada\/wp-json\/wp\/v2\/media\/85195"}],"wp:attachment":[{"href":"https:\/\/www.opinionpublica.tv\/portada\/wp-json\/wp\/v2\/media?parent=85192"}],"wp:term":[{"taxonomy":"category","embeddable":true,"href":"https:\/\/www.opinionpublica.tv\/portada\/wp-json\/wp\/v2\/categories?post=85192"},{"taxonomy":"post_tag","embeddable":true,"href":"https:\/\/www.opinionpublica.tv\/portada\/wp-json\/wp\/v2\/tags?post=85192"}],"curies":[{"name":"wp","href":"https:\/\/api.w.org\/{rel}","templated":true}]}}