{"id":8518,"date":"2016-11-23T07:00:00","date_gmt":"2016-11-23T06:00:00","guid":{"rendered":"https:\/\/www.opinionpublica.tv\/portada\/2016\/11\/23\/los-zapatos-de-dorothy-en-el-mago-de-oz-estan-en-peligro\/"},"modified":"2016-11-23T07:00:00","modified_gmt":"2016-11-23T06:00:00","slug":"los-zapatos-de-dorothy-en-el-mago-de-oz-estan-en-peligro","status":"publish","type":"post","link":"https:\/\/www.opinionpublica.tv\/portada\/los-zapatos-de-dorothy-en-el-mago-de-oz-estan-en-peligro\/","title":{"rendered":"Los zapatos de Dorothy en el Mago de Oz est\u00e1n en peligro"},"content":{"rendered":"<p><img fetchpriority=\"high\" decoding=\"async\" class=\" size-full wp-image-8517\" src=\"https:\/\/www.opinionpublica.tv\/portada\/wp-content\/uploads\/2016\/11\/feee942896ea41b2509b40a1c195afac.jpg\" alt=\"\" width=\"517\" height=\"324\" srcset=\"https:\/\/www.opinionpublica.tv\/portada\/wp-content\/uploads\/2016\/11\/feee942896ea41b2509b40a1c195afac.jpg 517w, https:\/\/www.opinionpublica.tv\/portada\/wp-content\/uploads\/2016\/11\/feee942896ea41b2509b40a1c195afac-300x188.jpg 300w\" sizes=\"(max-width: 517px) 100vw, 517px\" \/><br \/>\n<!--more--><\/p>\n<p style=\"text-align: justify;\">Hay pel\u00edculas que trascienden de generaci\u00f3n en generaci\u00f3n. El mago de Oz es una de ellas. Y los zapatos de rub\u00edes de Dorothy seguro que son el icono que se nos viene a la cabeza antes que ning\u00fan otro si pensamos en ella. La pel\u00edcula se rod\u00f3 en 1939, hace casi 80 a\u00f1os, y aquellos zapatos no se fabricaron con la idea de que duraran tantas d\u00e9cadas, as\u00ed que ahora est\u00e1n en grave peligro de deterioro. Y los amantes del cine se han puesto manos a la obra para evitar que este icono desaparezca para siempre.<\/p>\n<p style=\"text-align: justify;\">El principal par de chapines de rub\u00ed se encuentra en el Museo Nacional Smithsonian de Historia Natural, en Washington DC (existen otros tres pares, uno de ellos comprado en 2012 por Leonardo Di Caprio para el Museo de la Academia de Hollywood). Hace m\u00e1s de 30 a\u00f1os que este museo los acoge, tras una donaci\u00f3n an\u00f3nima, y ahora ha saltado la alarma de que est\u00e1n seriamente deteriorados. De hecho, ya ni siquiera son rojos, sino que tienen un tono m\u00e1s tirando a caoba.<\/p>\n<div style=\"text-align: justify;\">\n<div><img decoding=\"async\" src=\"https:\/\/i.blogs.es\/816795\/ruby_slippers\/450_1000.jpg\" srcset=\"https:\/\/i.blogs.es\/816795\/ruby_slippers\/450_1000.jpg 450w, https:\/\/i.blogs.es\/816795\/ruby_slippers\/650_1200.jpg 681w, https:\/\/i.blogs.es\/816795\/ruby_slippers\/1024_2000.jpg 1024w, https:\/\/i.blogs.es\/816795\/ruby_slippers\/1366_2000.jpg 1366w\" alt=\"Ruby Slippers\" \/><\/div>\n<\/div>\n<p style=\"text-align: justify;\">Este pasado lunes, la instituci\u00f3n (que, aunque es p\u00fablica, suele utilizar fondos privados para cubrir aquellos gastos a los que su presupuesto no llega) lanz\u00f3 una campa\u00f1a para recaudar nada m\u00e1s y nada menos que 300.000 d\u00f3lares (unos 273.000 euros). El destino del dinero ser\u00e1 restaurar los zapatos que luci\u00f3 Judy Garland, para devolverles su brillo original y para crear una vitrina de exposici\u00f3n que los preserve para el disfrute de futuras generaciones.<\/p>\n<div style=\"text-align: justify;\">\n<div>\n<div><img decoding=\"async\" src=\"https:\/\/i.blogs.es\/d14342\/campana\/450_1000.jpg\" srcset=\"https:\/\/i.blogs.es\/d14342\/campana\/450_1000.jpg 450w, https:\/\/i.blogs.es\/d14342\/campana\/650_1200.jpg 681w, https:\/\/i.blogs.es\/d14342\/campana\/1024_2000.jpg 1024w, https:\/\/i.blogs.es\/d14342\/campana\/1366_2000.jpg 1366w\" alt=\"Campana\" \/><\/div>\n<\/div>\n<\/div>\n<p style=\"text-align: justify;\">La campa\u00f1a, apoyada por el hashtag #KeepThemRuby, se ha puesto en marcha en la plataforma Kickstarter, y lleva ya recaudados 137.873 d\u00f3lares, provenientes de m\u00e1s de 2.500 donantes. Richard Barden, jefe de conservaci\u00f3n del museo, ha declarado que \u00abestos zapatos pertenecen al pueblo americano y debemos hacer un esfuerzo para preservarlos para la siguiente generaci\u00f3n\u00bb.<\/p>\n<div class=\"k2_video\"><a href=\"https:\/\/www.youtube.com\/watch?v==jm-BiORzheY\">https:\/\/www.youtube.com\/watch?v==jm-BiORzheY<\/a>\n<\/div>\n","protected":false},"excerpt":{"rendered":"","protected":false},"author":1,"featured_media":8517,"comment_status":"open","ping_status":"open","sticky":false,"template":"","format":"standard","meta":{"_acf_changed":false,"_monsterinsights_skip_tracking":false,"slim_seo":{"title":"Los zapatos de Dorothy en el Mago de Oz est\u00e1n en peligro - Opini\u00f3n P\u00fablica","description":"Hay pel\u00edculas que trascienden de generaci\u00f3n en generaci\u00f3n. El mago de Oz es una de ellas. Y los zapatos de rub\u00edes de Dorothy seguro que son el icono que se nos"},"footnotes":""},"categories":[14],"tags":[],"class_list":["post-8518","post","type-post","status-publish","format-standard","has-post-thumbnail","hentry","category-historias"],"acf":[],"_links":{"self":[{"href":"https:\/\/www.opinionpublica.tv\/portada\/wp-json\/wp\/v2\/posts\/8518","targetHints":{"allow":["GET"]}}],"collection":[{"href":"https:\/\/www.opinionpublica.tv\/portada\/wp-json\/wp\/v2\/posts"}],"about":[{"href":"https:\/\/www.opinionpublica.tv\/portada\/wp-json\/wp\/v2\/types\/post"}],"author":[{"embeddable":true,"href":"https:\/\/www.opinionpublica.tv\/portada\/wp-json\/wp\/v2\/users\/1"}],"replies":[{"embeddable":true,"href":"https:\/\/www.opinionpublica.tv\/portada\/wp-json\/wp\/v2\/comments?post=8518"}],"version-history":[{"count":0,"href":"https:\/\/www.opinionpublica.tv\/portada\/wp-json\/wp\/v2\/posts\/8518\/revisions"}],"wp:featuredmedia":[{"embeddable":true,"href":"https:\/\/www.opinionpublica.tv\/portada\/wp-json\/wp\/v2\/media\/8517"}],"wp:attachment":[{"href":"https:\/\/www.opinionpublica.tv\/portada\/wp-json\/wp\/v2\/media?parent=8518"}],"wp:term":[{"taxonomy":"category","embeddable":true,"href":"https:\/\/www.opinionpublica.tv\/portada\/wp-json\/wp\/v2\/categories?post=8518"},{"taxonomy":"post_tag","embeddable":true,"href":"https:\/\/www.opinionpublica.tv\/portada\/wp-json\/wp\/v2\/tags?post=8518"}],"curies":[{"name":"wp","href":"https:\/\/api.w.org\/{rel}","templated":true}]}}