{"id":8516,"date":"2016-11-23T07:00:00","date_gmt":"2016-11-23T06:00:00","guid":{"rendered":"https:\/\/www.opinionpublica.tv\/portada\/2016\/11\/23\/regresan-las-boinas\/"},"modified":"2016-11-23T07:00:00","modified_gmt":"2016-11-23T06:00:00","slug":"regresan-las-boinas","status":"publish","type":"post","link":"https:\/\/www.opinionpublica.tv\/portada\/regresan-las-boinas\/","title":{"rendered":"Regresan las boinas"},"content":{"rendered":"<p><img fetchpriority=\"high\" decoding=\"async\" class=\" size-full wp-image-8515\" src=\"https:\/\/www.opinionpublica.tv\/portada\/wp-content\/uploads\/2016\/11\/4626625e53f039ba68772ee58efd5752.jpg\" alt=\"\" width=\"582\" height=\"585\" srcset=\"https:\/\/www.opinionpublica.tv\/portada\/wp-content\/uploads\/2016\/11\/4626625e53f039ba68772ee58efd5752.jpg 582w, https:\/\/www.opinionpublica.tv\/portada\/wp-content\/uploads\/2016\/11\/4626625e53f039ba68772ee58efd5752-298x300.jpg 298w, https:\/\/www.opinionpublica.tv\/portada\/wp-content\/uploads\/2016\/11\/4626625e53f039ba68772ee58efd5752-150x150.jpg 150w\" sizes=\"(max-width: 582px) 100vw, 582px\" \/><br \/>\n<!--more--><\/p>\n<p>Si eres de las que muere por el <strong>acento franc\u00e9s<\/strong> y Paris es una de tus ciudades favoritas, he aqu\u00ed un complemento indispensable que no puede faltar en tu d\u00eda a d\u00eda: <strong>una boina<\/strong>. De lana, <em>cashmere<\/em>, punto o de pelo, los tejidos var\u00edan como el estilo de cada una. Y hoy nos damos cuenta que <strong>este accesorio vuelve a pitar<\/strong> dentro del mundo de la moda.<\/p>\n<h2>Al m\u00e1s puro estilo Blair Waldorf<\/h2>\n<p>El 19 de septiembre de 2007 se emiti\u00f3 el primer cap\u00edtulo de <strong>Gossip Girl<\/strong> y desde ese momento muchas fans quedaron prendadas por el estilo de <strong>Blair Waldorf<\/strong> (no as\u00ed como de su personalidad en los inicios). Se atrev\u00eda con <em>looks preppy<\/em> donde las boinas terminaban de redondear estilismos atrevidos y originales.<\/p>\n<div class=\"article-asset-image article-asset-normal\">\n<div class=\"asset-content\">\n<div class=\"caption-img  \"><img decoding=\"async\" class=\"centro_sinmarco\" src=\"https:\/\/i.blogs.es\/7b56f8\/d4931ac8db201dcd709579ef6d752e5a\/450_1000.jpg\" srcset=\"https:\/\/i.blogs.es\/7b56f8\/d4931ac8db201dcd709579ef6d752e5a\/450_1000.jpg 450w, https:\/\/i.blogs.es\/7b56f8\/d4931ac8db201dcd709579ef6d752e5a\/650_1200.jpg 681w, https:\/\/i.blogs.es\/7b56f8\/d4931ac8db201dcd709579ef6d752e5a\/1024_2000.jpg 1024w, https:\/\/i.blogs.es\/7b56f8\/d4931ac8db201dcd709579ef6d752e5a\/1366_2000.jpg 1366w\" alt=\"D4931ac8db201dcd709579ef6d752e5a\" \/><\/div>\n<\/div>\n<\/div>\n","protected":false},"excerpt":{"rendered":"","protected":false},"author":1,"featured_media":8515,"comment_status":"open","ping_status":"open","sticky":false,"template":"","format":"standard","meta":{"_acf_changed":false,"_monsterinsights_skip_tracking":false,"slim_seo":{"title":"Regresan las boinas - Opini\u00f3n P\u00fablica","description":"Si eres de las que muere por el acento franc\u00e9s y Paris es una de tus ciudades favoritas, he aqu\u00ed un complemento indispensable que no puede faltar en tu d\u00eda a d\u00ed"},"footnotes":""},"categories":[28],"tags":[],"class_list":["post-8516","post","type-post","status-publish","format-standard","has-post-thumbnail","hentry","category-bienestar-salud"],"acf":[],"_links":{"self":[{"href":"https:\/\/www.opinionpublica.tv\/portada\/wp-json\/wp\/v2\/posts\/8516","targetHints":{"allow":["GET"]}}],"collection":[{"href":"https:\/\/www.opinionpublica.tv\/portada\/wp-json\/wp\/v2\/posts"}],"about":[{"href":"https:\/\/www.opinionpublica.tv\/portada\/wp-json\/wp\/v2\/types\/post"}],"author":[{"embeddable":true,"href":"https:\/\/www.opinionpublica.tv\/portada\/wp-json\/wp\/v2\/users\/1"}],"replies":[{"embeddable":true,"href":"https:\/\/www.opinionpublica.tv\/portada\/wp-json\/wp\/v2\/comments?post=8516"}],"version-history":[{"count":0,"href":"https:\/\/www.opinionpublica.tv\/portada\/wp-json\/wp\/v2\/posts\/8516\/revisions"}],"wp:featuredmedia":[{"embeddable":true,"href":"https:\/\/www.opinionpublica.tv\/portada\/wp-json\/wp\/v2\/media\/8515"}],"wp:attachment":[{"href":"https:\/\/www.opinionpublica.tv\/portada\/wp-json\/wp\/v2\/media?parent=8516"}],"wp:term":[{"taxonomy":"category","embeddable":true,"href":"https:\/\/www.opinionpublica.tv\/portada\/wp-json\/wp\/v2\/categories?post=8516"},{"taxonomy":"post_tag","embeddable":true,"href":"https:\/\/www.opinionpublica.tv\/portada\/wp-json\/wp\/v2\/tags?post=8516"}],"curies":[{"name":"wp","href":"https:\/\/api.w.org\/{rel}","templated":true}]}}