{"id":8514,"date":"2016-11-23T07:00:00","date_gmt":"2016-11-23T06:00:00","guid":{"rendered":"https:\/\/www.opinionpublica.tv\/portada\/2016\/11\/23\/gwyneth-paltrow-lanza-su-primera-fragancia\/"},"modified":"2016-11-23T07:00:00","modified_gmt":"2016-11-23T06:00:00","slug":"gwyneth-paltrow-lanza-su-primera-fragancia","status":"publish","type":"post","link":"https:\/\/www.opinionpublica.tv\/portada\/gwyneth-paltrow-lanza-su-primera-fragancia\/","title":{"rendered":"Gwyneth Paltrow lanza su primera fragancia"},"content":{"rendered":"<p><img fetchpriority=\"high\" decoding=\"async\" class=\" size-full wp-image-8512\" src=\"https:\/\/www.opinionpublica.tv\/portada\/wp-content\/uploads\/2016\/11\/d0021c84450349fbc876f8600bfc8e37.jpg\" alt=\"\" width=\"900\" height=\"900\" srcset=\"https:\/\/www.opinionpublica.tv\/portada\/wp-content\/uploads\/2016\/11\/d0021c84450349fbc876f8600bfc8e37.jpg 900w, https:\/\/www.opinionpublica.tv\/portada\/wp-content\/uploads\/2016\/11\/d0021c84450349fbc876f8600bfc8e37-300x300.jpg 300w, https:\/\/www.opinionpublica.tv\/portada\/wp-content\/uploads\/2016\/11\/d0021c84450349fbc876f8600bfc8e37-150x150.jpg 150w, https:\/\/www.opinionpublica.tv\/portada\/wp-content\/uploads\/2016\/11\/d0021c84450349fbc876f8600bfc8e37-768x768.jpg 768w\" sizes=\"(max-width: 900px) 100vw, 900px\" \/><br \/>\n<!--more--><\/p>\n<p style=\"text-align: justify;\">Pues s\u00ed, Gwyneth Paltrow ha lanzado su primera fragancia y lo ha hecho a trav\u00e9s de Goop, la marca creada por la actriz, con la que tambi\u00e9n se ha adentrado en el sector de la cosm\u00e9tica y donde, a trav\u00e9s de su web, lo mismo da consejos de belleza, como de estilo de vida.<\/p>\n<p style=\"text-align: justify;\">Se trata de una fragancia que han calificado como \u00abelegante, exc\u00e9ntrico, inesperado y sensual\u00bb, y el que destaca que su elaboraci\u00f3n es 100 % natural, a base de alcohol de ca\u00f1a de az\u00facar.<\/p>\n<p style=\"text-align: justify;\">Parece ser que la idea es crear fragancias para cada estaci\u00f3n, lanz\u00e1ndose primero \u00e9ste, la Edici\u00f3n 01 &#8211; Invierno 2016 y que ya se comercializa desde este mes de noviembre en a <a href=\"http:\/\/goop.com\/\">web oficial.<\/a><\/p>\n<p style=\"text-align: justify;\">El caso es que tambi\u00e9n ha querido lanzar unas velas arom\u00e1ticas, hechas a base de cera de soja de las que Gwyneth comenta..<\/p>\n<blockquote>\n<p style=\"text-align: justify;\">Quer\u00eda evocar un cierto calor, sensaci\u00f3n de calor de cuando est\u00e1s cerca de una chimenea en invierno. Una sensaci\u00f3n de que est\u00e1s, pero que tambi\u00e9n te puedas sentir viva y atractiv<\/p>\n<p style=\"text-align: justify;\">Claro, que el precio de esta nueva fragancia no es apto para todos los bolsillos, ya que tiene un precio de unos 150 \u20ac mientras que la vela costar\u00eda unos 62 \u20ac.<\/p>\n<p style=\"text-align: justify;\"><img decoding=\"async\" class=\" size-full wp-image-8513\" src=\"https:\/\/www.opinionpublica.tv\/portada\/wp-content\/uploads\/2016\/11\/1366_20002.jpg\" width=\"810\" height=\"1215\" srcset=\"https:\/\/www.opinionpublica.tv\/portada\/wp-content\/uploads\/2016\/11\/1366_20002.jpg 810w, https:\/\/www.opinionpublica.tv\/portada\/wp-content\/uploads\/2016\/11\/1366_20002-200x300.jpg 200w, https:\/\/www.opinionpublica.tv\/portada\/wp-content\/uploads\/2016\/11\/1366_20002-683x1024.jpg 683w, https:\/\/www.opinionpublica.tv\/portada\/wp-content\/uploads\/2016\/11\/1366_20002-768x1152.jpg 768w\" sizes=\"(max-width: 810px) 100vw, 810px\" \/><\/p>\n<\/blockquote>\n","protected":false},"excerpt":{"rendered":"","protected":false},"author":1,"featured_media":8512,"comment_status":"open","ping_status":"open","sticky":false,"template":"","format":"standard","meta":{"_acf_changed":false,"_monsterinsights_skip_tracking":false,"slim_seo":{"title":"Gwyneth Paltrow lanza su primera fragancia - Opini\u00f3n P\u00fablica","description":"Pues s\u00ed, Gwyneth Paltrow ha lanzado su primera fragancia y lo ha hecho a trav\u00e9s de Goop, la marca creada por la actriz, con la que tambi\u00e9n se ha adentrado en el"},"footnotes":""},"categories":[28],"tags":[],"class_list":["post-8514","post","type-post","status-publish","format-standard","has-post-thumbnail","hentry","category-bienestar-salud"],"acf":[],"_links":{"self":[{"href":"https:\/\/www.opinionpublica.tv\/portada\/wp-json\/wp\/v2\/posts\/8514","targetHints":{"allow":["GET"]}}],"collection":[{"href":"https:\/\/www.opinionpublica.tv\/portada\/wp-json\/wp\/v2\/posts"}],"about":[{"href":"https:\/\/www.opinionpublica.tv\/portada\/wp-json\/wp\/v2\/types\/post"}],"author":[{"embeddable":true,"href":"https:\/\/www.opinionpublica.tv\/portada\/wp-json\/wp\/v2\/users\/1"}],"replies":[{"embeddable":true,"href":"https:\/\/www.opinionpublica.tv\/portada\/wp-json\/wp\/v2\/comments?post=8514"}],"version-history":[{"count":0,"href":"https:\/\/www.opinionpublica.tv\/portada\/wp-json\/wp\/v2\/posts\/8514\/revisions"}],"wp:featuredmedia":[{"embeddable":true,"href":"https:\/\/www.opinionpublica.tv\/portada\/wp-json\/wp\/v2\/media\/8512"}],"wp:attachment":[{"href":"https:\/\/www.opinionpublica.tv\/portada\/wp-json\/wp\/v2\/media?parent=8514"}],"wp:term":[{"taxonomy":"category","embeddable":true,"href":"https:\/\/www.opinionpublica.tv\/portada\/wp-json\/wp\/v2\/categories?post=8514"},{"taxonomy":"post_tag","embeddable":true,"href":"https:\/\/www.opinionpublica.tv\/portada\/wp-json\/wp\/v2\/tags?post=8514"}],"curies":[{"name":"wp","href":"https:\/\/api.w.org\/{rel}","templated":true}]}}