{"id":8509,"date":"2016-11-23T07:00:00","date_gmt":"2016-11-23T06:00:00","guid":{"rendered":"https:\/\/www.opinionpublica.tv\/portada\/2016\/11\/23\/uber-lanza-servicio-para-fiestas\/"},"modified":"2016-11-23T07:00:00","modified_gmt":"2016-11-23T06:00:00","slug":"uber-lanza-servicio-para-fiestas","status":"publish","type":"post","link":"https:\/\/www.opinionpublica.tv\/portada\/uber-lanza-servicio-para-fiestas\/","title":{"rendered":"Uber lanza servicio para fiestas"},"content":{"rendered":"<p><img fetchpriority=\"high\" decoding=\"async\" class=\" size-full wp-image-8508\" src=\"https:\/\/www.opinionpublica.tv\/portada\/wp-content\/uploads\/2016\/11\/9d50023be844e560553d94ba1301b1f3.jpg\" alt=\"\" width=\"933\" height=\"614\" srcset=\"https:\/\/www.opinionpublica.tv\/portada\/wp-content\/uploads\/2016\/11\/9d50023be844e560553d94ba1301b1f3.jpg 933w, https:\/\/www.opinionpublica.tv\/portada\/wp-content\/uploads\/2016\/11\/9d50023be844e560553d94ba1301b1f3-300x197.jpg 300w, https:\/\/www.opinionpublica.tv\/portada\/wp-content\/uploads\/2016\/11\/9d50023be844e560553d94ba1301b1f3-768x505.jpg 768w\" sizes=\"(max-width: 933px) 100vw, 933px\" \/><br \/>\n<!--more--><\/p>\n<p style=\"text-align: justify;\">La empresa de transporte privado lanz\u00f3 Uber Events, un nuevo servicio donde los \u00a0usuarios que hagan eventos y quieran invitar a amigos, generan c\u00f3digos promocionales para que sus invitados lleguen m\u00e1s r\u00e1pido.<\/p>\n<p style=\"text-align: justify;\">Seg\u00fan un comunicado de <a href=\"http:\/\/www.forbes.com.mx\/otto-el-camion-autonomo-de-uber-hizo-su-primera-entrega-de-cervezas\/\" target=\"_blank\" rel=\"noopener\">Uber<\/a>, este servicio est\u00e1 pensado para bodas, conferencias, cenas o fiestas privadas.<\/p>\n<p style=\"text-align: justify;\">\u201cNo importa el tama\u00f1o del evento, facilita la llegada de tus invitados a trav\u00e9s de un viaje confiable, seguro y accesible\u201d, dice el comunicado.<\/p>\n<p style=\"text-align: justify;\">Estos son los tres pasos para utilizar este nuevo servicio.<\/p>\n<ul style=\"text-align: justify;\">\n<li>Agrega la informaci\u00f3n de tu evento (fechas, horas y ubicaci\u00f3n) y decide c\u00f3mo, cu\u00e1ndo y d\u00f3nde quieres que tus invitados viajen. Puedes planear tu evento con hasta 3 meses de anticipaci\u00f3n.<\/li>\n<li>Recibe una confirmaci\u00f3n a tu correo y comparte el c\u00f3digo personalizado del evento a tus invitados. Tus invitados tambi\u00e9n recibir\u00e1n una confirmaci\u00f3n y recordatorios para tu evento. Los invitados s\u00f3lo deber\u00e1n ingresar el c\u00f3digo promocional en su aplicaci\u00f3n de Uber antes de viajar a tu evento.<\/li>\n<li>Haz que tus invitados disfruten del evento perfecto al llegar de manera segura y confiable. T\u00fa pagar\u00e1s s\u00f3lo por los viajes realizados.<\/li>\n<\/ul>\n<p style=\"text-align: justify;\">El lanzamiento llega una semana despu\u00e9s de que Uber apoyara la propuesta de la Comisi\u00f3n Federal de Competencia Econ\u00f3mica (Cofece) sobre quitar barreras a las empresas de transporte para que puedan entrar a los aeropuertos de M\u00e9xico.<\/p>\n<p style=\"text-align: justify;\">Informaci\u00f3n de Forbes<\/p>\n","protected":false},"excerpt":{"rendered":"","protected":false},"author":1,"featured_media":8508,"comment_status":"open","ping_status":"open","sticky":false,"template":"","format":"standard","meta":{"_acf_changed":false,"_monsterinsights_skip_tracking":false,"slim_seo":{"title":"Uber lanza servicio para fiestas - Opini\u00f3n P\u00fablica","description":"La empresa de transporte privado lanz\u00f3 Uber Events, un nuevo servicio donde los \u00a0usuarios que hagan eventos y quieran invitar a amigos, generan c\u00f3digos promocio"},"footnotes":""},"categories":[11],"tags":[],"class_list":["post-8509","post","type-post","status-publish","format-standard","has-post-thumbnail","hentry","category-tendencias"],"acf":[],"_links":{"self":[{"href":"https:\/\/www.opinionpublica.tv\/portada\/wp-json\/wp\/v2\/posts\/8509","targetHints":{"allow":["GET"]}}],"collection":[{"href":"https:\/\/www.opinionpublica.tv\/portada\/wp-json\/wp\/v2\/posts"}],"about":[{"href":"https:\/\/www.opinionpublica.tv\/portada\/wp-json\/wp\/v2\/types\/post"}],"author":[{"embeddable":true,"href":"https:\/\/www.opinionpublica.tv\/portada\/wp-json\/wp\/v2\/users\/1"}],"replies":[{"embeddable":true,"href":"https:\/\/www.opinionpublica.tv\/portada\/wp-json\/wp\/v2\/comments?post=8509"}],"version-history":[{"count":0,"href":"https:\/\/www.opinionpublica.tv\/portada\/wp-json\/wp\/v2\/posts\/8509\/revisions"}],"wp:featuredmedia":[{"embeddable":true,"href":"https:\/\/www.opinionpublica.tv\/portada\/wp-json\/wp\/v2\/media\/8508"}],"wp:attachment":[{"href":"https:\/\/www.opinionpublica.tv\/portada\/wp-json\/wp\/v2\/media?parent=8509"}],"wp:term":[{"taxonomy":"category","embeddable":true,"href":"https:\/\/www.opinionpublica.tv\/portada\/wp-json\/wp\/v2\/categories?post=8509"},{"taxonomy":"post_tag","embeddable":true,"href":"https:\/\/www.opinionpublica.tv\/portada\/wp-json\/wp\/v2\/tags?post=8509"}],"curies":[{"name":"wp","href":"https:\/\/api.w.org\/{rel}","templated":true}]}}